{"id":1465,"date":"2003-08-04T19:17:00","date_gmt":"2003-08-04T17:17:00","guid":{"rendered":"https:\/\/www.festivox.fr\/blog\/roquefere-quand-le-jazz-est-la-la-java-sen-va\/"},"modified":"2003-08-04T19:17:00","modified_gmt":"2003-08-04T17:17:00","slug":"roquefere-quand-le-jazz-est-la-la-java-sen-va","status":"publish","type":"post","link":"https:\/\/www.festivox.fr\/blog\/roquefere-quand-le-jazz-est-la-la-java-sen-va\/","title":{"rendered":"Roquef\u00e8re : quand le jazz est l\u00e0, la java s&rsquo;en va"},"content":{"rendered":"<p> <!-- Pub DFP Position [outstream] --> <\/p>\n<p>Que faut-il de plus, pour f\u00eater cette musique afro-am\u00e9ricaine, cr\u00e9\u00e9e au d\u00e9but du 20<sup>e<\/sup> si\u00e8cle par les communaut\u00e9s noires et cr\u00e9oles du sud des Etats-Unis. Un cadre idyllique (le tr\u00e8s beau village fleuri de Roquef\u00e8re entour\u00e9 de ch\u00eanes et de ch\u00e2taigners), un paysage au cachet unique (celui de la Montagne Noire du haut Cabard\u00e8s) et un emplacement \u00e0 faire jaser plus d&rsquo;un organisateur de festival du m\u00eame ordre (le somptueux domaine du ch\u00e2teau de Roquef\u00e8re). Rien, si ce n&rsquo;est la pr\u00e9sence quotidienne du soleil, qui l&rsquo;ann\u00e9e derni\u00e8re a fait d\u00e9faut, perturbant lourdement le d\u00e9roulement des festivit\u00e9s pendant trois jours, sur les quatre que compte le festival. Esp\u00e9rons que cette troisi\u00e8me \u00e9dition sera \u00e9pargn\u00e9e par les impond\u00e9rables climatiques. C&rsquo;est tout le mal que l&rsquo;on peut souhaiter aux organisateurs, sachant c\u00e9l\u00e9brer le jazz \u00e0 sa juste valeur. Plac\u00e9 sous la pr\u00e9sidence de Francis Boyer, le festival de Roquef\u00e8re se tiendra du 6 au 9 ao\u00fbt inclus avec au programme des concerts aussi h\u00e9t\u00e9roclites que prometteurs.<\/p>\n<p><!-- Pub DFP Position [article] --> <\/p>\n<h5>DESCENDANTS DES POINTURES DU JAZZ<\/h5>\n<p>Car cette ann\u00e9e, la programmation conna\u00eetra, \u00e0 n&rsquo;en pas douter, un vif succ\u00e8s \u00e0 la hauteur du talent des quelques trente-huit artistes. Huit groupes vous feront partager leur amour du swing et des accords de musique rythm\u00e9 du jazz dans un environnement aussi majestueux qu&rsquo;unique. Yves Moffre, le conseiller musical de ce festival a tenu \u00e0 ce que toute la typologie du jazz soit illustr\u00e9e. \u00ab La programmation reste tr\u00e8s ouverte. Les groupes qui se produiront viennent de tous horizons. Chose fort appr\u00e9ciable pour un public appr\u00e9ciant go\u00fbter chaque jour \u00e0 un style et une harmonie diff\u00e9rente. La singularit\u00e9 du jazz \u00e9tant sa diversit\u00e9, on se devait de pr\u00e9senter toutes ses formes d&rsquo;expression, du style West Coast au au brio des improvisations. \u00bb<\/p>\n<p>Les passionn\u00e9s pourront \u00e9galement s&rsquo;initier \u00e0 la pratique de cet art musical, gr\u00e2ce au \u00ab Master Class \u00bb anim\u00e9 par Louis Martinez et qui aura cours tout au long du festival. Autre manifestation concoct\u00e9e par les organisteurs. Les soir\u00e9es \u00ab boeufs \u00bb de cl\u00f4ture. Suite aux repr\u00e9sentations des musiciens, la soir\u00e9e se prolongera d\u00e8s minuit, sous le chapiteau du \u00ab jazzclub \u00bb. Autour d&rsquo;une assiette gourmande et de la cuv\u00e9e de vin Salitis du festival, d\u00e9gustation sans mod\u00e9ration des meilleurs morceaux de jazz.<\/p>\n<p>Un \u00e9v\u00e9nement haut en couleurs dans un site magique, entre maquis et ch\u00eanes avec pour arri\u00e8re cadre la silhouette magistrale du ch\u00e2teau.<\/p>\n<p>______<\/p>\n<p>Renseignements et r\u00e9servations au 0820000400. Points de vente \u00e0 Carcassonne: au caf\u00e9 le Florian, au Sos Music, \u00e0 l&rsquo;Espace Music. Pour l&rsquo;inscription au \u00ab Master Class \u00bb contacter l&rsquo;association musique en Cabard\u00e8s au 04.68.25.56.85.<\/p>\n<p><b>Audrey MOUGNEAU<\/b><\/p>\n<hr>\n<p>Chaque soir, deux groupes se produisent. Le premier \u00e0 21 h 30, et le second \u00e0 22 h 30.<\/p>\n<p>Mercredi 6: L&rsquo;affaire du swing \u00e0 21 h 30, suivi \u00e0 22 h 30 de Jazz West Coast Onztet<\/p>\n<p><b>Jeudi 7: Le jeune groupe \u00ab Etek \u00bb en premi\u00e8re partie. A 22 h 30, quartet acoustique sous la direction de Jean-Michel Cabrol.<\/b><\/p>\n<p><b>Vendredi 8: Le trio \u00ab Hip Jazz \u00bb avec le laur\u00e9at du prix Dexter Gardon Abdou Salim. Ensuite \u00e9clectisme et improvisation, avec le trio repr\u00e9sent\u00e9 par Serge Lazarevitch.<\/b><\/p>\n<p><b>Samedi 9: Jour de cl\u00f4ture du festival avec deux voix de femmes. A 21 h 30, Mariannick Saint-Ceran, suivie de Lavelle Quartet qui s&rsquo;est illustr\u00e9e, notamment, aux c\u00f4t\u00e9s de Ray Charles. <\/b><\/p>\n<p> Cet article, qui traite du th\u00e8me \u00ab\u00a0Festival Jazz et musique en mode guinguette\u00a0\u00bb, vous est d\u00e9lib\u00e9r\u00e9ment offert par festivox.fr. La raison d\u2019\u00eatre de festivox.fr est de parler de Festival Jazz et musique en mode guinguette dans la transparence la plus g\u00e9n\u00e9rale en vous procurant la visibilit\u00e9 de tout ce qui est publi\u00e9 sur ce sujet sur le web La chronique a \u00e9t\u00e9 g\u00e9n\u00e9r\u00e9e de la mani\u00e8re la plus honn\u00eate que possible. S\u2019il advenait que vous projetez d\u2019apporter quelques notes concernant le domaine de \u00ab\u00a0Festival Jazz et musique en mode guinguette\u00a0\u00bb vous avez la possibilit\u00e9 de d&rsquo;\u00e9changer avec notre r\u00e9daction. Dans peu de temps, on mettra en ligne d&rsquo;autres informations pertinentes autour du sujet \u00ab\u00a0Festival Jazz et musique en mode guinguette\u00a0\u00bb. Ainsi, consultez r\u00e9guli\u00e8rement notre site.<\/p>\n","protected":false},"excerpt":{"rendered":"<p>Que faut-il de plus, pour f\u00eater cette musique afro-am\u00e9ricaine, cr\u00e9\u00e9e au d\u00e9but du 20e si\u00e8cle par les communaut\u00e9s noires et cr\u00e9oles du sud des Etats-Unis. Un cadre idyllique (le tr\u00e8s beau village fleuri de Roquef\u00e8re entour\u00e9 de ch\u00eanes et de ch\u00e2taigners), un paysage au cachet unique (celui de la Montagne Noire du haut Cabard\u00e8s) et&hellip;<\/p>\n","protected":false},"author":1,"featured_media":0,"comment_status":"closed","ping_status":"closed","sticky":false,"template":"","format":"standard","meta":{"footnotes":""},"categories":[3],"tags":[],"class_list":["post-1465","post","type-post","status-publish","format-standard","hentry","category-wiki-sur-festival-jazz-et-musique-en-mode-guinguette"],"yoast_head":"<!-- This site is optimized with the Yoast SEO plugin v27.5 - https:\/\/yoast.com\/product\/yoast-seo-wordpress\/ -->\n<title>Roquef\u00e8re : quand le jazz est l\u00e0, la java s&#039;en va - FESTIVOX<\/title>\n<meta name=\"robots\" content=\"index, follow, max-snippet:-1, max-image-preview:large, max-video-preview:-1\" \/>\n<link rel=\"canonical\" href=\"https:\/\/www.festivox.fr\/blog\/roquefere-quand-le-jazz-est-la-la-java-sen-va\/\" \/>\n<meta property=\"og:locale\" content=\"fr_FR\" \/>\n<meta property=\"og:type\" content=\"article\" \/>\n<meta property=\"og:title\" content=\"Roquef\u00e8re : quand le jazz est l\u00e0, la java s&#039;en va - FESTIVOX\" \/>\n<meta property=\"og:description\" content=\"Que faut-il de plus, pour f\u00eater cette musique afro-am\u00e9ricaine, cr\u00e9\u00e9e au d\u00e9but du 20e si\u00e8cle par les communaut\u00e9s noires et cr\u00e9oles du sud des Etats-Unis. Un cadre idyllique (le tr\u00e8s beau village fleuri de Roquef\u00e8re entour\u00e9 de ch\u00eanes et de ch\u00e2taigners), un paysage au cachet unique (celui de la Montagne Noire du haut Cabard\u00e8s) et&hellip;\" \/>\n<meta property=\"og:url\" content=\"https:\/\/www.festivox.fr\/blog\/roquefere-quand-le-jazz-est-la-la-java-sen-va\/\" \/>\n<meta property=\"og:site_name\" content=\"FESTIVOX\" \/>\n<meta property=\"article:published_time\" content=\"2003-08-04T17:17:00+00:00\" \/>\n<meta name=\"author\" content=\"Michele\" \/>\n<meta name=\"twitter:card\" content=\"summary_large_image\" \/>\n<meta name=\"twitter:label1\" content=\"\u00c9crit par\" \/>\n\t<meta name=\"twitter:data1\" content=\"Michele\" \/>\n\t<meta name=\"twitter:label2\" content=\"Dur\u00e9e de lecture estim\u00e9e\" \/>\n\t<meta name=\"twitter:data2\" content=\"4 minutes\" \/>\n<script type=\"application\/ld+json\" class=\"yoast-schema-graph\">{\"@context\":\"https:\\\/\\\/schema.org\",\"@graph\":[{\"@type\":\"Article\",\"@id\":\"https:\\\/\\\/www.festivox.fr\\\/blog\\\/roquefere-quand-le-jazz-est-la-la-java-sen-va\\\/#article\",\"isPartOf\":{\"@id\":\"https:\\\/\\\/www.festivox.fr\\\/blog\\\/roquefere-quand-le-jazz-est-la-la-java-sen-va\\\/\"},\"author\":{\"name\":\"Michele\",\"@id\":\"https:\\\/\\\/www.festivox.fr\\\/blog\\\/#\\\/schema\\\/person\\\/f36a8b6bc94800c3eafed4bca993ce95\"},\"headline\":\"Roquef\u00e8re : quand le jazz est l\u00e0, la java s&rsquo;en va\",\"datePublished\":\"2003-08-04T17:17:00+00:00\",\"mainEntityOfPage\":{\"@id\":\"https:\\\/\\\/www.festivox.fr\\\/blog\\\/roquefere-quand-le-jazz-est-la-la-java-sen-va\\\/\"},\"wordCount\":727,\"publisher\":{\"@id\":\"https:\\\/\\\/www.festivox.fr\\\/blog\\\/#organization\"},\"articleSection\":[\"Wiki Sur Festival Jazz Et Musique En Mode Guinguette:\"],\"inLanguage\":\"fr-FR\"},{\"@type\":\"WebPage\",\"@id\":\"https:\\\/\\\/www.festivox.fr\\\/blog\\\/roquefere-quand-le-jazz-est-la-la-java-sen-va\\\/\",\"url\":\"https:\\\/\\\/www.festivox.fr\\\/blog\\\/roquefere-quand-le-jazz-est-la-la-java-sen-va\\\/\",\"name\":\"Roquef\u00e8re : quand le jazz est l\u00e0, la java s'en va - FESTIVOX\",\"isPartOf\":{\"@id\":\"https:\\\/\\\/www.festivox.fr\\\/blog\\\/#website\"},\"datePublished\":\"2003-08-04T17:17:00+00:00\",\"breadcrumb\":{\"@id\":\"https:\\\/\\\/www.festivox.fr\\\/blog\\\/roquefere-quand-le-jazz-est-la-la-java-sen-va\\\/#breadcrumb\"},\"inLanguage\":\"fr-FR\",\"potentialAction\":[{\"@type\":\"ReadAction\",\"target\":[\"https:\\\/\\\/www.festivox.fr\\\/blog\\\/roquefere-quand-le-jazz-est-la-la-java-sen-va\\\/\"]}]},{\"@type\":\"BreadcrumbList\",\"@id\":\"https:\\\/\\\/www.festivox.fr\\\/blog\\\/roquefere-quand-le-jazz-est-la-la-java-sen-va\\\/#breadcrumb\",\"itemListElement\":[{\"@type\":\"ListItem\",\"position\":1,\"name\":\"Accueil\",\"item\":\"https:\\\/\\\/www.festivox.fr\\\/blog\\\/\"},{\"@type\":\"ListItem\",\"position\":2,\"name\":\"Roquef\u00e8re : quand le jazz est l\u00e0, la java s&rsquo;en va\"}]},{\"@type\":\"WebSite\",\"@id\":\"https:\\\/\\\/www.festivox.fr\\\/blog\\\/#website\",\"url\":\"https:\\\/\\\/www.festivox.fr\\\/blog\\\/\",\"name\":\"FESTIVOX\",\"description\":\"Festival en mode guinguette.\",\"publisher\":{\"@id\":\"https:\\\/\\\/www.festivox.fr\\\/blog\\\/#organization\"},\"potentialAction\":[{\"@type\":\"SearchAction\",\"target\":{\"@type\":\"EntryPoint\",\"urlTemplate\":\"https:\\\/\\\/www.festivox.fr\\\/blog\\\/?s={search_term_string}\"},\"query-input\":{\"@type\":\"PropertyValueSpecification\",\"valueRequired\":true,\"valueName\":\"search_term_string\"}}],\"inLanguage\":\"fr-FR\"},{\"@type\":\"Organization\",\"@id\":\"https:\\\/\\\/www.festivox.fr\\\/blog\\\/#organization\",\"name\":\"festivox\",\"url\":\"https:\\\/\\\/www.festivox.fr\\\/blog\\\/\",\"logo\":{\"@type\":\"ImageObject\",\"inLanguage\":\"fr-FR\",\"@id\":\"https:\\\/\\\/www.festivox.fr\\\/blog\\\/#\\\/schema\\\/logo\\\/image\\\/\",\"url\":\"https:\\\/\\\/www.festivox.fr\\\/blog\\\/wp-content\\\/uploads\\\/2023\\\/06\\\/logo-2.png\",\"contentUrl\":\"https:\\\/\\\/www.festivox.fr\\\/blog\\\/wp-content\\\/uploads\\\/2023\\\/06\\\/logo-2.png\",\"width\":480,\"height\":160,\"caption\":\"festivox\"},\"image\":{\"@id\":\"https:\\\/\\\/www.festivox.fr\\\/blog\\\/#\\\/schema\\\/logo\\\/image\\\/\"}},{\"@type\":\"Person\",\"@id\":\"https:\\\/\\\/www.festivox.fr\\\/blog\\\/#\\\/schema\\\/person\\\/f36a8b6bc94800c3eafed4bca993ce95\",\"name\":\"Michele\",\"image\":{\"@type\":\"ImageObject\",\"inLanguage\":\"fr-FR\",\"@id\":\"https:\\\/\\\/secure.gravatar.com\\\/avatar\\\/b062046536b5d47ec9075956ec349ef95ed06b0f910c578f74abb318668b702e?s=96&d=mm&r=g\",\"url\":\"https:\\\/\\\/secure.gravatar.com\\\/avatar\\\/b062046536b5d47ec9075956ec349ef95ed06b0f910c578f74abb318668b702e?s=96&d=mm&r=g\",\"contentUrl\":\"https:\\\/\\\/secure.gravatar.com\\\/avatar\\\/b062046536b5d47ec9075956ec349ef95ed06b0f910c578f74abb318668b702e?s=96&d=mm&r=g\",\"caption\":\"Michele\"},\"sameAs\":[\"https:\\\/\\\/www.festivox.fr\\\/blog\"],\"url\":\"https:\\\/\\\/www.festivox.fr\\\/blog\\\/author\\\/voxadmin\\\/\"}]}<\/script>\n<!-- \/ Yoast SEO plugin. -->","yoast_head_json":{"title":"Roquef\u00e8re : quand le jazz est l\u00e0, la java s'en va - FESTIVOX","robots":{"index":"index","follow":"follow","max-snippet":"max-snippet:-1","max-image-preview":"max-image-preview:large","max-video-preview":"max-video-preview:-1"},"canonical":"https:\/\/www.festivox.fr\/blog\/roquefere-quand-le-jazz-est-la-la-java-sen-va\/","og_locale":"fr_FR","og_type":"article","og_title":"Roquef\u00e8re : quand le jazz est l\u00e0, la java s'en va - FESTIVOX","og_description":"Que faut-il de plus, pour f\u00eater cette musique afro-am\u00e9ricaine, cr\u00e9\u00e9e au d\u00e9but du 20e si\u00e8cle par les communaut\u00e9s noires et cr\u00e9oles du sud des Etats-Unis. Un cadre idyllique (le tr\u00e8s beau village fleuri de Roquef\u00e8re entour\u00e9 de ch\u00eanes et de ch\u00e2taigners), un paysage au cachet unique (celui de la Montagne Noire du haut Cabard\u00e8s) et&hellip;","og_url":"https:\/\/www.festivox.fr\/blog\/roquefere-quand-le-jazz-est-la-la-java-sen-va\/","og_site_name":"FESTIVOX","article_published_time":"2003-08-04T17:17:00+00:00","author":"Michele","twitter_card":"summary_large_image","twitter_misc":{"\u00c9crit par":"Michele","Dur\u00e9e de lecture estim\u00e9e":"4 minutes"},"schema":{"@context":"https:\/\/schema.org","@graph":[{"@type":"Article","@id":"https:\/\/www.festivox.fr\/blog\/roquefere-quand-le-jazz-est-la-la-java-sen-va\/#article","isPartOf":{"@id":"https:\/\/www.festivox.fr\/blog\/roquefere-quand-le-jazz-est-la-la-java-sen-va\/"},"author":{"name":"Michele","@id":"https:\/\/www.festivox.fr\/blog\/#\/schema\/person\/f36a8b6bc94800c3eafed4bca993ce95"},"headline":"Roquef\u00e8re : quand le jazz est l\u00e0, la java s&rsquo;en va","datePublished":"2003-08-04T17:17:00+00:00","mainEntityOfPage":{"@id":"https:\/\/www.festivox.fr\/blog\/roquefere-quand-le-jazz-est-la-la-java-sen-va\/"},"wordCount":727,"publisher":{"@id":"https:\/\/www.festivox.fr\/blog\/#organization"},"articleSection":["Wiki Sur Festival Jazz Et Musique En Mode Guinguette:"],"inLanguage":"fr-FR"},{"@type":"WebPage","@id":"https:\/\/www.festivox.fr\/blog\/roquefere-quand-le-jazz-est-la-la-java-sen-va\/","url":"https:\/\/www.festivox.fr\/blog\/roquefere-quand-le-jazz-est-la-la-java-sen-va\/","name":"Roquef\u00e8re : quand le jazz est l\u00e0, la java s'en va - FESTIVOX","isPartOf":{"@id":"https:\/\/www.festivox.fr\/blog\/#website"},"datePublished":"2003-08-04T17:17:00+00:00","breadcrumb":{"@id":"https:\/\/www.festivox.fr\/blog\/roquefere-quand-le-jazz-est-la-la-java-sen-va\/#breadcrumb"},"inLanguage":"fr-FR","potentialAction":[{"@type":"ReadAction","target":["https:\/\/www.festivox.fr\/blog\/roquefere-quand-le-jazz-est-la-la-java-sen-va\/"]}]},{"@type":"BreadcrumbList","@id":"https:\/\/www.festivox.fr\/blog\/roquefere-quand-le-jazz-est-la-la-java-sen-va\/#breadcrumb","itemListElement":[{"@type":"ListItem","position":1,"name":"Accueil","item":"https:\/\/www.festivox.fr\/blog\/"},{"@type":"ListItem","position":2,"name":"Roquef\u00e8re : quand le jazz est l\u00e0, la java s&rsquo;en va"}]},{"@type":"WebSite","@id":"https:\/\/www.festivox.fr\/blog\/#website","url":"https:\/\/www.festivox.fr\/blog\/","name":"FESTIVOX","description":"Festival en mode guinguette.","publisher":{"@id":"https:\/\/www.festivox.fr\/blog\/#organization"},"potentialAction":[{"@type":"SearchAction","target":{"@type":"EntryPoint","urlTemplate":"https:\/\/www.festivox.fr\/blog\/?s={search_term_string}"},"query-input":{"@type":"PropertyValueSpecification","valueRequired":true,"valueName":"search_term_string"}}],"inLanguage":"fr-FR"},{"@type":"Organization","@id":"https:\/\/www.festivox.fr\/blog\/#organization","name":"festivox","url":"https:\/\/www.festivox.fr\/blog\/","logo":{"@type":"ImageObject","inLanguage":"fr-FR","@id":"https:\/\/www.festivox.fr\/blog\/#\/schema\/logo\/image\/","url":"https:\/\/www.festivox.fr\/blog\/wp-content\/uploads\/2023\/06\/logo-2.png","contentUrl":"https:\/\/www.festivox.fr\/blog\/wp-content\/uploads\/2023\/06\/logo-2.png","width":480,"height":160,"caption":"festivox"},"image":{"@id":"https:\/\/www.festivox.fr\/blog\/#\/schema\/logo\/image\/"}},{"@type":"Person","@id":"https:\/\/www.festivox.fr\/blog\/#\/schema\/person\/f36a8b6bc94800c3eafed4bca993ce95","name":"Michele","image":{"@type":"ImageObject","inLanguage":"fr-FR","@id":"https:\/\/secure.gravatar.com\/avatar\/b062046536b5d47ec9075956ec349ef95ed06b0f910c578f74abb318668b702e?s=96&d=mm&r=g","url":"https:\/\/secure.gravatar.com\/avatar\/b062046536b5d47ec9075956ec349ef95ed06b0f910c578f74abb318668b702e?s=96&d=mm&r=g","contentUrl":"https:\/\/secure.gravatar.com\/avatar\/b062046536b5d47ec9075956ec349ef95ed06b0f910c578f74abb318668b702e?s=96&d=mm&r=g","caption":"Michele"},"sameAs":["https:\/\/www.festivox.fr\/blog"],"url":"https:\/\/www.festivox.fr\/blog\/author\/voxadmin\/"}]}},"_links":{"self":[{"href":"https:\/\/www.festivox.fr\/blog\/wp-json\/wp\/v2\/posts\/1465","targetHints":{"allow":["GET"]}}],"collection":[{"href":"https:\/\/www.festivox.fr\/blog\/wp-json\/wp\/v2\/posts"}],"about":[{"href":"https:\/\/www.festivox.fr\/blog\/wp-json\/wp\/v2\/types\/post"}],"author":[{"embeddable":true,"href":"https:\/\/www.festivox.fr\/blog\/wp-json\/wp\/v2\/users\/1"}],"replies":[{"embeddable":true,"href":"https:\/\/www.festivox.fr\/blog\/wp-json\/wp\/v2\/comments?post=1465"}],"version-history":[{"count":0,"href":"https:\/\/www.festivox.fr\/blog\/wp-json\/wp\/v2\/posts\/1465\/revisions"}],"wp:attachment":[{"href":"https:\/\/www.festivox.fr\/blog\/wp-json\/wp\/v2\/media?parent=1465"}],"wp:term":[{"taxonomy":"category","embeddable":true,"href":"https:\/\/www.festivox.fr\/blog\/wp-json\/wp\/v2\/categories?post=1465"},{"taxonomy":"post_tag","embeddable":true,"href":"https:\/\/www.festivox.fr\/blog\/wp-json\/wp\/v2\/tags?post=1465"}],"curies":[{"name":"wp","href":"https:\/\/api.w.org\/{rel}","templated":true}]}}