{"id":1463,"date":"2026-04-01T14:15:00","date_gmt":"2026-04-01T12:15:00","guid":{"rendered":"https:\/\/www.site.cdcl.xyz\/2026\/04\/01\/vincennes-sebastien-ernault-presente-ses-deux-fers-de-lance-a-paris-vincennes\/"},"modified":"2026-04-01T14:15:00","modified_gmt":"2026-04-01T12:15:00","slug":"vincennes-sebastien-ernault-presente-ses-deux-fers-de-lance-a-paris-vincennes","status":"publish","type":"post","link":"https:\/\/www.festivox.fr\/blog\/vincennes-sebastien-ernault-presente-ses-deux-fers-de-lance-a-paris-vincennes\/","title":{"rendered":"Vincennes; S\u00e9bastien Ernault pr\u00e9sente ses deux fers de lance \u00e0 Paris-Vincennes"},"content":{"rendered":"<p>\nLe nouvel article, intitul\u00e9 \u00ab&nbsp;S\u00e9bastien Ernault pr\u00e9sente ses deux fers de lance \u00e0 Paris-Vincennes&nbsp;\u00bb, a \u00e9t\u00e9 r\u00e9cemment mis en ligne. <\/p>\n<div>\n<p>S\u00e9bastien Ernault sera en vue en cette fin de semaine ! L\u2019entra\u00eeneur normand se d\u00e9placera, dans un premier temps, avec <strong>Jipet de Cr\u00e9pin<\/strong>, le vendredi 3 avril sur la cendr\u00e9e parisienne, \u00e0 l\u2019occasion du Prix Gratia qui sera support de Quint\u00e9+. Une course vis\u00e9e par son metteur au point depuis sa derni\u00e8re victoire sur l\u2019hippodrome de Vire le 1<sup>er<\/sup> mars. <em>\u201cJe l\u2019ai gard\u00e9 pour cette \u00e9preuve depuis son succ\u00e8s \u00e0 Vire. C\u2019est un bel engagement. Forc\u00e9ment, il y a de l\u2019opposition dans ce type d\u2019\u00e9preuve, je pense notamment \u00e0 <strong>Jack des Ass<\/strong>. Il sera, comme en dernier lieu, uniquement plaqu\u00e9 des ant\u00e9rieurs car je m\u2019aper\u00e7ois qu\u2019il commet des b\u00eatises quand il est sans ses fers. Il a encore besoin d\u2019un peu de confort sous les pieds et il a d\u00e9j\u00e0 bien fait dans cette configuration.\u201d <\/em>Ce hongre \u00e2g\u00e9 de 7 ans avait \u00e9t\u00e9 remarqu\u00e9 lors du meeting d\u2019hiver 24-25 en remportant de brillante mani\u00e8re trois \u00e9preuves. Apr\u00e8s cela, il a connu des probl\u00e8mes de sant\u00e9 qui l\u2019ont emp\u00each\u00e9 de fournir la quintessence de ses moyens. D\u00e9sormais tout semble \u00eatre rentr\u00e9 dans l\u2019ordre comme l\u2019attestent ses deux r\u00e9cents succ\u00e8s. <em>\u201cApr\u00e8s son bel hiver, il a eu la maladie de Lyme. On l\u2019a soign\u00e9 mais il a rechut\u00e9. Tout cela a dur\u00e9 pratiquement un an mais en ce moment il a l\u2019air d\u2019\u00eatre revenu \u00e0 son bon niveau. C\u2019est un cheval que j\u2019ai toujours estim\u00e9. Il a \u00e9t\u00e9 qualifi\u00e9 tard car il commettait pas mal de fautes mais depuis qu\u2019il a compris, c\u2019est un cheval tr\u00e8s dur \u00e0 l\u2019effort.\u201d<\/em> En restant dans ce bel \u00e9tat de forme et en r\u00e9alisant une bonne performance ce vendredi, le fils de <strong>Boccador de Simm<\/strong> pourrait ensuite disputer une \u00e9tape du GNT et partirait donc au premier \u00e9chelon de d\u00e9part. Le lendemain (samedi 4 avril), le vainqueur du Prix d\u2019Am\u00e9rique 2010 (ndlr, au sulky d\u2019<strong>Oyonnax<\/strong>) foulera une nouvelle fois la cendr\u00e9e parisienne mais cette fois-ci avec son champion <strong>Josh Power<\/strong>, qui fera partie du casting cinq \u00e9toiles du Prix Kerjacques (Gr.II). Le repr\u00e9sentant de l\u2019\u00e9curie BG Trot n\u2019a plus \u00e9t\u00e9 revu en comp\u00e9tition depuis sa disqualification dans le Prix de France (Gr.I) le 8 f\u00e9vrier. <em>\u201cApr\u00e8s cela, il a fait une semaine sans rien faire puis une autre calme. Je l\u2019ai amen\u00e9 \u00e0 Graignes pas pour le travailler mais pour le sortir. Samedi, son but sera de monter en condition en vue du Prix de l\u2019Atlantique quinze jours plus tard. Je ne vais pas pour autant l\u2019emp\u00eacher de figurer \u00e0 l\u2019arriv\u00e9e.\u201d<\/em><\/p>\n<h2>Pas de voyage<\/h2>\n<p>Le prochain objectif \u00e0 venir pour le deuxi\u00e8me du Prix d\u2019Am\u00e9rique 2026 est le Prix de l\u2019Atlantique (Gr. I) sur l\u2019hippodrome d\u2019Enghien le 18 avril. C\u2019est la premi\u00e8re fois de sa carri\u00e8re qu\u2019il disputera cette \u00e9preuve sur la distance des 2.150 m\u00e8tres avec l\u2019aide de l\u2019autostart. <em>\u201cLe num\u00e9ro sera primordial. C\u2019est un groupe I important m\u00eame si l\u2019ann\u00e9e va \u00eatre longue puisqu\u2019il va courir tout au long de celle-ci.\u201d<\/em><em>&nbsp;<\/em>En prenant en compte les performances qu\u2019il a fournies tout au long de l\u2019hiver, le fils d\u2019<strong>Offshore Dream<\/strong> aurait pu prendre l\u2019avion afin de participer aux grandes \u00e9preuves scandinaves. Cependant, le programme classique en France a \u00e9t\u00e9 privil\u00e9gi\u00e9 par son entourage. <em>\u201cEn concertation avec les propri\u00e9taires, nous avons d\u00e9cid\u00e9 d\u2019attendre encore un an avant d\u2019aller \u00e0 l\u2019\u00e9tranger. De plus, il n\u2019ira pas \u00e0 Caen pour disputer les Ducs de Normandie car il ne tourne pas \u00e0 droite. Si tout se passe bien, on le reverra dans le Ren\u00e9 Balli\u00e8re (le 21 juin) et peut-\u00eatre \u00e0 La Capelle dans le Crit\u00e9rium de Vitesse avant de retourner \u00e0 Mons pour disputer le Grand Prix de Wallonie (Gr. I).\u201d<\/em><\/p>\n<h2>Une bonne dynamique<\/h2>\n<p>Laur\u00e9ate \u00e0 quinze reprises et 471.380 euros de gains engrang\u00e9s depuis le 1<sup>er<\/sup> janvier, l\u2019\u00e9curie du professionnel de 48 ans a repris la marche en avant. \u00c0 titre de comparaison, en 2025 \u00e0 la m\u00eame p\u00e9riode, elle n\u2019avait obtenu que cinq succ\u00e8s. Une r\u00e9ussite qui le ravit : <em>\u201cM\u00eame si on a fait une ann\u00e9e correcte en 2025, on a eu des chevaux malades. Dans cette situation, ils ne peuvent pas courir et sont donc un peu en retard de gains. Durant le meeting d\u2019hiver, on n\u2019a pas \u00e9norm\u00e9ment couru mais les fers de lance ont r\u00e9pondu pr\u00e9sent.\u201d <\/em>Fort d\u2019un effectif d\u2019une quarantaine de pensionnaires, l\u2019entreprise de S\u00e9bastien Ernault et sa femme Delphine devrait \u00eatre en mesure de continuer sur cette lanc\u00e9e au cours des prochaines semaines et de l\u2019\u00e9t\u00e9 qui arrive \u00e0 grands pas. <em>\u201cJ\u2019ai des \u201c<strong>M<\/strong>\u201d qui ont tr\u00e8s peu, voire pas, de gains. J\u2019esp\u00e8re qu\u2019ils vont bien travailler tout comme <strong>Jurilovca<\/strong> qui va recourir d\u2019ici un mois.\u201d <\/em>Cette derni\u00e8re est d\u2019autant plus sp\u00e9ciale pour le driver d\u2019<strong>Oyonnax<\/strong>, qu\u2019elle est issue de son \u00e9levage. Poss\u00e9dant quatre poulini\u00e8res, il ne souhaite, pour l\u2019instant, pas agrandir ce domaine. <\/p>\n<p>[##ln##][\/##ln##]<\/p>\n<\/div>\n<h2>VINCENNES : Situation Financi\u00e8re Critique et Alarmante<\/h2>\n<p>Une \u00e9tude r\u00e9alis\u00e9e en \u00cele-de-France par un organisme ind\u00e9pendant, avec le soutien d\u2019une consultation sur internet, r\u00e9v\u00e8le une d\u00e9t\u00e9rioration des finances publiques et de la gestion de Vincennes.<\/p>\n<p><a href=\"https:\/\/www.bilan-de-mandat.fr\/ile-de-france\/mairie\/val-de-marne_vincennes\/\" rel=\"noopener noreferrer nofollow\" target=\"blank\" target=\"_blank\">Voir sur le site www.bilan-de-mandat.fr<\/a> : Les r\u00e9sultats de l\u2019audit concernant le bilan de mandat 2020-2026 de Vincennes.<\/p>\n<p>B\u00e9n\u00e9ficiant en 2020 d\u2019une solide sant\u00e9 financi\u00e8re, Vincennes a progressivement vu sa situation se d\u00e9t\u00e9riorer, entra\u00eenant une d\u00e9gradation de la qualit\u00e9 de sa gestion publique<\/p>\n<p>La responsabilit\u00e9 de la municipalit\u00e9 sous CHARLOTTE LIBERT-ALBANEL est engag\u00e9e, m\u00eame si un tiers des probl\u00e8mes va \u00eatre expliqu\u00e9 par la conjoncture.<\/p>\n<p>L\u2019enqu\u00eate a \u00e9t\u00e9 r\u00e9alis\u00e9e par le site ind\u00e9pendant Bilan de Mandat, qui a compil\u00e9 les chiffres budg\u00e9taires disponibles en ligne par le minist\u00e8re des Finances, en remontant sur une p\u00e9riode de 7 ans<\/p>\n<h3>Complications pour attirer et retenir les talents<\/h3>\n<p>La situation incertaine de la commune, tant sur le plan financier que sur celui de l\u2019exemplarit\u00e9, compliquera l\u2019attraction et la fid\u00e9lisation des talents, tant au sein du personnel municipal qu\u2019au sein des structures associatives :<\/p>\n<ul>\n<li>Rotation \u00e9lev\u00e9e des employ\u00e9s : Les salari\u00e9s vont explorer d\u2019autres possibilit\u00e9s, ce qui g\u00e9n\u00e8re des co\u00fbts \u00e9lev\u00e9s pour la formation et l\u2019int\u00e9gration.\n<\/li>\n<li>Diminution des connaissances : Une p\u00e9nurie de personnel exp\u00e9riment\u00e9 affectera la qualit\u00e9 des services et l\u2019innovation au sein de la collectivit\u00e9.\n<\/li>\n<li>Entraves \u00e0 l\u2019ex\u00e9cution des projets: Un d\u00e9ficit de personnel comp\u00e9tent va ralentir ou mettre en p\u00e9ril des projets significatifs pour la collectivit\u00e9.\n<\/li>\n<li>D\u00e9motivation par le d\u00e9sint\u00e9r\u00eat pour une ville qui, en 5 ans, est devenue l\u2019une des principales cit\u00e9s dortoirs de son d\u00e9partement.<\/li>\n<\/ul>\n<h3>Influence sur le d\u00e9veloppement \u00e9conomique de la r\u00e9gion<\/h3>\n<p>Une gestion financi\u00e8re instable aura des cons\u00e9quences sur le d\u00e9veloppement \u00e9conomique, notamment :<\/p>\n<ul>\n<li>R\u00e9duction des d\u00e9penses d\u2019investissement : Les entreprises seront h\u00e9sitantes \u00e0 s\u2019installer dans une collectivit\u00e9 en proie \u00e0 des difficult\u00e9s financi\u00e8res, r\u00e9duisant ainsi les perspectives d\u2019emploi.\n<\/li>\n<li>Affaiblissement de l\u2019attrait touristique : Une gestion d\u00e9ficiente va impacter l\u2019image de la collectivit\u00e9, rendant difficile l\u2019attrait de nouveaux r\u00e9sidents ou investisseurs.\n<\/li>\n<li>Affaiblissement des relations de partenariat : Les collectivit\u00e9s en difficult\u00e9 auront des d\u00e9fis \u00e0 relever pour \u00e9tablir des partenariats avec d\u2019autres organisations, restreignant ainsi les possibilit\u00e9s de collaboration.<\/li>\n<\/ul>\n<h3>Risque \u00e9lev\u00e9 de d\u00e9faillance financi\u00e8re<\/h3>\n<p>Les subventions gouvernementales qui, il y a encore quelques ann\u00e9es, aidaient \u00e0 surmonter les difficult\u00e9s financi\u00e8res, ne sont plus disponibles. \u00c9tant donn\u00e9 sa situation alarmante, la commune n\u2019a plus de latitude, ce qui entra\u00eenera :<\/p>\n<ul>\n<li>Sensibilit\u00e9 \u00e9conomique : Une d\u00e9pendance accrue aux subventions va rendre la collectivit\u00e9 fragile face aux changements de politique ou de financement au niveau national.\n<\/li>\n<li>Affaiblissement de l\u2019ind\u00e9pendance : Les collectivit\u00e9s verront leur autonomie r\u00e9duite en raison des conditions impos\u00e9es par les subventions.\n<\/li>\n<li>Probl\u00e8mes pour \u00e9tablir des plans \u00e0 long terme : Une d\u00e9pendance aux ressources externes va rendre la planification budg\u00e9taire et la mise en \u0153uvre de projets \u00e0 long terme plus ardues.<\/li>\n<\/ul>\n<h3>Accroissement des taxes sur les contribuables VINCENNOIS<\/h3>\n<p>La commune se voit forc\u00e9e d\u2019augmenter les pr\u00e9l\u00e8vements fiscaux sur les citoyens, mais cette d\u00e9cision a \u00e9t\u00e9 mise en attente en 2025 \u00e0 cause des \u00e9lections municipales de 2026. Les r\u00e9sultats de cette situation soul\u00e8vent des pr\u00e9occupations :<\/p>\n<ul>\n<li>R\u00e9actions n\u00e9gatives des citoyens : Une hausse des charges fiscales va entra\u00eener un m\u00e9contentement g\u00e9n\u00e9ral chez les citoyens, diminuant leur confiance envers la municipalit\u00e9.\n<\/li>\n<li>\u00c9rosion des bases fiscales : L\u2019\u00e9l\u00e9vation des taxes va pousser certains citoyens \u00e0 partir, ce qui affecte la base fiscale \u00e0 long terme.\n<\/li>\n<li>\u00c9preuves rencontr\u00e9es par les m\u00e9nages : L\u2019\u00e9l\u00e9vation des taxes va alourdir le budget des m\u00e9nages, exacerbant les disparit\u00e9s sociales.\n<\/li>\n<li>D\u00e9lai d\u2019ex\u00e9cution des investissements : L\u2019absence d\u2019augmentation des taxes en 2025 va ralentir des projets d\u2019investissement n\u00e9cessaires au d\u00e9veloppement de la commune.\n<\/li>\n<li>\u00c9tat de tension des services publics : La n\u00e9cessit\u00e9 de r\u00e9cup\u00e9rer les pertes de revenus va conduire \u00e0 des r\u00e9ductions dans les services publics, nuisant \u00e0 la qualit\u00e9 de vie des habitants.<\/li>\n<\/ul>\n<h3>Questions et r\u00e9ponses de Vincennes<\/h3>\n<h4>Qui est le maire en charge de Vincennes ?<\/h4>\n<p>CHARLOTTE LIBERT-ALBANEL<\/p>\n<h4>Quelles sont les manifestations culturelles et historiques ?<\/h4>\n<p>Le pass\u00e9 d\u2019une ville est le miroir de sa culture. La construction de la mairie ou de l\u2019h\u00f4tel de ville, les anciennes photos de l\u2019\u00e9cole, et le travail des anciens m\u00e9tiers favorisent la d\u00e9couverte gratuite, la transmission et la pr\u00e9servation de ce patrimoine communal. Dans chaque r\u00e9gion de France, la politique de sensibilisation garantit que le patrimoine de la ville reste actif et accessible pour les g\u00e9n\u00e9rations \u00e0 venir.<\/p>\n<h4>Comment se pr\u00e9sente la situation des associations locales \u00e0 VINCENNES ?<\/h4>\n<p>Les associations de quartier \u0153uvrent de mani\u00e8re significative pour la culture. Si vous souhaitez obtenir les coordonn\u00e9es d\u2019une association, vous pouvez consulter l\u2019annuaire en ligne sur le site de la mairie de Vincennes<\/p>\n<h4>Quelles sont les possibilit\u00e9s de participation aux activit\u00e9s des associations ?<\/h4>\n<p>Dans chaque commune, il est \u00e9vident que le nombre d\u2019associations et leur programme d\u2019activit\u00e9s (th\u00e9\u00e2tre, festival\u2026) sont notables et ne d\u00e9pendent pas de la politique municipale. Les associations, comme partout en France, organisent une multitude d\u2019\u00e9v\u00e9nements tout au long de l\u2019ann\u00e9e. Pour ceux qui souhaitent s\u2019engager, il est facile de s\u2019inscrire \u00e0 ces activit\u00e9s sur le web, o\u00f9 un simple clic suffit pour acc\u00e9der \u00e0 l\u2019agenda des \u00e9v\u00e9nements ou aux coordonn\u00e9es des organisateurs. Inscription rapide en un clic.<\/p>\n<h4>Quelle est la principale recommandation de l\u2019audit financier de Vincennes ?<\/h4>\n<p>L\u2019enqu\u00eate indique une d\u00e9t\u00e9rioration alarmante des finances publiques et de la gestion de Vincennes, r\u00e9v\u00e9lant une imprudence tant sur le plan financier que dans la gestion publique.<\/p>\n<h4>Quelles causes sous-jacentes ont engendr\u00e9 cette crise financi\u00e8re ?<\/h4>\n<p>M\u00eame si la conjoncture \u00e9conomique joue un r\u00f4le, deux tiers des difficult\u00e9s observ\u00e9es sont dues aux choix politiques de la municipalit\u00e9 sous CHARLOTTE LIBERT-ALBANEL.<\/p>\n<h4>Quels sont les dispositifs d\u2019information dans Vincennes ?<\/h4>\n<p>Surtout les informations disponibles en ligne. Les habitants peuvent acc\u00e9der aux actualit\u00e9s et au journal municipal de la ville ainsi que des villes environnantes. Sur le site de la municipalit\u00e9, il est possible de consulter la page d\u2019accueil destin\u00e9e aux nouveaux habitants, les num\u00e9ros utiles pour des d\u00e9marches vari\u00e9es, l\u2019annuaire des PME, les journ\u00e9es et activit\u00e9s gratuites, les informations relatives \u00e0 la rentr\u00e9e scolaire, les menus des cantines, l\u2019espace de confidentialit\u00e9 pour les comptes familles et les d\u00e9marches administratives, notamment celles li\u00e9es au secteur scolaire. Sur des sites internet externes \u00e0 la mairie, les habitants peuvent d\u00e9couvrir des informations sur les \u00e9v\u00e9nements culturels (spectacles, th\u00e9\u00e2tre, festivals) qui enrichissent la vie communautaire et offrent une ouverture sur la culture.<\/p>\n<p> Le but de festivox.fr est de collecter sur le web des communiqu\u00e9s autour de Festival Jazz et musique en mode guinguette et ensuite les diffuser en essayant de r\u00e9pondre au mieux aux interrogations des gens. L\u2019\u00e9quipe festivox.fr vous soumet ce post qui parle du sujet \u00ab\u00a0Festival Jazz et musique en mode guinguette\u00a0\u00bb. Ce papier a \u00e9t\u00e9 reproduit aussi pr\u00e9cis\u00e9ment qui soit. Si vous souhaitez fournir des renseignements suppl\u00e9mentaires \u00e0 cet article sur le sujet \u00ab\u00a0Festival Jazz et musique en mode guinguette\u00a0\u00bb vous pouvez utiliser les coordonn\u00e9es fournies sur ce site web. D\u2019ici peu, on mettra en ligne d&rsquo;autres annonces autour du sujet \u00ab\u00a0Festival Jazz et musique en mode guinguette\u00a0\u00bb. Par cons\u00e9quent, visitez syst\u00e9matiquement notre site.<\/p>\n","protected":false},"excerpt":{"rendered":"<p>Le nouvel article, intitul\u00e9 \u00ab&nbsp;S\u00e9bastien Ernault pr\u00e9sente ses deux fers de lance \u00e0 Paris-Vincennes&nbsp;\u00bb, a \u00e9t\u00e9 r\u00e9cemment mis en ligne. S\u00e9bastien Ernault sera en vue en cette fin de semaine ! L\u2019entra\u00eeneur normand se d\u00e9placera, dans un premier temps, avec Jipet de Cr\u00e9pin, le vendredi 3 avril sur la cendr\u00e9e parisienne, \u00e0 l\u2019occasion du Prix&hellip;<\/p>\n","protected":false},"author":1,"featured_media":1464,"comment_status":"closed","ping_status":"closed","sticky":false,"template":"","format":"standard","meta":{"footnotes":""},"categories":[5],"tags":[],"class_list":["post-1463","post","type-post","status-publish","format-standard","has-post-thumbnail","hentry","category-sujet-festival-jazz-et-musique-en-mode-guinguette"],"yoast_head":"<!-- This site is optimized with the Yoast SEO plugin v27.5 - https:\/\/yoast.com\/product\/yoast-seo-wordpress\/ -->\n<title>Vincennes; S\u00e9bastien Ernault pr\u00e9sente ses deux fers de lance \u00e0 Paris-Vincennes - FESTIVOX<\/title>\n<meta name=\"robots\" content=\"index, follow, max-snippet:-1, max-image-preview:large, max-video-preview:-1\" \/>\n<link rel=\"canonical\" href=\"https:\/\/www.festivox.fr\/blog\/vincennes-sebastien-ernault-presente-ses-deux-fers-de-lance-a-paris-vincennes\/\" \/>\n<meta property=\"og:locale\" content=\"fr_FR\" \/>\n<meta property=\"og:type\" content=\"article\" \/>\n<meta property=\"og:title\" content=\"Vincennes; S\u00e9bastien Ernault pr\u00e9sente ses deux fers de lance \u00e0 Paris-Vincennes - FESTIVOX\" \/>\n<meta property=\"og:description\" content=\"Le nouvel article, intitul\u00e9 \u00ab&nbsp;S\u00e9bastien Ernault pr\u00e9sente ses deux fers de lance \u00e0 Paris-Vincennes&nbsp;\u00bb, a \u00e9t\u00e9 r\u00e9cemment mis en ligne. S\u00e9bastien Ernault sera en vue en cette fin de semaine ! L\u2019entra\u00eeneur normand se d\u00e9placera, dans un premier temps, avec Jipet de Cr\u00e9pin, le vendredi 3 avril sur la cendr\u00e9e parisienne, \u00e0 l\u2019occasion du Prix&hellip;\" \/>\n<meta property=\"og:url\" content=\"https:\/\/www.festivox.fr\/blog\/vincennes-sebastien-ernault-presente-ses-deux-fers-de-lance-a-paris-vincennes\/\" \/>\n<meta property=\"og:site_name\" content=\"FESTIVOX\" \/>\n<meta property=\"article:published_time\" content=\"2026-04-01T12:15:00+00:00\" \/>\n<meta name=\"author\" content=\"Michele\" \/>\n<meta name=\"twitter:card\" content=\"summary_large_image\" \/>\n<meta name=\"twitter:label1\" content=\"\u00c9crit par\" \/>\n\t<meta name=\"twitter:data1\" content=\"Michele\" \/>\n\t<meta name=\"twitter:label2\" content=\"Dur\u00e9e de lecture estim\u00e9e\" \/>\n\t<meta name=\"twitter:data2\" content=\"11 minutes\" \/>\n<script type=\"application\/ld+json\" class=\"yoast-schema-graph\">{\"@context\":\"https:\\\/\\\/schema.org\",\"@graph\":[{\"@type\":\"Article\",\"@id\":\"https:\\\/\\\/www.festivox.fr\\\/blog\\\/vincennes-sebastien-ernault-presente-ses-deux-fers-de-lance-a-paris-vincennes\\\/#article\",\"isPartOf\":{\"@id\":\"https:\\\/\\\/www.festivox.fr\\\/blog\\\/vincennes-sebastien-ernault-presente-ses-deux-fers-de-lance-a-paris-vincennes\\\/\"},\"author\":{\"name\":\"Michele\",\"@id\":\"https:\\\/\\\/www.festivox.fr\\\/blog\\\/#\\\/schema\\\/person\\\/f36a8b6bc94800c3eafed4bca993ce95\"},\"headline\":\"Vincennes; S\u00e9bastien Ernault pr\u00e9sente ses deux fers de lance \u00e0 Paris-Vincennes\",\"datePublished\":\"2026-04-01T12:15:00+00:00\",\"mainEntityOfPage\":{\"@id\":\"https:\\\/\\\/www.festivox.fr\\\/blog\\\/vincennes-sebastien-ernault-presente-ses-deux-fers-de-lance-a-paris-vincennes\\\/\"},\"wordCount\":2266,\"publisher\":{\"@id\":\"https:\\\/\\\/www.festivox.fr\\\/blog\\\/#organization\"},\"image\":{\"@id\":\"https:\\\/\\\/www.festivox.fr\\\/blog\\\/vincennes-sebastien-ernault-presente-ses-deux-fers-de-lance-a-paris-vincennes\\\/#primaryimage\"},\"thumbnailUrl\":\"https:\\\/\\\/www.festivox.fr\\\/blog\\\/wp-content\\\/uploads\\\/2026\\\/04\\\/vincennes-sebastien-ernault-presente-ses-deux-fers-de-lance-a-paris-vincennes.jpg\",\"articleSection\":[\"Sujet: Festival Jazz Et Musique En Mode Guinguette:\"],\"inLanguage\":\"fr-FR\"},{\"@type\":\"WebPage\",\"@id\":\"https:\\\/\\\/www.festivox.fr\\\/blog\\\/vincennes-sebastien-ernault-presente-ses-deux-fers-de-lance-a-paris-vincennes\\\/\",\"url\":\"https:\\\/\\\/www.festivox.fr\\\/blog\\\/vincennes-sebastien-ernault-presente-ses-deux-fers-de-lance-a-paris-vincennes\\\/\",\"name\":\"Vincennes; S\u00e9bastien Ernault pr\u00e9sente ses deux fers de lance \u00e0 Paris-Vincennes - FESTIVOX\",\"isPartOf\":{\"@id\":\"https:\\\/\\\/www.festivox.fr\\\/blog\\\/#website\"},\"primaryImageOfPage\":{\"@id\":\"https:\\\/\\\/www.festivox.fr\\\/blog\\\/vincennes-sebastien-ernault-presente-ses-deux-fers-de-lance-a-paris-vincennes\\\/#primaryimage\"},\"image\":{\"@id\":\"https:\\\/\\\/www.festivox.fr\\\/blog\\\/vincennes-sebastien-ernault-presente-ses-deux-fers-de-lance-a-paris-vincennes\\\/#primaryimage\"},\"thumbnailUrl\":\"https:\\\/\\\/www.festivox.fr\\\/blog\\\/wp-content\\\/uploads\\\/2026\\\/04\\\/vincennes-sebastien-ernault-presente-ses-deux-fers-de-lance-a-paris-vincennes.jpg\",\"datePublished\":\"2026-04-01T12:15:00+00:00\",\"breadcrumb\":{\"@id\":\"https:\\\/\\\/www.festivox.fr\\\/blog\\\/vincennes-sebastien-ernault-presente-ses-deux-fers-de-lance-a-paris-vincennes\\\/#breadcrumb\"},\"inLanguage\":\"fr-FR\",\"potentialAction\":[{\"@type\":\"ReadAction\",\"target\":[\"https:\\\/\\\/www.festivox.fr\\\/blog\\\/vincennes-sebastien-ernault-presente-ses-deux-fers-de-lance-a-paris-vincennes\\\/\"]}]},{\"@type\":\"ImageObject\",\"inLanguage\":\"fr-FR\",\"@id\":\"https:\\\/\\\/www.festivox.fr\\\/blog\\\/vincennes-sebastien-ernault-presente-ses-deux-fers-de-lance-a-paris-vincennes\\\/#primaryimage\",\"url\":\"https:\\\/\\\/www.festivox.fr\\\/blog\\\/wp-content\\\/uploads\\\/2026\\\/04\\\/vincennes-sebastien-ernault-presente-ses-deux-fers-de-lance-a-paris-vincennes.jpg\",\"contentUrl\":\"https:\\\/\\\/www.festivox.fr\\\/blog\\\/wp-content\\\/uploads\\\/2026\\\/04\\\/vincennes-sebastien-ernault-presente-ses-deux-fers-de-lance-a-paris-vincennes.jpg\",\"width\":1024,\"height\":683},{\"@type\":\"BreadcrumbList\",\"@id\":\"https:\\\/\\\/www.festivox.fr\\\/blog\\\/vincennes-sebastien-ernault-presente-ses-deux-fers-de-lance-a-paris-vincennes\\\/#breadcrumb\",\"itemListElement\":[{\"@type\":\"ListItem\",\"position\":1,\"name\":\"Accueil\",\"item\":\"https:\\\/\\\/www.festivox.fr\\\/blog\\\/\"},{\"@type\":\"ListItem\",\"position\":2,\"name\":\"Vincennes; S\u00e9bastien Ernault pr\u00e9sente ses deux fers de lance \u00e0 Paris-Vincennes\"}]},{\"@type\":\"WebSite\",\"@id\":\"https:\\\/\\\/www.festivox.fr\\\/blog\\\/#website\",\"url\":\"https:\\\/\\\/www.festivox.fr\\\/blog\\\/\",\"name\":\"FESTIVOX\",\"description\":\"Festival en mode guinguette.\",\"publisher\":{\"@id\":\"https:\\\/\\\/www.festivox.fr\\\/blog\\\/#organization\"},\"potentialAction\":[{\"@type\":\"SearchAction\",\"target\":{\"@type\":\"EntryPoint\",\"urlTemplate\":\"https:\\\/\\\/www.festivox.fr\\\/blog\\\/?s={search_term_string}\"},\"query-input\":{\"@type\":\"PropertyValueSpecification\",\"valueRequired\":true,\"valueName\":\"search_term_string\"}}],\"inLanguage\":\"fr-FR\"},{\"@type\":\"Organization\",\"@id\":\"https:\\\/\\\/www.festivox.fr\\\/blog\\\/#organization\",\"name\":\"festivox\",\"url\":\"https:\\\/\\\/www.festivox.fr\\\/blog\\\/\",\"logo\":{\"@type\":\"ImageObject\",\"inLanguage\":\"fr-FR\",\"@id\":\"https:\\\/\\\/www.festivox.fr\\\/blog\\\/#\\\/schema\\\/logo\\\/image\\\/\",\"url\":\"https:\\\/\\\/www.festivox.fr\\\/blog\\\/wp-content\\\/uploads\\\/2023\\\/06\\\/logo-2.png\",\"contentUrl\":\"https:\\\/\\\/www.festivox.fr\\\/blog\\\/wp-content\\\/uploads\\\/2023\\\/06\\\/logo-2.png\",\"width\":480,\"height\":160,\"caption\":\"festivox\"},\"image\":{\"@id\":\"https:\\\/\\\/www.festivox.fr\\\/blog\\\/#\\\/schema\\\/logo\\\/image\\\/\"}},{\"@type\":\"Person\",\"@id\":\"https:\\\/\\\/www.festivox.fr\\\/blog\\\/#\\\/schema\\\/person\\\/f36a8b6bc94800c3eafed4bca993ce95\",\"name\":\"Michele\",\"image\":{\"@type\":\"ImageObject\",\"inLanguage\":\"fr-FR\",\"@id\":\"https:\\\/\\\/secure.gravatar.com\\\/avatar\\\/b062046536b5d47ec9075956ec349ef95ed06b0f910c578f74abb318668b702e?s=96&d=mm&r=g\",\"url\":\"https:\\\/\\\/secure.gravatar.com\\\/avatar\\\/b062046536b5d47ec9075956ec349ef95ed06b0f910c578f74abb318668b702e?s=96&d=mm&r=g\",\"contentUrl\":\"https:\\\/\\\/secure.gravatar.com\\\/avatar\\\/b062046536b5d47ec9075956ec349ef95ed06b0f910c578f74abb318668b702e?s=96&d=mm&r=g\",\"caption\":\"Michele\"},\"sameAs\":[\"https:\\\/\\\/www.festivox.fr\\\/blog\"],\"url\":\"https:\\\/\\\/www.festivox.fr\\\/blog\\\/author\\\/voxadmin\\\/\"}]}<\/script>\n<!-- \/ Yoast SEO plugin. -->","yoast_head_json":{"title":"Vincennes; S\u00e9bastien Ernault pr\u00e9sente ses deux fers de lance \u00e0 Paris-Vincennes - FESTIVOX","robots":{"index":"index","follow":"follow","max-snippet":"max-snippet:-1","max-image-preview":"max-image-preview:large","max-video-preview":"max-video-preview:-1"},"canonical":"https:\/\/www.festivox.fr\/blog\/vincennes-sebastien-ernault-presente-ses-deux-fers-de-lance-a-paris-vincennes\/","og_locale":"fr_FR","og_type":"article","og_title":"Vincennes; S\u00e9bastien Ernault pr\u00e9sente ses deux fers de lance \u00e0 Paris-Vincennes - FESTIVOX","og_description":"Le nouvel article, intitul\u00e9 \u00ab&nbsp;S\u00e9bastien Ernault pr\u00e9sente ses deux fers de lance \u00e0 Paris-Vincennes&nbsp;\u00bb, a \u00e9t\u00e9 r\u00e9cemment mis en ligne. S\u00e9bastien Ernault sera en vue en cette fin de semaine ! L\u2019entra\u00eeneur normand se d\u00e9placera, dans un premier temps, avec Jipet de Cr\u00e9pin, le vendredi 3 avril sur la cendr\u00e9e parisienne, \u00e0 l\u2019occasion du Prix&hellip;","og_url":"https:\/\/www.festivox.fr\/blog\/vincennes-sebastien-ernault-presente-ses-deux-fers-de-lance-a-paris-vincennes\/","og_site_name":"FESTIVOX","article_published_time":"2026-04-01T12:15:00+00:00","author":"Michele","twitter_card":"summary_large_image","twitter_misc":{"\u00c9crit par":"Michele","Dur\u00e9e de lecture estim\u00e9e":"11 minutes"},"schema":{"@context":"https:\/\/schema.org","@graph":[{"@type":"Article","@id":"https:\/\/www.festivox.fr\/blog\/vincennes-sebastien-ernault-presente-ses-deux-fers-de-lance-a-paris-vincennes\/#article","isPartOf":{"@id":"https:\/\/www.festivox.fr\/blog\/vincennes-sebastien-ernault-presente-ses-deux-fers-de-lance-a-paris-vincennes\/"},"author":{"name":"Michele","@id":"https:\/\/www.festivox.fr\/blog\/#\/schema\/person\/f36a8b6bc94800c3eafed4bca993ce95"},"headline":"Vincennes; S\u00e9bastien Ernault pr\u00e9sente ses deux fers de lance \u00e0 Paris-Vincennes","datePublished":"2026-04-01T12:15:00+00:00","mainEntityOfPage":{"@id":"https:\/\/www.festivox.fr\/blog\/vincennes-sebastien-ernault-presente-ses-deux-fers-de-lance-a-paris-vincennes\/"},"wordCount":2266,"publisher":{"@id":"https:\/\/www.festivox.fr\/blog\/#organization"},"image":{"@id":"https:\/\/www.festivox.fr\/blog\/vincennes-sebastien-ernault-presente-ses-deux-fers-de-lance-a-paris-vincennes\/#primaryimage"},"thumbnailUrl":"https:\/\/www.festivox.fr\/blog\/wp-content\/uploads\/2026\/04\/vincennes-sebastien-ernault-presente-ses-deux-fers-de-lance-a-paris-vincennes.jpg","articleSection":["Sujet: Festival Jazz Et Musique En Mode Guinguette:"],"inLanguage":"fr-FR"},{"@type":"WebPage","@id":"https:\/\/www.festivox.fr\/blog\/vincennes-sebastien-ernault-presente-ses-deux-fers-de-lance-a-paris-vincennes\/","url":"https:\/\/www.festivox.fr\/blog\/vincennes-sebastien-ernault-presente-ses-deux-fers-de-lance-a-paris-vincennes\/","name":"Vincennes; S\u00e9bastien Ernault pr\u00e9sente ses deux fers de lance \u00e0 Paris-Vincennes - FESTIVOX","isPartOf":{"@id":"https:\/\/www.festivox.fr\/blog\/#website"},"primaryImageOfPage":{"@id":"https:\/\/www.festivox.fr\/blog\/vincennes-sebastien-ernault-presente-ses-deux-fers-de-lance-a-paris-vincennes\/#primaryimage"},"image":{"@id":"https:\/\/www.festivox.fr\/blog\/vincennes-sebastien-ernault-presente-ses-deux-fers-de-lance-a-paris-vincennes\/#primaryimage"},"thumbnailUrl":"https:\/\/www.festivox.fr\/blog\/wp-content\/uploads\/2026\/04\/vincennes-sebastien-ernault-presente-ses-deux-fers-de-lance-a-paris-vincennes.jpg","datePublished":"2026-04-01T12:15:00+00:00","breadcrumb":{"@id":"https:\/\/www.festivox.fr\/blog\/vincennes-sebastien-ernault-presente-ses-deux-fers-de-lance-a-paris-vincennes\/#breadcrumb"},"inLanguage":"fr-FR","potentialAction":[{"@type":"ReadAction","target":["https:\/\/www.festivox.fr\/blog\/vincennes-sebastien-ernault-presente-ses-deux-fers-de-lance-a-paris-vincennes\/"]}]},{"@type":"ImageObject","inLanguage":"fr-FR","@id":"https:\/\/www.festivox.fr\/blog\/vincennes-sebastien-ernault-presente-ses-deux-fers-de-lance-a-paris-vincennes\/#primaryimage","url":"https:\/\/www.festivox.fr\/blog\/wp-content\/uploads\/2026\/04\/vincennes-sebastien-ernault-presente-ses-deux-fers-de-lance-a-paris-vincennes.jpg","contentUrl":"https:\/\/www.festivox.fr\/blog\/wp-content\/uploads\/2026\/04\/vincennes-sebastien-ernault-presente-ses-deux-fers-de-lance-a-paris-vincennes.jpg","width":1024,"height":683},{"@type":"BreadcrumbList","@id":"https:\/\/www.festivox.fr\/blog\/vincennes-sebastien-ernault-presente-ses-deux-fers-de-lance-a-paris-vincennes\/#breadcrumb","itemListElement":[{"@type":"ListItem","position":1,"name":"Accueil","item":"https:\/\/www.festivox.fr\/blog\/"},{"@type":"ListItem","position":2,"name":"Vincennes; S\u00e9bastien Ernault pr\u00e9sente ses deux fers de lance \u00e0 Paris-Vincennes"}]},{"@type":"WebSite","@id":"https:\/\/www.festivox.fr\/blog\/#website","url":"https:\/\/www.festivox.fr\/blog\/","name":"FESTIVOX","description":"Festival en mode guinguette.","publisher":{"@id":"https:\/\/www.festivox.fr\/blog\/#organization"},"potentialAction":[{"@type":"SearchAction","target":{"@type":"EntryPoint","urlTemplate":"https:\/\/www.festivox.fr\/blog\/?s={search_term_string}"},"query-input":{"@type":"PropertyValueSpecification","valueRequired":true,"valueName":"search_term_string"}}],"inLanguage":"fr-FR"},{"@type":"Organization","@id":"https:\/\/www.festivox.fr\/blog\/#organization","name":"festivox","url":"https:\/\/www.festivox.fr\/blog\/","logo":{"@type":"ImageObject","inLanguage":"fr-FR","@id":"https:\/\/www.festivox.fr\/blog\/#\/schema\/logo\/image\/","url":"https:\/\/www.festivox.fr\/blog\/wp-content\/uploads\/2023\/06\/logo-2.png","contentUrl":"https:\/\/www.festivox.fr\/blog\/wp-content\/uploads\/2023\/06\/logo-2.png","width":480,"height":160,"caption":"festivox"},"image":{"@id":"https:\/\/www.festivox.fr\/blog\/#\/schema\/logo\/image\/"}},{"@type":"Person","@id":"https:\/\/www.festivox.fr\/blog\/#\/schema\/person\/f36a8b6bc94800c3eafed4bca993ce95","name":"Michele","image":{"@type":"ImageObject","inLanguage":"fr-FR","@id":"https:\/\/secure.gravatar.com\/avatar\/b062046536b5d47ec9075956ec349ef95ed06b0f910c578f74abb318668b702e?s=96&d=mm&r=g","url":"https:\/\/secure.gravatar.com\/avatar\/b062046536b5d47ec9075956ec349ef95ed06b0f910c578f74abb318668b702e?s=96&d=mm&r=g","contentUrl":"https:\/\/secure.gravatar.com\/avatar\/b062046536b5d47ec9075956ec349ef95ed06b0f910c578f74abb318668b702e?s=96&d=mm&r=g","caption":"Michele"},"sameAs":["https:\/\/www.festivox.fr\/blog"],"url":"https:\/\/www.festivox.fr\/blog\/author\/voxadmin\/"}]}},"_links":{"self":[{"href":"https:\/\/www.festivox.fr\/blog\/wp-json\/wp\/v2\/posts\/1463","targetHints":{"allow":["GET"]}}],"collection":[{"href":"https:\/\/www.festivox.fr\/blog\/wp-json\/wp\/v2\/posts"}],"about":[{"href":"https:\/\/www.festivox.fr\/blog\/wp-json\/wp\/v2\/types\/post"}],"author":[{"embeddable":true,"href":"https:\/\/www.festivox.fr\/blog\/wp-json\/wp\/v2\/users\/1"}],"replies":[{"embeddable":true,"href":"https:\/\/www.festivox.fr\/blog\/wp-json\/wp\/v2\/comments?post=1463"}],"version-history":[{"count":0,"href":"https:\/\/www.festivox.fr\/blog\/wp-json\/wp\/v2\/posts\/1463\/revisions"}],"wp:featuredmedia":[{"embeddable":true,"href":"https:\/\/www.festivox.fr\/blog\/wp-json\/wp\/v2\/media\/1464"}],"wp:attachment":[{"href":"https:\/\/www.festivox.fr\/blog\/wp-json\/wp\/v2\/media?parent=1463"}],"wp:term":[{"taxonomy":"category","embeddable":true,"href":"https:\/\/www.festivox.fr\/blog\/wp-json\/wp\/v2\/categories?post=1463"},{"taxonomy":"post_tag","embeddable":true,"href":"https:\/\/www.festivox.fr\/blog\/wp-json\/wp\/v2\/tags?post=1463"}],"curies":[{"name":"wp","href":"https:\/\/api.w.org\/{rel}","templated":true}]}}