{"id":1413,"date":"2019-09-13T09:50:00","date_gmt":"2019-09-13T08:50:00","guid":{"rendered":"https:\/\/www.festivox.fr\/blog\/nougaro-la-chanson-mariee-au-jazz-et-la-java-pour-leternite\/"},"modified":"2019-09-13T09:50:00","modified_gmt":"2019-09-13T08:50:00","slug":"nougaro-la-chanson-mariee-au-jazz-et-la-java-pour-leternite","status":"publish","type":"post","link":"https:\/\/www.festivox.fr\/blog\/nougaro-la-chanson-mariee-au-jazz-et-la-java-pour-leternite\/","title":{"rendered":"Nougaro, la chanson mari\u00e9e au jazz et la java pour l&rsquo;\u00e9ternit\u00e9"},"content":{"rendered":"\n<div><img decoding=\"async\" src=\"https:\/\/www.festivox.fr\/blog\/wp-content\/uploads\/2026\/02\/nougaro-la-chanson-mariee-au-jazz-et-la-java-pour-leternite.jpg\" class=\"ff-og-image-inserted\"><\/div>\n<p>A l&rsquo;occasion du 90e anniversaire de la naissance de Claude Nougaro, un coffret r\u00e9unissant ses 24 albums studio et un livre d&rsquo;aphorismes sont publi\u00e9s. Itin\u00e9raire du chanteur et \u00ab\u00a0motsicien\u00a0\u00bb toulousain qui a mari\u00e9 comme personne le jazz et la java.<\/p>\n<div>\n<p>Ce lundi 9 septembre, Claude Nougaro aurait eu 90 ans. Le 9 est un chiffre qui tient au coeur du chanteur n\u00e9 sous un carr\u00e9 de neuf, le 9. 9. 1929. Cet anniversaire est en tout cas l&rsquo;occasion pour Warner et Universal de sortir un sublime coffret comprenant l\u2019int\u00e9grale des albums studio de Nougaro dont le premier a \u00e9t\u00e9 enregistr\u00e9&#8230; en 1959.<\/p>\n<p>Neuf comme le sang que Nougaro le \u00ab\u00a0motsicien\u00a0\u00bb apporte \u00e0 la chanson fran\u00e7aise, \u00e0 une \u00e9poque o\u00f9 on ne jure que par le rock et le twist. Le Fran\u00e7ais, lui, marie jazz, blues, java, po\u00e9sie, cin\u00e9ma, New York, Paris, ses faubourgs, le Br\u00e9sil, et bien s\u00fbr \u00ab\u00a0son pa\u00efs\u00a0\u00bb, Toulouse la ville rose.<\/p>\n<h2>Ville rose pour enfance morose<\/h2>\n<p>Ce qui constitue tout de m\u00eame une double ironie. D\u2019abord parce que Nougaro refusait de se voir attach\u00e9 \u00e0 un terroir: \u00ab\u00a0le terroir\u00a0\u00bb, disait-il, \u00ab\u00a0\u00e7a enterre\u00a0\u00bb. Ensuite, parce que quand il \u00e9crit ce texte, en 1967, il vit \u00e0 Paris et voit tout en noir. Dans la premi\u00e8re version de la chanson \u00ab\u00a0\u00d4 Toulouse\u00a0\u00bb, il r\u00e8gle ses comptes avec sa ville en raison de l\u2019enfance moins rose que morose qu\u2019il y a pass\u00e9.<\/p>\n<p>Mais sa femme d\u2019alors, Odette, l\u2019arr\u00eate:\u00a0\u00bb quand on \u00e9crit \u00e0 une ville qui vous a vu na\u00eetre, on lui \u00e9crit une chanson d\u2019amour\u00a0\u00bb. Odette a permis l\u2019ode et \u00ab\u00a0\u00d4 Toulouse\u00a0\u00bb devient d\u00e8s les ann\u00e9es 70 l\u2019un des succ\u00e8s \u00e9ternels de Nougaro.<\/p>\n<div class=\"cookie-blocking-wrapper\">\n<div class=\"cookie-blocking-no-content\">\n<div class=\"cookie-blocking-card\">\n<div class=\"cookie-blocking-card-container\">\n<p>Contenu externe<\/p>\n<p> Ce contenu externe ne peut pas \u00eatre affich\u00e9 car il est susceptible de collecter des donn\u00e9es personnelles. Pour voir ce contenu vous devez autoriser la cat\u00e9gorie <strong>R\u00e9seaux sociaux<\/strong>. <\/p>\n<p> <span class=\"rts-btn validate rts-cookie-consent-accept-category\" data-item-id=\"cookie_accept_external_content\" data-consent-category=\"customCategory-4445f83c-5f4e-4c1d-b78f-b4627fb3ef21\" data-rts-ece-id=\"7628cabb-7cf2-389d-a0d7-d93a2035ace1\">Accepter<\/span> <span class=\"rts-btn plus-info rts-cookie-consent-preference-button\" data-item-id=\"cookie_plus_info\" data-consent-category=\"customCategory-4445f83c-5f4e-4c1d-b78f-b4627fb3ef21\" data-rts-ece-id=\"7628cabb-7cf2-389d-a0d7-d93a2035ace1\">Plus d&rsquo;info<\/span> <\/p>\n<\/p><\/div>\n<\/p><\/div>\n<\/p><\/div>\n<\/p><\/div>\n<p>Pas son premier \u00e9videmment. Il y avait d\u00e9j\u00e0 eu \u00ab\u00a0C\u00e9cile\u00a0\u00bb, du pr\u00e9nom de sa fille mais avant elle encore, de sa grand-m\u00e8re qui l\u2019avait \u00e9lev\u00e9, apr\u00e8s l\u2019avoir fait sortir au forceps du ventre d\u2019une pianiste. Bien avant, il y avait eu ses po\u00e8mes, clam\u00e9s sur sc\u00e8ne ou offerts \u00e0 d\u2019autres: Marcel Amont, Edith Piaf. Car Nougaro est d\u2019abord po\u00e8te, l&rsquo;amant des mots. C&rsquo;est d&rsquo;ailleurs le titre d\u2019un recueil d\u2019aphorismes tout juste paru.<\/p>\n<h2>Quand le cin\u00e9ma entre en chanson<\/h2>\n<p>Chanter, il n\u2019y pense alors m\u00eame pas: dans la famille Nougaro, le chanteur c&rsquo;est Pierre, le p\u00e8re, baryton \u00e0 l\u2019op\u00e9ra de Paris. Pour oser rivaliser, il faudra l\u2019insistance d\u2019un compagnon de composition crucial, le compositeur Michel Legrand. Crucial aussi parce qu\u2019ensemble, ils font entrer le cin\u00e9ma dans la chanson fran\u00e7aise et r\u00e9ciproquement. Les titres du tandem comme \u00ab\u00a0A bout de souffle\u00a0\u00bb, \u00ab\u00a0Le Cin\u00e9ma\u00a0\u00bb s\u2019\u00e9coutent ainsi comme des polars.<\/p>\n<div class=\"cookie-blocking-wrapper\">\n<div class=\"cookie-blocking-no-content\">\n<div class=\"cookie-blocking-card\">\n<div class=\"cookie-blocking-card-container\">\n<p>Contenu externe<\/p>\n<p> Ce contenu externe ne peut pas \u00eatre affich\u00e9 car il est susceptible de collecter des donn\u00e9es personnelles. Pour voir ce contenu vous devez autoriser la cat\u00e9gorie <strong>R\u00e9seaux sociaux<\/strong>. <\/p>\n<p> <span class=\"rts-btn validate rts-cookie-consent-accept-category\" data-item-id=\"cookie_accept_external_content\" data-consent-category=\"customCategory-4445f83c-5f4e-4c1d-b78f-b4627fb3ef21\" data-rts-ece-id=\"632a7496-a3e4-3e97-8ee4-6ace7ba13132\">Accepter<\/span> <span class=\"rts-btn plus-info rts-cookie-consent-preference-button\" data-item-id=\"cookie_plus_info\" data-consent-category=\"customCategory-4445f83c-5f4e-4c1d-b78f-b4627fb3ef21\" data-rts-ece-id=\"632a7496-a3e4-3e97-8ee4-6ace7ba13132\">Plus d&rsquo;info<\/span> <\/p>\n<\/p><\/div>\n<\/p><\/div>\n<\/p><\/div>\n<\/p><\/div>\n<h2>Une b\u00eate de sc\u00e8ne<\/h2>\n<p>Nougaro ne fait pas 1m80, n\u2019a pas des biceps plein les manches mais \u00ab\u00a0Petit Taureau\u00a0\u00bb (nom d\u2019un autre titre et album) est une b\u00eate de sc\u00e8ne. Il fallait le voir en sc\u00e8ne ou revoir ses concerts en ligne.<\/p>\n<p>Hors champ? Il se consume autant: \u00ab\u00a0Je vis \u00e0 tombeau ouvert et \u00e0 guichet ferm\u00e9\u00a0\u00bb, aimait-il \u00e0 dire. Le chanteur a donc connu de nombreuses travers\u00e9es du d\u00e9sert en 35 ans de carri\u00e8re et jusqu&rsquo;\u00e0 son dernier souffle, le 4 mars 2004.<\/p>\n<p>Le livret qui accompagne le nouveau coffret discographique \u00ab\u00a0Le Feu Sacr\u00e9\u00a0\u00bb corrige pourtant certains \u00e9l\u00e9ments de sa vie.<b> <\/b>Par exemple,<b> <\/b>on y apprend que son titre \u00ab\u00a0Paris Mai\u00a0\u00bb, sorti en 1968, s\u2019inspire en fait du chant traditionnel africain \u00ab\u00a0Flo me la\u00a0\u00bb et qu\u2019il n\u2019est pas le chant d\u2019un r\u00e9volutionnaire que beaucoup jusqu&rsquo;\u00e0 pr\u00e9sent y ont entendu.<\/p>\n<p>Nougaro, qui avait commenc\u00e9 sa vie comme journaliste \u00e0 Vichy, s\u2019est d&rsquo;ailleurs toujours dit \u00ab\u00a0artiste d\u00e9sengag\u00e9 professionnel\u00a0\u00bb visant plus vaste: la d\u00e9livrance. Et la r\u00e9conciliation: voix de matamore et plume d\u2019ange (c&rsquo;est l\u2019un de ses textes), il est la m\u00e9lancolie qui chante \u00ab\u00a0donne-moi la main camarade\u00a0\u00bb, le boxeur qui dans violence entend vie (\u00ab\u00a0Vie violence \u00e7a va de pair\u00a0\u00bb, le d\u00e9sillusionn\u00e9 qui invite \u00e0 garder l\u2019esp\u00e9rance en l\u2019homme. \u00ab\u00a0L&rsquo;esp\u00e9rance en l&rsquo;homme\u00a0\u00bb, titre justement \u00e0 retrouver dans le coffret qui accompagne les 90 ans de sa naissance.<\/p>\n<p class=\"sources\">Anne-Laure Gannac\/olhor<\/p>\n<p class=\"article-footnote\">Coffret \u00ab\u00a0Le Feu Sacr\u00e9\u00a0\u00bb (Warner\/Universal).<\/p>\n<p class=\"article-footnote\">Livre d&rsquo;aphorismes \u00a0\u00bb&nbsp;L\u2019Amant des mots\u00a0\u00bb (\u00e9ditions Le Castor Astral).<\/p>\n<\/div>\n<p> Cet article, qui traite du th\u00e8me \u00ab\u00a0Festival Jazz et musique en mode guinguette\u00a0\u00bb, vous est d\u00e9lib\u00e9r\u00e9ment offert par festivox.fr. La raison d\u2019\u00eatre de festivox.fr est de parler de Festival Jazz et musique en mode guinguette dans la transparence la plus g\u00e9n\u00e9rale en vous procurant la visibilit\u00e9 de tout ce qui est publi\u00e9 sur ce sujet sur le web La chronique a \u00e9t\u00e9 g\u00e9n\u00e9r\u00e9e de la mani\u00e8re la plus honn\u00eate que possible. S\u2019il advenait que vous projetez d\u2019apporter quelques notes concernant le domaine de \u00ab\u00a0Festival Jazz et musique en mode guinguette\u00a0\u00bb vous avez la possibilit\u00e9 de d&rsquo;\u00e9changer avec notre r\u00e9daction. Dans peu de temps, on mettra en ligne d&rsquo;autres informations pertinentes autour du sujet \u00ab\u00a0Festival Jazz et musique en mode guinguette\u00a0\u00bb. Ainsi, consultez r\u00e9guli\u00e8rement notre site.<\/p>\n","protected":false},"excerpt":{"rendered":"<p>A l&rsquo;occasion du 90e anniversaire de la naissance de Claude Nougaro, un coffret r\u00e9unissant ses 24 albums studio et un livre d&rsquo;aphorismes sont publi\u00e9s. Itin\u00e9raire du chanteur et \u00ab\u00a0motsicien\u00a0\u00bb toulousain qui a mari\u00e9 comme personne le jazz et la java. Ce lundi 9 septembre, Claude Nougaro aurait eu 90 ans. Le 9 est un chiffre&hellip;<\/p>\n","protected":false},"author":1,"featured_media":1414,"comment_status":"closed","ping_status":"closed","sticky":false,"template":"","format":"standard","meta":{"footnotes":""},"categories":[3],"tags":[],"class_list":["post-1413","post","type-post","status-publish","format-standard","has-post-thumbnail","hentry","category-wiki-sur-festival-jazz-et-musique-en-mode-guinguette"],"yoast_head":"<!-- This site is optimized with the Yoast SEO plugin v27.5 - https:\/\/yoast.com\/product\/yoast-seo-wordpress\/ -->\n<title>Nougaro, la chanson mari\u00e9e au jazz et la java pour l&#039;\u00e9ternit\u00e9 - FESTIVOX<\/title>\n<meta name=\"robots\" content=\"index, follow, max-snippet:-1, max-image-preview:large, max-video-preview:-1\" \/>\n<link rel=\"canonical\" href=\"https:\/\/www.festivox.fr\/blog\/nougaro-la-chanson-mariee-au-jazz-et-la-java-pour-leternite\/\" \/>\n<meta property=\"og:locale\" content=\"fr_FR\" \/>\n<meta property=\"og:type\" content=\"article\" \/>\n<meta property=\"og:title\" content=\"Nougaro, la chanson mari\u00e9e au jazz et la java pour l&#039;\u00e9ternit\u00e9 - FESTIVOX\" \/>\n<meta property=\"og:description\" content=\"A l&rsquo;occasion du 90e anniversaire de la naissance de Claude Nougaro, un coffret r\u00e9unissant ses 24 albums studio et un livre d&rsquo;aphorismes sont publi\u00e9s. Itin\u00e9raire du chanteur et \u00ab\u00a0motsicien\u00a0\u00bb toulousain qui a mari\u00e9 comme personne le jazz et la java. Ce lundi 9 septembre, Claude Nougaro aurait eu 90 ans. Le 9 est un chiffre&hellip;\" \/>\n<meta property=\"og:url\" content=\"https:\/\/www.festivox.fr\/blog\/nougaro-la-chanson-mariee-au-jazz-et-la-java-pour-leternite\/\" \/>\n<meta property=\"og:site_name\" content=\"FESTIVOX\" \/>\n<meta property=\"article:published_time\" content=\"2019-09-13T08:50:00+00:00\" \/>\n<meta property=\"og:image\" content=\"https:\/\/www.festivox.fr\/blog\/wp-content\/uploads\/2026\/02\/nougaro-la-chanson-mariee-au-jazz-et-la-java-pour-leternite.jpg\" \/>\n<meta name=\"author\" content=\"Michele\" \/>\n<meta name=\"twitter:card\" content=\"summary_large_image\" \/>\n<meta name=\"twitter:label1\" content=\"\u00c9crit par\" \/>\n\t<meta name=\"twitter:data1\" content=\"Michele\" \/>\n\t<meta name=\"twitter:label2\" content=\"Dur\u00e9e de lecture estim\u00e9e\" \/>\n\t<meta name=\"twitter:data2\" content=\"5 minutes\" \/>\n<script type=\"application\/ld+json\" class=\"yoast-schema-graph\">{\"@context\":\"https:\\\/\\\/schema.org\",\"@graph\":[{\"@type\":\"Article\",\"@id\":\"https:\\\/\\\/www.festivox.fr\\\/blog\\\/nougaro-la-chanson-mariee-au-jazz-et-la-java-pour-leternite\\\/#article\",\"isPartOf\":{\"@id\":\"https:\\\/\\\/www.festivox.fr\\\/blog\\\/nougaro-la-chanson-mariee-au-jazz-et-la-java-pour-leternite\\\/\"},\"author\":{\"name\":\"Michele\",\"@id\":\"https:\\\/\\\/www.festivox.fr\\\/blog\\\/#\\\/schema\\\/person\\\/f36a8b6bc94800c3eafed4bca993ce95\"},\"headline\":\"Nougaro, la chanson mari\u00e9e au jazz et la java pour l&rsquo;\u00e9ternit\u00e9\",\"datePublished\":\"2019-09-13T08:50:00+00:00\",\"mainEntityOfPage\":{\"@id\":\"https:\\\/\\\/www.festivox.fr\\\/blog\\\/nougaro-la-chanson-mariee-au-jazz-et-la-java-pour-leternite\\\/\"},\"wordCount\":952,\"publisher\":{\"@id\":\"https:\\\/\\\/www.festivox.fr\\\/blog\\\/#organization\"},\"image\":{\"@id\":\"https:\\\/\\\/www.festivox.fr\\\/blog\\\/nougaro-la-chanson-mariee-au-jazz-et-la-java-pour-leternite\\\/#primaryimage\"},\"thumbnailUrl\":\"https:\\\/\\\/www.festivox.fr\\\/blog\\\/wp-content\\\/uploads\\\/2026\\\/02\\\/nougaro-la-chanson-mariee-au-jazz-et-la-java-pour-leternite.jpg\",\"articleSection\":[\"Wiki Sur Festival Jazz Et Musique En Mode Guinguette:\"],\"inLanguage\":\"fr-FR\"},{\"@type\":\"WebPage\",\"@id\":\"https:\\\/\\\/www.festivox.fr\\\/blog\\\/nougaro-la-chanson-mariee-au-jazz-et-la-java-pour-leternite\\\/\",\"url\":\"https:\\\/\\\/www.festivox.fr\\\/blog\\\/nougaro-la-chanson-mariee-au-jazz-et-la-java-pour-leternite\\\/\",\"name\":\"Nougaro, la chanson mari\u00e9e au jazz et la java pour l'\u00e9ternit\u00e9 - FESTIVOX\",\"isPartOf\":{\"@id\":\"https:\\\/\\\/www.festivox.fr\\\/blog\\\/#website\"},\"primaryImageOfPage\":{\"@id\":\"https:\\\/\\\/www.festivox.fr\\\/blog\\\/nougaro-la-chanson-mariee-au-jazz-et-la-java-pour-leternite\\\/#primaryimage\"},\"image\":{\"@id\":\"https:\\\/\\\/www.festivox.fr\\\/blog\\\/nougaro-la-chanson-mariee-au-jazz-et-la-java-pour-leternite\\\/#primaryimage\"},\"thumbnailUrl\":\"https:\\\/\\\/www.festivox.fr\\\/blog\\\/wp-content\\\/uploads\\\/2026\\\/02\\\/nougaro-la-chanson-mariee-au-jazz-et-la-java-pour-leternite.jpg\",\"datePublished\":\"2019-09-13T08:50:00+00:00\",\"breadcrumb\":{\"@id\":\"https:\\\/\\\/www.festivox.fr\\\/blog\\\/nougaro-la-chanson-mariee-au-jazz-et-la-java-pour-leternite\\\/#breadcrumb\"},\"inLanguage\":\"fr-FR\",\"potentialAction\":[{\"@type\":\"ReadAction\",\"target\":[\"https:\\\/\\\/www.festivox.fr\\\/blog\\\/nougaro-la-chanson-mariee-au-jazz-et-la-java-pour-leternite\\\/\"]}]},{\"@type\":\"ImageObject\",\"inLanguage\":\"fr-FR\",\"@id\":\"https:\\\/\\\/www.festivox.fr\\\/blog\\\/nougaro-la-chanson-mariee-au-jazz-et-la-java-pour-leternite\\\/#primaryimage\",\"url\":\"https:\\\/\\\/www.festivox.fr\\\/blog\\\/wp-content\\\/uploads\\\/2026\\\/02\\\/nougaro-la-chanson-mariee-au-jazz-et-la-java-pour-leternite.jpg\",\"contentUrl\":\"https:\\\/\\\/www.festivox.fr\\\/blog\\\/wp-content\\\/uploads\\\/2026\\\/02\\\/nougaro-la-chanson-mariee-au-jazz-et-la-java-pour-leternite.jpg\",\"width\":1200,\"height\":630},{\"@type\":\"BreadcrumbList\",\"@id\":\"https:\\\/\\\/www.festivox.fr\\\/blog\\\/nougaro-la-chanson-mariee-au-jazz-et-la-java-pour-leternite\\\/#breadcrumb\",\"itemListElement\":[{\"@type\":\"ListItem\",\"position\":1,\"name\":\"Accueil\",\"item\":\"https:\\\/\\\/www.festivox.fr\\\/blog\\\/\"},{\"@type\":\"ListItem\",\"position\":2,\"name\":\"Nougaro, la chanson mari\u00e9e au jazz et la java pour l&rsquo;\u00e9ternit\u00e9\"}]},{\"@type\":\"WebSite\",\"@id\":\"https:\\\/\\\/www.festivox.fr\\\/blog\\\/#website\",\"url\":\"https:\\\/\\\/www.festivox.fr\\\/blog\\\/\",\"name\":\"FESTIVOX\",\"description\":\"Festival en mode guinguette.\",\"publisher\":{\"@id\":\"https:\\\/\\\/www.festivox.fr\\\/blog\\\/#organization\"},\"potentialAction\":[{\"@type\":\"SearchAction\",\"target\":{\"@type\":\"EntryPoint\",\"urlTemplate\":\"https:\\\/\\\/www.festivox.fr\\\/blog\\\/?s={search_term_string}\"},\"query-input\":{\"@type\":\"PropertyValueSpecification\",\"valueRequired\":true,\"valueName\":\"search_term_string\"}}],\"inLanguage\":\"fr-FR\"},{\"@type\":\"Organization\",\"@id\":\"https:\\\/\\\/www.festivox.fr\\\/blog\\\/#organization\",\"name\":\"festivox\",\"url\":\"https:\\\/\\\/www.festivox.fr\\\/blog\\\/\",\"logo\":{\"@type\":\"ImageObject\",\"inLanguage\":\"fr-FR\",\"@id\":\"https:\\\/\\\/www.festivox.fr\\\/blog\\\/#\\\/schema\\\/logo\\\/image\\\/\",\"url\":\"https:\\\/\\\/www.festivox.fr\\\/blog\\\/wp-content\\\/uploads\\\/2023\\\/06\\\/logo-2.png\",\"contentUrl\":\"https:\\\/\\\/www.festivox.fr\\\/blog\\\/wp-content\\\/uploads\\\/2023\\\/06\\\/logo-2.png\",\"width\":480,\"height\":160,\"caption\":\"festivox\"},\"image\":{\"@id\":\"https:\\\/\\\/www.festivox.fr\\\/blog\\\/#\\\/schema\\\/logo\\\/image\\\/\"}},{\"@type\":\"Person\",\"@id\":\"https:\\\/\\\/www.festivox.fr\\\/blog\\\/#\\\/schema\\\/person\\\/f36a8b6bc94800c3eafed4bca993ce95\",\"name\":\"Michele\",\"image\":{\"@type\":\"ImageObject\",\"inLanguage\":\"fr-FR\",\"@id\":\"https:\\\/\\\/secure.gravatar.com\\\/avatar\\\/b062046536b5d47ec9075956ec349ef95ed06b0f910c578f74abb318668b702e?s=96&d=mm&r=g\",\"url\":\"https:\\\/\\\/secure.gravatar.com\\\/avatar\\\/b062046536b5d47ec9075956ec349ef95ed06b0f910c578f74abb318668b702e?s=96&d=mm&r=g\",\"contentUrl\":\"https:\\\/\\\/secure.gravatar.com\\\/avatar\\\/b062046536b5d47ec9075956ec349ef95ed06b0f910c578f74abb318668b702e?s=96&d=mm&r=g\",\"caption\":\"Michele\"},\"sameAs\":[\"https:\\\/\\\/www.festivox.fr\\\/blog\"],\"url\":\"https:\\\/\\\/www.festivox.fr\\\/blog\\\/author\\\/voxadmin\\\/\"}]}<\/script>\n<!-- \/ Yoast SEO plugin. -->","yoast_head_json":{"title":"Nougaro, la chanson mari\u00e9e au jazz et la java pour l'\u00e9ternit\u00e9 - FESTIVOX","robots":{"index":"index","follow":"follow","max-snippet":"max-snippet:-1","max-image-preview":"max-image-preview:large","max-video-preview":"max-video-preview:-1"},"canonical":"https:\/\/www.festivox.fr\/blog\/nougaro-la-chanson-mariee-au-jazz-et-la-java-pour-leternite\/","og_locale":"fr_FR","og_type":"article","og_title":"Nougaro, la chanson mari\u00e9e au jazz et la java pour l'\u00e9ternit\u00e9 - FESTIVOX","og_description":"A l&rsquo;occasion du 90e anniversaire de la naissance de Claude Nougaro, un coffret r\u00e9unissant ses 24 albums studio et un livre d&rsquo;aphorismes sont publi\u00e9s. Itin\u00e9raire du chanteur et \u00ab\u00a0motsicien\u00a0\u00bb toulousain qui a mari\u00e9 comme personne le jazz et la java. Ce lundi 9 septembre, Claude Nougaro aurait eu 90 ans. Le 9 est un chiffre&hellip;","og_url":"https:\/\/www.festivox.fr\/blog\/nougaro-la-chanson-mariee-au-jazz-et-la-java-pour-leternite\/","og_site_name":"FESTIVOX","article_published_time":"2019-09-13T08:50:00+00:00","og_image":[{"url":"https:\/\/www.festivox.fr\/blog\/wp-content\/uploads\/2026\/02\/nougaro-la-chanson-mariee-au-jazz-et-la-java-pour-leternite.jpg","type":"","width":"","height":""}],"author":"Michele","twitter_card":"summary_large_image","twitter_misc":{"\u00c9crit par":"Michele","Dur\u00e9e de lecture estim\u00e9e":"5 minutes"},"schema":{"@context":"https:\/\/schema.org","@graph":[{"@type":"Article","@id":"https:\/\/www.festivox.fr\/blog\/nougaro-la-chanson-mariee-au-jazz-et-la-java-pour-leternite\/#article","isPartOf":{"@id":"https:\/\/www.festivox.fr\/blog\/nougaro-la-chanson-mariee-au-jazz-et-la-java-pour-leternite\/"},"author":{"name":"Michele","@id":"https:\/\/www.festivox.fr\/blog\/#\/schema\/person\/f36a8b6bc94800c3eafed4bca993ce95"},"headline":"Nougaro, la chanson mari\u00e9e au jazz et la java pour l&rsquo;\u00e9ternit\u00e9","datePublished":"2019-09-13T08:50:00+00:00","mainEntityOfPage":{"@id":"https:\/\/www.festivox.fr\/blog\/nougaro-la-chanson-mariee-au-jazz-et-la-java-pour-leternite\/"},"wordCount":952,"publisher":{"@id":"https:\/\/www.festivox.fr\/blog\/#organization"},"image":{"@id":"https:\/\/www.festivox.fr\/blog\/nougaro-la-chanson-mariee-au-jazz-et-la-java-pour-leternite\/#primaryimage"},"thumbnailUrl":"https:\/\/www.festivox.fr\/blog\/wp-content\/uploads\/2026\/02\/nougaro-la-chanson-mariee-au-jazz-et-la-java-pour-leternite.jpg","articleSection":["Wiki Sur Festival Jazz Et Musique En Mode Guinguette:"],"inLanguage":"fr-FR"},{"@type":"WebPage","@id":"https:\/\/www.festivox.fr\/blog\/nougaro-la-chanson-mariee-au-jazz-et-la-java-pour-leternite\/","url":"https:\/\/www.festivox.fr\/blog\/nougaro-la-chanson-mariee-au-jazz-et-la-java-pour-leternite\/","name":"Nougaro, la chanson mari\u00e9e au jazz et la java pour l'\u00e9ternit\u00e9 - FESTIVOX","isPartOf":{"@id":"https:\/\/www.festivox.fr\/blog\/#website"},"primaryImageOfPage":{"@id":"https:\/\/www.festivox.fr\/blog\/nougaro-la-chanson-mariee-au-jazz-et-la-java-pour-leternite\/#primaryimage"},"image":{"@id":"https:\/\/www.festivox.fr\/blog\/nougaro-la-chanson-mariee-au-jazz-et-la-java-pour-leternite\/#primaryimage"},"thumbnailUrl":"https:\/\/www.festivox.fr\/blog\/wp-content\/uploads\/2026\/02\/nougaro-la-chanson-mariee-au-jazz-et-la-java-pour-leternite.jpg","datePublished":"2019-09-13T08:50:00+00:00","breadcrumb":{"@id":"https:\/\/www.festivox.fr\/blog\/nougaro-la-chanson-mariee-au-jazz-et-la-java-pour-leternite\/#breadcrumb"},"inLanguage":"fr-FR","potentialAction":[{"@type":"ReadAction","target":["https:\/\/www.festivox.fr\/blog\/nougaro-la-chanson-mariee-au-jazz-et-la-java-pour-leternite\/"]}]},{"@type":"ImageObject","inLanguage":"fr-FR","@id":"https:\/\/www.festivox.fr\/blog\/nougaro-la-chanson-mariee-au-jazz-et-la-java-pour-leternite\/#primaryimage","url":"https:\/\/www.festivox.fr\/blog\/wp-content\/uploads\/2026\/02\/nougaro-la-chanson-mariee-au-jazz-et-la-java-pour-leternite.jpg","contentUrl":"https:\/\/www.festivox.fr\/blog\/wp-content\/uploads\/2026\/02\/nougaro-la-chanson-mariee-au-jazz-et-la-java-pour-leternite.jpg","width":1200,"height":630},{"@type":"BreadcrumbList","@id":"https:\/\/www.festivox.fr\/blog\/nougaro-la-chanson-mariee-au-jazz-et-la-java-pour-leternite\/#breadcrumb","itemListElement":[{"@type":"ListItem","position":1,"name":"Accueil","item":"https:\/\/www.festivox.fr\/blog\/"},{"@type":"ListItem","position":2,"name":"Nougaro, la chanson mari\u00e9e au jazz et la java pour l&rsquo;\u00e9ternit\u00e9"}]},{"@type":"WebSite","@id":"https:\/\/www.festivox.fr\/blog\/#website","url":"https:\/\/www.festivox.fr\/blog\/","name":"FESTIVOX","description":"Festival en mode guinguette.","publisher":{"@id":"https:\/\/www.festivox.fr\/blog\/#organization"},"potentialAction":[{"@type":"SearchAction","target":{"@type":"EntryPoint","urlTemplate":"https:\/\/www.festivox.fr\/blog\/?s={search_term_string}"},"query-input":{"@type":"PropertyValueSpecification","valueRequired":true,"valueName":"search_term_string"}}],"inLanguage":"fr-FR"},{"@type":"Organization","@id":"https:\/\/www.festivox.fr\/blog\/#organization","name":"festivox","url":"https:\/\/www.festivox.fr\/blog\/","logo":{"@type":"ImageObject","inLanguage":"fr-FR","@id":"https:\/\/www.festivox.fr\/blog\/#\/schema\/logo\/image\/","url":"https:\/\/www.festivox.fr\/blog\/wp-content\/uploads\/2023\/06\/logo-2.png","contentUrl":"https:\/\/www.festivox.fr\/blog\/wp-content\/uploads\/2023\/06\/logo-2.png","width":480,"height":160,"caption":"festivox"},"image":{"@id":"https:\/\/www.festivox.fr\/blog\/#\/schema\/logo\/image\/"}},{"@type":"Person","@id":"https:\/\/www.festivox.fr\/blog\/#\/schema\/person\/f36a8b6bc94800c3eafed4bca993ce95","name":"Michele","image":{"@type":"ImageObject","inLanguage":"fr-FR","@id":"https:\/\/secure.gravatar.com\/avatar\/b062046536b5d47ec9075956ec349ef95ed06b0f910c578f74abb318668b702e?s=96&d=mm&r=g","url":"https:\/\/secure.gravatar.com\/avatar\/b062046536b5d47ec9075956ec349ef95ed06b0f910c578f74abb318668b702e?s=96&d=mm&r=g","contentUrl":"https:\/\/secure.gravatar.com\/avatar\/b062046536b5d47ec9075956ec349ef95ed06b0f910c578f74abb318668b702e?s=96&d=mm&r=g","caption":"Michele"},"sameAs":["https:\/\/www.festivox.fr\/blog"],"url":"https:\/\/www.festivox.fr\/blog\/author\/voxadmin\/"}]}},"_links":{"self":[{"href":"https:\/\/www.festivox.fr\/blog\/wp-json\/wp\/v2\/posts\/1413","targetHints":{"allow":["GET"]}}],"collection":[{"href":"https:\/\/www.festivox.fr\/blog\/wp-json\/wp\/v2\/posts"}],"about":[{"href":"https:\/\/www.festivox.fr\/blog\/wp-json\/wp\/v2\/types\/post"}],"author":[{"embeddable":true,"href":"https:\/\/www.festivox.fr\/blog\/wp-json\/wp\/v2\/users\/1"}],"replies":[{"embeddable":true,"href":"https:\/\/www.festivox.fr\/blog\/wp-json\/wp\/v2\/comments?post=1413"}],"version-history":[{"count":0,"href":"https:\/\/www.festivox.fr\/blog\/wp-json\/wp\/v2\/posts\/1413\/revisions"}],"wp:featuredmedia":[{"embeddable":true,"href":"https:\/\/www.festivox.fr\/blog\/wp-json\/wp\/v2\/media\/1414"}],"wp:attachment":[{"href":"https:\/\/www.festivox.fr\/blog\/wp-json\/wp\/v2\/media?parent=1413"}],"wp:term":[{"taxonomy":"category","embeddable":true,"href":"https:\/\/www.festivox.fr\/blog\/wp-json\/wp\/v2\/categories?post=1413"},{"taxonomy":"post_tag","embeddable":true,"href":"https:\/\/www.festivox.fr\/blog\/wp-json\/wp\/v2\/tags?post=1413"}],"curies":[{"name":"wp","href":"https:\/\/api.w.org\/{rel}","templated":true}]}}