{"id":141,"date":"2023-05-18T12:40:00","date_gmt":"2023-05-18T10:40:00","guid":{"rendered":"https:\/\/www.festivox.fr\/blog\/jazz-correia-enceinte-de-son-quatrieme-enfant-elle-est-au-bord-de-la-rupture-avec-laurent\/"},"modified":"2023-05-18T12:40:00","modified_gmt":"2023-05-18T10:40:00","slug":"jazz-correia-enceinte-de-son-quatrieme-enfant-elle-est-au-bord-de-la-rupture-avec-laurent","status":"publish","type":"post","link":"https:\/\/www.festivox.fr\/blog\/jazz-correia-enceinte-de-son-quatrieme-enfant-elle-est-au-bord-de-la-rupture-avec-laurent\/","title":{"rendered":"Jazz Correia : enceinte de son quatri\u00e8me enfant, elle est au bord de la rupture avec Laurent"},"content":{"rendered":"\n<div><img decoding=\"async\" src=\"https:\/\/www.festivox.fr\/blog\/wp-content\/uploads\/2023\/06\/jazz-correia-enceinte-de-son-quatrieme-enfant-elle-est-au-bord-de-la-rupture-avec-laurent.jpg\" class=\"ff-og-image-inserted\"><\/div>\n<div id=\"intro\">\n<p>Absente des r\u00e9seaux sociaux depuis plusieurs jours, Jazz Correia sort de son silence. Enceinte de son quatri\u00e8me enfant, la star de la JLC Family s&rsquo;explique sur un moment tr\u00e8s compliqu\u00e9 dans a vie de couple.<\/p>\n<\/div>\n<div>\n<p>Elle r\u00eavait d&rsquo;avoir une petite fille et son voeu a presque \u00e9t\u00e9 exauc\u00e9. Le samedi 13 mai, <a href=\"https:\/\/www.telestar.fr\/people\/jazz-correia-jlc-family-enfant-cassos-ses-propos-derangeants-sur-sa-fille-en-sa-presence-821171\" title=\"Jazz Correia \" target=\"_blank\" rel=\"noopener nofollow\"><strong>Jazz Correia <\/strong><\/a><strong>r\u00e9v\u00e9lait le sexe de son quatri\u00e8me enfant <\/strong>dans une vid\u00e9o post\u00e9e sur son compte Instagram. \u00ab\u00a0<i>Mon coeur de maman souhaiterait une princesse, je voudrais m\u00eame l&rsquo;appeler Love\u00a0\u00bb<\/i>, commen\u00e7ait la jeune femme. Ce sera finalement <strong>un petit gar\u00e7on<\/strong>, <i>\u00ab\u00a0le troisi\u00e8me de [sa] tribu\u00a0\u00bb. \u00ab\u00a0C&rsquo;est une b\u00e9n\u00e9diction d&rsquo;avoir des fils, c&rsquo;est une protection pour une m\u00e8re. Il m&rsquo;a fallu quelques jours pour l&rsquo;accepter<\/i>\u00ab\u00a0, confiait l&rsquo;heureuse maman de Chelsea, Cayden et London Sky. Une <i>\u00ab\u00a0bonne nouvelle\u00a0\u00bb <\/i>qui panse les plaies laiss\u00e9es par la mort de son grand-p\u00e8re survenue en d\u00e9but d&rsquo;ann\u00e9e et la pol\u00e9mique lanc\u00e9e par Booba au sujet des <i>\u00ab\u00a0influvoleurs\u00a0\u00bb<\/i>.<\/p>\n<p>Voil\u00e0 plusieurs jours que <a href=\"https:\/\/www.telestar.fr\/tele-realite\/autres-emissions\/jazz-correia-la-femme-de-laurent-enceinte-de-son-quatrieme-enfant-821462\" title=\"Jazz Correia\" target=\"_blank\" rel=\"noopener nofollow\"><strong>Jazz Correia<\/strong><\/a><strong> s&rsquo;\u00e9tait mur\u00e9e dans le silence<\/strong>. Ses r\u00e9seaux sociaux \u00e9taient au point mort. Ses fans se rongeaient les sangs. Qu&rsquo;arrivait-il \u00e0 l&rsquo;influenceuse visiblement ext\u00e9nu\u00e9e ? Ce jeudi 18 mai, la jeune femme a repris la parole sur Instagram, <i>\u00ab\u00a0le coeur en miettes\u00a0\u00bb<\/i> :<strong> rien ne va plus avec son compagnon, Laurent Correia<\/strong>. <i>\u00ab\u00a0Je suis bris\u00e9e. On ne sait pas o\u00f9 on en est. On se parle tous les jours. <\/i><strong><i>Je ne peux pas vous dire qu&rsquo;on est ensemble ou qu&rsquo;on n&rsquo;est plus ensemble<\/i><\/strong><i>\u00ab\u00a0<\/i>, confie-t-elle, poursuivant : \u00ab\u00a0<i>Je ne sais pas, on vit un moment tr\u00e8s compliqu\u00e9. Il vient nous voir tous les jours.<\/i>\u00a0\u00bb Qu&rsquo;est-il donc arriv\u00e9 au couple qu&rsquo;on croyait filer le parfait amour ?<\/p>\n<p><!-- inread --><!-- \/inread --><\/p>\n<h2 class=\"intertitre\">Qu&rsquo;est-ce qui ne va plus entre Jazz Correia et Laurent ?<\/h2>\n<p><i>\u00ab\u00a0J&rsquo;\u00e9tais tellement stress\u00e9, je n&rsquo;avais rien vu venir. Et j&rsquo;avais peur que Laurent me dise que quatre, c&rsquo;\u00e9tait trop\u00a0\u00bb<\/i>, \u00e9crivait Jazz Correia sur Instagram peu apr\u00e8s avoir appris sa quatri\u00e8me grossesse. Son compagnon avait pourtant eu le nez creux : \u00ab\u00a0<i>Laurent m&rsquo;a dit il y a quelques jours : <\/i>&lsquo;Je suis s\u00fbr que tu es enceinte et que ce sera une fille.'\u00a0\u00bb <strong>La jeune maman confie aujourd&rsquo;hui ne plus reconna\u00eetre l&rsquo;homme dont elle \u00e9tait tomb\u00e9e amoureuse<\/strong>. Elle se confie : <i>J&rsquo;ai pas compris ce qu&rsquo;il se passait. Des r\u00e9v\u00e9lations sur des r\u00e9v\u00e9lations. Il voulait ce quatri\u00e8me enfant, pour moi tout allait bien. Mais <\/i><strong>on ne se rend pas compte que la personne avec laquelle on vit ne partage pas le m\u00eame ressenti. <\/strong><i>Mais parfois on d\u00e9couvre des choses. Il y a des choses qui font tr\u00e8s mal.\u00a0\u00bb<\/i><strong> Une douleur \u00e9quivalente <\/strong><strong><i>\u00ab\u00a0\u00e0 l&rsquo;annonce d&rsquo;un d\u00e9c\u00e8s\u00a0\u00bb<\/i><\/strong><strong>, selon <\/strong><a href=\"https:\/\/www.telestar.fr\/people\/jazz-et-laurent-correia-en-froid-leur-soiree-du-nouvel-an-a-vire-au-fiasco-807922\" title=\"Jazz Correia\" target=\"_blank\" rel=\"noopener nofollow\"><strong>Jazz Correia<\/strong><\/a><strong>.<\/strong><\/p>\n<\/div>\n<p> Cet article, qui traite du th\u00e8me \u00ab\u00a0Festival Jazz et musique en mode guinguette\u00a0\u00bb, vous est d\u00e9lib\u00e9r\u00e9ment offert par festivox.fr. La raison d\u2019\u00eatre de festivox.fr est de parler de Festival Jazz et musique en mode guinguette dans la transparence la plus g\u00e9n\u00e9rale en vous procurant la visibilit\u00e9 de tout ce qui est publi\u00e9 sur ce sujet sur le web La chronique a \u00e9t\u00e9 g\u00e9n\u00e9r\u00e9e de la mani\u00e8re la plus honn\u00eate que possible. S\u2019il advenait que vous projetez d\u2019apporter quelques notes concernant le domaine de \u00ab\u00a0Festival Jazz et musique en mode guinguette\u00a0\u00bb vous avez la possibilit\u00e9 de d&rsquo;\u00e9changer avec notre r\u00e9daction. Dans peu de temps, on mettra en ligne d&rsquo;autres informations pertinentes autour du sujet \u00ab\u00a0Festival Jazz et musique en mode guinguette\u00a0\u00bb. Ainsi, consultez r\u00e9guli\u00e8rement notre site.<\/p>\n","protected":false},"excerpt":{"rendered":"<p>Absente des r\u00e9seaux sociaux depuis plusieurs jours, Jazz Correia sort de son silence. Enceinte de son quatri\u00e8me enfant, la star de la JLC Family s&rsquo;explique sur un moment tr\u00e8s compliqu\u00e9 dans a vie de couple. Elle r\u00eavait d&rsquo;avoir une petite fille et son voeu a presque \u00e9t\u00e9 exauc\u00e9. Le samedi 13 mai, Jazz Correia r\u00e9v\u00e9lait&hellip;<\/p>\n","protected":false},"author":1,"featured_media":142,"comment_status":"closed","ping_status":"closed","sticky":false,"template":"","format":"standard","meta":{"footnotes":""},"categories":[3],"tags":[],"class_list":["post-141","post","type-post","status-publish","format-standard","has-post-thumbnail","hentry","category-wiki-sur-festival-jazz-et-musique-en-mode-guinguette"],"yoast_head":"<!-- This site is optimized with the Yoast SEO plugin v27.5 - https:\/\/yoast.com\/product\/yoast-seo-wordpress\/ -->\n<title>Jazz Correia : enceinte de son quatri\u00e8me enfant, elle est au bord de la rupture avec Laurent - FESTIVOX<\/title>\n<meta name=\"robots\" content=\"index, follow, max-snippet:-1, max-image-preview:large, max-video-preview:-1\" \/>\n<link rel=\"canonical\" href=\"https:\/\/www.festivox.fr\/blog\/jazz-correia-enceinte-de-son-quatrieme-enfant-elle-est-au-bord-de-la-rupture-avec-laurent\/\" \/>\n<meta property=\"og:locale\" content=\"fr_FR\" \/>\n<meta property=\"og:type\" content=\"article\" \/>\n<meta property=\"og:title\" content=\"Jazz Correia : enceinte de son quatri\u00e8me enfant, elle est au bord de la rupture avec Laurent - FESTIVOX\" \/>\n<meta property=\"og:description\" content=\"Absente des r\u00e9seaux sociaux depuis plusieurs jours, Jazz Correia sort de son silence. Enceinte de son quatri\u00e8me enfant, la star de la JLC Family s&rsquo;explique sur un moment tr\u00e8s compliqu\u00e9 dans a vie de couple. Elle r\u00eavait d&rsquo;avoir une petite fille et son voeu a presque \u00e9t\u00e9 exauc\u00e9. Le samedi 13 mai, Jazz Correia r\u00e9v\u00e9lait&hellip;\" \/>\n<meta property=\"og:url\" content=\"https:\/\/www.festivox.fr\/blog\/jazz-correia-enceinte-de-son-quatrieme-enfant-elle-est-au-bord-de-la-rupture-avec-laurent\/\" \/>\n<meta property=\"og:site_name\" content=\"FESTIVOX\" \/>\n<meta property=\"article:published_time\" content=\"2023-05-18T10:40:00+00:00\" \/>\n<meta property=\"og:image\" content=\"https:\/\/www.festivox.fr\/blog\/wp-content\/uploads\/2023\/06\/jazz-correia-enceinte-de-son-quatrieme-enfant-elle-est-au-bord-de-la-rupture-avec-laurent.jpg\" \/>\n<meta name=\"author\" content=\"Michele\" \/>\n<meta name=\"twitter:card\" content=\"summary_large_image\" \/>\n<meta name=\"twitter:label1\" content=\"\u00c9crit par\" \/>\n\t<meta name=\"twitter:data1\" content=\"Michele\" \/>\n\t<meta name=\"twitter:label2\" content=\"Dur\u00e9e de lecture estim\u00e9e\" \/>\n\t<meta name=\"twitter:data2\" content=\"3 minutes\" \/>\n<script type=\"application\/ld+json\" class=\"yoast-schema-graph\">{\"@context\":\"https:\\\/\\\/schema.org\",\"@graph\":[{\"@type\":\"Article\",\"@id\":\"https:\\\/\\\/www.festivox.fr\\\/blog\\\/jazz-correia-enceinte-de-son-quatrieme-enfant-elle-est-au-bord-de-la-rupture-avec-laurent\\\/#article\",\"isPartOf\":{\"@id\":\"https:\\\/\\\/www.festivox.fr\\\/blog\\\/jazz-correia-enceinte-de-son-quatrieme-enfant-elle-est-au-bord-de-la-rupture-avec-laurent\\\/\"},\"author\":{\"name\":\"Michele\",\"@id\":\"https:\\\/\\\/www.festivox.fr\\\/blog\\\/#\\\/schema\\\/person\\\/f36a8b6bc94800c3eafed4bca993ce95\"},\"headline\":\"Jazz Correia : enceinte de son quatri\u00e8me enfant, elle est au bord de la rupture avec Laurent\",\"datePublished\":\"2023-05-18T10:40:00+00:00\",\"mainEntityOfPage\":{\"@id\":\"https:\\\/\\\/www.festivox.fr\\\/blog\\\/jazz-correia-enceinte-de-son-quatrieme-enfant-elle-est-au-bord-de-la-rupture-avec-laurent\\\/\"},\"wordCount\":627,\"publisher\":{\"@id\":\"https:\\\/\\\/www.festivox.fr\\\/blog\\\/#organization\"},\"image\":{\"@id\":\"https:\\\/\\\/www.festivox.fr\\\/blog\\\/jazz-correia-enceinte-de-son-quatrieme-enfant-elle-est-au-bord-de-la-rupture-avec-laurent\\\/#primaryimage\"},\"thumbnailUrl\":\"https:\\\/\\\/www.festivox.fr\\\/blog\\\/wp-content\\\/uploads\\\/2023\\\/06\\\/jazz-correia-enceinte-de-son-quatrieme-enfant-elle-est-au-bord-de-la-rupture-avec-laurent.jpg\",\"articleSection\":[\"Wiki Sur Festival Jazz Et Musique En Mode Guinguette:\"],\"inLanguage\":\"fr-FR\"},{\"@type\":\"WebPage\",\"@id\":\"https:\\\/\\\/www.festivox.fr\\\/blog\\\/jazz-correia-enceinte-de-son-quatrieme-enfant-elle-est-au-bord-de-la-rupture-avec-laurent\\\/\",\"url\":\"https:\\\/\\\/www.festivox.fr\\\/blog\\\/jazz-correia-enceinte-de-son-quatrieme-enfant-elle-est-au-bord-de-la-rupture-avec-laurent\\\/\",\"name\":\"Jazz Correia : enceinte de son quatri\u00e8me enfant, elle est au bord de la rupture avec Laurent - FESTIVOX\",\"isPartOf\":{\"@id\":\"https:\\\/\\\/www.festivox.fr\\\/blog\\\/#website\"},\"primaryImageOfPage\":{\"@id\":\"https:\\\/\\\/www.festivox.fr\\\/blog\\\/jazz-correia-enceinte-de-son-quatrieme-enfant-elle-est-au-bord-de-la-rupture-avec-laurent\\\/#primaryimage\"},\"image\":{\"@id\":\"https:\\\/\\\/www.festivox.fr\\\/blog\\\/jazz-correia-enceinte-de-son-quatrieme-enfant-elle-est-au-bord-de-la-rupture-avec-laurent\\\/#primaryimage\"},\"thumbnailUrl\":\"https:\\\/\\\/www.festivox.fr\\\/blog\\\/wp-content\\\/uploads\\\/2023\\\/06\\\/jazz-correia-enceinte-de-son-quatrieme-enfant-elle-est-au-bord-de-la-rupture-avec-laurent.jpg\",\"datePublished\":\"2023-05-18T10:40:00+00:00\",\"breadcrumb\":{\"@id\":\"https:\\\/\\\/www.festivox.fr\\\/blog\\\/jazz-correia-enceinte-de-son-quatrieme-enfant-elle-est-au-bord-de-la-rupture-avec-laurent\\\/#breadcrumb\"},\"inLanguage\":\"fr-FR\",\"potentialAction\":[{\"@type\":\"ReadAction\",\"target\":[\"https:\\\/\\\/www.festivox.fr\\\/blog\\\/jazz-correia-enceinte-de-son-quatrieme-enfant-elle-est-au-bord-de-la-rupture-avec-laurent\\\/\"]}]},{\"@type\":\"ImageObject\",\"inLanguage\":\"fr-FR\",\"@id\":\"https:\\\/\\\/www.festivox.fr\\\/blog\\\/jazz-correia-enceinte-de-son-quatrieme-enfant-elle-est-au-bord-de-la-rupture-avec-laurent\\\/#primaryimage\",\"url\":\"https:\\\/\\\/www.festivox.fr\\\/blog\\\/wp-content\\\/uploads\\\/2023\\\/06\\\/jazz-correia-enceinte-de-son-quatrieme-enfant-elle-est-au-bord-de-la-rupture-avec-laurent.jpg\",\"contentUrl\":\"https:\\\/\\\/www.festivox.fr\\\/blog\\\/wp-content\\\/uploads\\\/2023\\\/06\\\/jazz-correia-enceinte-de-son-quatrieme-enfant-elle-est-au-bord-de-la-rupture-avec-laurent.jpg\",\"width\":671,\"height\":504},{\"@type\":\"BreadcrumbList\",\"@id\":\"https:\\\/\\\/www.festivox.fr\\\/blog\\\/jazz-correia-enceinte-de-son-quatrieme-enfant-elle-est-au-bord-de-la-rupture-avec-laurent\\\/#breadcrumb\",\"itemListElement\":[{\"@type\":\"ListItem\",\"position\":1,\"name\":\"Accueil\",\"item\":\"https:\\\/\\\/www.festivox.fr\\\/blog\\\/\"},{\"@type\":\"ListItem\",\"position\":2,\"name\":\"Jazz Correia : enceinte de son quatri\u00e8me enfant, elle est au bord de la rupture avec Laurent\"}]},{\"@type\":\"WebSite\",\"@id\":\"https:\\\/\\\/www.festivox.fr\\\/blog\\\/#website\",\"url\":\"https:\\\/\\\/www.festivox.fr\\\/blog\\\/\",\"name\":\"FESTIVOX\",\"description\":\"Festival en mode guinguette.\",\"publisher\":{\"@id\":\"https:\\\/\\\/www.festivox.fr\\\/blog\\\/#organization\"},\"potentialAction\":[{\"@type\":\"SearchAction\",\"target\":{\"@type\":\"EntryPoint\",\"urlTemplate\":\"https:\\\/\\\/www.festivox.fr\\\/blog\\\/?s={search_term_string}\"},\"query-input\":{\"@type\":\"PropertyValueSpecification\",\"valueRequired\":true,\"valueName\":\"search_term_string\"}}],\"inLanguage\":\"fr-FR\"},{\"@type\":\"Organization\",\"@id\":\"https:\\\/\\\/www.festivox.fr\\\/blog\\\/#organization\",\"name\":\"festivox\",\"url\":\"https:\\\/\\\/www.festivox.fr\\\/blog\\\/\",\"logo\":{\"@type\":\"ImageObject\",\"inLanguage\":\"fr-FR\",\"@id\":\"https:\\\/\\\/www.festivox.fr\\\/blog\\\/#\\\/schema\\\/logo\\\/image\\\/\",\"url\":\"https:\\\/\\\/www.festivox.fr\\\/blog\\\/wp-content\\\/uploads\\\/2023\\\/06\\\/logo-2.png\",\"contentUrl\":\"https:\\\/\\\/www.festivox.fr\\\/blog\\\/wp-content\\\/uploads\\\/2023\\\/06\\\/logo-2.png\",\"width\":480,\"height\":160,\"caption\":\"festivox\"},\"image\":{\"@id\":\"https:\\\/\\\/www.festivox.fr\\\/blog\\\/#\\\/schema\\\/logo\\\/image\\\/\"}},{\"@type\":\"Person\",\"@id\":\"https:\\\/\\\/www.festivox.fr\\\/blog\\\/#\\\/schema\\\/person\\\/f36a8b6bc94800c3eafed4bca993ce95\",\"name\":\"Michele\",\"image\":{\"@type\":\"ImageObject\",\"inLanguage\":\"fr-FR\",\"@id\":\"https:\\\/\\\/secure.gravatar.com\\\/avatar\\\/b062046536b5d47ec9075956ec349ef95ed06b0f910c578f74abb318668b702e?s=96&d=mm&r=g\",\"url\":\"https:\\\/\\\/secure.gravatar.com\\\/avatar\\\/b062046536b5d47ec9075956ec349ef95ed06b0f910c578f74abb318668b702e?s=96&d=mm&r=g\",\"contentUrl\":\"https:\\\/\\\/secure.gravatar.com\\\/avatar\\\/b062046536b5d47ec9075956ec349ef95ed06b0f910c578f74abb318668b702e?s=96&d=mm&r=g\",\"caption\":\"Michele\"},\"sameAs\":[\"https:\\\/\\\/www.festivox.fr\\\/blog\"],\"url\":\"https:\\\/\\\/www.festivox.fr\\\/blog\\\/author\\\/voxadmin\\\/\"}]}<\/script>\n<!-- \/ Yoast SEO plugin. -->","yoast_head_json":{"title":"Jazz Correia : enceinte de son quatri\u00e8me enfant, elle est au bord de la rupture avec Laurent - FESTIVOX","robots":{"index":"index","follow":"follow","max-snippet":"max-snippet:-1","max-image-preview":"max-image-preview:large","max-video-preview":"max-video-preview:-1"},"canonical":"https:\/\/www.festivox.fr\/blog\/jazz-correia-enceinte-de-son-quatrieme-enfant-elle-est-au-bord-de-la-rupture-avec-laurent\/","og_locale":"fr_FR","og_type":"article","og_title":"Jazz Correia : enceinte de son quatri\u00e8me enfant, elle est au bord de la rupture avec Laurent - FESTIVOX","og_description":"Absente des r\u00e9seaux sociaux depuis plusieurs jours, Jazz Correia sort de son silence. Enceinte de son quatri\u00e8me enfant, la star de la JLC Family s&rsquo;explique sur un moment tr\u00e8s compliqu\u00e9 dans a vie de couple. Elle r\u00eavait d&rsquo;avoir une petite fille et son voeu a presque \u00e9t\u00e9 exauc\u00e9. Le samedi 13 mai, Jazz Correia r\u00e9v\u00e9lait&hellip;","og_url":"https:\/\/www.festivox.fr\/blog\/jazz-correia-enceinte-de-son-quatrieme-enfant-elle-est-au-bord-de-la-rupture-avec-laurent\/","og_site_name":"FESTIVOX","article_published_time":"2023-05-18T10:40:00+00:00","og_image":[{"url":"https:\/\/www.festivox.fr\/blog\/wp-content\/uploads\/2023\/06\/jazz-correia-enceinte-de-son-quatrieme-enfant-elle-est-au-bord-de-la-rupture-avec-laurent.jpg","type":"","width":"","height":""}],"author":"Michele","twitter_card":"summary_large_image","twitter_misc":{"\u00c9crit par":"Michele","Dur\u00e9e de lecture estim\u00e9e":"3 minutes"},"schema":{"@context":"https:\/\/schema.org","@graph":[{"@type":"Article","@id":"https:\/\/www.festivox.fr\/blog\/jazz-correia-enceinte-de-son-quatrieme-enfant-elle-est-au-bord-de-la-rupture-avec-laurent\/#article","isPartOf":{"@id":"https:\/\/www.festivox.fr\/blog\/jazz-correia-enceinte-de-son-quatrieme-enfant-elle-est-au-bord-de-la-rupture-avec-laurent\/"},"author":{"name":"Michele","@id":"https:\/\/www.festivox.fr\/blog\/#\/schema\/person\/f36a8b6bc94800c3eafed4bca993ce95"},"headline":"Jazz Correia : enceinte de son quatri\u00e8me enfant, elle est au bord de la rupture avec Laurent","datePublished":"2023-05-18T10:40:00+00:00","mainEntityOfPage":{"@id":"https:\/\/www.festivox.fr\/blog\/jazz-correia-enceinte-de-son-quatrieme-enfant-elle-est-au-bord-de-la-rupture-avec-laurent\/"},"wordCount":627,"publisher":{"@id":"https:\/\/www.festivox.fr\/blog\/#organization"},"image":{"@id":"https:\/\/www.festivox.fr\/blog\/jazz-correia-enceinte-de-son-quatrieme-enfant-elle-est-au-bord-de-la-rupture-avec-laurent\/#primaryimage"},"thumbnailUrl":"https:\/\/www.festivox.fr\/blog\/wp-content\/uploads\/2023\/06\/jazz-correia-enceinte-de-son-quatrieme-enfant-elle-est-au-bord-de-la-rupture-avec-laurent.jpg","articleSection":["Wiki Sur Festival Jazz Et Musique En Mode Guinguette:"],"inLanguage":"fr-FR"},{"@type":"WebPage","@id":"https:\/\/www.festivox.fr\/blog\/jazz-correia-enceinte-de-son-quatrieme-enfant-elle-est-au-bord-de-la-rupture-avec-laurent\/","url":"https:\/\/www.festivox.fr\/blog\/jazz-correia-enceinte-de-son-quatrieme-enfant-elle-est-au-bord-de-la-rupture-avec-laurent\/","name":"Jazz Correia : enceinte de son quatri\u00e8me enfant, elle est au bord de la rupture avec Laurent - FESTIVOX","isPartOf":{"@id":"https:\/\/www.festivox.fr\/blog\/#website"},"primaryImageOfPage":{"@id":"https:\/\/www.festivox.fr\/blog\/jazz-correia-enceinte-de-son-quatrieme-enfant-elle-est-au-bord-de-la-rupture-avec-laurent\/#primaryimage"},"image":{"@id":"https:\/\/www.festivox.fr\/blog\/jazz-correia-enceinte-de-son-quatrieme-enfant-elle-est-au-bord-de-la-rupture-avec-laurent\/#primaryimage"},"thumbnailUrl":"https:\/\/www.festivox.fr\/blog\/wp-content\/uploads\/2023\/06\/jazz-correia-enceinte-de-son-quatrieme-enfant-elle-est-au-bord-de-la-rupture-avec-laurent.jpg","datePublished":"2023-05-18T10:40:00+00:00","breadcrumb":{"@id":"https:\/\/www.festivox.fr\/blog\/jazz-correia-enceinte-de-son-quatrieme-enfant-elle-est-au-bord-de-la-rupture-avec-laurent\/#breadcrumb"},"inLanguage":"fr-FR","potentialAction":[{"@type":"ReadAction","target":["https:\/\/www.festivox.fr\/blog\/jazz-correia-enceinte-de-son-quatrieme-enfant-elle-est-au-bord-de-la-rupture-avec-laurent\/"]}]},{"@type":"ImageObject","inLanguage":"fr-FR","@id":"https:\/\/www.festivox.fr\/blog\/jazz-correia-enceinte-de-son-quatrieme-enfant-elle-est-au-bord-de-la-rupture-avec-laurent\/#primaryimage","url":"https:\/\/www.festivox.fr\/blog\/wp-content\/uploads\/2023\/06\/jazz-correia-enceinte-de-son-quatrieme-enfant-elle-est-au-bord-de-la-rupture-avec-laurent.jpg","contentUrl":"https:\/\/www.festivox.fr\/blog\/wp-content\/uploads\/2023\/06\/jazz-correia-enceinte-de-son-quatrieme-enfant-elle-est-au-bord-de-la-rupture-avec-laurent.jpg","width":671,"height":504},{"@type":"BreadcrumbList","@id":"https:\/\/www.festivox.fr\/blog\/jazz-correia-enceinte-de-son-quatrieme-enfant-elle-est-au-bord-de-la-rupture-avec-laurent\/#breadcrumb","itemListElement":[{"@type":"ListItem","position":1,"name":"Accueil","item":"https:\/\/www.festivox.fr\/blog\/"},{"@type":"ListItem","position":2,"name":"Jazz Correia : enceinte de son quatri\u00e8me enfant, elle est au bord de la rupture avec Laurent"}]},{"@type":"WebSite","@id":"https:\/\/www.festivox.fr\/blog\/#website","url":"https:\/\/www.festivox.fr\/blog\/","name":"FESTIVOX","description":"Festival en mode guinguette.","publisher":{"@id":"https:\/\/www.festivox.fr\/blog\/#organization"},"potentialAction":[{"@type":"SearchAction","target":{"@type":"EntryPoint","urlTemplate":"https:\/\/www.festivox.fr\/blog\/?s={search_term_string}"},"query-input":{"@type":"PropertyValueSpecification","valueRequired":true,"valueName":"search_term_string"}}],"inLanguage":"fr-FR"},{"@type":"Organization","@id":"https:\/\/www.festivox.fr\/blog\/#organization","name":"festivox","url":"https:\/\/www.festivox.fr\/blog\/","logo":{"@type":"ImageObject","inLanguage":"fr-FR","@id":"https:\/\/www.festivox.fr\/blog\/#\/schema\/logo\/image\/","url":"https:\/\/www.festivox.fr\/blog\/wp-content\/uploads\/2023\/06\/logo-2.png","contentUrl":"https:\/\/www.festivox.fr\/blog\/wp-content\/uploads\/2023\/06\/logo-2.png","width":480,"height":160,"caption":"festivox"},"image":{"@id":"https:\/\/www.festivox.fr\/blog\/#\/schema\/logo\/image\/"}},{"@type":"Person","@id":"https:\/\/www.festivox.fr\/blog\/#\/schema\/person\/f36a8b6bc94800c3eafed4bca993ce95","name":"Michele","image":{"@type":"ImageObject","inLanguage":"fr-FR","@id":"https:\/\/secure.gravatar.com\/avatar\/b062046536b5d47ec9075956ec349ef95ed06b0f910c578f74abb318668b702e?s=96&d=mm&r=g","url":"https:\/\/secure.gravatar.com\/avatar\/b062046536b5d47ec9075956ec349ef95ed06b0f910c578f74abb318668b702e?s=96&d=mm&r=g","contentUrl":"https:\/\/secure.gravatar.com\/avatar\/b062046536b5d47ec9075956ec349ef95ed06b0f910c578f74abb318668b702e?s=96&d=mm&r=g","caption":"Michele"},"sameAs":["https:\/\/www.festivox.fr\/blog"],"url":"https:\/\/www.festivox.fr\/blog\/author\/voxadmin\/"}]}},"_links":{"self":[{"href":"https:\/\/www.festivox.fr\/blog\/wp-json\/wp\/v2\/posts\/141","targetHints":{"allow":["GET"]}}],"collection":[{"href":"https:\/\/www.festivox.fr\/blog\/wp-json\/wp\/v2\/posts"}],"about":[{"href":"https:\/\/www.festivox.fr\/blog\/wp-json\/wp\/v2\/types\/post"}],"author":[{"embeddable":true,"href":"https:\/\/www.festivox.fr\/blog\/wp-json\/wp\/v2\/users\/1"}],"replies":[{"embeddable":true,"href":"https:\/\/www.festivox.fr\/blog\/wp-json\/wp\/v2\/comments?post=141"}],"version-history":[{"count":0,"href":"https:\/\/www.festivox.fr\/blog\/wp-json\/wp\/v2\/posts\/141\/revisions"}],"wp:featuredmedia":[{"embeddable":true,"href":"https:\/\/www.festivox.fr\/blog\/wp-json\/wp\/v2\/media\/142"}],"wp:attachment":[{"href":"https:\/\/www.festivox.fr\/blog\/wp-json\/wp\/v2\/media?parent=141"}],"wp:term":[{"taxonomy":"category","embeddable":true,"href":"https:\/\/www.festivox.fr\/blog\/wp-json\/wp\/v2\/categories?post=141"},{"taxonomy":"post_tag","embeddable":true,"href":"https:\/\/www.festivox.fr\/blog\/wp-json\/wp\/v2\/tags?post=141"}],"curies":[{"name":"wp","href":"https:\/\/api.w.org\/{rel}","templated":true}]}}