{"id":1395,"date":"2026-01-29T14:10:00","date_gmt":"2026-01-29T13:10:00","guid":{"rendered":"https:\/\/www.festivox.fr\/blog\/soreze-le-jazz-a-lhonneur-pour-un-concert-exceptionnel\/"},"modified":"2026-01-29T14:10:00","modified_gmt":"2026-01-29T13:10:00","slug":"soreze-le-jazz-a-lhonneur-pour-un-concert-exceptionnel","status":"publish","type":"post","link":"https:\/\/www.festivox.fr\/blog\/soreze-le-jazz-a-lhonneur-pour-un-concert-exceptionnel\/","title":{"rendered":"Sor\u00e8ze. Le jazz \u00e0 l\u2019honneur pour un concert exceptionnel"},"content":{"rendered":"\n<div><img decoding=\"async\" src=\"https:\/\/www.festivox.fr\/blog\/wp-content\/uploads\/2026\/01\/soreze-le-jazz-a-lhonneur-pour-un-concert-exceptionnel.jpg\" class=\"ff-og-image-inserted\"><\/div>\n<p><!-- Pub DFP Position [outstream] --> <\/p>\n<p>Dimanche 8 f\u00e9vrier, l\u2019association Sor\u00e8ze Plus accueille en concert cin\u00e9manouche Delvis Bellocq Quartet \u00e0 14 h 30.<\/p>\n<p><!-- Pub DFP Position [article] --> <\/p>\n<p>Apr\u00e8s son passage au casino Barri\u00e8re de Toulouse, \u00e0 la salle du 13e art \u00e0 Paris, \u00e0 Blan, Delvis Bellocq Quartet vient se produire \u00e0 la salle des f\u00eates Georges de L\u00e9otoing.<\/p>\n<p>Pour l\u2019accompagner Julien Sacc\u00fc, contrebassiste qui apr\u00e8s cinq ans d\u2019\u00e9tudes au conservatoire, obtient son DEM de jazz. Lucy Southern est violoniste de jazz am\u00e9ricaine form\u00e9e aux Etats-Unis aupr\u00e8s des violonistes du Turtle Island String Quartet (r\u00e9compens\u00e9s aux Grammy Awards). Thomas Noyer est guitariste compositeur interpr\u00e8te form\u00e9 \u00e0 l\u2019art de l\u2019improvisation. Il ma\u00eetrise une large vari\u00e9t\u00e9 de styles musicaux dont le jazz et swing manouche.<\/p>\n<p>\u00c0 l\u2019entracte, au changement de plateau, des cr\u00eapes, gaufres et une buvette seront \u00e0 disposition du public.<\/p>\n<p>Pour le second concert \u00e0 16 h 30, le groupe Garanou cr\u00e9\u00e9 par Serge Mateos rendra un bel hommage au chanteur po\u00e8te Claude Nougaro. Ce groupe existe depuis plus de 20 ans. Totalement impr\u00e9gn\u00e9 du r\u00e9pertoire et m\u00eame de la biographie de son idole, il met tout son c\u0153ur et sa conviction pour retransmettre sur sc\u00e8ne l\u2019\u00e9motion contenue dans chacune de ses chansons. Du jazz \u00e0 la java, en passant par le rock ou encore le tango, au fil des voyages et des rencontres de Claude Nougaro, Serge Mat\u00e9os va faire voyager et r\u00eaver son public. Eric Marty sera \u00e0 la guitare, Patrick Simon \u00e0 la basse, Christophe Clerin \u00e0 la batterie et Bernard Soulier au piano.<\/p>\n<footer class=\"txt-note\"><i>Dans une salle intimiste de 500 places, placement libre. Ouverture des portes \u00e0 13 h 15. Tarifs : 28 \u20ac (adulte), 14 \u20ac (enfant de moins de 12 ans). R\u00e9servation par message vocal ou SMS au 06 84 67 25 80 et billetterie \u00e0 l\u2019entr\u00e9e du concert. Billetterie en ligne : <a href=\"https:\/\/www.oandb.fr\/fr\/event\/festival-jazz-delvis-bellocq-quartet-et-hommage-a-claude-nougaro\" target=\"_blank\" rel=\"nofollow\">www.oandb.fr\/fr\/event\/festival-jazz-delvis-bellocq-quartet-et-hommage-a-claude-nougaro<\/a>.<\/i><\/footer>\n<p> Cet article, qui traite du th\u00e8me \u00ab\u00a0Festival Jazz et musique en mode guinguette\u00a0\u00bb, vous est d\u00e9lib\u00e9r\u00e9ment offert par festivox.fr. La raison d\u2019\u00eatre de festivox.fr est de parler de Festival Jazz et musique en mode guinguette dans la transparence la plus g\u00e9n\u00e9rale en vous procurant la visibilit\u00e9 de tout ce qui est publi\u00e9 sur ce sujet sur le web La chronique a \u00e9t\u00e9 g\u00e9n\u00e9r\u00e9e de la mani\u00e8re la plus honn\u00eate que possible. S\u2019il advenait que vous projetez d\u2019apporter quelques notes concernant le domaine de \u00ab\u00a0Festival Jazz et musique en mode guinguette\u00a0\u00bb vous avez la possibilit\u00e9 de d&rsquo;\u00e9changer avec notre r\u00e9daction. Dans peu de temps, on mettra en ligne d&rsquo;autres informations pertinentes autour du sujet \u00ab\u00a0Festival Jazz et musique en mode guinguette\u00a0\u00bb. Ainsi, consultez r\u00e9guli\u00e8rement notre site.<\/p>\n","protected":false},"excerpt":{"rendered":"<p>Dimanche 8 f\u00e9vrier, l\u2019association Sor\u00e8ze Plus accueille en concert cin\u00e9manouche Delvis Bellocq Quartet \u00e0 14 h 30. Apr\u00e8s son passage au casino Barri\u00e8re de Toulouse, \u00e0 la salle du 13e art \u00e0 Paris, \u00e0 Blan, Delvis Bellocq Quartet vient se produire \u00e0 la salle des f\u00eates Georges de L\u00e9otoing. Pour l\u2019accompagner Julien Sacc\u00fc, contrebassiste qui&hellip;<\/p>\n","protected":false},"author":1,"featured_media":1396,"comment_status":"closed","ping_status":"closed","sticky":false,"template":"","format":"standard","meta":{"footnotes":""},"categories":[3],"tags":[],"class_list":["post-1395","post","type-post","status-publish","format-standard","has-post-thumbnail","hentry","category-wiki-sur-festival-jazz-et-musique-en-mode-guinguette"],"yoast_head":"<!-- This site is optimized with the Yoast SEO plugin v27.5 - https:\/\/yoast.com\/product\/yoast-seo-wordpress\/ -->\n<title>Sor\u00e8ze. Le jazz \u00e0 l\u2019honneur pour un concert exceptionnel - FESTIVOX<\/title>\n<meta name=\"robots\" content=\"index, follow, max-snippet:-1, max-image-preview:large, max-video-preview:-1\" \/>\n<link rel=\"canonical\" href=\"https:\/\/www.festivox.fr\/blog\/soreze-le-jazz-a-lhonneur-pour-un-concert-exceptionnel\/\" \/>\n<meta property=\"og:locale\" content=\"fr_FR\" \/>\n<meta property=\"og:type\" content=\"article\" \/>\n<meta property=\"og:title\" content=\"Sor\u00e8ze. Le jazz \u00e0 l\u2019honneur pour un concert exceptionnel - FESTIVOX\" \/>\n<meta property=\"og:description\" content=\"Dimanche 8 f\u00e9vrier, l\u2019association Sor\u00e8ze Plus accueille en concert cin\u00e9manouche Delvis Bellocq Quartet \u00e0 14 h 30. Apr\u00e8s son passage au casino Barri\u00e8re de Toulouse, \u00e0 la salle du 13e art \u00e0 Paris, \u00e0 Blan, Delvis Bellocq Quartet vient se produire \u00e0 la salle des f\u00eates Georges de L\u00e9otoing. Pour l\u2019accompagner Julien Sacc\u00fc, contrebassiste qui&hellip;\" \/>\n<meta property=\"og:url\" content=\"https:\/\/www.festivox.fr\/blog\/soreze-le-jazz-a-lhonneur-pour-un-concert-exceptionnel\/\" \/>\n<meta property=\"og:site_name\" content=\"FESTIVOX\" \/>\n<meta property=\"article:published_time\" content=\"2026-01-29T13:10:00+00:00\" \/>\n<meta property=\"og:image\" content=\"https:\/\/www.festivox.fr\/blog\/wp-content\/uploads\/2026\/01\/soreze-le-jazz-a-lhonneur-pour-un-concert-exceptionnel.jpg\" \/>\n<meta name=\"author\" content=\"Michele\" \/>\n<meta name=\"twitter:card\" content=\"summary_large_image\" \/>\n<meta name=\"twitter:label1\" content=\"\u00c9crit par\" \/>\n\t<meta name=\"twitter:data1\" content=\"Michele\" \/>\n\t<meta name=\"twitter:label2\" content=\"Dur\u00e9e de lecture estim\u00e9e\" \/>\n\t<meta name=\"twitter:data2\" content=\"2 minutes\" \/>\n<script type=\"application\/ld+json\" class=\"yoast-schema-graph\">{\"@context\":\"https:\\\/\\\/schema.org\",\"@graph\":[{\"@type\":\"Article\",\"@id\":\"https:\\\/\\\/www.festivox.fr\\\/blog\\\/soreze-le-jazz-a-lhonneur-pour-un-concert-exceptionnel\\\/#article\",\"isPartOf\":{\"@id\":\"https:\\\/\\\/www.festivox.fr\\\/blog\\\/soreze-le-jazz-a-lhonneur-pour-un-concert-exceptionnel\\\/\"},\"author\":{\"name\":\"Michele\",\"@id\":\"https:\\\/\\\/www.festivox.fr\\\/blog\\\/#\\\/schema\\\/person\\\/f36a8b6bc94800c3eafed4bca993ce95\"},\"headline\":\"Sor\u00e8ze. Le jazz \u00e0 l\u2019honneur pour un concert exceptionnel\",\"datePublished\":\"2026-01-29T13:10:00+00:00\",\"mainEntityOfPage\":{\"@id\":\"https:\\\/\\\/www.festivox.fr\\\/blog\\\/soreze-le-jazz-a-lhonneur-pour-un-concert-exceptionnel\\\/\"},\"wordCount\":458,\"publisher\":{\"@id\":\"https:\\\/\\\/www.festivox.fr\\\/blog\\\/#organization\"},\"image\":{\"@id\":\"https:\\\/\\\/www.festivox.fr\\\/blog\\\/soreze-le-jazz-a-lhonneur-pour-un-concert-exceptionnel\\\/#primaryimage\"},\"thumbnailUrl\":\"https:\\\/\\\/www.festivox.fr\\\/blog\\\/wp-content\\\/uploads\\\/2026\\\/01\\\/soreze-le-jazz-a-lhonneur-pour-un-concert-exceptionnel.jpg\",\"articleSection\":[\"Wiki Sur Festival Jazz Et Musique En Mode Guinguette:\"],\"inLanguage\":\"fr-FR\"},{\"@type\":\"WebPage\",\"@id\":\"https:\\\/\\\/www.festivox.fr\\\/blog\\\/soreze-le-jazz-a-lhonneur-pour-un-concert-exceptionnel\\\/\",\"url\":\"https:\\\/\\\/www.festivox.fr\\\/blog\\\/soreze-le-jazz-a-lhonneur-pour-un-concert-exceptionnel\\\/\",\"name\":\"Sor\u00e8ze. Le jazz \u00e0 l\u2019honneur pour un concert exceptionnel - FESTIVOX\",\"isPartOf\":{\"@id\":\"https:\\\/\\\/www.festivox.fr\\\/blog\\\/#website\"},\"primaryImageOfPage\":{\"@id\":\"https:\\\/\\\/www.festivox.fr\\\/blog\\\/soreze-le-jazz-a-lhonneur-pour-un-concert-exceptionnel\\\/#primaryimage\"},\"image\":{\"@id\":\"https:\\\/\\\/www.festivox.fr\\\/blog\\\/soreze-le-jazz-a-lhonneur-pour-un-concert-exceptionnel\\\/#primaryimage\"},\"thumbnailUrl\":\"https:\\\/\\\/www.festivox.fr\\\/blog\\\/wp-content\\\/uploads\\\/2026\\\/01\\\/soreze-le-jazz-a-lhonneur-pour-un-concert-exceptionnel.jpg\",\"datePublished\":\"2026-01-29T13:10:00+00:00\",\"breadcrumb\":{\"@id\":\"https:\\\/\\\/www.festivox.fr\\\/blog\\\/soreze-le-jazz-a-lhonneur-pour-un-concert-exceptionnel\\\/#breadcrumb\"},\"inLanguage\":\"fr-FR\",\"potentialAction\":[{\"@type\":\"ReadAction\",\"target\":[\"https:\\\/\\\/www.festivox.fr\\\/blog\\\/soreze-le-jazz-a-lhonneur-pour-un-concert-exceptionnel\\\/\"]}]},{\"@type\":\"ImageObject\",\"inLanguage\":\"fr-FR\",\"@id\":\"https:\\\/\\\/www.festivox.fr\\\/blog\\\/soreze-le-jazz-a-lhonneur-pour-un-concert-exceptionnel\\\/#primaryimage\",\"url\":\"https:\\\/\\\/www.festivox.fr\\\/blog\\\/wp-content\\\/uploads\\\/2026\\\/01\\\/soreze-le-jazz-a-lhonneur-pour-un-concert-exceptionnel.jpg\",\"contentUrl\":\"https:\\\/\\\/www.festivox.fr\\\/blog\\\/wp-content\\\/uploads\\\/2026\\\/01\\\/soreze-le-jazz-a-lhonneur-pour-un-concert-exceptionnel.jpg\",\"width\":1200,\"height\":675},{\"@type\":\"BreadcrumbList\",\"@id\":\"https:\\\/\\\/www.festivox.fr\\\/blog\\\/soreze-le-jazz-a-lhonneur-pour-un-concert-exceptionnel\\\/#breadcrumb\",\"itemListElement\":[{\"@type\":\"ListItem\",\"position\":1,\"name\":\"Accueil\",\"item\":\"https:\\\/\\\/www.festivox.fr\\\/blog\\\/\"},{\"@type\":\"ListItem\",\"position\":2,\"name\":\"Sor\u00e8ze. Le jazz \u00e0 l\u2019honneur pour un concert exceptionnel\"}]},{\"@type\":\"WebSite\",\"@id\":\"https:\\\/\\\/www.festivox.fr\\\/blog\\\/#website\",\"url\":\"https:\\\/\\\/www.festivox.fr\\\/blog\\\/\",\"name\":\"FESTIVOX\",\"description\":\"Festival en mode guinguette.\",\"publisher\":{\"@id\":\"https:\\\/\\\/www.festivox.fr\\\/blog\\\/#organization\"},\"potentialAction\":[{\"@type\":\"SearchAction\",\"target\":{\"@type\":\"EntryPoint\",\"urlTemplate\":\"https:\\\/\\\/www.festivox.fr\\\/blog\\\/?s={search_term_string}\"},\"query-input\":{\"@type\":\"PropertyValueSpecification\",\"valueRequired\":true,\"valueName\":\"search_term_string\"}}],\"inLanguage\":\"fr-FR\"},{\"@type\":\"Organization\",\"@id\":\"https:\\\/\\\/www.festivox.fr\\\/blog\\\/#organization\",\"name\":\"festivox\",\"url\":\"https:\\\/\\\/www.festivox.fr\\\/blog\\\/\",\"logo\":{\"@type\":\"ImageObject\",\"inLanguage\":\"fr-FR\",\"@id\":\"https:\\\/\\\/www.festivox.fr\\\/blog\\\/#\\\/schema\\\/logo\\\/image\\\/\",\"url\":\"https:\\\/\\\/www.festivox.fr\\\/blog\\\/wp-content\\\/uploads\\\/2023\\\/06\\\/logo-2.png\",\"contentUrl\":\"https:\\\/\\\/www.festivox.fr\\\/blog\\\/wp-content\\\/uploads\\\/2023\\\/06\\\/logo-2.png\",\"width\":480,\"height\":160,\"caption\":\"festivox\"},\"image\":{\"@id\":\"https:\\\/\\\/www.festivox.fr\\\/blog\\\/#\\\/schema\\\/logo\\\/image\\\/\"}},{\"@type\":\"Person\",\"@id\":\"https:\\\/\\\/www.festivox.fr\\\/blog\\\/#\\\/schema\\\/person\\\/f36a8b6bc94800c3eafed4bca993ce95\",\"name\":\"Michele\",\"image\":{\"@type\":\"ImageObject\",\"inLanguage\":\"fr-FR\",\"@id\":\"https:\\\/\\\/secure.gravatar.com\\\/avatar\\\/b062046536b5d47ec9075956ec349ef95ed06b0f910c578f74abb318668b702e?s=96&d=mm&r=g\",\"url\":\"https:\\\/\\\/secure.gravatar.com\\\/avatar\\\/b062046536b5d47ec9075956ec349ef95ed06b0f910c578f74abb318668b702e?s=96&d=mm&r=g\",\"contentUrl\":\"https:\\\/\\\/secure.gravatar.com\\\/avatar\\\/b062046536b5d47ec9075956ec349ef95ed06b0f910c578f74abb318668b702e?s=96&d=mm&r=g\",\"caption\":\"Michele\"},\"sameAs\":[\"https:\\\/\\\/www.festivox.fr\\\/blog\"],\"url\":\"https:\\\/\\\/www.festivox.fr\\\/blog\\\/author\\\/voxadmin\\\/\"}]}<\/script>\n<!-- \/ Yoast SEO plugin. -->","yoast_head_json":{"title":"Sor\u00e8ze. Le jazz \u00e0 l\u2019honneur pour un concert exceptionnel - FESTIVOX","robots":{"index":"index","follow":"follow","max-snippet":"max-snippet:-1","max-image-preview":"max-image-preview:large","max-video-preview":"max-video-preview:-1"},"canonical":"https:\/\/www.festivox.fr\/blog\/soreze-le-jazz-a-lhonneur-pour-un-concert-exceptionnel\/","og_locale":"fr_FR","og_type":"article","og_title":"Sor\u00e8ze. Le jazz \u00e0 l\u2019honneur pour un concert exceptionnel - FESTIVOX","og_description":"Dimanche 8 f\u00e9vrier, l\u2019association Sor\u00e8ze Plus accueille en concert cin\u00e9manouche Delvis Bellocq Quartet \u00e0 14 h 30. Apr\u00e8s son passage au casino Barri\u00e8re de Toulouse, \u00e0 la salle du 13e art \u00e0 Paris, \u00e0 Blan, Delvis Bellocq Quartet vient se produire \u00e0 la salle des f\u00eates Georges de L\u00e9otoing. Pour l\u2019accompagner Julien Sacc\u00fc, contrebassiste qui&hellip;","og_url":"https:\/\/www.festivox.fr\/blog\/soreze-le-jazz-a-lhonneur-pour-un-concert-exceptionnel\/","og_site_name":"FESTIVOX","article_published_time":"2026-01-29T13:10:00+00:00","og_image":[{"url":"https:\/\/www.festivox.fr\/blog\/wp-content\/uploads\/2026\/01\/soreze-le-jazz-a-lhonneur-pour-un-concert-exceptionnel.jpg","type":"","width":"","height":""}],"author":"Michele","twitter_card":"summary_large_image","twitter_misc":{"\u00c9crit par":"Michele","Dur\u00e9e de lecture estim\u00e9e":"2 minutes"},"schema":{"@context":"https:\/\/schema.org","@graph":[{"@type":"Article","@id":"https:\/\/www.festivox.fr\/blog\/soreze-le-jazz-a-lhonneur-pour-un-concert-exceptionnel\/#article","isPartOf":{"@id":"https:\/\/www.festivox.fr\/blog\/soreze-le-jazz-a-lhonneur-pour-un-concert-exceptionnel\/"},"author":{"name":"Michele","@id":"https:\/\/www.festivox.fr\/blog\/#\/schema\/person\/f36a8b6bc94800c3eafed4bca993ce95"},"headline":"Sor\u00e8ze. Le jazz \u00e0 l\u2019honneur pour un concert exceptionnel","datePublished":"2026-01-29T13:10:00+00:00","mainEntityOfPage":{"@id":"https:\/\/www.festivox.fr\/blog\/soreze-le-jazz-a-lhonneur-pour-un-concert-exceptionnel\/"},"wordCount":458,"publisher":{"@id":"https:\/\/www.festivox.fr\/blog\/#organization"},"image":{"@id":"https:\/\/www.festivox.fr\/blog\/soreze-le-jazz-a-lhonneur-pour-un-concert-exceptionnel\/#primaryimage"},"thumbnailUrl":"https:\/\/www.festivox.fr\/blog\/wp-content\/uploads\/2026\/01\/soreze-le-jazz-a-lhonneur-pour-un-concert-exceptionnel.jpg","articleSection":["Wiki Sur Festival Jazz Et Musique En Mode Guinguette:"],"inLanguage":"fr-FR"},{"@type":"WebPage","@id":"https:\/\/www.festivox.fr\/blog\/soreze-le-jazz-a-lhonneur-pour-un-concert-exceptionnel\/","url":"https:\/\/www.festivox.fr\/blog\/soreze-le-jazz-a-lhonneur-pour-un-concert-exceptionnel\/","name":"Sor\u00e8ze. Le jazz \u00e0 l\u2019honneur pour un concert exceptionnel - FESTIVOX","isPartOf":{"@id":"https:\/\/www.festivox.fr\/blog\/#website"},"primaryImageOfPage":{"@id":"https:\/\/www.festivox.fr\/blog\/soreze-le-jazz-a-lhonneur-pour-un-concert-exceptionnel\/#primaryimage"},"image":{"@id":"https:\/\/www.festivox.fr\/blog\/soreze-le-jazz-a-lhonneur-pour-un-concert-exceptionnel\/#primaryimage"},"thumbnailUrl":"https:\/\/www.festivox.fr\/blog\/wp-content\/uploads\/2026\/01\/soreze-le-jazz-a-lhonneur-pour-un-concert-exceptionnel.jpg","datePublished":"2026-01-29T13:10:00+00:00","breadcrumb":{"@id":"https:\/\/www.festivox.fr\/blog\/soreze-le-jazz-a-lhonneur-pour-un-concert-exceptionnel\/#breadcrumb"},"inLanguage":"fr-FR","potentialAction":[{"@type":"ReadAction","target":["https:\/\/www.festivox.fr\/blog\/soreze-le-jazz-a-lhonneur-pour-un-concert-exceptionnel\/"]}]},{"@type":"ImageObject","inLanguage":"fr-FR","@id":"https:\/\/www.festivox.fr\/blog\/soreze-le-jazz-a-lhonneur-pour-un-concert-exceptionnel\/#primaryimage","url":"https:\/\/www.festivox.fr\/blog\/wp-content\/uploads\/2026\/01\/soreze-le-jazz-a-lhonneur-pour-un-concert-exceptionnel.jpg","contentUrl":"https:\/\/www.festivox.fr\/blog\/wp-content\/uploads\/2026\/01\/soreze-le-jazz-a-lhonneur-pour-un-concert-exceptionnel.jpg","width":1200,"height":675},{"@type":"BreadcrumbList","@id":"https:\/\/www.festivox.fr\/blog\/soreze-le-jazz-a-lhonneur-pour-un-concert-exceptionnel\/#breadcrumb","itemListElement":[{"@type":"ListItem","position":1,"name":"Accueil","item":"https:\/\/www.festivox.fr\/blog\/"},{"@type":"ListItem","position":2,"name":"Sor\u00e8ze. Le jazz \u00e0 l\u2019honneur pour un concert exceptionnel"}]},{"@type":"WebSite","@id":"https:\/\/www.festivox.fr\/blog\/#website","url":"https:\/\/www.festivox.fr\/blog\/","name":"FESTIVOX","description":"Festival en mode guinguette.","publisher":{"@id":"https:\/\/www.festivox.fr\/blog\/#organization"},"potentialAction":[{"@type":"SearchAction","target":{"@type":"EntryPoint","urlTemplate":"https:\/\/www.festivox.fr\/blog\/?s={search_term_string}"},"query-input":{"@type":"PropertyValueSpecification","valueRequired":true,"valueName":"search_term_string"}}],"inLanguage":"fr-FR"},{"@type":"Organization","@id":"https:\/\/www.festivox.fr\/blog\/#organization","name":"festivox","url":"https:\/\/www.festivox.fr\/blog\/","logo":{"@type":"ImageObject","inLanguage":"fr-FR","@id":"https:\/\/www.festivox.fr\/blog\/#\/schema\/logo\/image\/","url":"https:\/\/www.festivox.fr\/blog\/wp-content\/uploads\/2023\/06\/logo-2.png","contentUrl":"https:\/\/www.festivox.fr\/blog\/wp-content\/uploads\/2023\/06\/logo-2.png","width":480,"height":160,"caption":"festivox"},"image":{"@id":"https:\/\/www.festivox.fr\/blog\/#\/schema\/logo\/image\/"}},{"@type":"Person","@id":"https:\/\/www.festivox.fr\/blog\/#\/schema\/person\/f36a8b6bc94800c3eafed4bca993ce95","name":"Michele","image":{"@type":"ImageObject","inLanguage":"fr-FR","@id":"https:\/\/secure.gravatar.com\/avatar\/b062046536b5d47ec9075956ec349ef95ed06b0f910c578f74abb318668b702e?s=96&d=mm&r=g","url":"https:\/\/secure.gravatar.com\/avatar\/b062046536b5d47ec9075956ec349ef95ed06b0f910c578f74abb318668b702e?s=96&d=mm&r=g","contentUrl":"https:\/\/secure.gravatar.com\/avatar\/b062046536b5d47ec9075956ec349ef95ed06b0f910c578f74abb318668b702e?s=96&d=mm&r=g","caption":"Michele"},"sameAs":["https:\/\/www.festivox.fr\/blog"],"url":"https:\/\/www.festivox.fr\/blog\/author\/voxadmin\/"}]}},"_links":{"self":[{"href":"https:\/\/www.festivox.fr\/blog\/wp-json\/wp\/v2\/posts\/1395","targetHints":{"allow":["GET"]}}],"collection":[{"href":"https:\/\/www.festivox.fr\/blog\/wp-json\/wp\/v2\/posts"}],"about":[{"href":"https:\/\/www.festivox.fr\/blog\/wp-json\/wp\/v2\/types\/post"}],"author":[{"embeddable":true,"href":"https:\/\/www.festivox.fr\/blog\/wp-json\/wp\/v2\/users\/1"}],"replies":[{"embeddable":true,"href":"https:\/\/www.festivox.fr\/blog\/wp-json\/wp\/v2\/comments?post=1395"}],"version-history":[{"count":0,"href":"https:\/\/www.festivox.fr\/blog\/wp-json\/wp\/v2\/posts\/1395\/revisions"}],"wp:featuredmedia":[{"embeddable":true,"href":"https:\/\/www.festivox.fr\/blog\/wp-json\/wp\/v2\/media\/1396"}],"wp:attachment":[{"href":"https:\/\/www.festivox.fr\/blog\/wp-json\/wp\/v2\/media?parent=1395"}],"wp:term":[{"taxonomy":"category","embeddable":true,"href":"https:\/\/www.festivox.fr\/blog\/wp-json\/wp\/v2\/categories?post=1395"},{"taxonomy":"post_tag","embeddable":true,"href":"https:\/\/www.festivox.fr\/blog\/wp-json\/wp\/v2\/tags?post=1395"}],"curies":[{"name":"wp","href":"https:\/\/api.w.org\/{rel}","templated":true}]}}