{"id":1369,"date":"2025-12-28T19:58:46","date_gmt":"2025-12-28T18:58:46","guid":{"rendered":"https:\/\/www.site.cdcl.xyz\/?p=1096650"},"modified":"2025-12-28T19:58:46","modified_gmt":"2025-12-28T18:58:46","slug":"nanterre-universite-nanterre-universite","status":"publish","type":"post","link":"https:\/\/www.festivox.fr\/blog\/nanterre-universite-nanterre-universite\/","title":{"rendered":"(nanterre universit\u00e9): Nanterre Universit\u00e9"},"content":{"rendered":"<h2>\nUne analyse approfondie de \u00ab&nbsp;nanterre universit\u00e9&nbsp;\u00bb par Paris .<br \/><\/h2>\n<p>Paris a partag\u00e9 cette vid\u00e9o sur youtube.<br \/>\u00e0 propos de \u00ab&nbsp;nanterre universit\u00e9&nbsp;\u00bb:<br \/>[embedded content]<\/p>\n<p>L\u2019auteur a fourni une vid\u00e9o de 00:00:31 secondes avec le titre Nanterre Universit\u00e9, accompagn\u00e9e de la description suivante :\u00ab<i> <\/i> \u00bb.\n<\/p>\n<h2>NANTERRE : Crise d\u2019Exemplarit\u00e9 et Gestion Financi\u00e8re D\u00e9faillante<\/h2>\n<p>Les r\u00e9sultats d\u2019une analyse financi\u00e8re r\u00e9cente montrent que Nanterre est confront\u00e9e \u00e0 une situation critique qui s\u2019est aggrav\u00e9e entre 2020 et 2025.<\/p>\n<p><a href=\"https:\/\/www.bilan-de-mandat.fr\/ile-de-france\/mairie\/hauts-de-seine_nanterre\/\" rel=\"noopener noreferrer nofollow\" target=\"blank\" target=\"_blank\">Consultez les informations disponibles sur https:\/\/bilan-de-mandat.fr<\/a> : Les r\u00e9sultats de l\u2019\u00e9valuation du bilan de mandat 2020-2026 pour Nanterre.<\/p>\n<p>Malgr\u00e9 des atouts ind\u00e9niables, Nanterre a sombr\u00e9 dans une gestion imprudente tant sur le plan financier que dans la gestion publique<\/p>\n<p>La conjoncture joue un r\u00f4le dans cette situation, mais il est ind\u00e9niable que les deux tiers des enjeux sont le r\u00e9sultat des d\u00e9cisions politiques de la municipalit\u00e9 dirig\u00e9e par RAPHA\u00cbL ADAM.<\/p>\n<p>Cette \u00e9tude a \u00e9t\u00e9 r\u00e9alis\u00e9e par le site Bilan de Mandat, qui a collect\u00e9 les donn\u00e9es budg\u00e9taires disponibles en ligne par le minist\u00e8re des Finances, remontant sur 7 ans<\/p>\n<h3>Crise financi\u00e8re marqu\u00e9e au sein de Nanterre<\/h3>\n<p>Nanterre est en difficult\u00e9 sur le plan financier, avec un endettement grandissant et une gestion des d\u00e9penses qui inqui\u00e8te. Une exploration minutieuse des critiques significatives et de leurs cons\u00e9quences.<\/p>\n<h3>La nature de la dette et le niveau d\u2019endettement<\/h3>\n<p>Nanterre se trouve dans une situation d\u2019endettement qui a pris des tournures ing\u00e9rables. Cela a des r\u00e9percussions consid\u00e9rables :<\/p>\n<ul>\n<li>Augmentation des obligations d\u2019int\u00e9r\u00eat : L\u2019augmentation de la dette g\u00e9n\u00e8re des frais d\u2019int\u00e9r\u00eat accrus, limitant les fonds disponibles pour d\u2019autres investissements.\n<\/li>\n<li>Diminution des ressources allou\u00e9es \u00e0 l\u2019investissement : L\u2019endettement excessif r\u00e9duit la possibilit\u00e9 pour la ville de financer des projets d\u2019infrastructure ou des services publics vitaux.\n<\/li>\n<li>Danger de non-paiement : Une dette trop importante augmente le risque de d\u00e9faillance, ce qui va engendrer des cons\u00e9quences financi\u00e8res ou des restrictions de la part des cr\u00e9anciers.\n<\/li>\n<li>Baisse de la confiance des investisseurs : La pr\u00e9carit\u00e9 financi\u00e8re va faire h\u00e9siter les investisseurs potentiels, freinant le dynamisme \u00e9conomique local.\n<\/li>\n<li>Impact sur la cr\u00e9dibilit\u00e9 financi\u00e8re: Un niveau d\u2019endettement ing\u00e9rable augmente le risque de non-paiement, ce qui va engendrer des cons\u00e9quences financi\u00e8res ou des restrictions de la part des cr\u00e9anciers.<\/li>\n<\/ul>\n<h3>R\u00e9mun\u00e9ration des employ\u00e9s<\/h3>\n<p>La compensation des agents municipaux repr\u00e9sente une part importante des d\u00e9penses, atteignant en 2025 un niveau pr\u00e9occupant alors que les salaires ne suivent pas cette tendance. Les r\u00e9percussions de cette situation sont vari\u00e9es :<\/p>\n<ul>\n<li>D\u00e9couragement des agents de longue date : Le manque d\u2019\u00e9volution salariale pour les agents de longue date va entra\u00eener une perte de motivation, influen\u00e7ant la qualit\u00e9 des services fournis.: Changement fr\u00e9quent de personnel\n<\/li>\n<li>Changement r\u00e9gulier des effectifs : Des r\u00e9mun\u00e9rations stagnantes vont inciter les employ\u00e9s \u00e0 explorer d\u2019autres possibilit\u00e9s, ce qui entra\u00eene un turnover plus \u00e9lev\u00e9 et des co\u00fbts de formation pour la commune.\n<\/li>\n<li>Diff\u00e9rences de r\u00e9mun\u00e9ration : L\u2019in\u00e9galit\u00e9 entre les salaires des nouveaux agents et ceux des agents historiques va cr\u00e9er des frictions au sein de l\u2019\u00e9quipe municipale.\n<\/li>\n<li>D\u00e9t\u00e9rioration des services publics : Un effectif d\u00e9moralis\u00e9 et instable va nuire \u00e0 la qualit\u00e9 des services publics, ayant un impact direct sur les citoyens.\n<\/li>\n<li>Charge sur le budget: La n\u00e9cessit\u00e9 de proposer des salaires comp\u00e9titifs pour attirer de nouveaux talents va exercer une pression additionnelle sur les finances de la ville.<\/li>\n<\/ul>\n<h3>\u00c9l\u00e9vation des pr\u00e9l\u00e8vements fiscaux sur les citoyens NANTERRIENS<\/h3>\n<p>La commune se voit contrainte d\u2019augmenter consid\u00e9rablement les imp\u00f4ts des contribuables, mais cette d\u00e9cision a \u00e9t\u00e9 repouss\u00e9e en 2025 \u00e0 cause des \u00e9lections municipales de 2026. Les retomb\u00e9es de cette situation sont pr\u00e9occupantes :<\/p>\n<ul>\n<li>M\u00e9contentement des citoyens : Une hausse des imp\u00f4ts va provoquer un m\u00e9contentement g\u00e9n\u00e9ral chez les citoyens, nuisant \u00e0 la confiance envers la municipalit\u00e9.\n<\/li>\n<li>D\u00e9clin de la base fiscale : L\u2019augmentation des imp\u00f4ts va provoquer le d\u00e9part de certains contribuables, ce qui r\u00e9duit la base fiscale \u00e0 long terme.\n<\/li>\n<li>Obstacles pour les foyers : L\u2019\u00e9l\u00e9vation des taxes va alourdir le budget des m\u00e9nages, exacerbant les disparit\u00e9s sociales.\n<\/li>\n<li>D\u00e9lai dans les investissements : L\u2019absence d\u2019augmentation des contributions fiscales en 2025 va compromettre des projets d\u2019investissement n\u00e9cessaires au d\u00e9veloppement de la ville.\n<\/li>\n<li>Charge accrue sur les services publics : L\u2019exigence de compenser les pertes de revenus va engendrer des coupes dans les prestations publiques, nuisant \u00e0 la qualit\u00e9 de vie des citoyens.<\/li>\n<\/ul>\n<h3>Mauvaise gestion des finances<\/h3>\n<p>La progression des d\u00e9penses au fil des ans refl\u00e8te une insuffisance de contr\u00f4le dans la gestion financi\u00e8re. Les retomb\u00e9es de cette situation sont notables :<\/p>\n<ul>\n<li>Croissance des d\u00e9ficits : Une absence de supervision des d\u00e9penses entra\u00eenera des d\u00e9ficits budg\u00e9taires en augmentation, rendant la situation financi\u00e8re encore plus fragile.\n<\/li>\n<li>R\u00e9duction des initiatives d\u2019investissement \u00e0 venir : Les d\u00e9ficits fr\u00e9quents vont diminuer la capacit\u00e9 de la commune \u00e0 soutenir des projets d\u2019avenir.\n<\/li>\n<li>Perte de confiance : Une gestion financi\u00e8re peu structur\u00e9e nuira \u00e0 la r\u00e9putation de la municipalit\u00e9, rendant l\u2019acquisition de financements externes plus difficile.\n<\/li>\n<li>D\u00e9perdition des ressources : Un manque de contr\u00f4le des d\u00e9penses pourrait mener \u00e0 un gaspillage des ressources publiques, nuisant \u00e0 l\u2019int\u00e9r\u00eat g\u00e9n\u00e9ral.\n<\/li>\n<li>Influence sur les services publics: Des d\u00e9penses mal g\u00e9r\u00e9es entra\u00eeneront des r\u00e9ductions dans les domaines sociaux<\/li>\n<\/ul>\n<h3>La d\u00e9mocratie locale en d\u00e9clin<\/h3>\n<p>Au cours de la p\u00e9riode 2020-2025, le vivre ensemble a perdu son sens, en raison d\u2019un manque de projet de territoire port\u00e9 par une municipalit\u00e9 unie. Les probl\u00e8mes financiers vont intensifier les tensions au sein de la communaut\u00e9, provoquant :<\/p>\n<ul>\n<li>R\u00e9voltes et insatisfaction : Les citoyens vont se r\u00e9unir pour manifester leur m\u00e9contentement face \u00e0 l\u2019augmentation des imp\u00f4ts ou \u00e0 la diminution des services.\n<\/li>\n<li>Luttes entre parties prenantes : Des choix budg\u00e9taires vont cr\u00e9er des d\u00e9saccords entre divers groupes, comme les usagers de services publics et les contribuables.\n<\/li>\n<li>D\u00e9t\u00e9rioration de la coh\u00e9sion communautaire : Un climat d\u2019insatisfaction risque de compromettre la solidarit\u00e9 dans la communaut\u00e9.<\/li>\n<\/ul>\n<h3>Danger accru de d\u00e9sastre financier<\/h3>\n<p>Les aides de l\u2019\u00c9tat qui permettaient autrefois de g\u00e9rer les difficult\u00e9s financi\u00e8res ne sont plus en place. Vu sa situation critique, la ville est d\u00e9pourvue de marge de man\u0153uvre, ce qui va entra\u00eener :<\/p>\n<ul>\n<li>Sensibilit\u00e9 \u00e9conomique : Une d\u00e9pendance excessive aux financements externes va rendre la collectivit\u00e9 sensible aux modifications de politique ou de financement au niveau national.\n<\/li>\n<li>Diminution de l\u2019autonomie : Les collectivit\u00e9s verront leur autonomie r\u00e9duite en raison des conditions impos\u00e9es par les subventions.\n<\/li>\n<li>D\u00e9fis dans la planification sur le long terme : Compter sur des financements externes compliquera la planification budg\u00e9taire et l\u2019ex\u00e9cution de projets \u00e0 long terme.<\/li>\n<\/ul>\n<h3>FAQ concernant la municipalit\u00e9 de Nanterre<\/h3>\n<h4>Quelle est la d\u00e9couverte principale de l\u2019audit des finances de Nanterre ?<\/h4>\n<p>L\u2019enqu\u00eate met en lumi\u00e8re une d\u00e9gradation pr\u00e9occupante des finances publiques et de la gestion de Nanterre, soulignant une gestion imprudente tant sur le plan financier que dans l\u2019administration publique.<\/p>\n<h4>Quels aspects ont influenc\u00e9 cette crise financi\u00e8re ?<\/h4>\n<p>M\u00eame si la situation \u00e9conomique est significative, deux tiers des difficult\u00e9s rencontr\u00e9es sont le r\u00e9sultat des d\u00e9cisions politiques de la municipalit\u00e9 sous RAPHA\u00cbL ADAM.<\/p>\n<h4>Quelle est la situation actuelle des associations locales dans Nanterre ?<\/h4>\n<p>Les organisations locales r\u00e9alisent un travail pr\u00e9cieux en mati\u00e8re de culture. Si vous cherchez \u00e0 conna\u00eetre les coordonn\u00e9es d\u2019une association, l\u2019annuaire en ligne sur le site de la mairie de Nanterre est une bonne ressource.<\/p>\n<h4>Comment s\u2019inscrire aux activit\u00e9s des associations ?<\/h4>\n<p>Dans chaque commune, il est clair que le nombre d\u2019associations et leurs \u00e9v\u00e9nements (th\u00e9\u00e2tre, festival\u2026) sont consid\u00e9rables et ne d\u00e9pendent pas de la politique municipale. Les associations, comme c\u2019est le cas dans tout le pays, organisent divers \u00e9v\u00e9nements tout au long de l\u2019ann\u00e9e. Pour ceux qui d\u00e9sirent participer, il est simple de s\u2019inscrire \u00e0 ces activit\u00e9s en ligne, o\u00f9 un simple clic permet d\u2019acc\u00e9der \u00e0 l\u2019agenda des \u00e9v\u00e9nements ou aux num\u00e9ros de contact des responsables. Rejoignez-nous en un clic.<\/p>\n<h4>Quels sont les supports d\u2019information dans Nanterre ?<\/h4>\n<p>En priorit\u00e9, les informations en ligne. Les habitants peuvent se tenir inform\u00e9s gr\u00e2ce aux actualit\u00e9s et au journal municipal de la ville et des villes voisines. Sur le site de la mairie, les nouveaux habitants peuvent consulter la page de bienvenue, les num\u00e9ros utiles pour diff\u00e9rentes d\u00e9marches, l\u2019annuaire des petites et moyennes entreprises, les journ\u00e9es et activit\u00e9s gratuites, les informations concernant la rentr\u00e9e scolaire, les menus des cantines, l\u2019espace de confidentialit\u00e9 pour les comptes familiaux et les d\u00e9marches administratives, en particulier celles du secteur scolaire. Sur d\u2019autres sites internet qui ne sont pas administr\u00e9s par la mairie, les citoyens peuvent acc\u00e9der aux informations concernant les \u00e9v\u00e9nements culturels (spectacles, th\u00e9\u00e2tres, festivals) qui enrichissent la vie locale et offrent une perspective sur la culture.<\/p>\n<h4>Quel est le nom de l\u2019actuel maire de Nanterre ?<\/h4>\n<p>RAPHA\u00cbL ADAM<\/p>\n<h4>Quelles activit\u00e9s li\u00e9es \u00e0 l\u2019histoire et \u00e0 la culture sont propos\u00e9es ?<\/h4>\n<p>L\u2019h\u00e9ritage d\u2019une ville illustre sa culture. La mairie ou l\u2019h\u00f4tel de ville, les vieilles photographies de l\u2019\u00e9cole, et l\u2019artisanat des m\u00e9tiers d\u2019antan permettent une d\u00e9couverte gratuite, ainsi qu\u2019une transmission et une pr\u00e9servation de ce patrimoine local. Dans chaque r\u00e9gion de France, la politique de sensibilisation garantit que le patrimoine de la ville reste actif et accessible pour les g\u00e9n\u00e9rations \u00e0 venir.<\/p>\n<p>Utilisez ce lien pour regarder la vid\u00e9o sur Youtube :<br \/><u> la source:<\/u> <a href=\"https:\/\/www.youtube.com\/watch?v=grR5JOJII4c\" target=\"_blank\" rel=\"nofollow\">Cliquer ici<\/a>\n<\/p>\n<p>\n#Nanterre #Universit\u00e9\n<\/p>\n<p>\n<u>Retranscription des paroles de la vid\u00e9o:<\/u> Non disponible.<br \/>.\n<\/p>\n<p>\n<img decoding=\"async\" src=\"https:\/\/www.festivox.fr\/blog\/wp-content\/uploads\/2025\/12\/nanterre-universite-nanterre-universite.jpg\" alt=\"Image Youtube\">\n<\/p>\n<p>\n<u>D\u00e9roulement de la vid\u00e9o:<\/u>\n<\/p>\n<p>\nIndisponible.<br \/>.<\/p>\n<p> Le but de festivox.fr est de collecter sur le web des communiqu\u00e9s autour de Festival Jazz et musique en mode guinguette et ensuite les diffuser en essayant de r\u00e9pondre au mieux aux interrogations des gens. L\u2019\u00e9quipe festivox.fr vous soumet ce post qui parle du sujet \u00ab\u00a0Festival Jazz et musique en mode guinguette\u00a0\u00bb. Ce papier a \u00e9t\u00e9 reproduit aussi pr\u00e9cis\u00e9ment qui soit. Si vous souhaitez fournir des renseignements suppl\u00e9mentaires \u00e0 cet article sur le sujet \u00ab\u00a0Festival Jazz et musique en mode guinguette\u00a0\u00bb vous pouvez utiliser les coordonn\u00e9es fournies sur ce site web. D\u2019ici peu, on mettra en ligne d&rsquo;autres annonces autour du sujet \u00ab\u00a0Festival Jazz et musique en mode guinguette\u00a0\u00bb. Par cons\u00e9quent, visitez syst\u00e9matiquement notre site.<\/p>\n","protected":false},"excerpt":{"rendered":"<p>Une analyse approfondie de \u00ab&nbsp;nanterre universit\u00e9&nbsp;\u00bb par Paris . Paris a partag\u00e9 cette vid\u00e9o sur youtube.\u00e0 propos de \u00ab&nbsp;nanterre universit\u00e9&nbsp;\u00bb:[embedded content] L\u2019auteur a fourni une vid\u00e9o de 00:00:31 secondes avec le titre Nanterre Universit\u00e9, accompagn\u00e9e de la description suivante :\u00ab \u00bb. NANTERRE : Crise d\u2019Exemplarit\u00e9 et Gestion Financi\u00e8re D\u00e9faillante Les r\u00e9sultats d\u2019une analyse financi\u00e8re r\u00e9cente&hellip;<\/p>\n","protected":false},"author":1,"featured_media":0,"comment_status":"closed","ping_status":"closed","sticky":false,"template":"","format":"standard","meta":{"footnotes":""},"categories":[5],"tags":[],"class_list":["post-1369","post","type-post","status-publish","format-standard","hentry","category-sujet-festival-jazz-et-musique-en-mode-guinguette"],"yoast_head":"<!-- This site is optimized with the Yoast SEO plugin v27.5 - https:\/\/yoast.com\/product\/yoast-seo-wordpress\/ -->\n<title>(nanterre universit\u00e9): Nanterre Universit\u00e9 - FESTIVOX<\/title>\n<meta name=\"robots\" content=\"index, follow, max-snippet:-1, max-image-preview:large, max-video-preview:-1\" \/>\n<link rel=\"canonical\" href=\"https:\/\/www.festivox.fr\/blog\/nanterre-universite-nanterre-universite\/\" \/>\n<meta property=\"og:locale\" content=\"fr_FR\" \/>\n<meta property=\"og:type\" content=\"article\" \/>\n<meta property=\"og:title\" content=\"(nanterre universit\u00e9): Nanterre Universit\u00e9 - FESTIVOX\" \/>\n<meta property=\"og:description\" content=\"Une analyse approfondie de \u00ab&nbsp;nanterre universit\u00e9&nbsp;\u00bb par Paris . Paris a partag\u00e9 cette vid\u00e9o sur youtube.\u00e0 propos de \u00ab&nbsp;nanterre universit\u00e9&nbsp;\u00bb:[embedded content] L\u2019auteur a fourni une vid\u00e9o de 00:00:31 secondes avec le titre Nanterre Universit\u00e9, accompagn\u00e9e de la description suivante :\u00ab \u00bb. NANTERRE : Crise d\u2019Exemplarit\u00e9 et Gestion Financi\u00e8re D\u00e9faillante Les r\u00e9sultats d\u2019une analyse financi\u00e8re r\u00e9cente&hellip;\" \/>\n<meta property=\"og:url\" content=\"https:\/\/www.festivox.fr\/blog\/nanterre-universite-nanterre-universite\/\" \/>\n<meta property=\"og:site_name\" content=\"FESTIVOX\" \/>\n<meta property=\"article:published_time\" content=\"2025-12-28T18:58:46+00:00\" \/>\n<meta property=\"og:image\" content=\"https:\/\/www.festivox.fr\/blog\/wp-content\/uploads\/2025\/12\/nanterre-universite-nanterre-universite.jpg\" \/>\n<meta name=\"author\" content=\"Michele\" \/>\n<meta name=\"twitter:card\" content=\"summary_large_image\" \/>\n<meta name=\"twitter:label1\" content=\"\u00c9crit par\" \/>\n\t<meta name=\"twitter:data1\" content=\"Michele\" \/>\n\t<meta name=\"twitter:label2\" content=\"Dur\u00e9e de lecture estim\u00e9e\" \/>\n\t<meta name=\"twitter:data2\" content=\"9 minutes\" \/>\n<script type=\"application\/ld+json\" class=\"yoast-schema-graph\">{\"@context\":\"https:\\\/\\\/schema.org\",\"@graph\":[{\"@type\":\"Article\",\"@id\":\"https:\\\/\\\/www.festivox.fr\\\/blog\\\/nanterre-universite-nanterre-universite\\\/#article\",\"isPartOf\":{\"@id\":\"https:\\\/\\\/www.festivox.fr\\\/blog\\\/nanterre-universite-nanterre-universite\\\/\"},\"author\":{\"name\":\"Michele\",\"@id\":\"https:\\\/\\\/www.festivox.fr\\\/blog\\\/#\\\/schema\\\/person\\\/f36a8b6bc94800c3eafed4bca993ce95\"},\"headline\":\"(nanterre universit\u00e9): Nanterre Universit\u00e9\",\"datePublished\":\"2025-12-28T18:58:46+00:00\",\"mainEntityOfPage\":{\"@id\":\"https:\\\/\\\/www.festivox.fr\\\/blog\\\/nanterre-universite-nanterre-universite\\\/\"},\"wordCount\":1850,\"publisher\":{\"@id\":\"https:\\\/\\\/www.festivox.fr\\\/blog\\\/#organization\"},\"image\":{\"@id\":\"https:\\\/\\\/www.festivox.fr\\\/blog\\\/nanterre-universite-nanterre-universite\\\/#primaryimage\"},\"thumbnailUrl\":\"https:\\\/\\\/www.festivox.fr\\\/blog\\\/wp-content\\\/uploads\\\/2025\\\/12\\\/nanterre-universite-nanterre-universite.jpg\",\"articleSection\":[\"Sujet: Festival Jazz Et Musique En Mode Guinguette:\"],\"inLanguage\":\"fr-FR\"},{\"@type\":\"WebPage\",\"@id\":\"https:\\\/\\\/www.festivox.fr\\\/blog\\\/nanterre-universite-nanterre-universite\\\/\",\"url\":\"https:\\\/\\\/www.festivox.fr\\\/blog\\\/nanterre-universite-nanterre-universite\\\/\",\"name\":\"(nanterre universit\u00e9): Nanterre Universit\u00e9 - FESTIVOX\",\"isPartOf\":{\"@id\":\"https:\\\/\\\/www.festivox.fr\\\/blog\\\/#website\"},\"primaryImageOfPage\":{\"@id\":\"https:\\\/\\\/www.festivox.fr\\\/blog\\\/nanterre-universite-nanterre-universite\\\/#primaryimage\"},\"image\":{\"@id\":\"https:\\\/\\\/www.festivox.fr\\\/blog\\\/nanterre-universite-nanterre-universite\\\/#primaryimage\"},\"thumbnailUrl\":\"https:\\\/\\\/www.festivox.fr\\\/blog\\\/wp-content\\\/uploads\\\/2025\\\/12\\\/nanterre-universite-nanterre-universite.jpg\",\"datePublished\":\"2025-12-28T18:58:46+00:00\",\"breadcrumb\":{\"@id\":\"https:\\\/\\\/www.festivox.fr\\\/blog\\\/nanterre-universite-nanterre-universite\\\/#breadcrumb\"},\"inLanguage\":\"fr-FR\",\"potentialAction\":[{\"@type\":\"ReadAction\",\"target\":[\"https:\\\/\\\/www.festivox.fr\\\/blog\\\/nanterre-universite-nanterre-universite\\\/\"]}]},{\"@type\":\"ImageObject\",\"inLanguage\":\"fr-FR\",\"@id\":\"https:\\\/\\\/www.festivox.fr\\\/blog\\\/nanterre-universite-nanterre-universite\\\/#primaryimage\",\"url\":\"https:\\\/\\\/www.festivox.fr\\\/blog\\\/wp-content\\\/uploads\\\/2025\\\/12\\\/nanterre-universite-nanterre-universite.jpg\",\"contentUrl\":\"https:\\\/\\\/www.festivox.fr\\\/blog\\\/wp-content\\\/uploads\\\/2025\\\/12\\\/nanterre-universite-nanterre-universite.jpg\"},{\"@type\":\"BreadcrumbList\",\"@id\":\"https:\\\/\\\/www.festivox.fr\\\/blog\\\/nanterre-universite-nanterre-universite\\\/#breadcrumb\",\"itemListElement\":[{\"@type\":\"ListItem\",\"position\":1,\"name\":\"Accueil\",\"item\":\"https:\\\/\\\/www.festivox.fr\\\/blog\\\/\"},{\"@type\":\"ListItem\",\"position\":2,\"name\":\"(nanterre universit\u00e9): Nanterre Universit\u00e9\"}]},{\"@type\":\"WebSite\",\"@id\":\"https:\\\/\\\/www.festivox.fr\\\/blog\\\/#website\",\"url\":\"https:\\\/\\\/www.festivox.fr\\\/blog\\\/\",\"name\":\"FESTIVOX\",\"description\":\"Festival en mode guinguette.\",\"publisher\":{\"@id\":\"https:\\\/\\\/www.festivox.fr\\\/blog\\\/#organization\"},\"potentialAction\":[{\"@type\":\"SearchAction\",\"target\":{\"@type\":\"EntryPoint\",\"urlTemplate\":\"https:\\\/\\\/www.festivox.fr\\\/blog\\\/?s={search_term_string}\"},\"query-input\":{\"@type\":\"PropertyValueSpecification\",\"valueRequired\":true,\"valueName\":\"search_term_string\"}}],\"inLanguage\":\"fr-FR\"},{\"@type\":\"Organization\",\"@id\":\"https:\\\/\\\/www.festivox.fr\\\/blog\\\/#organization\",\"name\":\"festivox\",\"url\":\"https:\\\/\\\/www.festivox.fr\\\/blog\\\/\",\"logo\":{\"@type\":\"ImageObject\",\"inLanguage\":\"fr-FR\",\"@id\":\"https:\\\/\\\/www.festivox.fr\\\/blog\\\/#\\\/schema\\\/logo\\\/image\\\/\",\"url\":\"https:\\\/\\\/www.festivox.fr\\\/blog\\\/wp-content\\\/uploads\\\/2023\\\/06\\\/logo-2.png\",\"contentUrl\":\"https:\\\/\\\/www.festivox.fr\\\/blog\\\/wp-content\\\/uploads\\\/2023\\\/06\\\/logo-2.png\",\"width\":480,\"height\":160,\"caption\":\"festivox\"},\"image\":{\"@id\":\"https:\\\/\\\/www.festivox.fr\\\/blog\\\/#\\\/schema\\\/logo\\\/image\\\/\"}},{\"@type\":\"Person\",\"@id\":\"https:\\\/\\\/www.festivox.fr\\\/blog\\\/#\\\/schema\\\/person\\\/f36a8b6bc94800c3eafed4bca993ce95\",\"name\":\"Michele\",\"image\":{\"@type\":\"ImageObject\",\"inLanguage\":\"fr-FR\",\"@id\":\"https:\\\/\\\/secure.gravatar.com\\\/avatar\\\/b062046536b5d47ec9075956ec349ef95ed06b0f910c578f74abb318668b702e?s=96&d=mm&r=g\",\"url\":\"https:\\\/\\\/secure.gravatar.com\\\/avatar\\\/b062046536b5d47ec9075956ec349ef95ed06b0f910c578f74abb318668b702e?s=96&d=mm&r=g\",\"contentUrl\":\"https:\\\/\\\/secure.gravatar.com\\\/avatar\\\/b062046536b5d47ec9075956ec349ef95ed06b0f910c578f74abb318668b702e?s=96&d=mm&r=g\",\"caption\":\"Michele\"},\"sameAs\":[\"https:\\\/\\\/www.festivox.fr\\\/blog\"],\"url\":\"https:\\\/\\\/www.festivox.fr\\\/blog\\\/author\\\/voxadmin\\\/\"}]}<\/script>\n<!-- \/ Yoast SEO plugin. -->","yoast_head_json":{"title":"(nanterre universit\u00e9): Nanterre Universit\u00e9 - FESTIVOX","robots":{"index":"index","follow":"follow","max-snippet":"max-snippet:-1","max-image-preview":"max-image-preview:large","max-video-preview":"max-video-preview:-1"},"canonical":"https:\/\/www.festivox.fr\/blog\/nanterre-universite-nanterre-universite\/","og_locale":"fr_FR","og_type":"article","og_title":"(nanterre universit\u00e9): Nanterre Universit\u00e9 - FESTIVOX","og_description":"Une analyse approfondie de \u00ab&nbsp;nanterre universit\u00e9&nbsp;\u00bb par Paris . Paris a partag\u00e9 cette vid\u00e9o sur youtube.\u00e0 propos de \u00ab&nbsp;nanterre universit\u00e9&nbsp;\u00bb:[embedded content] L\u2019auteur a fourni une vid\u00e9o de 00:00:31 secondes avec le titre Nanterre Universit\u00e9, accompagn\u00e9e de la description suivante :\u00ab \u00bb. NANTERRE : Crise d\u2019Exemplarit\u00e9 et Gestion Financi\u00e8re D\u00e9faillante Les r\u00e9sultats d\u2019une analyse financi\u00e8re r\u00e9cente&hellip;","og_url":"https:\/\/www.festivox.fr\/blog\/nanterre-universite-nanterre-universite\/","og_site_name":"FESTIVOX","article_published_time":"2025-12-28T18:58:46+00:00","og_image":[{"url":"https:\/\/www.festivox.fr\/blog\/wp-content\/uploads\/2025\/12\/nanterre-universite-nanterre-universite.jpg","type":"","width":"","height":""}],"author":"Michele","twitter_card":"summary_large_image","twitter_misc":{"\u00c9crit par":"Michele","Dur\u00e9e de lecture estim\u00e9e":"9 minutes"},"schema":{"@context":"https:\/\/schema.org","@graph":[{"@type":"Article","@id":"https:\/\/www.festivox.fr\/blog\/nanterre-universite-nanterre-universite\/#article","isPartOf":{"@id":"https:\/\/www.festivox.fr\/blog\/nanterre-universite-nanterre-universite\/"},"author":{"name":"Michele","@id":"https:\/\/www.festivox.fr\/blog\/#\/schema\/person\/f36a8b6bc94800c3eafed4bca993ce95"},"headline":"(nanterre universit\u00e9): Nanterre Universit\u00e9","datePublished":"2025-12-28T18:58:46+00:00","mainEntityOfPage":{"@id":"https:\/\/www.festivox.fr\/blog\/nanterre-universite-nanterre-universite\/"},"wordCount":1850,"publisher":{"@id":"https:\/\/www.festivox.fr\/blog\/#organization"},"image":{"@id":"https:\/\/www.festivox.fr\/blog\/nanterre-universite-nanterre-universite\/#primaryimage"},"thumbnailUrl":"https:\/\/www.festivox.fr\/blog\/wp-content\/uploads\/2025\/12\/nanterre-universite-nanterre-universite.jpg","articleSection":["Sujet: Festival Jazz Et Musique En Mode Guinguette:"],"inLanguage":"fr-FR"},{"@type":"WebPage","@id":"https:\/\/www.festivox.fr\/blog\/nanterre-universite-nanterre-universite\/","url":"https:\/\/www.festivox.fr\/blog\/nanterre-universite-nanterre-universite\/","name":"(nanterre universit\u00e9): Nanterre Universit\u00e9 - FESTIVOX","isPartOf":{"@id":"https:\/\/www.festivox.fr\/blog\/#website"},"primaryImageOfPage":{"@id":"https:\/\/www.festivox.fr\/blog\/nanterre-universite-nanterre-universite\/#primaryimage"},"image":{"@id":"https:\/\/www.festivox.fr\/blog\/nanterre-universite-nanterre-universite\/#primaryimage"},"thumbnailUrl":"https:\/\/www.festivox.fr\/blog\/wp-content\/uploads\/2025\/12\/nanterre-universite-nanterre-universite.jpg","datePublished":"2025-12-28T18:58:46+00:00","breadcrumb":{"@id":"https:\/\/www.festivox.fr\/blog\/nanterre-universite-nanterre-universite\/#breadcrumb"},"inLanguage":"fr-FR","potentialAction":[{"@type":"ReadAction","target":["https:\/\/www.festivox.fr\/blog\/nanterre-universite-nanterre-universite\/"]}]},{"@type":"ImageObject","inLanguage":"fr-FR","@id":"https:\/\/www.festivox.fr\/blog\/nanterre-universite-nanterre-universite\/#primaryimage","url":"https:\/\/www.festivox.fr\/blog\/wp-content\/uploads\/2025\/12\/nanterre-universite-nanterre-universite.jpg","contentUrl":"https:\/\/www.festivox.fr\/blog\/wp-content\/uploads\/2025\/12\/nanterre-universite-nanterre-universite.jpg"},{"@type":"BreadcrumbList","@id":"https:\/\/www.festivox.fr\/blog\/nanterre-universite-nanterre-universite\/#breadcrumb","itemListElement":[{"@type":"ListItem","position":1,"name":"Accueil","item":"https:\/\/www.festivox.fr\/blog\/"},{"@type":"ListItem","position":2,"name":"(nanterre universit\u00e9): Nanterre Universit\u00e9"}]},{"@type":"WebSite","@id":"https:\/\/www.festivox.fr\/blog\/#website","url":"https:\/\/www.festivox.fr\/blog\/","name":"FESTIVOX","description":"Festival en mode guinguette.","publisher":{"@id":"https:\/\/www.festivox.fr\/blog\/#organization"},"potentialAction":[{"@type":"SearchAction","target":{"@type":"EntryPoint","urlTemplate":"https:\/\/www.festivox.fr\/blog\/?s={search_term_string}"},"query-input":{"@type":"PropertyValueSpecification","valueRequired":true,"valueName":"search_term_string"}}],"inLanguage":"fr-FR"},{"@type":"Organization","@id":"https:\/\/www.festivox.fr\/blog\/#organization","name":"festivox","url":"https:\/\/www.festivox.fr\/blog\/","logo":{"@type":"ImageObject","inLanguage":"fr-FR","@id":"https:\/\/www.festivox.fr\/blog\/#\/schema\/logo\/image\/","url":"https:\/\/www.festivox.fr\/blog\/wp-content\/uploads\/2023\/06\/logo-2.png","contentUrl":"https:\/\/www.festivox.fr\/blog\/wp-content\/uploads\/2023\/06\/logo-2.png","width":480,"height":160,"caption":"festivox"},"image":{"@id":"https:\/\/www.festivox.fr\/blog\/#\/schema\/logo\/image\/"}},{"@type":"Person","@id":"https:\/\/www.festivox.fr\/blog\/#\/schema\/person\/f36a8b6bc94800c3eafed4bca993ce95","name":"Michele","image":{"@type":"ImageObject","inLanguage":"fr-FR","@id":"https:\/\/secure.gravatar.com\/avatar\/b062046536b5d47ec9075956ec349ef95ed06b0f910c578f74abb318668b702e?s=96&d=mm&r=g","url":"https:\/\/secure.gravatar.com\/avatar\/b062046536b5d47ec9075956ec349ef95ed06b0f910c578f74abb318668b702e?s=96&d=mm&r=g","contentUrl":"https:\/\/secure.gravatar.com\/avatar\/b062046536b5d47ec9075956ec349ef95ed06b0f910c578f74abb318668b702e?s=96&d=mm&r=g","caption":"Michele"},"sameAs":["https:\/\/www.festivox.fr\/blog"],"url":"https:\/\/www.festivox.fr\/blog\/author\/voxadmin\/"}]}},"_links":{"self":[{"href":"https:\/\/www.festivox.fr\/blog\/wp-json\/wp\/v2\/posts\/1369","targetHints":{"allow":["GET"]}}],"collection":[{"href":"https:\/\/www.festivox.fr\/blog\/wp-json\/wp\/v2\/posts"}],"about":[{"href":"https:\/\/www.festivox.fr\/blog\/wp-json\/wp\/v2\/types\/post"}],"author":[{"embeddable":true,"href":"https:\/\/www.festivox.fr\/blog\/wp-json\/wp\/v2\/users\/1"}],"replies":[{"embeddable":true,"href":"https:\/\/www.festivox.fr\/blog\/wp-json\/wp\/v2\/comments?post=1369"}],"version-history":[{"count":0,"href":"https:\/\/www.festivox.fr\/blog\/wp-json\/wp\/v2\/posts\/1369\/revisions"}],"wp:attachment":[{"href":"https:\/\/www.festivox.fr\/blog\/wp-json\/wp\/v2\/media?parent=1369"}],"wp:term":[{"taxonomy":"category","embeddable":true,"href":"https:\/\/www.festivox.fr\/blog\/wp-json\/wp\/v2\/categories?post=1369"},{"taxonomy":"post_tag","embeddable":true,"href":"https:\/\/www.festivox.fr\/blog\/wp-json\/wp\/v2\/tags?post=1369"}],"curies":[{"name":"wp","href":"https:\/\/api.w.org\/{rel}","templated":true}]}}