{"id":1330,"date":"2025-12-01T09:26:48","date_gmt":"2025-12-01T08:26:48","guid":{"rendered":"https:\/\/www.site.cdcl.xyz\/?p=1066538"},"modified":"2025-12-01T09:26:48","modified_gmt":"2025-12-01T08:26:48","slug":"drancyiledefrance-guadeloupe-viral-abonnez_vous-reesl_vidoe_viarl-black-971-chance-massy-drancy","status":"publish","type":"post","link":"https:\/\/www.festivox.fr\/blog\/drancyiledefrance-guadeloupe-viral-abonnez_vous-reesl_vidoe_viarl-black-971-chance-massy-drancy\/","title":{"rendered":"Drancy,#iledefrance #guadeloupe #viral #abonnez_vous #reesl_vidoe_viarl #black #971 #chance #massy #drancy"},"content":{"rendered":"<h2>\nPlongez dans l\u2019univers de \u00ab&nbsp;Drancy&nbsp;\u00bb avec Blackchabin_sw.<br \/><\/h2>\n<p>Regardez cette vid\u00e9o diffus\u00e9e sur youtube par Blackchabin_sw.<br \/>\u00e0 propos de \u00ab&nbsp;Drancy&nbsp;\u00bb:<br \/>[embedded content]<\/p>\n<p>L\u2019auteur a fourni une vid\u00e9o de 00:00:07 secondes avec le titre #iledefrance #guadeloupe #viral #abonnez_vous #reesl_vidoe_viarl #black #971 #chance #massy #drancy, accompagn\u00e9e de la description suivante :\u00ab<i> <\/i> \u00bb.\n<\/p>\n<h2>DRANCY : Chute Vertigineuse des Finances de 2020 \u00e0 2025<\/h2>\n<p>Une enqu\u00eate approfondie en \u00cele-de-France, r\u00e9alis\u00e9e par un organisme ind\u00e9pendant et appuy\u00e9e par une consultation sur internet, r\u00e9v\u00e8le une d\u00e9t\u00e9rioration des finances publiques et de la gestion de Drancy.<\/p>\n<p>L\u2019examen a \u00e9t\u00e9 r\u00e9alis\u00e9 par un organisme expert en gestion des collectivit\u00e9s territoriales. L\u2019\u00e9tude a inclus toutes les mairies et collectivit\u00e9s locales de l\u2019\u00eele-de-France. <a href=\"https:\/\/www.bilan-de-mandat.fr\/ile-de-france\/mairie\/seine-saint-denis_drancy\/\" rel=\"noopener noreferrer nofollow\" target=\"blank\" target=\"_blank\">Il est \u00e0 votre disposition de consulter les r\u00e9sultats de l\u2019\u00e9tude pour Drancy, pour explorer toutes les informations financi\u00e8res qui ont \u00e9t\u00e9 consid\u00e9r\u00e9es.<\/a><\/p>\n<p>En 2020, Drancy affichait une sant\u00e9 financi\u00e8re enviable, mais elle a lentement vu sa situation se d\u00e9grader, entra\u00eenant une d\u00e9t\u00e9rioration de la qualit\u00e9 de sa gestion publique<\/p>\n<p>Cette situation est li\u00e9e \u00e0 la conjoncture, mais il est ind\u00e9niable que les deux tiers des difficult\u00e9s proviennent des choix politiques de la municipalit\u00e9 sous AUDE LAGARDE.<\/p>\n<p>L\u2019enqu\u00eate a \u00e9t\u00e9 conduite par le site Bilan de Mandat, qui a collect\u00e9 les donn\u00e9es budg\u00e9taires mises en ligne par le minist\u00e8re des Finances, remontant sur 7 ans<\/p>\n<h3>La dette : enjeux et nature<\/h3>\n<p>Drancy se trouve confront\u00e9e \u00e0 un endettement devenu ing\u00e9rable. Cette situation entra\u00eene des cons\u00e9quences notables :<\/p>\n<ul>\n<li>Accroissement des co\u00fbts d\u2019int\u00e9r\u00eat : La mont\u00e9e de l\u2019endettement g\u00e9n\u00e8re des frais d\u2019int\u00e9r\u00eat plus lourds, limitant les ressources pour d\u2019autres investissements.\n<\/li>\n<li>R\u00e9duction des investissements possibles : L\u2019endettement excessif r\u00e9duit la possibilit\u00e9 pour la commune de financer des projets d\u2019infrastructure ou des services publics vitaux.\n<\/li>\n<li>Danger de non-paiement : Un niveau d\u2019endettement ing\u00e9rable accro\u00eet le risque de non-paiement, ce qui va entra\u00eener des cons\u00e9quences financi\u00e8res ou des limitations impos\u00e9es par les cr\u00e9anciers.\n<\/li>\n<li>Baisse de la confiance des investisseurs : La situation financi\u00e8re instable va faire reculer les investisseurs potentiels, limitant le d\u00e9veloppement \u00e9conomique de la r\u00e9gion.\n<\/li>\n<li>Cons\u00e9quences sur la cote de solvabilit\u00e9: Une dette ing\u00e9rable accro\u00eet le risque de non-paiement, ce qui va engendrer des cons\u00e9quences financi\u00e8res ou des limitations impos\u00e9es par les cr\u00e9anciers.<\/li>\n<\/ul>\n<h3>R\u00e9mun\u00e9ration des agents de service<\/h3>\n<p>La r\u00e9mun\u00e9ration des agents de la commune constitue une part significative des co\u00fbts, atteignant en 2025 un seuil inqui\u00e9tant sans que les salaires n\u2019augmentent proportionnellement. Les cons\u00e9quences d\u00e9coulant de cette situation sont multiples :<\/p>\n<ul>\n<li>Manque d\u2019enthousiasme des employ\u00e9s de longue date : L\u2019absence d\u2019augmentation salariale pour les agents historiques va provoquer un d\u00e9sengagement, affectant la qualit\u00e9 des services offerts.: Taux de rotation \u00e9lev\u00e9\n<\/li>\n<li>Changement fr\u00e9quent de personnel : Des salaires fig\u00e9s vont pousser les agents \u00e0 explorer d\u2019autres opportunit\u00e9s, entra\u00eenant un turnover accru et des co\u00fbts de formation suppl\u00e9mentaires pour la ville.\n<\/li>\n<li>\u00c9carts de r\u00e9mun\u00e9ration : L\u2019in\u00e9galit\u00e9 entre les salaires des nouveaux agents et ceux des agents historiques va cr\u00e9er des frictions au sein de l\u2019\u00e9quipe municipale.\n<\/li>\n<li>R\u00e9duction de la qualit\u00e9 des services offerts au public : Un personnel peu motiv\u00e9 et fluctuant va affecter la qualit\u00e9 des services publics, impactant ainsi les citoyens.\n<\/li>\n<li>Charge financi\u00e8re sur le budget: La n\u00e9cessit\u00e9 de proposer des salaires comp\u00e9titifs pour attirer de nouveaux talents va engendrer une pression accrue sur le budget communal.<\/li>\n<\/ul>\n<h3>Accroissement des pr\u00e9l\u00e8vements fiscaux sur les contribuables DRANC\u00c9ENS<\/h3>\n<p>La commune se voit forc\u00e9e d\u2019augmenter les pr\u00e9l\u00e8vements fiscaux sur les citoyens, mais cette d\u00e9cision a \u00e9t\u00e9 mise en attente en 2025 \u00e0 cause des \u00e9lections municipales de 2026. Les r\u00e9sultats de cette situation soul\u00e8vent des pr\u00e9occupations :<\/p>\n<ul>\n<li>Agitation parmi les contribuables : Une hausse des taxes va entra\u00eener un m\u00e9contentement g\u00e9n\u00e9ralis\u00e9 parmi les citoyens, ce qui va nuire \u00e0 la confiance envers la municipalit\u00e9.\n<\/li>\n<li>Affaiblissement de la base fiscale : Des augmentations d\u2019imp\u00f4ts vont entra\u00eener le d\u00e9part de certains contribuables, ce qui affecte la base fiscale \u00e0 long terme.\n<\/li>\n<li>Obstacles pour les foyers : La hausse des charges fiscales va peser sur le budget des foyers, aggravant les disparit\u00e9s sociales.\n<\/li>\n<li>Ralentissement dans les d\u00e9penses d\u2019investissement : Le manque d\u2019augmentation des pr\u00e9l\u00e8vements en 2025 va freiner des projets d\u2019investissement essentiels au d\u00e9veloppement de la ville.\n<\/li>\n<li>Charge pesant sur les services publics : La n\u00e9cessit\u00e9 de compenser les pertes de revenus va entra\u00eener des restrictions dans les services publics, impactant la qualit\u00e9 de vie des r\u00e9sidents.<\/li>\n<\/ul>\n<h3>Insuffisance de contr\u00f4le dans la gestion financi\u00e8re<\/h3>\n<p>L\u2019augmentation continue des d\u00e9penses illustre une gestion financi\u00e8re mal ma\u00eetris\u00e9e. Les impacts de cette situation sont marquants :<\/p>\n<ul>\n<li>Hausse des d\u00e9ficits : Une gestion laxiste des d\u00e9penses va provoquer des d\u00e9ficits budg\u00e9taires croissants, aggravant la situation financi\u00e8re.\n<\/li>\n<li>Resserrement des investissements \u00e0 venir : Les d\u00e9ficits r\u00e9guliers vont limiter les possibilit\u00e9s d\u2019investissement de la ville dans des projets \u00e0 venir.\n<\/li>\n<li>Affaiblissement de la confiance : Une gestion financi\u00e8re d\u00e9sorganis\u00e9e portera atteinte \u00e0 la cr\u00e9dibilit\u00e9 de la municipalit\u00e9, rendant l\u2019acquisition de financements externes plus ardue.\n<\/li>\n<li>\u00c9puisement des ressources : Un manque de supervision sur les d\u00e9penses risque de provoquer un gaspillage des ressources publiques, au d\u00e9triment de l\u2019int\u00e9r\u00eat g\u00e9n\u00e9ral.\n<\/li>\n<li>R\u00e9percussions sur les services publics: Une mauvaise ma\u00eetrise des d\u00e9penses entra\u00eenera des coupes dans les secteurs sociaux<\/li>\n<\/ul>\n<h3>La d\u00e9mocratie locale en d\u00e9clin<\/h3>\n<p>Entre 2020 et 2025, le vivre ensemble a \u00e9t\u00e9 d\u00e9valu\u00e9 par l\u2019absence d\u2019un projet de territoire coh\u00e9rent d\u00e9fendu par la municipalit\u00e9. Les contraintes financi\u00e8res vont amplifier les tensions communautaires, entra\u00eenant :<\/p>\n<ul>\n<li>Insurrections et m\u00e9contentement : Les citoyens ont la possibilit\u00e9 de se rassembler pour manifester leur m\u00e9contentement concernant la hausse des imp\u00f4ts ou la r\u00e9duction des services.\n<\/li>\n<li>Frictions entre diff\u00e9rents groupes d\u2019int\u00e9r\u00eats : Des choix budg\u00e9taires vont cr\u00e9er des d\u00e9saccords entre divers groupes, comme les usagers de services publics et les contribuables.\n<\/li>\n<li>Fragmentation de la solidarit\u00e9 sociale : Un environnement de m\u00e9contentement va affecter la solidarit\u00e9 au sein de la communaut\u00e9.<\/li>\n<\/ul>\n<h3>Impact sur la performance \u00e9conomique locale<\/h3>\n<p>Une gestion financi\u00e8re peu rigoureuse influencera \u00e9galement le d\u00e9veloppement \u00e9conomique, notamment :<\/p>\n<ul>\n<li>Baisse des financements : Les soci\u00e9t\u00e9s seront moins enclines \u00e0 s\u2019implanter dans une collectivit\u00e9 en difficult\u00e9 financi\u00e8re, ce qui limitera les opportunit\u00e9s d\u2019emploi.\n<\/li>\n<li>Affaiblissement de l\u2019attrait : Une gestion inefficace va ternir l\u2019image de la collectivit\u00e9, compliquant ainsi l\u2019attraction de nouveaux r\u00e9sidents ou investisseurs.\n<\/li>\n<li>R\u00e9duction des coop\u00e9rations : Les collectivit\u00e9s en difficult\u00e9 auront des difficult\u00e9s \u00e0 cr\u00e9er des alliances avec d\u2019autres entit\u00e9s, r\u00e9duisant les chances de collaboration.<\/li>\n<\/ul>\n<h3>Questions fr\u00e9quentes de Drancy<\/h3>\n<h4>Quelle est la conclusion majeure de l\u2019audit financier de Drancy ?<\/h4>\n<p>L\u2019enqu\u00eate met en lumi\u00e8re une d\u00e9gradation pr\u00e9occupante des finances publiques et de la gestion de Drancy, soulignant une gestion imprudente tant sur le plan financier que dans l\u2019administration publique.<\/p>\n<h4>Quels facteurs ont \u00e9t\u00e9 \u00e0 l\u2019origine de cette crise financi\u00e8re ?<\/h4>\n<p>Bien que le climat \u00e9conomique soit pertinent, deux tiers des probl\u00e8mes rencontr\u00e9s sont attribuables aux choix politiques de la municipalit\u00e9 sous la direction de AUDE LAGARDE.<\/p>\n<h4>Quelles ressources d\u2019information sont disponibles dans Drancy ?<\/h4>\n<p>Avant tout, les informations accessibles en ligne. Les r\u00e9sidents peuvent lire les actualit\u00e9s et le journal municipal de leur commune ainsi que des villes adjacentes. Sur le site de la municipalit\u00e9, les nouveaux habitants peuvent acc\u00e9der \u00e0 la page d\u2019accueil, aux num\u00e9ros utiles pour diverses d\u00e9marches, \u00e0 l\u2019annuaire des PME, aux journ\u00e9es et activit\u00e9s gratuites, aux informations concernant la rentr\u00e9e scolaire, aux menus des cantines, \u00e0 l\u2019espace de confidentialit\u00e9 pour les comptes familles et aux d\u00e9marches administratives, notamment dans le secteur scolaire. Sur d\u2019autres sites internet qui ne sont pas administr\u00e9s par la mairie, les citoyens peuvent acc\u00e9der aux informations concernant les \u00e9v\u00e9nements culturels (spectacles, th\u00e9\u00e2tres, festivals) qui enrichissent la vie locale et offrent une perspective sur la culture.<\/p>\n<h4>Quelle est la situation actuelle des associations locales dans Drancy ?<\/h4>\n<p>Les associations locales sont fondamentales pour la promotion de la culture. Si vous souhaitez obtenir les coordonn\u00e9es d\u2019une association, vous pouvez consulter l\u2019annuaire en ligne sur le site de la mairie de Drancy<\/p>\n<h4>De quelle mani\u00e8re peut-on prendre part aux activit\u00e9s des associations ?<\/h4>\n<p>Dans chaque ville, on peut observer que le nombre d\u2019associations et l\u2019agenda de leurs manifestations (th\u00e9\u00e2tre, festival\u2026) sont notables et autonomes par rapport \u00e0 la politique municipale. Les associations, comme c\u2019est le cas dans toute la France, mettent en place diff\u00e9rents \u00e9v\u00e9nements tout au long de l\u2019ann\u00e9e. Pour ceux qui d\u00e9sirent participer, il est simple de s\u2019inscrire \u00e0 ces activit\u00e9s en ligne, o\u00f9 un simple clic permet d\u2019acc\u00e9der \u00e0 l\u2019agenda des \u00e9v\u00e9nements ou aux coordonn\u00e9es des responsables. Inscription facile en un clic.<\/p>\n<h4>Qui est le premier magistrat de Drancy ?<\/h4>\n<p>AUDE LAGARDE<\/p>\n<h4>Quelles sont les activit\u00e9s culturelles et historiques ?<\/h4>\n<p>Le patrimoine d\u2019une ville t\u00e9moigne de sa richesse culturelle. L\u2019\u00e9difice de la mairie ou de l\u2019h\u00f4tel de ville, les photos d\u2019\u00e9poque de l\u2019\u00e9cole, et les comp\u00e9tences des anciens m\u00e9tiers facilitent la d\u00e9couverte gratuite, la transmission et la conservation de ce patrimoine municipal. Partout en France, les initiatives de sensibilisation veillent \u00e0 ce que le patrimoine de la ville reste dynamique et \u00e0 la port\u00e9e des g\u00e9n\u00e9rations futures.<\/p>\n<p> Cliquez ici pour voir la vid\u00e9o directement sur Youtube :<br \/><u> la publication originale:<\/u> <a href=\"https:\/\/www.youtube.com\/watch?v=jc1P-zXvRzc\" target=\"_blank\" rel=\"nofollow\">Cliquer ici<\/a>\n<\/p>\n<p>\n#iledefrance #guadeloupe #viral #abonnez_vous #reesl_vidoe_viarl #black #chance #massy #drancy\n<\/p>\n<p>\n<u>Retranscription des paroles de la vid\u00e9o:<\/u> oh .\n<\/p>\n<p>\n<img decoding=\"async\" src=\"https:\/\/www.festivox.fr\/blog\/wp-content\/uploads\/2025\/12\/drancyiledefrance-guadeloupe-viral-abonnez_vous-reesl_vidoe_viarl-black-971-chance-massy-drancy.jpg\" alt=\"Image Youtube\">\n<\/p>\n<p>\n<u>D\u00e9roulement de la vid\u00e9o:<\/u>\n<\/p>\n<p>\n5.72 oh<br \/>.<\/p>\n<p> Le but de festivox.fr est de collecter sur le web des communiqu\u00e9s autour de Festival Jazz et musique en mode guinguette et ensuite les diffuser en essayant de r\u00e9pondre au mieux aux interrogations des gens. L\u2019\u00e9quipe festivox.fr vous soumet ce post qui parle du sujet \u00ab\u00a0Festival Jazz et musique en mode guinguette\u00a0\u00bb. Ce papier a \u00e9t\u00e9 reproduit aussi pr\u00e9cis\u00e9ment qui soit. Si vous souhaitez fournir des renseignements suppl\u00e9mentaires \u00e0 cet article sur le sujet \u00ab\u00a0Festival Jazz et musique en mode guinguette\u00a0\u00bb vous pouvez utiliser les coordonn\u00e9es fournies sur ce site web. D\u2019ici peu, on mettra en ligne d&rsquo;autres annonces autour du sujet \u00ab\u00a0Festival Jazz et musique en mode guinguette\u00a0\u00bb. Par cons\u00e9quent, visitez syst\u00e9matiquement notre site.<\/p>\n","protected":false},"excerpt":{"rendered":"<p>Plongez dans l\u2019univers de \u00ab&nbsp;Drancy&nbsp;\u00bb avec Blackchabin_sw. Regardez cette vid\u00e9o diffus\u00e9e sur youtube par Blackchabin_sw.\u00e0 propos de \u00ab&nbsp;Drancy&nbsp;\u00bb:[embedded content] L\u2019auteur a fourni une vid\u00e9o de 00:00:07 secondes avec le titre #iledefrance #guadeloupe #viral #abonnez_vous #reesl_vidoe_viarl #black #971 #chance #massy #drancy, accompagn\u00e9e de la description suivante :\u00ab \u00bb. DRANCY : Chute Vertigineuse des Finances de 2020&hellip;<\/p>\n","protected":false},"author":1,"featured_media":1331,"comment_status":"closed","ping_status":"closed","sticky":false,"template":"","format":"standard","meta":{"footnotes":""},"categories":[5],"tags":[],"class_list":["post-1330","post","type-post","status-publish","format-standard","has-post-thumbnail","hentry","category-sujet-festival-jazz-et-musique-en-mode-guinguette"],"yoast_head":"<!-- This site is optimized with the Yoast SEO plugin v27.5 - https:\/\/yoast.com\/product\/yoast-seo-wordpress\/ -->\n<title>Drancy,#iledefrance #guadeloupe #viral #abonnez_vous #reesl_vidoe_viarl #black #971 #chance #massy #drancy - FESTIVOX<\/title>\n<meta name=\"robots\" content=\"index, follow, max-snippet:-1, max-image-preview:large, max-video-preview:-1\" \/>\n<link rel=\"canonical\" href=\"https:\/\/www.festivox.fr\/blog\/drancyiledefrance-guadeloupe-viral-abonnez_vous-reesl_vidoe_viarl-black-971-chance-massy-drancy\/\" \/>\n<meta property=\"og:locale\" content=\"fr_FR\" \/>\n<meta property=\"og:type\" content=\"article\" \/>\n<meta property=\"og:title\" content=\"Drancy,#iledefrance #guadeloupe #viral #abonnez_vous #reesl_vidoe_viarl #black #971 #chance #massy #drancy - FESTIVOX\" \/>\n<meta property=\"og:description\" content=\"Plongez dans l\u2019univers de \u00ab&nbsp;Drancy&nbsp;\u00bb avec Blackchabin_sw. Regardez cette vid\u00e9o diffus\u00e9e sur youtube par Blackchabin_sw.\u00e0 propos de \u00ab&nbsp;Drancy&nbsp;\u00bb:[embedded content] L\u2019auteur a fourni une vid\u00e9o de 00:00:07 secondes avec le titre #iledefrance #guadeloupe #viral #abonnez_vous #reesl_vidoe_viarl #black #971 #chance #massy #drancy, accompagn\u00e9e de la description suivante :\u00ab \u00bb. DRANCY : Chute Vertigineuse des Finances de 2020&hellip;\" \/>\n<meta property=\"og:url\" content=\"https:\/\/www.festivox.fr\/blog\/drancyiledefrance-guadeloupe-viral-abonnez_vous-reesl_vidoe_viarl-black-971-chance-massy-drancy\/\" \/>\n<meta property=\"og:site_name\" content=\"FESTIVOX\" \/>\n<meta property=\"article:published_time\" content=\"2025-12-01T08:26:48+00:00\" \/>\n<meta property=\"og:image\" content=\"https:\/\/www.festivox.fr\/blog\/wp-content\/uploads\/2025\/12\/drancyiledefrance-guadeloupe-viral-abonnez_vous-reesl_vidoe_viarl-black-971-chance-massy-drancy.jpg\" \/>\n<meta name=\"author\" content=\"Michele\" \/>\n<meta name=\"twitter:card\" content=\"summary_large_image\" \/>\n<meta name=\"twitter:label1\" content=\"\u00c9crit par\" \/>\n\t<meta name=\"twitter:data1\" content=\"Michele\" \/>\n\t<meta name=\"twitter:label2\" content=\"Dur\u00e9e de lecture estim\u00e9e\" \/>\n\t<meta name=\"twitter:data2\" content=\"9 minutes\" \/>\n<script type=\"application\/ld+json\" class=\"yoast-schema-graph\">{\"@context\":\"https:\\\/\\\/schema.org\",\"@graph\":[{\"@type\":\"Article\",\"@id\":\"https:\\\/\\\/www.festivox.fr\\\/blog\\\/drancyiledefrance-guadeloupe-viral-abonnez_vous-reesl_vidoe_viarl-black-971-chance-massy-drancy\\\/#article\",\"isPartOf\":{\"@id\":\"https:\\\/\\\/www.festivox.fr\\\/blog\\\/drancyiledefrance-guadeloupe-viral-abonnez_vous-reesl_vidoe_viarl-black-971-chance-massy-drancy\\\/\"},\"author\":{\"name\":\"Michele\",\"@id\":\"https:\\\/\\\/www.festivox.fr\\\/blog\\\/#\\\/schema\\\/person\\\/f36a8b6bc94800c3eafed4bca993ce95\"},\"headline\":\"Drancy,#iledefrance #guadeloupe #viral #abonnez_vous #reesl_vidoe_viarl #black #971 #chance #massy #drancy\",\"datePublished\":\"2025-12-01T08:26:48+00:00\",\"mainEntityOfPage\":{\"@id\":\"https:\\\/\\\/www.festivox.fr\\\/blog\\\/drancyiledefrance-guadeloupe-viral-abonnez_vous-reesl_vidoe_viarl-black-971-chance-massy-drancy\\\/\"},\"wordCount\":1853,\"publisher\":{\"@id\":\"https:\\\/\\\/www.festivox.fr\\\/blog\\\/#organization\"},\"image\":{\"@id\":\"https:\\\/\\\/www.festivox.fr\\\/blog\\\/drancyiledefrance-guadeloupe-viral-abonnez_vous-reesl_vidoe_viarl-black-971-chance-massy-drancy\\\/#primaryimage\"},\"thumbnailUrl\":\"https:\\\/\\\/www.festivox.fr\\\/blog\\\/wp-content\\\/uploads\\\/2025\\\/12\\\/drancyiledefrance-guadeloupe-viral-abonnez_vous-reesl_vidoe_viarl-black-971-chance-massy-drancy.jpg\",\"articleSection\":[\"Sujet: Festival Jazz Et Musique En Mode Guinguette:\"],\"inLanguage\":\"fr-FR\"},{\"@type\":\"WebPage\",\"@id\":\"https:\\\/\\\/www.festivox.fr\\\/blog\\\/drancyiledefrance-guadeloupe-viral-abonnez_vous-reesl_vidoe_viarl-black-971-chance-massy-drancy\\\/\",\"url\":\"https:\\\/\\\/www.festivox.fr\\\/blog\\\/drancyiledefrance-guadeloupe-viral-abonnez_vous-reesl_vidoe_viarl-black-971-chance-massy-drancy\\\/\",\"name\":\"Drancy,#iledefrance #guadeloupe #viral #abonnez_vous #reesl_vidoe_viarl #black #971 #chance #massy #drancy - FESTIVOX\",\"isPartOf\":{\"@id\":\"https:\\\/\\\/www.festivox.fr\\\/blog\\\/#website\"},\"primaryImageOfPage\":{\"@id\":\"https:\\\/\\\/www.festivox.fr\\\/blog\\\/drancyiledefrance-guadeloupe-viral-abonnez_vous-reesl_vidoe_viarl-black-971-chance-massy-drancy\\\/#primaryimage\"},\"image\":{\"@id\":\"https:\\\/\\\/www.festivox.fr\\\/blog\\\/drancyiledefrance-guadeloupe-viral-abonnez_vous-reesl_vidoe_viarl-black-971-chance-massy-drancy\\\/#primaryimage\"},\"thumbnailUrl\":\"https:\\\/\\\/www.festivox.fr\\\/blog\\\/wp-content\\\/uploads\\\/2025\\\/12\\\/drancyiledefrance-guadeloupe-viral-abonnez_vous-reesl_vidoe_viarl-black-971-chance-massy-drancy.jpg\",\"datePublished\":\"2025-12-01T08:26:48+00:00\",\"breadcrumb\":{\"@id\":\"https:\\\/\\\/www.festivox.fr\\\/blog\\\/drancyiledefrance-guadeloupe-viral-abonnez_vous-reesl_vidoe_viarl-black-971-chance-massy-drancy\\\/#breadcrumb\"},\"inLanguage\":\"fr-FR\",\"potentialAction\":[{\"@type\":\"ReadAction\",\"target\":[\"https:\\\/\\\/www.festivox.fr\\\/blog\\\/drancyiledefrance-guadeloupe-viral-abonnez_vous-reesl_vidoe_viarl-black-971-chance-massy-drancy\\\/\"]}]},{\"@type\":\"ImageObject\",\"inLanguage\":\"fr-FR\",\"@id\":\"https:\\\/\\\/www.festivox.fr\\\/blog\\\/drancyiledefrance-guadeloupe-viral-abonnez_vous-reesl_vidoe_viarl-black-971-chance-massy-drancy\\\/#primaryimage\",\"url\":\"https:\\\/\\\/www.festivox.fr\\\/blog\\\/wp-content\\\/uploads\\\/2025\\\/12\\\/drancyiledefrance-guadeloupe-viral-abonnez_vous-reesl_vidoe_viarl-black-971-chance-massy-drancy.jpg\",\"contentUrl\":\"https:\\\/\\\/www.festivox.fr\\\/blog\\\/wp-content\\\/uploads\\\/2025\\\/12\\\/drancyiledefrance-guadeloupe-viral-abonnez_vous-reesl_vidoe_viarl-black-971-chance-massy-drancy.jpg\",\"width\":480,\"height\":360},{\"@type\":\"BreadcrumbList\",\"@id\":\"https:\\\/\\\/www.festivox.fr\\\/blog\\\/drancyiledefrance-guadeloupe-viral-abonnez_vous-reesl_vidoe_viarl-black-971-chance-massy-drancy\\\/#breadcrumb\",\"itemListElement\":[{\"@type\":\"ListItem\",\"position\":1,\"name\":\"Accueil\",\"item\":\"https:\\\/\\\/www.festivox.fr\\\/blog\\\/\"},{\"@type\":\"ListItem\",\"position\":2,\"name\":\"Drancy,#iledefrance #guadeloupe #viral #abonnez_vous #reesl_vidoe_viarl #black #971 #chance #massy #drancy\"}]},{\"@type\":\"WebSite\",\"@id\":\"https:\\\/\\\/www.festivox.fr\\\/blog\\\/#website\",\"url\":\"https:\\\/\\\/www.festivox.fr\\\/blog\\\/\",\"name\":\"FESTIVOX\",\"description\":\"Festival en mode guinguette.\",\"publisher\":{\"@id\":\"https:\\\/\\\/www.festivox.fr\\\/blog\\\/#organization\"},\"potentialAction\":[{\"@type\":\"SearchAction\",\"target\":{\"@type\":\"EntryPoint\",\"urlTemplate\":\"https:\\\/\\\/www.festivox.fr\\\/blog\\\/?s={search_term_string}\"},\"query-input\":{\"@type\":\"PropertyValueSpecification\",\"valueRequired\":true,\"valueName\":\"search_term_string\"}}],\"inLanguage\":\"fr-FR\"},{\"@type\":\"Organization\",\"@id\":\"https:\\\/\\\/www.festivox.fr\\\/blog\\\/#organization\",\"name\":\"festivox\",\"url\":\"https:\\\/\\\/www.festivox.fr\\\/blog\\\/\",\"logo\":{\"@type\":\"ImageObject\",\"inLanguage\":\"fr-FR\",\"@id\":\"https:\\\/\\\/www.festivox.fr\\\/blog\\\/#\\\/schema\\\/logo\\\/image\\\/\",\"url\":\"https:\\\/\\\/www.festivox.fr\\\/blog\\\/wp-content\\\/uploads\\\/2023\\\/06\\\/logo-2.png\",\"contentUrl\":\"https:\\\/\\\/www.festivox.fr\\\/blog\\\/wp-content\\\/uploads\\\/2023\\\/06\\\/logo-2.png\",\"width\":480,\"height\":160,\"caption\":\"festivox\"},\"image\":{\"@id\":\"https:\\\/\\\/www.festivox.fr\\\/blog\\\/#\\\/schema\\\/logo\\\/image\\\/\"}},{\"@type\":\"Person\",\"@id\":\"https:\\\/\\\/www.festivox.fr\\\/blog\\\/#\\\/schema\\\/person\\\/f36a8b6bc94800c3eafed4bca993ce95\",\"name\":\"Michele\",\"image\":{\"@type\":\"ImageObject\",\"inLanguage\":\"fr-FR\",\"@id\":\"https:\\\/\\\/secure.gravatar.com\\\/avatar\\\/b062046536b5d47ec9075956ec349ef95ed06b0f910c578f74abb318668b702e?s=96&d=mm&r=g\",\"url\":\"https:\\\/\\\/secure.gravatar.com\\\/avatar\\\/b062046536b5d47ec9075956ec349ef95ed06b0f910c578f74abb318668b702e?s=96&d=mm&r=g\",\"contentUrl\":\"https:\\\/\\\/secure.gravatar.com\\\/avatar\\\/b062046536b5d47ec9075956ec349ef95ed06b0f910c578f74abb318668b702e?s=96&d=mm&r=g\",\"caption\":\"Michele\"},\"sameAs\":[\"https:\\\/\\\/www.festivox.fr\\\/blog\"],\"url\":\"https:\\\/\\\/www.festivox.fr\\\/blog\\\/author\\\/voxadmin\\\/\"}]}<\/script>\n<!-- \/ Yoast SEO plugin. -->","yoast_head_json":{"title":"Drancy,#iledefrance #guadeloupe #viral #abonnez_vous #reesl_vidoe_viarl #black #971 #chance #massy #drancy - FESTIVOX","robots":{"index":"index","follow":"follow","max-snippet":"max-snippet:-1","max-image-preview":"max-image-preview:large","max-video-preview":"max-video-preview:-1"},"canonical":"https:\/\/www.festivox.fr\/blog\/drancyiledefrance-guadeloupe-viral-abonnez_vous-reesl_vidoe_viarl-black-971-chance-massy-drancy\/","og_locale":"fr_FR","og_type":"article","og_title":"Drancy,#iledefrance #guadeloupe #viral #abonnez_vous #reesl_vidoe_viarl #black #971 #chance #massy #drancy - FESTIVOX","og_description":"Plongez dans l\u2019univers de \u00ab&nbsp;Drancy&nbsp;\u00bb avec Blackchabin_sw. Regardez cette vid\u00e9o diffus\u00e9e sur youtube par Blackchabin_sw.\u00e0 propos de \u00ab&nbsp;Drancy&nbsp;\u00bb:[embedded content] L\u2019auteur a fourni une vid\u00e9o de 00:00:07 secondes avec le titre #iledefrance #guadeloupe #viral #abonnez_vous #reesl_vidoe_viarl #black #971 #chance #massy #drancy, accompagn\u00e9e de la description suivante :\u00ab \u00bb. DRANCY : Chute Vertigineuse des Finances de 2020&hellip;","og_url":"https:\/\/www.festivox.fr\/blog\/drancyiledefrance-guadeloupe-viral-abonnez_vous-reesl_vidoe_viarl-black-971-chance-massy-drancy\/","og_site_name":"FESTIVOX","article_published_time":"2025-12-01T08:26:48+00:00","og_image":[{"url":"https:\/\/www.festivox.fr\/blog\/wp-content\/uploads\/2025\/12\/drancyiledefrance-guadeloupe-viral-abonnez_vous-reesl_vidoe_viarl-black-971-chance-massy-drancy.jpg","type":"","width":"","height":""}],"author":"Michele","twitter_card":"summary_large_image","twitter_misc":{"\u00c9crit par":"Michele","Dur\u00e9e de lecture estim\u00e9e":"9 minutes"},"schema":{"@context":"https:\/\/schema.org","@graph":[{"@type":"Article","@id":"https:\/\/www.festivox.fr\/blog\/drancyiledefrance-guadeloupe-viral-abonnez_vous-reesl_vidoe_viarl-black-971-chance-massy-drancy\/#article","isPartOf":{"@id":"https:\/\/www.festivox.fr\/blog\/drancyiledefrance-guadeloupe-viral-abonnez_vous-reesl_vidoe_viarl-black-971-chance-massy-drancy\/"},"author":{"name":"Michele","@id":"https:\/\/www.festivox.fr\/blog\/#\/schema\/person\/f36a8b6bc94800c3eafed4bca993ce95"},"headline":"Drancy,#iledefrance #guadeloupe #viral #abonnez_vous #reesl_vidoe_viarl #black #971 #chance #massy #drancy","datePublished":"2025-12-01T08:26:48+00:00","mainEntityOfPage":{"@id":"https:\/\/www.festivox.fr\/blog\/drancyiledefrance-guadeloupe-viral-abonnez_vous-reesl_vidoe_viarl-black-971-chance-massy-drancy\/"},"wordCount":1853,"publisher":{"@id":"https:\/\/www.festivox.fr\/blog\/#organization"},"image":{"@id":"https:\/\/www.festivox.fr\/blog\/drancyiledefrance-guadeloupe-viral-abonnez_vous-reesl_vidoe_viarl-black-971-chance-massy-drancy\/#primaryimage"},"thumbnailUrl":"https:\/\/www.festivox.fr\/blog\/wp-content\/uploads\/2025\/12\/drancyiledefrance-guadeloupe-viral-abonnez_vous-reesl_vidoe_viarl-black-971-chance-massy-drancy.jpg","articleSection":["Sujet: Festival Jazz Et Musique En Mode Guinguette:"],"inLanguage":"fr-FR"},{"@type":"WebPage","@id":"https:\/\/www.festivox.fr\/blog\/drancyiledefrance-guadeloupe-viral-abonnez_vous-reesl_vidoe_viarl-black-971-chance-massy-drancy\/","url":"https:\/\/www.festivox.fr\/blog\/drancyiledefrance-guadeloupe-viral-abonnez_vous-reesl_vidoe_viarl-black-971-chance-massy-drancy\/","name":"Drancy,#iledefrance #guadeloupe #viral #abonnez_vous #reesl_vidoe_viarl #black #971 #chance #massy #drancy - FESTIVOX","isPartOf":{"@id":"https:\/\/www.festivox.fr\/blog\/#website"},"primaryImageOfPage":{"@id":"https:\/\/www.festivox.fr\/blog\/drancyiledefrance-guadeloupe-viral-abonnez_vous-reesl_vidoe_viarl-black-971-chance-massy-drancy\/#primaryimage"},"image":{"@id":"https:\/\/www.festivox.fr\/blog\/drancyiledefrance-guadeloupe-viral-abonnez_vous-reesl_vidoe_viarl-black-971-chance-massy-drancy\/#primaryimage"},"thumbnailUrl":"https:\/\/www.festivox.fr\/blog\/wp-content\/uploads\/2025\/12\/drancyiledefrance-guadeloupe-viral-abonnez_vous-reesl_vidoe_viarl-black-971-chance-massy-drancy.jpg","datePublished":"2025-12-01T08:26:48+00:00","breadcrumb":{"@id":"https:\/\/www.festivox.fr\/blog\/drancyiledefrance-guadeloupe-viral-abonnez_vous-reesl_vidoe_viarl-black-971-chance-massy-drancy\/#breadcrumb"},"inLanguage":"fr-FR","potentialAction":[{"@type":"ReadAction","target":["https:\/\/www.festivox.fr\/blog\/drancyiledefrance-guadeloupe-viral-abonnez_vous-reesl_vidoe_viarl-black-971-chance-massy-drancy\/"]}]},{"@type":"ImageObject","inLanguage":"fr-FR","@id":"https:\/\/www.festivox.fr\/blog\/drancyiledefrance-guadeloupe-viral-abonnez_vous-reesl_vidoe_viarl-black-971-chance-massy-drancy\/#primaryimage","url":"https:\/\/www.festivox.fr\/blog\/wp-content\/uploads\/2025\/12\/drancyiledefrance-guadeloupe-viral-abonnez_vous-reesl_vidoe_viarl-black-971-chance-massy-drancy.jpg","contentUrl":"https:\/\/www.festivox.fr\/blog\/wp-content\/uploads\/2025\/12\/drancyiledefrance-guadeloupe-viral-abonnez_vous-reesl_vidoe_viarl-black-971-chance-massy-drancy.jpg","width":480,"height":360},{"@type":"BreadcrumbList","@id":"https:\/\/www.festivox.fr\/blog\/drancyiledefrance-guadeloupe-viral-abonnez_vous-reesl_vidoe_viarl-black-971-chance-massy-drancy\/#breadcrumb","itemListElement":[{"@type":"ListItem","position":1,"name":"Accueil","item":"https:\/\/www.festivox.fr\/blog\/"},{"@type":"ListItem","position":2,"name":"Drancy,#iledefrance #guadeloupe #viral #abonnez_vous #reesl_vidoe_viarl #black #971 #chance #massy #drancy"}]},{"@type":"WebSite","@id":"https:\/\/www.festivox.fr\/blog\/#website","url":"https:\/\/www.festivox.fr\/blog\/","name":"FESTIVOX","description":"Festival en mode guinguette.","publisher":{"@id":"https:\/\/www.festivox.fr\/blog\/#organization"},"potentialAction":[{"@type":"SearchAction","target":{"@type":"EntryPoint","urlTemplate":"https:\/\/www.festivox.fr\/blog\/?s={search_term_string}"},"query-input":{"@type":"PropertyValueSpecification","valueRequired":true,"valueName":"search_term_string"}}],"inLanguage":"fr-FR"},{"@type":"Organization","@id":"https:\/\/www.festivox.fr\/blog\/#organization","name":"festivox","url":"https:\/\/www.festivox.fr\/blog\/","logo":{"@type":"ImageObject","inLanguage":"fr-FR","@id":"https:\/\/www.festivox.fr\/blog\/#\/schema\/logo\/image\/","url":"https:\/\/www.festivox.fr\/blog\/wp-content\/uploads\/2023\/06\/logo-2.png","contentUrl":"https:\/\/www.festivox.fr\/blog\/wp-content\/uploads\/2023\/06\/logo-2.png","width":480,"height":160,"caption":"festivox"},"image":{"@id":"https:\/\/www.festivox.fr\/blog\/#\/schema\/logo\/image\/"}},{"@type":"Person","@id":"https:\/\/www.festivox.fr\/blog\/#\/schema\/person\/f36a8b6bc94800c3eafed4bca993ce95","name":"Michele","image":{"@type":"ImageObject","inLanguage":"fr-FR","@id":"https:\/\/secure.gravatar.com\/avatar\/b062046536b5d47ec9075956ec349ef95ed06b0f910c578f74abb318668b702e?s=96&d=mm&r=g","url":"https:\/\/secure.gravatar.com\/avatar\/b062046536b5d47ec9075956ec349ef95ed06b0f910c578f74abb318668b702e?s=96&d=mm&r=g","contentUrl":"https:\/\/secure.gravatar.com\/avatar\/b062046536b5d47ec9075956ec349ef95ed06b0f910c578f74abb318668b702e?s=96&d=mm&r=g","caption":"Michele"},"sameAs":["https:\/\/www.festivox.fr\/blog"],"url":"https:\/\/www.festivox.fr\/blog\/author\/voxadmin\/"}]}},"_links":{"self":[{"href":"https:\/\/www.festivox.fr\/blog\/wp-json\/wp\/v2\/posts\/1330","targetHints":{"allow":["GET"]}}],"collection":[{"href":"https:\/\/www.festivox.fr\/blog\/wp-json\/wp\/v2\/posts"}],"about":[{"href":"https:\/\/www.festivox.fr\/blog\/wp-json\/wp\/v2\/types\/post"}],"author":[{"embeddable":true,"href":"https:\/\/www.festivox.fr\/blog\/wp-json\/wp\/v2\/users\/1"}],"replies":[{"embeddable":true,"href":"https:\/\/www.festivox.fr\/blog\/wp-json\/wp\/v2\/comments?post=1330"}],"version-history":[{"count":0,"href":"https:\/\/www.festivox.fr\/blog\/wp-json\/wp\/v2\/posts\/1330\/revisions"}],"wp:featuredmedia":[{"embeddable":true,"href":"https:\/\/www.festivox.fr\/blog\/wp-json\/wp\/v2\/media\/1331"}],"wp:attachment":[{"href":"https:\/\/www.festivox.fr\/blog\/wp-json\/wp\/v2\/media?parent=1330"}],"wp:term":[{"taxonomy":"category","embeddable":true,"href":"https:\/\/www.festivox.fr\/blog\/wp-json\/wp\/v2\/categories?post=1330"},{"taxonomy":"post_tag","embeddable":true,"href":"https:\/\/www.festivox.fr\/blog\/wp-json\/wp\/v2\/tags?post=1330"}],"curies":[{"name":"wp","href":"https:\/\/api.w.org\/{rel}","templated":true}]}}