{"id":1328,"date":"2025-11-30T08:18:00","date_gmt":"2025-11-30T07:18:00","guid":{"rendered":"https:\/\/www.festivox.fr\/blog\/on-peut-souffler-un-peu-a-fougeres-le-cafe-concert-du-coquelicot-reprend-des-couleurs-apres-une-annee-tendue\/"},"modified":"2025-11-30T08:18:00","modified_gmt":"2025-11-30T07:18:00","slug":"on-peut-souffler-un-peu-a-fougeres-le-cafe-concert-du-coquelicot-reprend-des-couleurs-apres-une-annee-tendue","status":"publish","type":"post","link":"https:\/\/www.festivox.fr\/blog\/on-peut-souffler-un-peu-a-fougeres-le-cafe-concert-du-coquelicot-reprend-des-couleurs-apres-une-annee-tendue\/","title":{"rendered":"\u00ab On peut souffler un peu \u00bb : \u00e0 Foug\u00e8res, le caf\u00e9-concert du Coquelicot reprend des couleurs apr\u00e8s une ann\u00e9e tendue"},"content":{"rendered":"<br \/>\n<header class=\"clearfix marg20B\">\n<table cellspacing=\"0\" cellpadding=\"0\" border=\"0\" width=\"100%\">\n<tr>\n<td valign=\"middle\" align=\"center\" class=\"col-logo\"> <img decoding=\"async\" src=\"https:\/\/www.festivox.fr\/blog\/wp-content\/uploads\/2025\/11\/on-peut-souffler-un-peu-a-fougeres-le-cafe-concert-du-coquelicot-reprend-des-couleurs-apres-une-annee-tendue.gif\" alt=\"logo Ouest-France\" height=\"66\"> <\/td>\n<td class=\"col-titre\"> Dimanche 30 novembre 2025 18:16 <a class=\"icon-bulle sizeL count\" href=\"https:\/\/rennes.maville.com\/actu\/actudet_--on-peut-souffler-un-peu-a-fougeres-le-cafe-concert-du-coquelicot-reprend-des-couleurs-apres-une-annee-tendue-_fil-7087291_actu.Htm#ancreAvis\" target=\"_blank\" rel=\"nofollow\"> <span class=\"elmt-num\">&#8230;<\/span><br \/>\n<\/a><\/td>\n<\/tr>\n<\/table>\n<p><!--TAG-CHP rubrique00--><!--TAG-CHP separator00--> <!--TAG-CHP titre00--> <\/header>\n<figure class=\"bloc reseaux-top\"> <a class=\"mavillebox2 elmt-photo\" href=\"https:\/\/maville.com\/photosmvi\/2025\/11\/30\/P35611267D7087291G.jpg\" title=\" Ang\u00e8le Bouley, administratrice depuis septembre au Coquelicot, et Alain Le Pape, copr\u00e9sident de l\u2019association Le Jazz et la Java. \u00a9 Ouest-France \" rel=\"galerie_actu nofollow\" target=\"_blank\"> <img decoding=\"async\" src=\"https:\/\/www.festivox.fr\/blog\/wp-content\/uploads\/2025\/11\/on-peut-souffler-un-peu-a-fougeres-le-cafe-concert-du-coquelicot-reprend-des-couleurs-apres-une-annee-tendue.webp\" alt=\"photo ang\u00e8le bouley, administratrice depuis septembre au coquelicot, et alain le pape, copr\u00e9sident de l\u2019association le jazz et la java. \u00a9 ouest-france \"> <span class=\"zoom-photo\"><span class=\"mavillefont icon-loupe\"><\/span><small>1<\/small><\/span><br \/>\n<\/a><\/p>\n<p class=\"elmt-legende\"> Ang\u00e8le Bouley, administratrice depuis septembre au Coquelicot, et Alain Le Pape, copr\u00e9sident de l\u2019association Le Jazz et la Java. \u00a9 Ouest-France <span class=\"credit\"><\/span><\/p>\n<\/figure>\n<section class=\"clearB bloc\">\n<h2 class=\"elmt-text\">En difficult\u00e9 financi\u00e8re, le caf\u00e9-concert associatif embl\u00e9matique de la rue de Vitr\u00e9, \u00e0 Foug\u00e8res (Ille-et-Vilaine), sort la t\u00eate de l\u2019eau. Si l\u2019\u00e9quipe affiche sa satisfaction, elle reste malgr\u00e9 tout vigilante pour la suite.<\/h2>\n<div class=\"elmt-text p402_premium\">\n<p>Le Coquelicot est-il sorti d\u2019affaire&nbsp;? Apr\u00e8s une ann\u00e9e 2025 tendue, <a href=\"https:\/\/www.ouest-france.fr\/bretagne\/ille-et-vilaine\/\" target=\"_blank\" rel=\"nofollow\">le caf\u00e9-concert de la rue de Vitr\u00e9, \u00e0 Foug\u00e8res (Ille-et-Vilaine), voit l\u2019horizon s\u2019\u00e9claircir<\/a>. Samedi 22&nbsp;novembre 2025, \u00e0 l\u2019occasion de l\u2019assembl\u00e9e g\u00e9n\u00e9rale, <a href=\"https:\/\/fougeres.maville.com\/actu\/actudet_-a-fougeres-les-gerants-du-coquelicot-repondent-aux-accusations-du-rn-_52695-7029116_actu.Htm?utm_source=troove&amp;utm_medium=site\" target=\"_self\" rel=\"nofollow\">les responsables de l\u2019association Le Jazz et la Java<\/a>, en charge de l\u2019animation du lieu, ont annonc\u00e9 une bonne nouvelle.<q>&nbsp;Notre r\u00e9sultat est \u00e0 l\u2019\u00e9quilibre<\/q>, <span class=\"incise\">se r\u00e9jouit Alain Le Pape, copr\u00e9sident.<\/span> <q>C\u2019est la premi\u00e8re fois depuis trois ans.&nbsp;<\/q><\/p>\n<p>Un vrai soulagement pour l\u2019\u00e9quipe, alors que le devenir de l\u2019\u00e9tablissement \u00e9tait menac\u00e9. <q>&nbsp;On a eu une petite frayeur en d\u00e9but d\u2019ann\u00e9e&nbsp;<\/q>, reconna\u00eet Ang\u00e8le Bouley, la nouvelle administratrice. En cause&nbsp;: une baisse importante du chiffre d\u2019affaires au bar &#8211; qui constitue pr\u00e8s de 70&nbsp;% des recettes du Coq &#8211; et la suppression de la subvention octroy\u00e9e par le D\u00e9partement. La goutte d\u2019eau apr\u00e8s des ann\u00e9es post-Covid compliqu\u00e9es.<\/p>\n<p><strong>Lire aussi : <\/strong> <a href=\"https:\/\/saint-malo.maville.com\/actu\/actudet_--les-cafes-concerts-restent-la-premiere-scene-de-france-culture-bar-bars-la-fete-des-petits-lieux-de-spectacle-_7-7080283_actu.Htm\" target=\"_blank\" rel=\"nofollow\">\u00ab Les caf\u00e9s-concerts restent la premi\u00e8re sc\u00e8ne de France \u00bb : Culture Bar-Bars, la f\u00eate des petits lieux de spectacle<\/a><\/p>\n<p>Une \u00e9conomie fragile<\/p>\n<p><q>&nbsp;On n\u2019excluait pas de fermer&nbsp;<\/q>, confesse Alain Le Pape. <q>&nbsp;Notre mod\u00e8le financier est tr\u00e8s fragile&nbsp;<\/q>, abonde Ang\u00e8le Bouley. <a href=\"https:\/\/fougeres.maville.com\/actu\/actudet_--c-est-une-institution-dirty-old-mat-en-concert-pour-soutenir-le-coquelicot-a-fougeres-_52695-6795240_actu.Htm?utm_source=troove&amp;utm_medium=site\" target=\"_self\" rel=\"nofollow\">L\u2019appel \u00e0 l\u2019aide lanc\u00e9 en f\u00e9vrier a port\u00e9 ses fruits<\/a>. Gr\u00e2ce \u00e0 une campagne de financement en ligne, l\u2019asso a pu collecter 4&nbsp;000&nbsp;\u20ac. Une belle somme \u00e0 laquelle s\u2019ajoute <a href=\"https:\/\/fougeres.maville.com\/actu\/actudet_--un-probleme-dans-la-programmation-a-fougeres-le-rn-s-en-prend-au-cafe-concert-le-coquelicot-_52695-6994150_actu.Htm?utm_source=troove&amp;utm_medium=site\" target=\"_self\" rel=\"nofollow\">une subvention exceptionnelle de la Ville de 20&nbsp;000&nbsp;\u20ac<\/a>, vot\u00e9e en septembre.<\/p>\n<p>Des mesures ont \u00e9galement \u00e9t\u00e9 mises en place pour r\u00e9duire les charges, comme la mise en ch\u00f4mage partiel d\u2019une des deux salari\u00e9s ou encore la diminution drastique des frais g\u00e9n\u00e9raux de fonctionnement. C\u00f4t\u00e9 programmation, le Coquelicot a r\u00e9duit la voilure, privil\u00e9giant les artistes locaux pour limiter les frais. <q><a href=\"https:\/\/fougeres.maville.com\/actu\/actudet_-jazz-in-fougeres.-malgre-les-difficultes-financieres-le-festival-veut-rester-en-vie-_52695-6706967_actu.Htm\" target=\"_self\" rel=\"nofollow\">&nbsp;Avec le festival Jazz in Foug\u00e8res<\/a>, on est pass\u00e9 de dix \u00e0 trois jours sur la derni\u00e8re \u00e9dition, <span class=\"incise\">note Ang\u00e8le Bouley.<\/span> L\u2019id\u00e9e \u00e9tait de faire moins, sans jouer sur la qualit\u00e9.&nbsp;<\/q><\/p>\n<p>Les animations ont de leur c\u00f4t\u00e9 permis de relancer la fr\u00e9quentation hors concerts (ateliers, soir\u00e9es jeux\u2026). <q>&nbsp;Diversifier les recettes nous permet de ne pas d\u00e9pendre que du bar&nbsp;<\/q>, assure l\u2019administratrice, qui souligne l\u2019implication de la soixantaine de b\u00e9n\u00e9voles actifs.<\/p>\n<p>Tous ces efforts combin\u00e9s ont permis \u00e0 l\u2019asso de redresser la barre. <q>&nbsp;On peut souffler un peu&nbsp;<\/q>, sourit Alain Le Pape. Mais pas question de baisser la garde. <q>&nbsp;On va rester vigilant pour la suite, <span class=\"incise\">poursuit-il.<\/span> C\u2019est encore difficile de se projeter sereinement.&nbsp;<\/q><\/p>\n<p><strong>Lire aussi <\/strong>: <a href=\"https:\/\/nantes.maville.com\/actu\/actudet_-le-zygo-bar-l-un-des-derniers-cafes-concerts-culture-devenu-mythique-a-nantes-_8-7081673_actu.Htm\" target=\"_blank\" rel=\"nofollow\">Le Zygo Bar, l\u2019un des derniers caf\u00e9s-concerts culture devenu mythique, \u00e0 Nantes<\/a><\/p>\n<p>Stabiliser l\u2019activit\u00e9<\/p>\n<p>L\u2019\u00e9quipe r\u00e9fl\u00e9chit donc \u00e0 des pistes pour stabiliser l\u2019activit\u00e9. <q>&nbsp;On va rester sur un rythme de deux concerts par mois environ et poursuivre les animations hors concerts&nbsp;<\/q>, indique Ang\u00e8le Bouley. Le festival de jazz conservera pour l\u2019heure un format r\u00e9duit. <q>&nbsp;C\u2019est une s\u00e9curit\u00e9 mais nous auront tout de m\u00eame une belle programmation avec, notamment, un concert d\u00e9localis\u00e9 \u00e0 la chapelle de la Verrerie. \u00c7a va \u00eatre super&nbsp;<\/q>, assure le copr\u00e9sident.<\/p>\n<p>L\u2019asso envisage aussi de se tourner vers le m\u00e9c\u00e9nat et de lancer des partenariats sur le territoire. Avec un objectif \u00e0 terme&nbsp;: retrouver le rythme d\u2019avant-Covid. <q>&nbsp;\u00c7a ne va pas \u00eatre facile mais on va s\u2019accrocher&nbsp;<\/q>, conclut Alain Le Pape.<\/p>\n<\/p><\/div>\n<\/section>\n<p> <cite class=\"elmt-auteur bloc\"> H\u00e9l\u00e8ne DEPLANQUE. &nbsp;&nbsp; Ouest-France&nbsp;&nbsp; <\/cite> <\/p>\n<div>\n<h3>Retrouvez d&rsquo;autres actus sur la commune de :<\/h3>\n<\/p><\/div>\n<footer class=\"bloc clearfix\"> <\/footer>\n<p> <!--MVITAG-BLC C2--> <a name=\"formulaireSA\" id=\"formulaireSA\"><\/a><\/p>\n<section id=\"bloc_saisie_assiste\" class=\"bloc clearfix clearB\">\n<header>\n<h2 id=\"titreSA\" class=\"titre-bloc-xl\"><\/h2>\n<\/header>\n<div id=\"lstChamp\" class=\"clearfix\">\n<ul>\n<li id=\"zoneBeforeAvisSA\">\n<div id=\"zoneBeforeAvisActuSA\" class=\"zoneBeforeNiveau2\"> <label for=\"AvisActuNom\" class=\"first\">Titre de l&rsquo;info <em>*<\/em><\/label> <\/p>\n<div id=\"AvisActuNomError\" class=\"errorMessage\">merci d&rsquo;indiquer un titre&rsquo;<\/div>\n<\/p><\/div>\n<p> &lt;!&#8211; <\/p>\n<div id=\"zoneBeforeAvisSportSA\" class=\"zoneBeforeNiveau2\"> <label for=\"AvisSportNom\" class=\"first\">Titre de l&rsquo;info sportive <em>*<\/em><\/label> <\/p>\n<div class=\"elmt-champ\"><\/div>\n<div id=\"AvisSportNomError\" class=\"errorMessage\">merci d&rsquo;indiquer un titre &lsquo;<\/div>\n<\/p><\/div>\n<p> &#8211;&gt; <\/p>\n<div id=\"zoneBeforeAvisRestoSA\" class=\"zoneBeforeNiveau2\"> <label for=\"AvisRestoNom\" class=\"first\">Nom du restaurant <em>*<\/em><\/label> <\/p>\n<ul id=\"zoneSuggestionNomResto\" class=\"resultRechercheAjax displayNone\">\n<li>Choisir un resto :<\/li>\n<li id=\"SARestoUnknownLink\" class=\"AjaxRechercheItem\">Cet \u00e9tablissement est nouveau sur maville.com<\/li>\n<p> <!-- Liste de proposition Ajax des etablissements --> <\/ul>\n<div id=\"AvisRestoNomError\" class=\"errorMessage\">merci d&rsquo;indiquer un nom de restaurant<\/div>\n<hr>\n<div id=\"zoneBeforeAvisRestoUnknownSA\" class=\"displayNone\"> <label for=\"AvisRestoAdresse\">Adresse du restaurant <em>*<\/em><\/label> <\/p>\n<div id=\"AvisRestoAdresseError\" class=\"errorMessage\">merci de saisir l&rsquo;adresse du restaurant<\/div>\n<p> <label for=\"AvisRestoVilleChampRech\">Ville du restaurant <em>*<\/em><\/label> <\/p>\n<div id=\"AvisRestoVilleCpError\" class=\"errorMessage\">merci de saisir la ville du restaurant<\/div>\n<p> <label>T\u00e9l\u00e9chargez votre photo (2 Mo max)<\/label> <\/p>\n<hr><\/div>\n<\/p><\/div>\n<div id=\"zoneBeforeAvisBarSA\" class=\"zoneBeforeNiveau2\"> <label for=\"AvisBarNom\" class=\"first\">Nom du bar <em>*<\/em><\/label> <\/p>\n<ul id=\"zoneSuggestionNomBar\" class=\"resultRechercheAjax displayNone\">\n<li>Choisir un bar :<\/li>\n<li id=\"SABarUnknownLink\" class=\"AjaxRechercheItem\">Cet \u00e9tablissement est nouveau sur maville.com<\/li>\n<p> <!-- Liste de proposition Ajax des etablissements --> <\/ul>\n<div id=\"AvisBarNomError\" class=\"errorMessage\">merci d&rsquo;indiquer un nom de bar<\/div>\n<hr>\n<div id=\"zoneBeforeAvisBarUnknownSA\" class=\"displayNone\"> <label for=\"AvisBarAdresse\">Adresse du bar <em>*<\/em><\/label> <\/p>\n<div id=\"AvisBarAdresseError\" class=\"errorMessage\">merci de saisir l&rsquo;adresse du bar<\/div>\n<p> <label for=\"AvisBarVilleChampRech\">Ville du bar <em>*<\/em><\/label> <\/p>\n<div id=\"AvisBarVilleCpError\" class=\"errorMessage\">merci de saisir la ville du bar<\/div>\n<hr><\/div>\n<\/p><\/div>\n<div id=\"AvisTitreError\" class=\"errorMessage\">merci d&rsquo;indiquer un titre \u00e0 votre avis<\/div>\n<\/li>\n<li id=\"zoneTexteSA\" class=\"element\"> <\/li>\n<li id=\"zoneAfterAvisSA\">\n<div id=\"zoneAfterAvisBASA\" class=\"zoneAfterNiveau2\"> <label>Donnez nous vos impressions : <em>*<\/em><\/label> <\/p>\n<hr>\n<hr><\/div>\n<\/li>\n<li id=\"zoneIdentificationSA\"> &lt;!&#8211;<label for=\"email\" id=\"titreEmail\">Pour publier votre info, merci de vous identifier<\/label>&#8211;&gt; <\/li>\n<li id=\"zoneCgupdpError\" class=\"element\"> <\/li>\n<li id=\"zoneBoutonSimpleSA\" class=\"floatR\">\n<div class=\"clearfix\"><em> Vos donn\u00e9es personnelles font l\u2019objet d\u2019un traitement informatique par la soci\u00e9t\u00e9 Additi Multimedia, sur le fondement de l&rsquo;ex\u00e9cution d&rsquo;un contrat et sont utilis\u00e9es notamment pour prendre en compte, mod\u00e9rer et r\u00e9pondre \u00e0 vos commentaires sur les contenus mis en ligne sur le site. Elles seront conserv\u00e9es conform\u00e9ment \u00e0 notre politique de donn\u00e9es personnelles, sauf dispositions l\u00e9gales particuli\u00e8res. Vous disposez d\u2019un droit d\u2019acc\u00e8s, de rectification, d\u2019opposition, de limitation et de portabilit\u00e9, en vous adressant directement \u00e0 <a href=\"mailto:pdp@sipa.ouest-france.fr\" target=\"_blank\" rel=\"nofollow\">pdp@sipa.ouest-france.fr<\/a> ou par courrier \u00e0 \u00ab\u00a0D\u00e9l\u00e9gu\u00e9 \u00e0 la Protection des Donn\u00e9es Personnelles SIPA Additi Multimedia &#8211; ZI Rennes Sud-Est,\u2013 10 rue du Breil \u2013 35051 Rennes cedex 9\u00a0\u00bb. Vous avez \u00e9galement le droit d\u2019introduire une r\u00e9clamation aupr\u00e8s de la CNIL. <a href=\"https:\/\/rennes.maville.com\/mentions_vieprive.php\" target=\"_blank\" rel=\"nofollow\">En savoir plus<\/a> <\/em><\/div>\n<\/li>\n<li id=\"zoneBoutonSA\"> <\/li>\n<\/ul><\/div>\n<\/section>\n<div id=\"saisieAssisteeLaunch\"> <\/div>\n<p> <!--MVITAG-BLC C4--> <a name=\"ancreAvis\"><\/a> <\/p>\n<section class=\"elmt-liste-avis avis-article clearfix clearB bloc\" id=\"AvisBloc\"> <!--TAG-CHP AvisAspFileDepot00--><br \/>\n<\/section>\n<div class=\"col2x\"> <!--MVITAG-BLC dossier01--> <\/p>\n<section class=\"elmt-news bloc\">\n<div class=\"titre-bloc-xl\">Newsletter maville<\/div>\n<h2 class=\"sous-titre-bloc marg10B\">Abonnez-vous \u00e0 la newsletter &#8211; Rennes<\/h2>\n<div class=\"clearfix disclaimerNL\"><em> Votre e-mail, avec votre consentement, est utilis\u00e9 par la soci\u00e9t\u00e9 Additi Com pour recevoir les newsletters s\u00e9lectionn\u00e9es. <a href=\"https:\/\/rennes.maville.com\/mentions_vieprive.php\" target=\"_blank\" rel=\"nofollow\">En savoir plus<\/a><br \/>\n<\/em><\/div>\n<\/section>\n<p> <!--MVITAG-BLC PUBposition2--> <!--MVITAG-BLC dossier03--> <a href=\"https:\/\/rennes.maville.com\/actu\/actudet_-debat.-supprimer-des-places-de-stationnement-pres-des-passages-pietons-pour-ou-contre-_54635-7081089_actu.Htm\" title=\"Exprimez-vous !\" target=\"_blank\" rel=\"nofollow\"> <\/p>\n<section class=\"bloc-debat\" id=\"mvi_actu_debat_semaine\">\n<h2 class=\"elmt-titre\">Exprimez-vous !<\/h2>\n<p> <span class=\"elmt-libelle\"><strong>D\u00e9bat. Supprimer des places de stationnement pr\u00e8s des passages pi\u00e9tons, pour ou contre ?<\/strong><span class=\"icon-bulle sizeS count\"> <span class=\"elmt-num\">43<\/span><br \/>\n<\/span><\/span> <span class=\"sprite-pictos icon-flech-go\"><\/span> <\/section>\n<p><\/a> <!--MVITAG-BLC PUBx50--> <!--MVITAG-BLC dossier05--> <\/p>\n<section class=\"elmt-liste-ligne date bloc-cadre\">\n<header class=\"floatL\">\n<h2 class=\"titre-bloc\">L&rsquo;info en continu<\/h2>\n<\/header>\n<p> <!--TAG-BLC bandeau00--> <\/p>\n<footer> <a href=\"https:\/\/rennes.maville.com\/info\/info-en-continu\/\" title=\"Toute l'info en continu\" class=\"elmt-plus padd10T\" target=\"_blank\" rel=\"nofollow\"> <span class=\"sprite-pictos icon-plus\">&nbsp;<\/span> Toute l&rsquo;info en continu <\/a><br \/>\n<\/footer>\n<\/section>\n<p> <!-- TABOOLA - actu_coldroite (deb) --> <!-- TABOOLA - actu_coldroite (fin) --> <!--MVITAG-BLC dossier10--> <!--MVITAG-BLC dossier11--> <!--MVITAG-BLC PUBposition3--> <\/p>\n<section class=\"block-onglets demi clearfix\" id=\"topConsultArt\">\n<nav class=\"info\"> <\/nav>\n<\/section>\n<p> <!--MVITAG-BLC dossier13--> <!--MVITAG-BLC dossier14--> <\/p>\n<section class=\"bloc-cadre liste2 fond-degrade\"><!-- id=\"mvi_actu_liste_filinfo_une\" --> <\/p>\n<header class=\"clearfix\">\n<h2 class=\"titre-bloc-xl\">Quiz et jeux<\/h2>\n<\/header>\n<section class=\"elmt-liste-bloc\"> <\/section>\n<section class=\"elmt-liste-bloc\"> <\/section>\n<footer> <a href=\"https:\/\/rennes.maville.com\/info\/mavillequiz.php\" title=\"Tous les quiz\" class=\"elmt-plus\" target=\"_blank\" rel=\"nofollow\"> <span class=\"sprite-pictos icon-plus\">&nbsp;<\/span> Tous les quiz <\/a> <\/footer>\n<\/section>\n<p> <!--MVITAG-BLC dossier16--> <!--MVITAG-BLC dossier17--> <!--MVITAG-BLC dossier18--> <!--MVITAG-BLC dossier19--> <!--MVITAG-BLC dossier20--> <!--MVITAG-BLC PUBx32--> <!--MVITAG-BLC g01--> <!--MVITAG-BLC g02--> <!--MVITAG-BLC g03--> <!--MVITAG-BLC g04--> <!--MVITAG-BLC g05--> <!--MVITAG-BLC g06--> <!--MVITAG-BLC g07--> <!--MVITAG-BLC g08--> <!--MVITAG-BLC g09--> <!--MVITAG-BLC g10--> <!--MVITAG-BLC g11--> <!--MVITAG-BLC g12--> <!--MVITAG-BLC g13--> <!--MVITAG-BLC g14--> <!--MVITAG-BLC g15--> <!--MVITAG-BLC g16--> <!--MVITAG-BLC g17--> <!--MVITAG-BLC g18--> <!--MVITAG-BLC g19--> <!-- TABOOLA - actu_bottom (deb) --> <!-- TABOOLA - actu_bottom (fin) --> <\/div>\n<p> <!--MVITAG-BLC PUBbottom1--> <a href=\"https:\/\/rennes.maville.com\/actu\/actudet_--on-peut-souffler-un-peu-a-fougeres-le-cafe-concert-du-coquelicot-reprend-des-couleurs-apres-une-annee-tendue-_fil-7087291_actu.Htm#top\" id=\"back-top\" class=\"sprite-pictos backTop\" target=\"_blank\" rel=\"nofollow\">Retour en haut<\/a> <\/p>\n<footer class=\"pied-page\" id=\"piedDePage\">\n<div class=\"pied-page__liens\">\n<nav class=\"pied-page__bloc\">\n<h3>Sites Ouest-France<\/h3>\n<\/nav>\n<nav class=\"pied-page__bloc\">\n<h3>Services<\/h3>\n<\/nav>\n<nav class=\"pied-page__bloc\">\n<h3>Rubriques site maville<\/h3>\n<\/nav><\/div>\n<p class=\"pied-page__applis marg40B\"><a href=\"https:\/\/www.ouest-france.fr\/services\/nos-applis-mobiles\/\" target=\"_blank\" rel=\"nofollow\"><i class=\"tetiere-icon icon-mobile-tablette\"><\/i>Les applications mobiles du groupe SIPA <strong>Ouest-France<\/strong> disponibles en t\u00e9l\u00e9chargement<\/a><\/p>\n<ul class=\"pied-page__footer\">\n<li class=\"copyright\"> <a class=\"ojd\" data-trk-footer-social-desktop=\"ACPM-OJD\" href=\"https:\/\/www.acpm.fr\/?utm_source=of&amp;utm_medium=lien&amp;utm_campaign=ojd&amp;utm_content=lien-footer\" rel=\"nofollow\" target=\"_blank\"> <img decoding=\"async\" alt=\"Logo ACPM OJD\" class=\"icon-ojd\" loading=\"lazy\" src=\"https:\/\/rennes.maville.com\/design\/images\/logo-acpm.svg\"> <\/a> <\/li>\n<\/ul>\n<\/footer>\n<p> <!-- comptabilisation de la presence de AddBlock --> <!--[if IE]&gt;-->   window.onload = function() { H5F.setup(jQuery(&lsquo;.elmt-liste-form&rsquo;)); H5F.setup(jQuery(&lsquo;#recherche&rsquo;)); H5F.setup(jQuery(&lsquo;.elmt-news form&rsquo;)); };<br \/>\n Cet article, qui traite du th\u00e8me \u00ab\u00a0Festival Jazz et musique en mode guinguette\u00a0\u00bb, vous est d\u00e9lib\u00e9r\u00e9ment offert par festivox.fr. La raison d\u2019\u00eatre de festivox.fr est de parler de Festival Jazz et musique en mode guinguette dans la transparence la plus g\u00e9n\u00e9rale en vous procurant la visibilit\u00e9 de tout ce qui est publi\u00e9 sur ce sujet sur le web La chronique a \u00e9t\u00e9 g\u00e9n\u00e9r\u00e9e de la mani\u00e8re la plus honn\u00eate que possible. S\u2019il advenait que vous projetez d\u2019apporter quelques notes concernant le domaine de \u00ab\u00a0Festival Jazz et musique en mode guinguette\u00a0\u00bb vous avez la possibilit\u00e9 de d&rsquo;\u00e9changer avec notre r\u00e9daction. Dans peu de temps, on mettra en ligne d&rsquo;autres informations pertinentes autour du sujet \u00ab\u00a0Festival Jazz et musique en mode guinguette\u00a0\u00bb. Ainsi, consultez r\u00e9guli\u00e8rement notre site.<\/p>\n","protected":false},"excerpt":{"rendered":"<p>Dimanche 30 novembre 2025 18:16 &#8230; 1 Ang\u00e8le Bouley, administratrice depuis septembre au Coquelicot, et Alain Le Pape, copr\u00e9sident de l\u2019association Le Jazz et la Java. \u00a9 Ouest-France En difficult\u00e9 financi\u00e8re, le caf\u00e9-concert associatif embl\u00e9matique de la rue de Vitr\u00e9, \u00e0 Foug\u00e8res (Ille-et-Vilaine), sort la t\u00eate de l\u2019eau. Si l\u2019\u00e9quipe affiche sa satisfaction, elle reste&hellip;<\/p>\n","protected":false},"author":1,"featured_media":1329,"comment_status":"closed","ping_status":"closed","sticky":false,"template":"","format":"standard","meta":{"footnotes":""},"categories":[3],"tags":[],"class_list":["post-1328","post","type-post","status-publish","format-standard","has-post-thumbnail","hentry","category-wiki-sur-festival-jazz-et-musique-en-mode-guinguette"],"yoast_head":"<!-- This site is optimized with the Yoast SEO plugin v27.5 - https:\/\/yoast.com\/product\/yoast-seo-wordpress\/ -->\n<title>\u00ab On peut souffler un peu \u00bb : \u00e0 Foug\u00e8res, le caf\u00e9-concert du Coquelicot reprend des couleurs apr\u00e8s une ann\u00e9e tendue - FESTIVOX<\/title>\n<meta name=\"robots\" content=\"index, follow, max-snippet:-1, max-image-preview:large, max-video-preview:-1\" \/>\n<link rel=\"canonical\" href=\"https:\/\/www.festivox.fr\/blog\/on-peut-souffler-un-peu-a-fougeres-le-cafe-concert-du-coquelicot-reprend-des-couleurs-apres-une-annee-tendue\/\" \/>\n<meta property=\"og:locale\" content=\"fr_FR\" \/>\n<meta property=\"og:type\" content=\"article\" \/>\n<meta property=\"og:title\" content=\"\u00ab On peut souffler un peu \u00bb : \u00e0 Foug\u00e8res, le caf\u00e9-concert du Coquelicot reprend des couleurs apr\u00e8s une ann\u00e9e tendue - FESTIVOX\" \/>\n<meta property=\"og:description\" content=\"Dimanche 30 novembre 2025 18:16 &#8230; 1 Ang\u00e8le Bouley, administratrice depuis septembre au Coquelicot, et Alain Le Pape, copr\u00e9sident de l\u2019association Le Jazz et la Java. \u00a9 Ouest-France En difficult\u00e9 financi\u00e8re, le caf\u00e9-concert associatif embl\u00e9matique de la rue de Vitr\u00e9, \u00e0 Foug\u00e8res (Ille-et-Vilaine), sort la t\u00eate de l\u2019eau. Si l\u2019\u00e9quipe affiche sa satisfaction, elle reste&hellip;\" \/>\n<meta property=\"og:url\" content=\"https:\/\/www.festivox.fr\/blog\/on-peut-souffler-un-peu-a-fougeres-le-cafe-concert-du-coquelicot-reprend-des-couleurs-apres-une-annee-tendue\/\" \/>\n<meta property=\"og:site_name\" content=\"FESTIVOX\" \/>\n<meta property=\"article:published_time\" content=\"2025-11-30T07:18:00+00:00\" \/>\n<meta property=\"og:image\" content=\"https:\/\/www.festivox.fr\/blog\/wp-content\/uploads\/2025\/11\/on-peut-souffler-un-peu-a-fougeres-le-cafe-concert-du-coquelicot-reprend-des-couleurs-apres-une-annee-tendue.gif\" \/>\n<meta name=\"author\" content=\"Michele\" \/>\n<meta name=\"twitter:card\" content=\"summary_large_image\" \/>\n<meta name=\"twitter:label1\" content=\"\u00c9crit par\" \/>\n\t<meta name=\"twitter:data1\" content=\"Michele\" \/>\n\t<meta name=\"twitter:label2\" content=\"Dur\u00e9e de lecture estim\u00e9e\" \/>\n\t<meta name=\"twitter:data2\" content=\"6 minutes\" \/>\n<script type=\"application\/ld+json\" class=\"yoast-schema-graph\">{\"@context\":\"https:\\\/\\\/schema.org\",\"@graph\":[{\"@type\":\"Article\",\"@id\":\"https:\\\/\\\/www.festivox.fr\\\/blog\\\/on-peut-souffler-un-peu-a-fougeres-le-cafe-concert-du-coquelicot-reprend-des-couleurs-apres-une-annee-tendue\\\/#article\",\"isPartOf\":{\"@id\":\"https:\\\/\\\/www.festivox.fr\\\/blog\\\/on-peut-souffler-un-peu-a-fougeres-le-cafe-concert-du-coquelicot-reprend-des-couleurs-apres-une-annee-tendue\\\/\"},\"author\":{\"name\":\"Michele\",\"@id\":\"https:\\\/\\\/www.festivox.fr\\\/blog\\\/#\\\/schema\\\/person\\\/f36a8b6bc94800c3eafed4bca993ce95\"},\"headline\":\"\u00ab On peut souffler un peu \u00bb : \u00e0 Foug\u00e8res, le caf\u00e9-concert du Coquelicot reprend des couleurs apr\u00e8s une ann\u00e9e tendue\",\"datePublished\":\"2025-11-30T07:18:00+00:00\",\"mainEntityOfPage\":{\"@id\":\"https:\\\/\\\/www.festivox.fr\\\/blog\\\/on-peut-souffler-un-peu-a-fougeres-le-cafe-concert-du-coquelicot-reprend-des-couleurs-apres-une-annee-tendue\\\/\"},\"wordCount\":1221,\"publisher\":{\"@id\":\"https:\\\/\\\/www.festivox.fr\\\/blog\\\/#organization\"},\"image\":{\"@id\":\"https:\\\/\\\/www.festivox.fr\\\/blog\\\/on-peut-souffler-un-peu-a-fougeres-le-cafe-concert-du-coquelicot-reprend-des-couleurs-apres-une-annee-tendue\\\/#primaryimage\"},\"thumbnailUrl\":\"https:\\\/\\\/www.festivox.fr\\\/blog\\\/wp-content\\\/uploads\\\/2025\\\/11\\\/on-peut-souffler-un-peu-a-fougeres-le-cafe-concert-du-coquelicot-reprend-des-couleurs-apres-une-annee-tendue.gif\",\"articleSection\":[\"Wiki Sur Festival Jazz Et Musique En Mode Guinguette:\"],\"inLanguage\":\"fr-FR\"},{\"@type\":\"WebPage\",\"@id\":\"https:\\\/\\\/www.festivox.fr\\\/blog\\\/on-peut-souffler-un-peu-a-fougeres-le-cafe-concert-du-coquelicot-reprend-des-couleurs-apres-une-annee-tendue\\\/\",\"url\":\"https:\\\/\\\/www.festivox.fr\\\/blog\\\/on-peut-souffler-un-peu-a-fougeres-le-cafe-concert-du-coquelicot-reprend-des-couleurs-apres-une-annee-tendue\\\/\",\"name\":\"\u00ab On peut souffler un peu \u00bb : \u00e0 Foug\u00e8res, le caf\u00e9-concert du Coquelicot reprend des couleurs apr\u00e8s une ann\u00e9e tendue - FESTIVOX\",\"isPartOf\":{\"@id\":\"https:\\\/\\\/www.festivox.fr\\\/blog\\\/#website\"},\"primaryImageOfPage\":{\"@id\":\"https:\\\/\\\/www.festivox.fr\\\/blog\\\/on-peut-souffler-un-peu-a-fougeres-le-cafe-concert-du-coquelicot-reprend-des-couleurs-apres-une-annee-tendue\\\/#primaryimage\"},\"image\":{\"@id\":\"https:\\\/\\\/www.festivox.fr\\\/blog\\\/on-peut-souffler-un-peu-a-fougeres-le-cafe-concert-du-coquelicot-reprend-des-couleurs-apres-une-annee-tendue\\\/#primaryimage\"},\"thumbnailUrl\":\"https:\\\/\\\/www.festivox.fr\\\/blog\\\/wp-content\\\/uploads\\\/2025\\\/11\\\/on-peut-souffler-un-peu-a-fougeres-le-cafe-concert-du-coquelicot-reprend-des-couleurs-apres-une-annee-tendue.gif\",\"datePublished\":\"2025-11-30T07:18:00+00:00\",\"breadcrumb\":{\"@id\":\"https:\\\/\\\/www.festivox.fr\\\/blog\\\/on-peut-souffler-un-peu-a-fougeres-le-cafe-concert-du-coquelicot-reprend-des-couleurs-apres-une-annee-tendue\\\/#breadcrumb\"},\"inLanguage\":\"fr-FR\",\"potentialAction\":[{\"@type\":\"ReadAction\",\"target\":[\"https:\\\/\\\/www.festivox.fr\\\/blog\\\/on-peut-souffler-un-peu-a-fougeres-le-cafe-concert-du-coquelicot-reprend-des-couleurs-apres-une-annee-tendue\\\/\"]}]},{\"@type\":\"ImageObject\",\"inLanguage\":\"fr-FR\",\"@id\":\"https:\\\/\\\/www.festivox.fr\\\/blog\\\/on-peut-souffler-un-peu-a-fougeres-le-cafe-concert-du-coquelicot-reprend-des-couleurs-apres-une-annee-tendue\\\/#primaryimage\",\"url\":\"https:\\\/\\\/www.festivox.fr\\\/blog\\\/wp-content\\\/uploads\\\/2025\\\/11\\\/on-peut-souffler-un-peu-a-fougeres-le-cafe-concert-du-coquelicot-reprend-des-couleurs-apres-une-annee-tendue.gif\",\"contentUrl\":\"https:\\\/\\\/www.festivox.fr\\\/blog\\\/wp-content\\\/uploads\\\/2025\\\/11\\\/on-peut-souffler-un-peu-a-fougeres-le-cafe-concert-du-coquelicot-reprend-des-couleurs-apres-une-annee-tendue.gif\",\"width\":170,\"height\":66},{\"@type\":\"BreadcrumbList\",\"@id\":\"https:\\\/\\\/www.festivox.fr\\\/blog\\\/on-peut-souffler-un-peu-a-fougeres-le-cafe-concert-du-coquelicot-reprend-des-couleurs-apres-une-annee-tendue\\\/#breadcrumb\",\"itemListElement\":[{\"@type\":\"ListItem\",\"position\":1,\"name\":\"Accueil\",\"item\":\"https:\\\/\\\/www.festivox.fr\\\/blog\\\/\"},{\"@type\":\"ListItem\",\"position\":2,\"name\":\"\u00ab On peut souffler un peu \u00bb : \u00e0 Foug\u00e8res, le caf\u00e9-concert du Coquelicot reprend des couleurs apr\u00e8s une ann\u00e9e tendue\"}]},{\"@type\":\"WebSite\",\"@id\":\"https:\\\/\\\/www.festivox.fr\\\/blog\\\/#website\",\"url\":\"https:\\\/\\\/www.festivox.fr\\\/blog\\\/\",\"name\":\"FESTIVOX\",\"description\":\"Festival en mode guinguette.\",\"publisher\":{\"@id\":\"https:\\\/\\\/www.festivox.fr\\\/blog\\\/#organization\"},\"potentialAction\":[{\"@type\":\"SearchAction\",\"target\":{\"@type\":\"EntryPoint\",\"urlTemplate\":\"https:\\\/\\\/www.festivox.fr\\\/blog\\\/?s={search_term_string}\"},\"query-input\":{\"@type\":\"PropertyValueSpecification\",\"valueRequired\":true,\"valueName\":\"search_term_string\"}}],\"inLanguage\":\"fr-FR\"},{\"@type\":\"Organization\",\"@id\":\"https:\\\/\\\/www.festivox.fr\\\/blog\\\/#organization\",\"name\":\"festivox\",\"url\":\"https:\\\/\\\/www.festivox.fr\\\/blog\\\/\",\"logo\":{\"@type\":\"ImageObject\",\"inLanguage\":\"fr-FR\",\"@id\":\"https:\\\/\\\/www.festivox.fr\\\/blog\\\/#\\\/schema\\\/logo\\\/image\\\/\",\"url\":\"https:\\\/\\\/www.festivox.fr\\\/blog\\\/wp-content\\\/uploads\\\/2023\\\/06\\\/logo-2.png\",\"contentUrl\":\"https:\\\/\\\/www.festivox.fr\\\/blog\\\/wp-content\\\/uploads\\\/2023\\\/06\\\/logo-2.png\",\"width\":480,\"height\":160,\"caption\":\"festivox\"},\"image\":{\"@id\":\"https:\\\/\\\/www.festivox.fr\\\/blog\\\/#\\\/schema\\\/logo\\\/image\\\/\"}},{\"@type\":\"Person\",\"@id\":\"https:\\\/\\\/www.festivox.fr\\\/blog\\\/#\\\/schema\\\/person\\\/f36a8b6bc94800c3eafed4bca993ce95\",\"name\":\"Michele\",\"image\":{\"@type\":\"ImageObject\",\"inLanguage\":\"fr-FR\",\"@id\":\"https:\\\/\\\/secure.gravatar.com\\\/avatar\\\/b062046536b5d47ec9075956ec349ef95ed06b0f910c578f74abb318668b702e?s=96&d=mm&r=g\",\"url\":\"https:\\\/\\\/secure.gravatar.com\\\/avatar\\\/b062046536b5d47ec9075956ec349ef95ed06b0f910c578f74abb318668b702e?s=96&d=mm&r=g\",\"contentUrl\":\"https:\\\/\\\/secure.gravatar.com\\\/avatar\\\/b062046536b5d47ec9075956ec349ef95ed06b0f910c578f74abb318668b702e?s=96&d=mm&r=g\",\"caption\":\"Michele\"},\"sameAs\":[\"https:\\\/\\\/www.festivox.fr\\\/blog\"],\"url\":\"https:\\\/\\\/www.festivox.fr\\\/blog\\\/author\\\/voxadmin\\\/\"}]}<\/script>\n<!-- \/ Yoast SEO plugin. -->","yoast_head_json":{"title":"\u00ab On peut souffler un peu \u00bb : \u00e0 Foug\u00e8res, le caf\u00e9-concert du Coquelicot reprend des couleurs apr\u00e8s une ann\u00e9e tendue - FESTIVOX","robots":{"index":"index","follow":"follow","max-snippet":"max-snippet:-1","max-image-preview":"max-image-preview:large","max-video-preview":"max-video-preview:-1"},"canonical":"https:\/\/www.festivox.fr\/blog\/on-peut-souffler-un-peu-a-fougeres-le-cafe-concert-du-coquelicot-reprend-des-couleurs-apres-une-annee-tendue\/","og_locale":"fr_FR","og_type":"article","og_title":"\u00ab On peut souffler un peu \u00bb : \u00e0 Foug\u00e8res, le caf\u00e9-concert du Coquelicot reprend des couleurs apr\u00e8s une ann\u00e9e tendue - FESTIVOX","og_description":"Dimanche 30 novembre 2025 18:16 &#8230; 1 Ang\u00e8le Bouley, administratrice depuis septembre au Coquelicot, et Alain Le Pape, copr\u00e9sident de l\u2019association Le Jazz et la Java. \u00a9 Ouest-France En difficult\u00e9 financi\u00e8re, le caf\u00e9-concert associatif embl\u00e9matique de la rue de Vitr\u00e9, \u00e0 Foug\u00e8res (Ille-et-Vilaine), sort la t\u00eate de l\u2019eau. Si l\u2019\u00e9quipe affiche sa satisfaction, elle reste&hellip;","og_url":"https:\/\/www.festivox.fr\/blog\/on-peut-souffler-un-peu-a-fougeres-le-cafe-concert-du-coquelicot-reprend-des-couleurs-apres-une-annee-tendue\/","og_site_name":"FESTIVOX","article_published_time":"2025-11-30T07:18:00+00:00","og_image":[{"url":"https:\/\/www.festivox.fr\/blog\/wp-content\/uploads\/2025\/11\/on-peut-souffler-un-peu-a-fougeres-le-cafe-concert-du-coquelicot-reprend-des-couleurs-apres-une-annee-tendue.gif","type":"","width":"","height":""}],"author":"Michele","twitter_card":"summary_large_image","twitter_misc":{"\u00c9crit par":"Michele","Dur\u00e9e de lecture estim\u00e9e":"6 minutes"},"schema":{"@context":"https:\/\/schema.org","@graph":[{"@type":"Article","@id":"https:\/\/www.festivox.fr\/blog\/on-peut-souffler-un-peu-a-fougeres-le-cafe-concert-du-coquelicot-reprend-des-couleurs-apres-une-annee-tendue\/#article","isPartOf":{"@id":"https:\/\/www.festivox.fr\/blog\/on-peut-souffler-un-peu-a-fougeres-le-cafe-concert-du-coquelicot-reprend-des-couleurs-apres-une-annee-tendue\/"},"author":{"name":"Michele","@id":"https:\/\/www.festivox.fr\/blog\/#\/schema\/person\/f36a8b6bc94800c3eafed4bca993ce95"},"headline":"\u00ab On peut souffler un peu \u00bb : \u00e0 Foug\u00e8res, le caf\u00e9-concert du Coquelicot reprend des couleurs apr\u00e8s une ann\u00e9e tendue","datePublished":"2025-11-30T07:18:00+00:00","mainEntityOfPage":{"@id":"https:\/\/www.festivox.fr\/blog\/on-peut-souffler-un-peu-a-fougeres-le-cafe-concert-du-coquelicot-reprend-des-couleurs-apres-une-annee-tendue\/"},"wordCount":1221,"publisher":{"@id":"https:\/\/www.festivox.fr\/blog\/#organization"},"image":{"@id":"https:\/\/www.festivox.fr\/blog\/on-peut-souffler-un-peu-a-fougeres-le-cafe-concert-du-coquelicot-reprend-des-couleurs-apres-une-annee-tendue\/#primaryimage"},"thumbnailUrl":"https:\/\/www.festivox.fr\/blog\/wp-content\/uploads\/2025\/11\/on-peut-souffler-un-peu-a-fougeres-le-cafe-concert-du-coquelicot-reprend-des-couleurs-apres-une-annee-tendue.gif","articleSection":["Wiki Sur Festival Jazz Et Musique En Mode Guinguette:"],"inLanguage":"fr-FR"},{"@type":"WebPage","@id":"https:\/\/www.festivox.fr\/blog\/on-peut-souffler-un-peu-a-fougeres-le-cafe-concert-du-coquelicot-reprend-des-couleurs-apres-une-annee-tendue\/","url":"https:\/\/www.festivox.fr\/blog\/on-peut-souffler-un-peu-a-fougeres-le-cafe-concert-du-coquelicot-reprend-des-couleurs-apres-une-annee-tendue\/","name":"\u00ab On peut souffler un peu \u00bb : \u00e0 Foug\u00e8res, le caf\u00e9-concert du Coquelicot reprend des couleurs apr\u00e8s une ann\u00e9e tendue - FESTIVOX","isPartOf":{"@id":"https:\/\/www.festivox.fr\/blog\/#website"},"primaryImageOfPage":{"@id":"https:\/\/www.festivox.fr\/blog\/on-peut-souffler-un-peu-a-fougeres-le-cafe-concert-du-coquelicot-reprend-des-couleurs-apres-une-annee-tendue\/#primaryimage"},"image":{"@id":"https:\/\/www.festivox.fr\/blog\/on-peut-souffler-un-peu-a-fougeres-le-cafe-concert-du-coquelicot-reprend-des-couleurs-apres-une-annee-tendue\/#primaryimage"},"thumbnailUrl":"https:\/\/www.festivox.fr\/blog\/wp-content\/uploads\/2025\/11\/on-peut-souffler-un-peu-a-fougeres-le-cafe-concert-du-coquelicot-reprend-des-couleurs-apres-une-annee-tendue.gif","datePublished":"2025-11-30T07:18:00+00:00","breadcrumb":{"@id":"https:\/\/www.festivox.fr\/blog\/on-peut-souffler-un-peu-a-fougeres-le-cafe-concert-du-coquelicot-reprend-des-couleurs-apres-une-annee-tendue\/#breadcrumb"},"inLanguage":"fr-FR","potentialAction":[{"@type":"ReadAction","target":["https:\/\/www.festivox.fr\/blog\/on-peut-souffler-un-peu-a-fougeres-le-cafe-concert-du-coquelicot-reprend-des-couleurs-apres-une-annee-tendue\/"]}]},{"@type":"ImageObject","inLanguage":"fr-FR","@id":"https:\/\/www.festivox.fr\/blog\/on-peut-souffler-un-peu-a-fougeres-le-cafe-concert-du-coquelicot-reprend-des-couleurs-apres-une-annee-tendue\/#primaryimage","url":"https:\/\/www.festivox.fr\/blog\/wp-content\/uploads\/2025\/11\/on-peut-souffler-un-peu-a-fougeres-le-cafe-concert-du-coquelicot-reprend-des-couleurs-apres-une-annee-tendue.gif","contentUrl":"https:\/\/www.festivox.fr\/blog\/wp-content\/uploads\/2025\/11\/on-peut-souffler-un-peu-a-fougeres-le-cafe-concert-du-coquelicot-reprend-des-couleurs-apres-une-annee-tendue.gif","width":170,"height":66},{"@type":"BreadcrumbList","@id":"https:\/\/www.festivox.fr\/blog\/on-peut-souffler-un-peu-a-fougeres-le-cafe-concert-du-coquelicot-reprend-des-couleurs-apres-une-annee-tendue\/#breadcrumb","itemListElement":[{"@type":"ListItem","position":1,"name":"Accueil","item":"https:\/\/www.festivox.fr\/blog\/"},{"@type":"ListItem","position":2,"name":"\u00ab On peut souffler un peu \u00bb : \u00e0 Foug\u00e8res, le caf\u00e9-concert du Coquelicot reprend des couleurs apr\u00e8s une ann\u00e9e tendue"}]},{"@type":"WebSite","@id":"https:\/\/www.festivox.fr\/blog\/#website","url":"https:\/\/www.festivox.fr\/blog\/","name":"FESTIVOX","description":"Festival en mode guinguette.","publisher":{"@id":"https:\/\/www.festivox.fr\/blog\/#organization"},"potentialAction":[{"@type":"SearchAction","target":{"@type":"EntryPoint","urlTemplate":"https:\/\/www.festivox.fr\/blog\/?s={search_term_string}"},"query-input":{"@type":"PropertyValueSpecification","valueRequired":true,"valueName":"search_term_string"}}],"inLanguage":"fr-FR"},{"@type":"Organization","@id":"https:\/\/www.festivox.fr\/blog\/#organization","name":"festivox","url":"https:\/\/www.festivox.fr\/blog\/","logo":{"@type":"ImageObject","inLanguage":"fr-FR","@id":"https:\/\/www.festivox.fr\/blog\/#\/schema\/logo\/image\/","url":"https:\/\/www.festivox.fr\/blog\/wp-content\/uploads\/2023\/06\/logo-2.png","contentUrl":"https:\/\/www.festivox.fr\/blog\/wp-content\/uploads\/2023\/06\/logo-2.png","width":480,"height":160,"caption":"festivox"},"image":{"@id":"https:\/\/www.festivox.fr\/blog\/#\/schema\/logo\/image\/"}},{"@type":"Person","@id":"https:\/\/www.festivox.fr\/blog\/#\/schema\/person\/f36a8b6bc94800c3eafed4bca993ce95","name":"Michele","image":{"@type":"ImageObject","inLanguage":"fr-FR","@id":"https:\/\/secure.gravatar.com\/avatar\/b062046536b5d47ec9075956ec349ef95ed06b0f910c578f74abb318668b702e?s=96&d=mm&r=g","url":"https:\/\/secure.gravatar.com\/avatar\/b062046536b5d47ec9075956ec349ef95ed06b0f910c578f74abb318668b702e?s=96&d=mm&r=g","contentUrl":"https:\/\/secure.gravatar.com\/avatar\/b062046536b5d47ec9075956ec349ef95ed06b0f910c578f74abb318668b702e?s=96&d=mm&r=g","caption":"Michele"},"sameAs":["https:\/\/www.festivox.fr\/blog"],"url":"https:\/\/www.festivox.fr\/blog\/author\/voxadmin\/"}]}},"_links":{"self":[{"href":"https:\/\/www.festivox.fr\/blog\/wp-json\/wp\/v2\/posts\/1328","targetHints":{"allow":["GET"]}}],"collection":[{"href":"https:\/\/www.festivox.fr\/blog\/wp-json\/wp\/v2\/posts"}],"about":[{"href":"https:\/\/www.festivox.fr\/blog\/wp-json\/wp\/v2\/types\/post"}],"author":[{"embeddable":true,"href":"https:\/\/www.festivox.fr\/blog\/wp-json\/wp\/v2\/users\/1"}],"replies":[{"embeddable":true,"href":"https:\/\/www.festivox.fr\/blog\/wp-json\/wp\/v2\/comments?post=1328"}],"version-history":[{"count":0,"href":"https:\/\/www.festivox.fr\/blog\/wp-json\/wp\/v2\/posts\/1328\/revisions"}],"wp:featuredmedia":[{"embeddable":true,"href":"https:\/\/www.festivox.fr\/blog\/wp-json\/wp\/v2\/media\/1329"}],"wp:attachment":[{"href":"https:\/\/www.festivox.fr\/blog\/wp-json\/wp\/v2\/media?parent=1328"}],"wp:term":[{"taxonomy":"category","embeddable":true,"href":"https:\/\/www.festivox.fr\/blog\/wp-json\/wp\/v2\/categories?post=1328"},{"taxonomy":"post_tag","embeddable":true,"href":"https:\/\/www.festivox.fr\/blog\/wp-json\/wp\/v2\/tags?post=1328"}],"curies":[{"name":"wp","href":"https:\/\/api.w.org\/{rel}","templated":true}]}}