{"id":1294,"date":"2020-10-14T04:14:00","date_gmt":"2020-10-14T03:14:00","guid":{"rendered":"https:\/\/www.festivox.fr\/blog\/portet-sur-garonne-quand-la-java-sen-va-le-jazz-est-la-sur-son-31\/"},"modified":"2020-10-14T04:14:00","modified_gmt":"2020-10-14T03:14:00","slug":"portet-sur-garonne-quand-la-java-sen-va-le-jazz-est-la-sur-son-31","status":"publish","type":"post","link":"https:\/\/www.festivox.fr\/blog\/portet-sur-garonne-quand-la-java-sen-va-le-jazz-est-la-sur-son-31\/","title":{"rendered":"Portet-sur-Garonne : quand la java s\u2019en va, le jazz est l\u00e0, sur son 31"},"content":{"rendered":"\n<div><img decoding=\"async\" src=\"https:\/\/www.festivox.fr\/blog\/wp-content\/uploads\/2025\/11\/portet-sur-garonne-quand-la-java-sen-va-le-jazz-est-la-sur-son-31.jpg\" class=\"ff-og-image-inserted\"><\/div>\n<p>Pour la 1\u00e8re fois, la ville de Portet a accueilli la 34 \u00e8me \u00e9dition du festival \u00ab\u00a0Jazz sur son 31 \u00ab\u00a0, salle du Confluent organis\u00e9 par le conseil d\u00e9partemental de Haute-Garonne. Un festival accessible \u00e0 tous, qui invite les curieux \u00e0 d\u00e9couvrir le jazz sous toutes ses formes. Cette soir\u00e9e pr\u00e9sent\u00e9 par Annie Vieu, vice-pr\u00e9sidente du conseil d\u00e9partemental et Thierry Vergne, conseiller d\u00e9l\u00e9gu\u00e9 \u00e0 la culture et patrimoine de Portet, en l\u2019absence et excus\u00e9 de Thierry Suaud, maire de la ville et conseiller r\u00e9gional Occitanie \u2013Midi-Pyr\u00e9n\u00e9es .A l\u2019affiche le pianiste Amaury Faye, n\u00e9 il y a 30 ans \u00e0 Toulouse une personnalit\u00e9 \u00e0 multiples facettes qui s\u2019inscrit dans chaque note de ses compositions. Consid\u00e9r\u00e9 comme l\u2019un des pianistes les plus prometteurs sur la sc\u00e8ne actuelle, Amaury est l\u2019un des fers de lance de la nouvelle g\u00e9n\u00e9ration de jazzmen fran\u00e7ais. Les nombreuses r\u00e9compenses qu\u2019il a re\u00e7ues entre 2015 et 2017 confirment sa r\u00e9putation d\u2019improvisateur et compositeur. Si la musique d\u2019Amaury Faye appartient essentiellement \u00e0 la cat\u00e9gorie du \u00ab\u00a0jazz mainstream\u00a0\u00bb, il peut \u00eatre difficile d\u2019\u00eatre plus sp\u00e9cifique, tant est la richesse et la diversit\u00e9 des influences qui la caract\u00e9risent, allant du classique au jazz, de la pop au rock ou au blues. Dans ses solos, il a su d\u00e9velopper un sens de la construction, contr\u00f4lant et juxtaposant le son, la virtuosit\u00e9, la complexit\u00e9 et la simplicit\u00e9. Son dernier album, Buran \u00ab\u00a0L\u2019Esprit du piano\u00a0\u00bb, en apportant une belle d\u00e9monstration\u2026C\u2019est dans une salle du Confluent occup\u00e9 par de tr\u00e8s nombreux spectateurs , respectant les gestes barri\u00e8res, l\u2019espace de un m\u00e8tre de distance et le port du masque obligatoire , sauf pour les moins de 11 ans. Jazz sur son 31 est un festival pour tous, particuli\u00e8rement bienvenu dans une p\u00e9riode difficile o\u00f9 la musique peut \u00eatre ce petit baume au c\u0153ur qui cr\u00e9e du lien et fait du bien. Claude Sauriac<\/p>\n<p> Cet article, qui traite du th\u00e8me \u00ab\u00a0Festival Jazz et musique en mode guinguette\u00a0\u00bb, vous est d\u00e9lib\u00e9r\u00e9ment offert par festivox.fr. La raison d\u2019\u00eatre de festivox.fr est de parler de Festival Jazz et musique en mode guinguette dans la transparence la plus g\u00e9n\u00e9rale en vous procurant la visibilit\u00e9 de tout ce qui est publi\u00e9 sur ce sujet sur le web La chronique a \u00e9t\u00e9 g\u00e9n\u00e9r\u00e9e de la mani\u00e8re la plus honn\u00eate que possible. S\u2019il advenait que vous projetez d\u2019apporter quelques notes concernant le domaine de \u00ab\u00a0Festival Jazz et musique en mode guinguette\u00a0\u00bb vous avez la possibilit\u00e9 de d&rsquo;\u00e9changer avec notre r\u00e9daction. Dans peu de temps, on mettra en ligne d&rsquo;autres informations pertinentes autour du sujet \u00ab\u00a0Festival Jazz et musique en mode guinguette\u00a0\u00bb. Ainsi, consultez r\u00e9guli\u00e8rement notre site.<\/p>\n","protected":false},"excerpt":{"rendered":"<p>Pour la 1\u00e8re fois, la ville de Portet a accueilli la 34 \u00e8me \u00e9dition du festival \u00ab\u00a0Jazz sur son 31 \u00ab\u00a0, salle du Confluent organis\u00e9 par le conseil d\u00e9partemental de Haute-Garonne. Un festival accessible \u00e0 tous, qui invite les curieux \u00e0 d\u00e9couvrir le jazz sous toutes ses formes. Cette soir\u00e9e pr\u00e9sent\u00e9 par Annie Vieu, vice-pr\u00e9sidente&hellip;<\/p>\n","protected":false},"author":1,"featured_media":1295,"comment_status":"closed","ping_status":"closed","sticky":false,"template":"","format":"standard","meta":{"footnotes":""},"categories":[3],"tags":[],"class_list":["post-1294","post","type-post","status-publish","format-standard","has-post-thumbnail","hentry","category-wiki-sur-festival-jazz-et-musique-en-mode-guinguette"],"yoast_head":"<!-- This site is optimized with the Yoast SEO plugin v27.5 - https:\/\/yoast.com\/product\/yoast-seo-wordpress\/ -->\n<title>Portet-sur-Garonne : quand la java s\u2019en va, le jazz est l\u00e0, sur son 31 - FESTIVOX<\/title>\n<meta name=\"robots\" content=\"index, follow, max-snippet:-1, max-image-preview:large, max-video-preview:-1\" \/>\n<link rel=\"canonical\" href=\"https:\/\/www.festivox.fr\/blog\/portet-sur-garonne-quand-la-java-sen-va-le-jazz-est-la-sur-son-31\/\" \/>\n<meta property=\"og:locale\" content=\"fr_FR\" \/>\n<meta property=\"og:type\" content=\"article\" \/>\n<meta property=\"og:title\" content=\"Portet-sur-Garonne : quand la java s\u2019en va, le jazz est l\u00e0, sur son 31 - FESTIVOX\" \/>\n<meta property=\"og:description\" content=\"Pour la 1\u00e8re fois, la ville de Portet a accueilli la 34 \u00e8me \u00e9dition du festival \u00ab\u00a0Jazz sur son 31 \u00ab\u00a0, salle du Confluent organis\u00e9 par le conseil d\u00e9partemental de Haute-Garonne. Un festival accessible \u00e0 tous, qui invite les curieux \u00e0 d\u00e9couvrir le jazz sous toutes ses formes. Cette soir\u00e9e pr\u00e9sent\u00e9 par Annie Vieu, vice-pr\u00e9sidente&hellip;\" \/>\n<meta property=\"og:url\" content=\"https:\/\/www.festivox.fr\/blog\/portet-sur-garonne-quand-la-java-sen-va-le-jazz-est-la-sur-son-31\/\" \/>\n<meta property=\"og:site_name\" content=\"FESTIVOX\" \/>\n<meta property=\"article:published_time\" content=\"2020-10-14T03:14:00+00:00\" \/>\n<meta property=\"og:image\" content=\"https:\/\/www.festivox.fr\/blog\/wp-content\/uploads\/2025\/11\/portet-sur-garonne-quand-la-java-sen-va-le-jazz-est-la-sur-son-31.jpg\" \/>\n<meta name=\"author\" content=\"Michele\" \/>\n<meta name=\"twitter:card\" content=\"summary_large_image\" \/>\n<meta name=\"twitter:label1\" content=\"\u00c9crit par\" \/>\n\t<meta name=\"twitter:data1\" content=\"Michele\" \/>\n\t<meta name=\"twitter:label2\" content=\"Dur\u00e9e de lecture estim\u00e9e\" \/>\n\t<meta name=\"twitter:data2\" content=\"2 minutes\" \/>\n<script type=\"application\/ld+json\" class=\"yoast-schema-graph\">{\"@context\":\"https:\\\/\\\/schema.org\",\"@graph\":[{\"@type\":\"Article\",\"@id\":\"https:\\\/\\\/www.festivox.fr\\\/blog\\\/portet-sur-garonne-quand-la-java-sen-va-le-jazz-est-la-sur-son-31\\\/#article\",\"isPartOf\":{\"@id\":\"https:\\\/\\\/www.festivox.fr\\\/blog\\\/portet-sur-garonne-quand-la-java-sen-va-le-jazz-est-la-sur-son-31\\\/\"},\"author\":{\"name\":\"Michele\",\"@id\":\"https:\\\/\\\/www.festivox.fr\\\/blog\\\/#\\\/schema\\\/person\\\/f36a8b6bc94800c3eafed4bca993ce95\"},\"headline\":\"Portet-sur-Garonne : quand la java s\u2019en va, le jazz est l\u00e0, sur son 31\",\"datePublished\":\"2020-10-14T03:14:00+00:00\",\"mainEntityOfPage\":{\"@id\":\"https:\\\/\\\/www.festivox.fr\\\/blog\\\/portet-sur-garonne-quand-la-java-sen-va-le-jazz-est-la-sur-son-31\\\/\"},\"wordCount\":494,\"publisher\":{\"@id\":\"https:\\\/\\\/www.festivox.fr\\\/blog\\\/#organization\"},\"image\":{\"@id\":\"https:\\\/\\\/www.festivox.fr\\\/blog\\\/portet-sur-garonne-quand-la-java-sen-va-le-jazz-est-la-sur-son-31\\\/#primaryimage\"},\"thumbnailUrl\":\"https:\\\/\\\/www.festivox.fr\\\/blog\\\/wp-content\\\/uploads\\\/2025\\\/11\\\/portet-sur-garonne-quand-la-java-sen-va-le-jazz-est-la-sur-son-31.jpg\",\"articleSection\":[\"Wiki Sur Festival Jazz Et Musique En Mode Guinguette:\"],\"inLanguage\":\"fr-FR\"},{\"@type\":\"WebPage\",\"@id\":\"https:\\\/\\\/www.festivox.fr\\\/blog\\\/portet-sur-garonne-quand-la-java-sen-va-le-jazz-est-la-sur-son-31\\\/\",\"url\":\"https:\\\/\\\/www.festivox.fr\\\/blog\\\/portet-sur-garonne-quand-la-java-sen-va-le-jazz-est-la-sur-son-31\\\/\",\"name\":\"Portet-sur-Garonne : quand la java s\u2019en va, le jazz est l\u00e0, sur son 31 - FESTIVOX\",\"isPartOf\":{\"@id\":\"https:\\\/\\\/www.festivox.fr\\\/blog\\\/#website\"},\"primaryImageOfPage\":{\"@id\":\"https:\\\/\\\/www.festivox.fr\\\/blog\\\/portet-sur-garonne-quand-la-java-sen-va-le-jazz-est-la-sur-son-31\\\/#primaryimage\"},\"image\":{\"@id\":\"https:\\\/\\\/www.festivox.fr\\\/blog\\\/portet-sur-garonne-quand-la-java-sen-va-le-jazz-est-la-sur-son-31\\\/#primaryimage\"},\"thumbnailUrl\":\"https:\\\/\\\/www.festivox.fr\\\/blog\\\/wp-content\\\/uploads\\\/2025\\\/11\\\/portet-sur-garonne-quand-la-java-sen-va-le-jazz-est-la-sur-son-31.jpg\",\"datePublished\":\"2020-10-14T03:14:00+00:00\",\"breadcrumb\":{\"@id\":\"https:\\\/\\\/www.festivox.fr\\\/blog\\\/portet-sur-garonne-quand-la-java-sen-va-le-jazz-est-la-sur-son-31\\\/#breadcrumb\"},\"inLanguage\":\"fr-FR\",\"potentialAction\":[{\"@type\":\"ReadAction\",\"target\":[\"https:\\\/\\\/www.festivox.fr\\\/blog\\\/portet-sur-garonne-quand-la-java-sen-va-le-jazz-est-la-sur-son-31\\\/\"]}]},{\"@type\":\"ImageObject\",\"inLanguage\":\"fr-FR\",\"@id\":\"https:\\\/\\\/www.festivox.fr\\\/blog\\\/portet-sur-garonne-quand-la-java-sen-va-le-jazz-est-la-sur-son-31\\\/#primaryimage\",\"url\":\"https:\\\/\\\/www.festivox.fr\\\/blog\\\/wp-content\\\/uploads\\\/2025\\\/11\\\/portet-sur-garonne-quand-la-java-sen-va-le-jazz-est-la-sur-son-31.jpg\",\"contentUrl\":\"https:\\\/\\\/www.festivox.fr\\\/blog\\\/wp-content\\\/uploads\\\/2025\\\/11\\\/portet-sur-garonne-quand-la-java-sen-va-le-jazz-est-la-sur-son-31.jpg\",\"width\":1200,\"height\":500},{\"@type\":\"BreadcrumbList\",\"@id\":\"https:\\\/\\\/www.festivox.fr\\\/blog\\\/portet-sur-garonne-quand-la-java-sen-va-le-jazz-est-la-sur-son-31\\\/#breadcrumb\",\"itemListElement\":[{\"@type\":\"ListItem\",\"position\":1,\"name\":\"Accueil\",\"item\":\"https:\\\/\\\/www.festivox.fr\\\/blog\\\/\"},{\"@type\":\"ListItem\",\"position\":2,\"name\":\"Portet-sur-Garonne : quand la java s\u2019en va, le jazz est l\u00e0, sur son 31\"}]},{\"@type\":\"WebSite\",\"@id\":\"https:\\\/\\\/www.festivox.fr\\\/blog\\\/#website\",\"url\":\"https:\\\/\\\/www.festivox.fr\\\/blog\\\/\",\"name\":\"FESTIVOX\",\"description\":\"Festival en mode guinguette.\",\"publisher\":{\"@id\":\"https:\\\/\\\/www.festivox.fr\\\/blog\\\/#organization\"},\"potentialAction\":[{\"@type\":\"SearchAction\",\"target\":{\"@type\":\"EntryPoint\",\"urlTemplate\":\"https:\\\/\\\/www.festivox.fr\\\/blog\\\/?s={search_term_string}\"},\"query-input\":{\"@type\":\"PropertyValueSpecification\",\"valueRequired\":true,\"valueName\":\"search_term_string\"}}],\"inLanguage\":\"fr-FR\"},{\"@type\":\"Organization\",\"@id\":\"https:\\\/\\\/www.festivox.fr\\\/blog\\\/#organization\",\"name\":\"festivox\",\"url\":\"https:\\\/\\\/www.festivox.fr\\\/blog\\\/\",\"logo\":{\"@type\":\"ImageObject\",\"inLanguage\":\"fr-FR\",\"@id\":\"https:\\\/\\\/www.festivox.fr\\\/blog\\\/#\\\/schema\\\/logo\\\/image\\\/\",\"url\":\"https:\\\/\\\/www.festivox.fr\\\/blog\\\/wp-content\\\/uploads\\\/2023\\\/06\\\/logo-2.png\",\"contentUrl\":\"https:\\\/\\\/www.festivox.fr\\\/blog\\\/wp-content\\\/uploads\\\/2023\\\/06\\\/logo-2.png\",\"width\":480,\"height\":160,\"caption\":\"festivox\"},\"image\":{\"@id\":\"https:\\\/\\\/www.festivox.fr\\\/blog\\\/#\\\/schema\\\/logo\\\/image\\\/\"}},{\"@type\":\"Person\",\"@id\":\"https:\\\/\\\/www.festivox.fr\\\/blog\\\/#\\\/schema\\\/person\\\/f36a8b6bc94800c3eafed4bca993ce95\",\"name\":\"Michele\",\"image\":{\"@type\":\"ImageObject\",\"inLanguage\":\"fr-FR\",\"@id\":\"https:\\\/\\\/secure.gravatar.com\\\/avatar\\\/b062046536b5d47ec9075956ec349ef95ed06b0f910c578f74abb318668b702e?s=96&d=mm&r=g\",\"url\":\"https:\\\/\\\/secure.gravatar.com\\\/avatar\\\/b062046536b5d47ec9075956ec349ef95ed06b0f910c578f74abb318668b702e?s=96&d=mm&r=g\",\"contentUrl\":\"https:\\\/\\\/secure.gravatar.com\\\/avatar\\\/b062046536b5d47ec9075956ec349ef95ed06b0f910c578f74abb318668b702e?s=96&d=mm&r=g\",\"caption\":\"Michele\"},\"sameAs\":[\"https:\\\/\\\/www.festivox.fr\\\/blog\"],\"url\":\"https:\\\/\\\/www.festivox.fr\\\/blog\\\/author\\\/voxadmin\\\/\"}]}<\/script>\n<!-- \/ Yoast SEO plugin. -->","yoast_head_json":{"title":"Portet-sur-Garonne : quand la java s\u2019en va, le jazz est l\u00e0, sur son 31 - FESTIVOX","robots":{"index":"index","follow":"follow","max-snippet":"max-snippet:-1","max-image-preview":"max-image-preview:large","max-video-preview":"max-video-preview:-1"},"canonical":"https:\/\/www.festivox.fr\/blog\/portet-sur-garonne-quand-la-java-sen-va-le-jazz-est-la-sur-son-31\/","og_locale":"fr_FR","og_type":"article","og_title":"Portet-sur-Garonne : quand la java s\u2019en va, le jazz est l\u00e0, sur son 31 - FESTIVOX","og_description":"Pour la 1\u00e8re fois, la ville de Portet a accueilli la 34 \u00e8me \u00e9dition du festival \u00ab\u00a0Jazz sur son 31 \u00ab\u00a0, salle du Confluent organis\u00e9 par le conseil d\u00e9partemental de Haute-Garonne. Un festival accessible \u00e0 tous, qui invite les curieux \u00e0 d\u00e9couvrir le jazz sous toutes ses formes. Cette soir\u00e9e pr\u00e9sent\u00e9 par Annie Vieu, vice-pr\u00e9sidente&hellip;","og_url":"https:\/\/www.festivox.fr\/blog\/portet-sur-garonne-quand-la-java-sen-va-le-jazz-est-la-sur-son-31\/","og_site_name":"FESTIVOX","article_published_time":"2020-10-14T03:14:00+00:00","og_image":[{"url":"https:\/\/www.festivox.fr\/blog\/wp-content\/uploads\/2025\/11\/portet-sur-garonne-quand-la-java-sen-va-le-jazz-est-la-sur-son-31.jpg","type":"","width":"","height":""}],"author":"Michele","twitter_card":"summary_large_image","twitter_misc":{"\u00c9crit par":"Michele","Dur\u00e9e de lecture estim\u00e9e":"2 minutes"},"schema":{"@context":"https:\/\/schema.org","@graph":[{"@type":"Article","@id":"https:\/\/www.festivox.fr\/blog\/portet-sur-garonne-quand-la-java-sen-va-le-jazz-est-la-sur-son-31\/#article","isPartOf":{"@id":"https:\/\/www.festivox.fr\/blog\/portet-sur-garonne-quand-la-java-sen-va-le-jazz-est-la-sur-son-31\/"},"author":{"name":"Michele","@id":"https:\/\/www.festivox.fr\/blog\/#\/schema\/person\/f36a8b6bc94800c3eafed4bca993ce95"},"headline":"Portet-sur-Garonne : quand la java s\u2019en va, le jazz est l\u00e0, sur son 31","datePublished":"2020-10-14T03:14:00+00:00","mainEntityOfPage":{"@id":"https:\/\/www.festivox.fr\/blog\/portet-sur-garonne-quand-la-java-sen-va-le-jazz-est-la-sur-son-31\/"},"wordCount":494,"publisher":{"@id":"https:\/\/www.festivox.fr\/blog\/#organization"},"image":{"@id":"https:\/\/www.festivox.fr\/blog\/portet-sur-garonne-quand-la-java-sen-va-le-jazz-est-la-sur-son-31\/#primaryimage"},"thumbnailUrl":"https:\/\/www.festivox.fr\/blog\/wp-content\/uploads\/2025\/11\/portet-sur-garonne-quand-la-java-sen-va-le-jazz-est-la-sur-son-31.jpg","articleSection":["Wiki Sur Festival Jazz Et Musique En Mode Guinguette:"],"inLanguage":"fr-FR"},{"@type":"WebPage","@id":"https:\/\/www.festivox.fr\/blog\/portet-sur-garonne-quand-la-java-sen-va-le-jazz-est-la-sur-son-31\/","url":"https:\/\/www.festivox.fr\/blog\/portet-sur-garonne-quand-la-java-sen-va-le-jazz-est-la-sur-son-31\/","name":"Portet-sur-Garonne : quand la java s\u2019en va, le jazz est l\u00e0, sur son 31 - FESTIVOX","isPartOf":{"@id":"https:\/\/www.festivox.fr\/blog\/#website"},"primaryImageOfPage":{"@id":"https:\/\/www.festivox.fr\/blog\/portet-sur-garonne-quand-la-java-sen-va-le-jazz-est-la-sur-son-31\/#primaryimage"},"image":{"@id":"https:\/\/www.festivox.fr\/blog\/portet-sur-garonne-quand-la-java-sen-va-le-jazz-est-la-sur-son-31\/#primaryimage"},"thumbnailUrl":"https:\/\/www.festivox.fr\/blog\/wp-content\/uploads\/2025\/11\/portet-sur-garonne-quand-la-java-sen-va-le-jazz-est-la-sur-son-31.jpg","datePublished":"2020-10-14T03:14:00+00:00","breadcrumb":{"@id":"https:\/\/www.festivox.fr\/blog\/portet-sur-garonne-quand-la-java-sen-va-le-jazz-est-la-sur-son-31\/#breadcrumb"},"inLanguage":"fr-FR","potentialAction":[{"@type":"ReadAction","target":["https:\/\/www.festivox.fr\/blog\/portet-sur-garonne-quand-la-java-sen-va-le-jazz-est-la-sur-son-31\/"]}]},{"@type":"ImageObject","inLanguage":"fr-FR","@id":"https:\/\/www.festivox.fr\/blog\/portet-sur-garonne-quand-la-java-sen-va-le-jazz-est-la-sur-son-31\/#primaryimage","url":"https:\/\/www.festivox.fr\/blog\/wp-content\/uploads\/2025\/11\/portet-sur-garonne-quand-la-java-sen-va-le-jazz-est-la-sur-son-31.jpg","contentUrl":"https:\/\/www.festivox.fr\/blog\/wp-content\/uploads\/2025\/11\/portet-sur-garonne-quand-la-java-sen-va-le-jazz-est-la-sur-son-31.jpg","width":1200,"height":500},{"@type":"BreadcrumbList","@id":"https:\/\/www.festivox.fr\/blog\/portet-sur-garonne-quand-la-java-sen-va-le-jazz-est-la-sur-son-31\/#breadcrumb","itemListElement":[{"@type":"ListItem","position":1,"name":"Accueil","item":"https:\/\/www.festivox.fr\/blog\/"},{"@type":"ListItem","position":2,"name":"Portet-sur-Garonne : quand la java s\u2019en va, le jazz est l\u00e0, sur son 31"}]},{"@type":"WebSite","@id":"https:\/\/www.festivox.fr\/blog\/#website","url":"https:\/\/www.festivox.fr\/blog\/","name":"FESTIVOX","description":"Festival en mode guinguette.","publisher":{"@id":"https:\/\/www.festivox.fr\/blog\/#organization"},"potentialAction":[{"@type":"SearchAction","target":{"@type":"EntryPoint","urlTemplate":"https:\/\/www.festivox.fr\/blog\/?s={search_term_string}"},"query-input":{"@type":"PropertyValueSpecification","valueRequired":true,"valueName":"search_term_string"}}],"inLanguage":"fr-FR"},{"@type":"Organization","@id":"https:\/\/www.festivox.fr\/blog\/#organization","name":"festivox","url":"https:\/\/www.festivox.fr\/blog\/","logo":{"@type":"ImageObject","inLanguage":"fr-FR","@id":"https:\/\/www.festivox.fr\/blog\/#\/schema\/logo\/image\/","url":"https:\/\/www.festivox.fr\/blog\/wp-content\/uploads\/2023\/06\/logo-2.png","contentUrl":"https:\/\/www.festivox.fr\/blog\/wp-content\/uploads\/2023\/06\/logo-2.png","width":480,"height":160,"caption":"festivox"},"image":{"@id":"https:\/\/www.festivox.fr\/blog\/#\/schema\/logo\/image\/"}},{"@type":"Person","@id":"https:\/\/www.festivox.fr\/blog\/#\/schema\/person\/f36a8b6bc94800c3eafed4bca993ce95","name":"Michele","image":{"@type":"ImageObject","inLanguage":"fr-FR","@id":"https:\/\/secure.gravatar.com\/avatar\/b062046536b5d47ec9075956ec349ef95ed06b0f910c578f74abb318668b702e?s=96&d=mm&r=g","url":"https:\/\/secure.gravatar.com\/avatar\/b062046536b5d47ec9075956ec349ef95ed06b0f910c578f74abb318668b702e?s=96&d=mm&r=g","contentUrl":"https:\/\/secure.gravatar.com\/avatar\/b062046536b5d47ec9075956ec349ef95ed06b0f910c578f74abb318668b702e?s=96&d=mm&r=g","caption":"Michele"},"sameAs":["https:\/\/www.festivox.fr\/blog"],"url":"https:\/\/www.festivox.fr\/blog\/author\/voxadmin\/"}]}},"_links":{"self":[{"href":"https:\/\/www.festivox.fr\/blog\/wp-json\/wp\/v2\/posts\/1294","targetHints":{"allow":["GET"]}}],"collection":[{"href":"https:\/\/www.festivox.fr\/blog\/wp-json\/wp\/v2\/posts"}],"about":[{"href":"https:\/\/www.festivox.fr\/blog\/wp-json\/wp\/v2\/types\/post"}],"author":[{"embeddable":true,"href":"https:\/\/www.festivox.fr\/blog\/wp-json\/wp\/v2\/users\/1"}],"replies":[{"embeddable":true,"href":"https:\/\/www.festivox.fr\/blog\/wp-json\/wp\/v2\/comments?post=1294"}],"version-history":[{"count":0,"href":"https:\/\/www.festivox.fr\/blog\/wp-json\/wp\/v2\/posts\/1294\/revisions"}],"wp:featuredmedia":[{"embeddable":true,"href":"https:\/\/www.festivox.fr\/blog\/wp-json\/wp\/v2\/media\/1295"}],"wp:attachment":[{"href":"https:\/\/www.festivox.fr\/blog\/wp-json\/wp\/v2\/media?parent=1294"}],"wp:term":[{"taxonomy":"category","embeddable":true,"href":"https:\/\/www.festivox.fr\/blog\/wp-json\/wp\/v2\/categories?post=1294"},{"taxonomy":"post_tag","embeddable":true,"href":"https:\/\/www.festivox.fr\/blog\/wp-json\/wp\/v2\/tags?post=1294"}],"curies":[{"name":"wp","href":"https:\/\/api.w.org\/{rel}","templated":true}]}}