{"id":1288,"date":"2025-10-21T08:19:00","date_gmt":"2025-10-21T06:19:00","guid":{"rendered":"https:\/\/www.festivox.fr\/blog\/un-hommage-vibrant-a-claude-nougaro-le-8-novembre-a-la-chapelle-saint-yves-de-quintin-les-inscriptions-sont-ouvertes\/"},"modified":"2025-10-21T08:19:00","modified_gmt":"2025-10-21T06:19:00","slug":"un-hommage-vibrant-a-claude-nougaro-le-8-novembre-a-la-chapelle-saint-yves-de-quintin-les-inscriptions-sont-ouvertes","status":"publish","type":"post","link":"https:\/\/www.festivox.fr\/blog\/un-hommage-vibrant-a-claude-nougaro-le-8-novembre-a-la-chapelle-saint-yves-de-quintin-les-inscriptions-sont-ouvertes\/","title":{"rendered":"Un hommage vibrant \u00e0 Claude Nougaro le 8 novembre \u00e0 la chapelle Saint-Yves de Quintin, les inscriptions sont ouvertes"},"content":{"rendered":"\n<div><img decoding=\"async\" src=\"https:\/\/www.festivox.fr\/blog\/wp-content\/uploads\/2025\/10\/un-hommage-vibrant-a-claude-nougaro-le-8-novembre-a-la-chapelle-saint-yves-de-quintin-les-inscriptions-sont-ouvertes.jpg\" class=\"ff-og-image-inserted\"><\/div>\n<div>\n<p>Dans le cadre de la 32e \u00e9dition des Chanteurs de Rue et de la Foire Saint-Martin, Dominique Babilotte, accompagn\u00e9 de son pianiste Jacky Bouillol, pr\u00e9sentera un concert exceptionnel intitul\u00e9 \u00ab&nbsp;Nougaro en duo&nbsp;\u00bb. Ce spectacle, qui se d\u00e9roulera \u00e0 la chapelle Saint-Yves de <a href=\"https:\/\/www.letelegramme.fr\/cotes-d-armor\/quintin-22800\/\" title=\"www.letelegramme.fr\" target=\"_blank\" rel=\"nofollow\">Quintin<\/a> le samedi 8 novembre, rend hommage \u00e0 Claude Nougaro, ce po\u00e8te-musicien qui a r\u00e9volutionn\u00e9 la chanson fran\u00e7aise. Le concert est organis\u00e9 au profit du festival, avec un tarif d\u2019entr\u00e9e de 10 \u20ac et une dur\u00e9e de 1&nbsp;h&nbsp;30. La r\u00e9servation est fortement conseill\u00e9e, la jauge \u00e9tant limit\u00e9e.<\/p>\n<h2>Des classiques incontournables<\/h2>\n<\/div>\n<div aria-hidden=\"true\">\n<p>Au programme, les plus grands titres de Nougaro, tels que \u00ab&nbsp;Le jazz et la java&nbsp;\u00bb, \u00ab&nbsp;Toulouse&nbsp;\u00bb, \u00ab&nbsp;Tu verras&nbsp;\u00bb, ainsi qu\u2019une compilation de morceaux issus de son r\u00e9pertoire, de son premier au dernier album. Dominique Babilotte, qui interpr\u00e8te Nougaro depuis cinq ans, souligne l\u2019importance de cet artiste qui m\u00eale po\u00e9sie et musicalit\u00e9 avec une langue fran\u00e7aise magnifiquement swing\u00e9e. Ces morceaux, \u00e0 la fois \u00e9mouvants et entra\u00eenants, plongeront le public dans l\u2019univers unique de Nougaro. Un concert pour soutenir la culture. Ce concert repr\u00e9sente bien plus qu\u2019un simple hommage musical&nbsp;: il est aussi un acte de soutien \u00e0 la culture locale, dans un contexte difficile marqu\u00e9 par la baisse des subventions aux associations culturelles. \u00ab&nbsp;Le Festival va bien au-del\u00e0 de la chanson, c\u2019est un moment d\u2019humanisme&nbsp;\u00bb, pr\u00e9cise Dominique Babilotte. Un \u00e9v\u00e9nement \u00e0 ne pas manquer pour c\u00e9l\u00e9brer la musique et la solidarit\u00e9, tout en red\u00e9couvrant les chansons d\u2019un des plus grands artistes fran\u00e7ais.<\/p>\n<h3 class=\"titre-note\">Pratique<\/h3>\n<p class=\"note\">Samedi 8 novembre \u00e0 17&nbsp;h, Chapelle Saint-Yves de Quintin. Tarif&nbsp;: 10 \u20ac, r\u00e9servation conseill\u00e9e.<\/p>\n<\/div>\n<div aria-hidden=\"true\">\n<p class=\"note\">Inscriptions d\u00e8s le mercredi 22 octobre \u00e0 9&nbsp;h sur la plateforme <a href=\"https:\/\/yurplan.com\/\" title=\"yurplan.com\" target=\"_blank\" rel=\"nofollow\">Yurplan<\/a> ou \u00e0 la librairie Le Marque Page.<\/p>\n<\/div>\n<p> Cet article, qui traite du th\u00e8me \u00ab\u00a0Festival Jazz et musique en mode guinguette\u00a0\u00bb, vous est d\u00e9lib\u00e9r\u00e9ment offert par festivox.fr. La raison d\u2019\u00eatre de festivox.fr est de parler de Festival Jazz et musique en mode guinguette dans la transparence la plus g\u00e9n\u00e9rale en vous procurant la visibilit\u00e9 de tout ce qui est publi\u00e9 sur ce sujet sur le web La chronique a \u00e9t\u00e9 g\u00e9n\u00e9r\u00e9e de la mani\u00e8re la plus honn\u00eate que possible. S\u2019il advenait que vous projetez d\u2019apporter quelques notes concernant le domaine de \u00ab\u00a0Festival Jazz et musique en mode guinguette\u00a0\u00bb vous avez la possibilit\u00e9 de d&rsquo;\u00e9changer avec notre r\u00e9daction. Dans peu de temps, on mettra en ligne d&rsquo;autres informations pertinentes autour du sujet \u00ab\u00a0Festival Jazz et musique en mode guinguette\u00a0\u00bb. Ainsi, consultez r\u00e9guli\u00e8rement notre site.<\/p>\n","protected":false},"excerpt":{"rendered":"<p>Dans le cadre de la 32e \u00e9dition des Chanteurs de Rue et de la Foire Saint-Martin, Dominique Babilotte, accompagn\u00e9 de son pianiste Jacky Bouillol, pr\u00e9sentera un concert exceptionnel intitul\u00e9 \u00ab&nbsp;Nougaro en duo&nbsp;\u00bb. Ce spectacle, qui se d\u00e9roulera \u00e0 la chapelle Saint-Yves de Quintin le samedi 8 novembre, rend hommage \u00e0 Claude Nougaro, ce po\u00e8te-musicien qui&hellip;<\/p>\n","protected":false},"author":1,"featured_media":1289,"comment_status":"closed","ping_status":"closed","sticky":false,"template":"","format":"standard","meta":{"footnotes":""},"categories":[3],"tags":[],"class_list":["post-1288","post","type-post","status-publish","format-standard","has-post-thumbnail","hentry","category-wiki-sur-festival-jazz-et-musique-en-mode-guinguette"],"yoast_head":"<!-- This site is optimized with the Yoast SEO plugin v27.5 - https:\/\/yoast.com\/product\/yoast-seo-wordpress\/ -->\n<title>Un hommage vibrant \u00e0 Claude Nougaro le 8 novembre \u00e0 la chapelle Saint-Yves de Quintin, les inscriptions sont ouvertes - FESTIVOX<\/title>\n<meta name=\"robots\" content=\"index, follow, max-snippet:-1, max-image-preview:large, max-video-preview:-1\" \/>\n<link rel=\"canonical\" href=\"https:\/\/www.festivox.fr\/blog\/un-hommage-vibrant-a-claude-nougaro-le-8-novembre-a-la-chapelle-saint-yves-de-quintin-les-inscriptions-sont-ouvertes\/\" \/>\n<meta property=\"og:locale\" content=\"fr_FR\" \/>\n<meta property=\"og:type\" content=\"article\" \/>\n<meta property=\"og:title\" content=\"Un hommage vibrant \u00e0 Claude Nougaro le 8 novembre \u00e0 la chapelle Saint-Yves de Quintin, les inscriptions sont ouvertes - FESTIVOX\" \/>\n<meta property=\"og:description\" content=\"Dans le cadre de la 32e \u00e9dition des Chanteurs de Rue et de la Foire Saint-Martin, Dominique Babilotte, accompagn\u00e9 de son pianiste Jacky Bouillol, pr\u00e9sentera un concert exceptionnel intitul\u00e9 \u00ab&nbsp;Nougaro en duo&nbsp;\u00bb. Ce spectacle, qui se d\u00e9roulera \u00e0 la chapelle Saint-Yves de Quintin le samedi 8 novembre, rend hommage \u00e0 Claude Nougaro, ce po\u00e8te-musicien qui&hellip;\" \/>\n<meta property=\"og:url\" content=\"https:\/\/www.festivox.fr\/blog\/un-hommage-vibrant-a-claude-nougaro-le-8-novembre-a-la-chapelle-saint-yves-de-quintin-les-inscriptions-sont-ouvertes\/\" \/>\n<meta property=\"og:site_name\" content=\"FESTIVOX\" \/>\n<meta property=\"article:published_time\" content=\"2025-10-21T06:19:00+00:00\" \/>\n<meta property=\"og:image\" content=\"https:\/\/www.festivox.fr\/blog\/wp-content\/uploads\/2025\/10\/un-hommage-vibrant-a-claude-nougaro-le-8-novembre-a-la-chapelle-saint-yves-de-quintin-les-inscriptions-sont-ouvertes.jpg\" \/>\n<meta name=\"author\" content=\"Michele\" \/>\n<meta name=\"twitter:card\" content=\"summary_large_image\" \/>\n<meta name=\"twitter:label1\" content=\"\u00c9crit par\" \/>\n\t<meta name=\"twitter:data1\" content=\"Michele\" \/>\n\t<meta name=\"twitter:label2\" content=\"Dur\u00e9e de lecture estim\u00e9e\" \/>\n\t<meta name=\"twitter:data2\" content=\"2 minutes\" \/>\n<script type=\"application\/ld+json\" class=\"yoast-schema-graph\">{\"@context\":\"https:\\\/\\\/schema.org\",\"@graph\":[{\"@type\":\"Article\",\"@id\":\"https:\\\/\\\/www.festivox.fr\\\/blog\\\/un-hommage-vibrant-a-claude-nougaro-le-8-novembre-a-la-chapelle-saint-yves-de-quintin-les-inscriptions-sont-ouvertes\\\/#article\",\"isPartOf\":{\"@id\":\"https:\\\/\\\/www.festivox.fr\\\/blog\\\/un-hommage-vibrant-a-claude-nougaro-le-8-novembre-a-la-chapelle-saint-yves-de-quintin-les-inscriptions-sont-ouvertes\\\/\"},\"author\":{\"name\":\"Michele\",\"@id\":\"https:\\\/\\\/www.festivox.fr\\\/blog\\\/#\\\/schema\\\/person\\\/f36a8b6bc94800c3eafed4bca993ce95\"},\"headline\":\"Un hommage vibrant \u00e0 Claude Nougaro le 8 novembre \u00e0 la chapelle Saint-Yves de Quintin, les inscriptions sont ouvertes\",\"datePublished\":\"2025-10-21T06:19:00+00:00\",\"mainEntityOfPage\":{\"@id\":\"https:\\\/\\\/www.festivox.fr\\\/blog\\\/un-hommage-vibrant-a-claude-nougaro-le-8-novembre-a-la-chapelle-saint-yves-de-quintin-les-inscriptions-sont-ouvertes\\\/\"},\"wordCount\":474,\"publisher\":{\"@id\":\"https:\\\/\\\/www.festivox.fr\\\/blog\\\/#organization\"},\"image\":{\"@id\":\"https:\\\/\\\/www.festivox.fr\\\/blog\\\/un-hommage-vibrant-a-claude-nougaro-le-8-novembre-a-la-chapelle-saint-yves-de-quintin-les-inscriptions-sont-ouvertes\\\/#primaryimage\"},\"thumbnailUrl\":\"https:\\\/\\\/www.festivox.fr\\\/blog\\\/wp-content\\\/uploads\\\/2025\\\/10\\\/un-hommage-vibrant-a-claude-nougaro-le-8-novembre-a-la-chapelle-saint-yves-de-quintin-les-inscriptions-sont-ouvertes.jpg\",\"articleSection\":[\"Wiki Sur Festival Jazz Et Musique En Mode Guinguette:\"],\"inLanguage\":\"fr-FR\"},{\"@type\":\"WebPage\",\"@id\":\"https:\\\/\\\/www.festivox.fr\\\/blog\\\/un-hommage-vibrant-a-claude-nougaro-le-8-novembre-a-la-chapelle-saint-yves-de-quintin-les-inscriptions-sont-ouvertes\\\/\",\"url\":\"https:\\\/\\\/www.festivox.fr\\\/blog\\\/un-hommage-vibrant-a-claude-nougaro-le-8-novembre-a-la-chapelle-saint-yves-de-quintin-les-inscriptions-sont-ouvertes\\\/\",\"name\":\"Un hommage vibrant \u00e0 Claude Nougaro le 8 novembre \u00e0 la chapelle Saint-Yves de Quintin, les inscriptions sont ouvertes - FESTIVOX\",\"isPartOf\":{\"@id\":\"https:\\\/\\\/www.festivox.fr\\\/blog\\\/#website\"},\"primaryImageOfPage\":{\"@id\":\"https:\\\/\\\/www.festivox.fr\\\/blog\\\/un-hommage-vibrant-a-claude-nougaro-le-8-novembre-a-la-chapelle-saint-yves-de-quintin-les-inscriptions-sont-ouvertes\\\/#primaryimage\"},\"image\":{\"@id\":\"https:\\\/\\\/www.festivox.fr\\\/blog\\\/un-hommage-vibrant-a-claude-nougaro-le-8-novembre-a-la-chapelle-saint-yves-de-quintin-les-inscriptions-sont-ouvertes\\\/#primaryimage\"},\"thumbnailUrl\":\"https:\\\/\\\/www.festivox.fr\\\/blog\\\/wp-content\\\/uploads\\\/2025\\\/10\\\/un-hommage-vibrant-a-claude-nougaro-le-8-novembre-a-la-chapelle-saint-yves-de-quintin-les-inscriptions-sont-ouvertes.jpg\",\"datePublished\":\"2025-10-21T06:19:00+00:00\",\"breadcrumb\":{\"@id\":\"https:\\\/\\\/www.festivox.fr\\\/blog\\\/un-hommage-vibrant-a-claude-nougaro-le-8-novembre-a-la-chapelle-saint-yves-de-quintin-les-inscriptions-sont-ouvertes\\\/#breadcrumb\"},\"inLanguage\":\"fr-FR\",\"potentialAction\":[{\"@type\":\"ReadAction\",\"target\":[\"https:\\\/\\\/www.festivox.fr\\\/blog\\\/un-hommage-vibrant-a-claude-nougaro-le-8-novembre-a-la-chapelle-saint-yves-de-quintin-les-inscriptions-sont-ouvertes\\\/\"]}]},{\"@type\":\"ImageObject\",\"inLanguage\":\"fr-FR\",\"@id\":\"https:\\\/\\\/www.festivox.fr\\\/blog\\\/un-hommage-vibrant-a-claude-nougaro-le-8-novembre-a-la-chapelle-saint-yves-de-quintin-les-inscriptions-sont-ouvertes\\\/#primaryimage\",\"url\":\"https:\\\/\\\/www.festivox.fr\\\/blog\\\/wp-content\\\/uploads\\\/2025\\\/10\\\/un-hommage-vibrant-a-claude-nougaro-le-8-novembre-a-la-chapelle-saint-yves-de-quintin-les-inscriptions-sont-ouvertes.jpg\",\"contentUrl\":\"https:\\\/\\\/www.festivox.fr\\\/blog\\\/wp-content\\\/uploads\\\/2025\\\/10\\\/un-hommage-vibrant-a-claude-nougaro-le-8-novembre-a-la-chapelle-saint-yves-de-quintin-les-inscriptions-sont-ouvertes.jpg\",\"width\":1200,\"height\":750},{\"@type\":\"BreadcrumbList\",\"@id\":\"https:\\\/\\\/www.festivox.fr\\\/blog\\\/un-hommage-vibrant-a-claude-nougaro-le-8-novembre-a-la-chapelle-saint-yves-de-quintin-les-inscriptions-sont-ouvertes\\\/#breadcrumb\",\"itemListElement\":[{\"@type\":\"ListItem\",\"position\":1,\"name\":\"Accueil\",\"item\":\"https:\\\/\\\/www.festivox.fr\\\/blog\\\/\"},{\"@type\":\"ListItem\",\"position\":2,\"name\":\"Un hommage vibrant \u00e0 Claude Nougaro le 8 novembre \u00e0 la chapelle Saint-Yves de Quintin, les inscriptions sont ouvertes\"}]},{\"@type\":\"WebSite\",\"@id\":\"https:\\\/\\\/www.festivox.fr\\\/blog\\\/#website\",\"url\":\"https:\\\/\\\/www.festivox.fr\\\/blog\\\/\",\"name\":\"FESTIVOX\",\"description\":\"Festival en mode guinguette.\",\"publisher\":{\"@id\":\"https:\\\/\\\/www.festivox.fr\\\/blog\\\/#organization\"},\"potentialAction\":[{\"@type\":\"SearchAction\",\"target\":{\"@type\":\"EntryPoint\",\"urlTemplate\":\"https:\\\/\\\/www.festivox.fr\\\/blog\\\/?s={search_term_string}\"},\"query-input\":{\"@type\":\"PropertyValueSpecification\",\"valueRequired\":true,\"valueName\":\"search_term_string\"}}],\"inLanguage\":\"fr-FR\"},{\"@type\":\"Organization\",\"@id\":\"https:\\\/\\\/www.festivox.fr\\\/blog\\\/#organization\",\"name\":\"festivox\",\"url\":\"https:\\\/\\\/www.festivox.fr\\\/blog\\\/\",\"logo\":{\"@type\":\"ImageObject\",\"inLanguage\":\"fr-FR\",\"@id\":\"https:\\\/\\\/www.festivox.fr\\\/blog\\\/#\\\/schema\\\/logo\\\/image\\\/\",\"url\":\"https:\\\/\\\/www.festivox.fr\\\/blog\\\/wp-content\\\/uploads\\\/2023\\\/06\\\/logo-2.png\",\"contentUrl\":\"https:\\\/\\\/www.festivox.fr\\\/blog\\\/wp-content\\\/uploads\\\/2023\\\/06\\\/logo-2.png\",\"width\":480,\"height\":160,\"caption\":\"festivox\"},\"image\":{\"@id\":\"https:\\\/\\\/www.festivox.fr\\\/blog\\\/#\\\/schema\\\/logo\\\/image\\\/\"}},{\"@type\":\"Person\",\"@id\":\"https:\\\/\\\/www.festivox.fr\\\/blog\\\/#\\\/schema\\\/person\\\/f36a8b6bc94800c3eafed4bca993ce95\",\"name\":\"Michele\",\"image\":{\"@type\":\"ImageObject\",\"inLanguage\":\"fr-FR\",\"@id\":\"https:\\\/\\\/secure.gravatar.com\\\/avatar\\\/b062046536b5d47ec9075956ec349ef95ed06b0f910c578f74abb318668b702e?s=96&d=mm&r=g\",\"url\":\"https:\\\/\\\/secure.gravatar.com\\\/avatar\\\/b062046536b5d47ec9075956ec349ef95ed06b0f910c578f74abb318668b702e?s=96&d=mm&r=g\",\"contentUrl\":\"https:\\\/\\\/secure.gravatar.com\\\/avatar\\\/b062046536b5d47ec9075956ec349ef95ed06b0f910c578f74abb318668b702e?s=96&d=mm&r=g\",\"caption\":\"Michele\"},\"sameAs\":[\"https:\\\/\\\/www.festivox.fr\\\/blog\"],\"url\":\"https:\\\/\\\/www.festivox.fr\\\/blog\\\/author\\\/voxadmin\\\/\"}]}<\/script>\n<!-- \/ Yoast SEO plugin. -->","yoast_head_json":{"title":"Un hommage vibrant \u00e0 Claude Nougaro le 8 novembre \u00e0 la chapelle Saint-Yves de Quintin, les inscriptions sont ouvertes - FESTIVOX","robots":{"index":"index","follow":"follow","max-snippet":"max-snippet:-1","max-image-preview":"max-image-preview:large","max-video-preview":"max-video-preview:-1"},"canonical":"https:\/\/www.festivox.fr\/blog\/un-hommage-vibrant-a-claude-nougaro-le-8-novembre-a-la-chapelle-saint-yves-de-quintin-les-inscriptions-sont-ouvertes\/","og_locale":"fr_FR","og_type":"article","og_title":"Un hommage vibrant \u00e0 Claude Nougaro le 8 novembre \u00e0 la chapelle Saint-Yves de Quintin, les inscriptions sont ouvertes - FESTIVOX","og_description":"Dans le cadre de la 32e \u00e9dition des Chanteurs de Rue et de la Foire Saint-Martin, Dominique Babilotte, accompagn\u00e9 de son pianiste Jacky Bouillol, pr\u00e9sentera un concert exceptionnel intitul\u00e9 \u00ab&nbsp;Nougaro en duo&nbsp;\u00bb. Ce spectacle, qui se d\u00e9roulera \u00e0 la chapelle Saint-Yves de Quintin le samedi 8 novembre, rend hommage \u00e0 Claude Nougaro, ce po\u00e8te-musicien qui&hellip;","og_url":"https:\/\/www.festivox.fr\/blog\/un-hommage-vibrant-a-claude-nougaro-le-8-novembre-a-la-chapelle-saint-yves-de-quintin-les-inscriptions-sont-ouvertes\/","og_site_name":"FESTIVOX","article_published_time":"2025-10-21T06:19:00+00:00","og_image":[{"url":"https:\/\/www.festivox.fr\/blog\/wp-content\/uploads\/2025\/10\/un-hommage-vibrant-a-claude-nougaro-le-8-novembre-a-la-chapelle-saint-yves-de-quintin-les-inscriptions-sont-ouvertes.jpg","type":"","width":"","height":""}],"author":"Michele","twitter_card":"summary_large_image","twitter_misc":{"\u00c9crit par":"Michele","Dur\u00e9e de lecture estim\u00e9e":"2 minutes"},"schema":{"@context":"https:\/\/schema.org","@graph":[{"@type":"Article","@id":"https:\/\/www.festivox.fr\/blog\/un-hommage-vibrant-a-claude-nougaro-le-8-novembre-a-la-chapelle-saint-yves-de-quintin-les-inscriptions-sont-ouvertes\/#article","isPartOf":{"@id":"https:\/\/www.festivox.fr\/blog\/un-hommage-vibrant-a-claude-nougaro-le-8-novembre-a-la-chapelle-saint-yves-de-quintin-les-inscriptions-sont-ouvertes\/"},"author":{"name":"Michele","@id":"https:\/\/www.festivox.fr\/blog\/#\/schema\/person\/f36a8b6bc94800c3eafed4bca993ce95"},"headline":"Un hommage vibrant \u00e0 Claude Nougaro le 8 novembre \u00e0 la chapelle Saint-Yves de Quintin, les inscriptions sont ouvertes","datePublished":"2025-10-21T06:19:00+00:00","mainEntityOfPage":{"@id":"https:\/\/www.festivox.fr\/blog\/un-hommage-vibrant-a-claude-nougaro-le-8-novembre-a-la-chapelle-saint-yves-de-quintin-les-inscriptions-sont-ouvertes\/"},"wordCount":474,"publisher":{"@id":"https:\/\/www.festivox.fr\/blog\/#organization"},"image":{"@id":"https:\/\/www.festivox.fr\/blog\/un-hommage-vibrant-a-claude-nougaro-le-8-novembre-a-la-chapelle-saint-yves-de-quintin-les-inscriptions-sont-ouvertes\/#primaryimage"},"thumbnailUrl":"https:\/\/www.festivox.fr\/blog\/wp-content\/uploads\/2025\/10\/un-hommage-vibrant-a-claude-nougaro-le-8-novembre-a-la-chapelle-saint-yves-de-quintin-les-inscriptions-sont-ouvertes.jpg","articleSection":["Wiki Sur Festival Jazz Et Musique En Mode Guinguette:"],"inLanguage":"fr-FR"},{"@type":"WebPage","@id":"https:\/\/www.festivox.fr\/blog\/un-hommage-vibrant-a-claude-nougaro-le-8-novembre-a-la-chapelle-saint-yves-de-quintin-les-inscriptions-sont-ouvertes\/","url":"https:\/\/www.festivox.fr\/blog\/un-hommage-vibrant-a-claude-nougaro-le-8-novembre-a-la-chapelle-saint-yves-de-quintin-les-inscriptions-sont-ouvertes\/","name":"Un hommage vibrant \u00e0 Claude Nougaro le 8 novembre \u00e0 la chapelle Saint-Yves de Quintin, les inscriptions sont ouvertes - FESTIVOX","isPartOf":{"@id":"https:\/\/www.festivox.fr\/blog\/#website"},"primaryImageOfPage":{"@id":"https:\/\/www.festivox.fr\/blog\/un-hommage-vibrant-a-claude-nougaro-le-8-novembre-a-la-chapelle-saint-yves-de-quintin-les-inscriptions-sont-ouvertes\/#primaryimage"},"image":{"@id":"https:\/\/www.festivox.fr\/blog\/un-hommage-vibrant-a-claude-nougaro-le-8-novembre-a-la-chapelle-saint-yves-de-quintin-les-inscriptions-sont-ouvertes\/#primaryimage"},"thumbnailUrl":"https:\/\/www.festivox.fr\/blog\/wp-content\/uploads\/2025\/10\/un-hommage-vibrant-a-claude-nougaro-le-8-novembre-a-la-chapelle-saint-yves-de-quintin-les-inscriptions-sont-ouvertes.jpg","datePublished":"2025-10-21T06:19:00+00:00","breadcrumb":{"@id":"https:\/\/www.festivox.fr\/blog\/un-hommage-vibrant-a-claude-nougaro-le-8-novembre-a-la-chapelle-saint-yves-de-quintin-les-inscriptions-sont-ouvertes\/#breadcrumb"},"inLanguage":"fr-FR","potentialAction":[{"@type":"ReadAction","target":["https:\/\/www.festivox.fr\/blog\/un-hommage-vibrant-a-claude-nougaro-le-8-novembre-a-la-chapelle-saint-yves-de-quintin-les-inscriptions-sont-ouvertes\/"]}]},{"@type":"ImageObject","inLanguage":"fr-FR","@id":"https:\/\/www.festivox.fr\/blog\/un-hommage-vibrant-a-claude-nougaro-le-8-novembre-a-la-chapelle-saint-yves-de-quintin-les-inscriptions-sont-ouvertes\/#primaryimage","url":"https:\/\/www.festivox.fr\/blog\/wp-content\/uploads\/2025\/10\/un-hommage-vibrant-a-claude-nougaro-le-8-novembre-a-la-chapelle-saint-yves-de-quintin-les-inscriptions-sont-ouvertes.jpg","contentUrl":"https:\/\/www.festivox.fr\/blog\/wp-content\/uploads\/2025\/10\/un-hommage-vibrant-a-claude-nougaro-le-8-novembre-a-la-chapelle-saint-yves-de-quintin-les-inscriptions-sont-ouvertes.jpg","width":1200,"height":750},{"@type":"BreadcrumbList","@id":"https:\/\/www.festivox.fr\/blog\/un-hommage-vibrant-a-claude-nougaro-le-8-novembre-a-la-chapelle-saint-yves-de-quintin-les-inscriptions-sont-ouvertes\/#breadcrumb","itemListElement":[{"@type":"ListItem","position":1,"name":"Accueil","item":"https:\/\/www.festivox.fr\/blog\/"},{"@type":"ListItem","position":2,"name":"Un hommage vibrant \u00e0 Claude Nougaro le 8 novembre \u00e0 la chapelle Saint-Yves de Quintin, les inscriptions sont ouvertes"}]},{"@type":"WebSite","@id":"https:\/\/www.festivox.fr\/blog\/#website","url":"https:\/\/www.festivox.fr\/blog\/","name":"FESTIVOX","description":"Festival en mode guinguette.","publisher":{"@id":"https:\/\/www.festivox.fr\/blog\/#organization"},"potentialAction":[{"@type":"SearchAction","target":{"@type":"EntryPoint","urlTemplate":"https:\/\/www.festivox.fr\/blog\/?s={search_term_string}"},"query-input":{"@type":"PropertyValueSpecification","valueRequired":true,"valueName":"search_term_string"}}],"inLanguage":"fr-FR"},{"@type":"Organization","@id":"https:\/\/www.festivox.fr\/blog\/#organization","name":"festivox","url":"https:\/\/www.festivox.fr\/blog\/","logo":{"@type":"ImageObject","inLanguage":"fr-FR","@id":"https:\/\/www.festivox.fr\/blog\/#\/schema\/logo\/image\/","url":"https:\/\/www.festivox.fr\/blog\/wp-content\/uploads\/2023\/06\/logo-2.png","contentUrl":"https:\/\/www.festivox.fr\/blog\/wp-content\/uploads\/2023\/06\/logo-2.png","width":480,"height":160,"caption":"festivox"},"image":{"@id":"https:\/\/www.festivox.fr\/blog\/#\/schema\/logo\/image\/"}},{"@type":"Person","@id":"https:\/\/www.festivox.fr\/blog\/#\/schema\/person\/f36a8b6bc94800c3eafed4bca993ce95","name":"Michele","image":{"@type":"ImageObject","inLanguage":"fr-FR","@id":"https:\/\/secure.gravatar.com\/avatar\/b062046536b5d47ec9075956ec349ef95ed06b0f910c578f74abb318668b702e?s=96&d=mm&r=g","url":"https:\/\/secure.gravatar.com\/avatar\/b062046536b5d47ec9075956ec349ef95ed06b0f910c578f74abb318668b702e?s=96&d=mm&r=g","contentUrl":"https:\/\/secure.gravatar.com\/avatar\/b062046536b5d47ec9075956ec349ef95ed06b0f910c578f74abb318668b702e?s=96&d=mm&r=g","caption":"Michele"},"sameAs":["https:\/\/www.festivox.fr\/blog"],"url":"https:\/\/www.festivox.fr\/blog\/author\/voxadmin\/"}]}},"_links":{"self":[{"href":"https:\/\/www.festivox.fr\/blog\/wp-json\/wp\/v2\/posts\/1288","targetHints":{"allow":["GET"]}}],"collection":[{"href":"https:\/\/www.festivox.fr\/blog\/wp-json\/wp\/v2\/posts"}],"about":[{"href":"https:\/\/www.festivox.fr\/blog\/wp-json\/wp\/v2\/types\/post"}],"author":[{"embeddable":true,"href":"https:\/\/www.festivox.fr\/blog\/wp-json\/wp\/v2\/users\/1"}],"replies":[{"embeddable":true,"href":"https:\/\/www.festivox.fr\/blog\/wp-json\/wp\/v2\/comments?post=1288"}],"version-history":[{"count":0,"href":"https:\/\/www.festivox.fr\/blog\/wp-json\/wp\/v2\/posts\/1288\/revisions"}],"wp:featuredmedia":[{"embeddable":true,"href":"https:\/\/www.festivox.fr\/blog\/wp-json\/wp\/v2\/media\/1289"}],"wp:attachment":[{"href":"https:\/\/www.festivox.fr\/blog\/wp-json\/wp\/v2\/media?parent=1288"}],"wp:term":[{"taxonomy":"category","embeddable":true,"href":"https:\/\/www.festivox.fr\/blog\/wp-json\/wp\/v2\/categories?post=1288"},{"taxonomy":"post_tag","embeddable":true,"href":"https:\/\/www.festivox.fr\/blog\/wp-json\/wp\/v2\/tags?post=1288"}],"curies":[{"name":"wp","href":"https:\/\/api.w.org\/{rel}","templated":true}]}}