{"id":1271,"date":"2025-10-05T15:35:04","date_gmt":"2025-10-05T13:35:04","guid":{"rendered":"https:\/\/www.site.cdcl.xyz\/?p=998835"},"modified":"2025-10-05T15:35:04","modified_gmt":"2025-10-05T13:35:04","slug":"issy-les-moulineaux-%f0%9f%87%ab%f0%9f%87%b7issy-les-moulineaux-shortsissy-les-moulineaux%f0%9f%87%ab%f0%9f%87%b7issy-les-moulineaux-shorts","status":"publish","type":"post","link":"https:\/\/www.festivox.fr\/blog\/issy-les-moulineaux-%f0%9f%87%ab%f0%9f%87%b7issy-les-moulineaux-shortsissy-les-moulineaux%f0%9f%87%ab%f0%9f%87%b7issy-les-moulineaux-shorts\/","title":{"rendered":"(Issy-les-Moulineaux): \ud83c\uddeb\ud83c\uddf7Issy Les Moulineaux #shorts|Issy-les-Moulineaux,\ud83c\uddeb\ud83c\uddf7Issy Les Moulineaux #shorts}"},"content":{"rendered":"<h2>\nUn regard unique de Tony Mystic tv sur \u00ab&nbsp;Issy-les-Moulineaux&nbsp;\u00bb.<br \/><\/h2>\n<p>Cette vid\u00e9o, mise en ligne par Tony Mystic tv, est disponible sur Youtube. autour de \u00ab&nbsp;Issy-les-Moulineaux&nbsp;\u00bb:<br \/>[embedded content]<\/p>\n<p>L\u2019auteur a fourni une vid\u00e9o de 00:00:16 secondes avec le titre \ud83c\uddeb\ud83c\uddf7Issy Les Moulineaux #shorts, accompagn\u00e9e de la description suivante :\u00ab<i> <\/i> \u00bb.\n<\/p>\n<h2>ISSY-LES-MOULINEAUX : D\u00e9tresse Financi\u00e8re et \u00c9rosion D\u00e9mocratique<\/h2>\n<p>Une enqu\u00eate men\u00e9e en \u00cele-de-France par un organisme ind\u00e9pendant, soutenue par une consultation en ligne, met en lumi\u00e8re la d\u00e9gradation de la qualit\u00e9 des finances publiques et de la gestion de la commune d\u2019Issy-les-Moulineaux.<\/p>\n<p>L\u2019analyse a \u00e9t\u00e9 effectu\u00e9e par une entit\u00e9 sp\u00e9cialis\u00e9e dans la gestion des administrations publiques. La recherche a \u00e9t\u00e9 men\u00e9e sur toutes les municipalit\u00e9s de l\u2019\u00eele-de-France. <a href=\"https:\/\/www.bilan-de-mandat.fr\/ile-de-france\/mairie\/hauts-de-seine_issy-les-moulineaux\/\" rel=\"noopener noreferrer nofollow\" target=\"blank\" target=\"_blank\">Vous pouvez d\u00e9couvrir les r\u00e9sultats de l\u2019\u00e9tude relative \u00e0 la ville d\u2019Issy-les-Moulineaux, dans le but de d\u00e9couvrir toutes les donn\u00e9es financi\u00e8res qui ont \u00e9t\u00e9 examin\u00e9es.<\/a><\/p>\n<p>Malgr\u00e9 une situation financi\u00e8re enviable en 2020, la ville d\u2019Issy-les-Moulineaux a progressivement vu sa condition se d\u00e9t\u00e9riorer, impactant la qualit\u00e9 de sa gestion publique<\/p>\n<p>La municipalit\u00e9 sous ANDR\u00c9 SANTINI est directement responsable, m\u00eame si un tiers des probl\u00e8mes va \u00eatre imput\u00e9 \u00e0 la conjoncture.<\/p>\n<p>Cette \u00e9tude a \u00e9t\u00e9 effectu\u00e9e par le site ind\u00e9pendant Bilan de Mandat, qui a rassembl\u00e9 les donn\u00e9es budg\u00e9taires publi\u00e9es en ligne par le minist\u00e8re des Finances sur les 7 derni\u00e8res ann\u00e9es<\/p>\n<h3>Alt\u00e9ration de la qualit\u00e9 des services publics ISS\u00c9ENS<\/h3>\n<p>Une gestion financi\u00e8re mal ma\u00eetris\u00e9e entra\u00eenera in\u00e9vitablement des coupes dans les budgets allou\u00e9s aux services publics pour 2026-2027, ce qui se traduit par :<\/p>\n<ul>\n<li>R\u00e9duction des effectifs de travail : Moins d\u2019employ\u00e9s pour assurer des services vitaux tels que la propret\u00e9, la s\u00e9curit\u00e9 ou l\u2019\u00e9ducation.\n<\/li>\n<li>Moins de r\u00e9gularit\u00e9 dans les services : Moins de passages pour ramasser les d\u00e9chets et horaires r\u00e9duits pour les biblioth\u00e8ques et les centres communautaires.\n<\/li>\n<li>R\u00e9duction du niveau de satisfaction des usagers : Les habitants, d\u00e9j\u00e0 insatisfaits des services municipaux, subiront la baisse de la qualit\u00e9 des services et en seront les premi\u00e8res victimes, malgr\u00e9 une contribution sup\u00e9rieure \u00e0 la moyenne.<\/li>\n<\/ul>\n<h3>La d\u00e9mocratie locale en d\u00e9clin<\/h3>\n<p>Au cours de la p\u00e9riode 2020-2025, le vivre ensemble a perdu son essence en raison d\u2019un manque de projet de territoire soutenu par une municipalit\u00e9 coh\u00e9rente. Les contraintes financi\u00e8res vont amplifier les tensions communautaires, entra\u00eenant :<\/p>\n<ul>\n<li>Manifeste de m\u00e9contentement : Les citoyens vont mobiliser des manifestations pour exprimer leur d\u00e9saccord avec l\u2019augmentation des imp\u00f4ts ou la baisse des services.\n<\/li>\n<li>Frictions entre diff\u00e9rents groupes d\u2019int\u00e9r\u00eats : Des d\u00e9cisions financi\u00e8res vont g\u00e9n\u00e9rer des dissensions entre divers groupes, comme les usagers de services publics et les contribuables.\n<\/li>\n<li>Diminution de l\u2019unit\u00e9 sociale : Un climat de m\u00e9contentement risque de nuire \u00e0 l\u2019harmonie au sein de la communaut\u00e9.<\/li>\n<\/ul>\n<h3>Menace accrue de crise \u00e9conomique<\/h3>\n<p>Les aides financi\u00e8res de l\u2019\u00c9tat qui permettaient de faire face aux difficult\u00e9s financi\u00e8res ne sont plus pr\u00e9sentes. En raison de sa situation critique, la ville est \u00e0 court de flexibilit\u00e9, ce qui va engendrer :<\/p>\n<ul>\n<li>Fragilit\u00e9 financi\u00e8re : Une d\u00e9pendance excessive aux aides financi\u00e8res va rendre la collectivit\u00e9 fragile face aux changements de politique ou de financement au niveau national.\n<\/li>\n<li>Limitation de l\u2019ind\u00e9pendance : Les collectivit\u00e9s vont voir leur autonomie affect\u00e9e par les conditions rattach\u00e9es aux subventions.\n<\/li>\n<li>D\u00e9fis dans la planification sur le long terme : Une reliance sur des financements externes compliquera la gestion budg\u00e9taire et la r\u00e9alisation de projets \u00e0 long terme.<\/li>\n<\/ul>\n<h3>Crise financi\u00e8re marqu\u00e9e au sein de la commune d\u2019Issy-les-Moulineaux<\/h3>\n<p>La ville d\u2019Issy-les-Moulineaux conna\u00eet des difficult\u00e9s financi\u00e8res notables, avec un endettement qui ne cesse d\u2019augmenter et une gestion des d\u00e9penses qui suscite des inqui\u00e9tudes. Voici un aper\u00e7u d\u00e9taill\u00e9 des principales critiques et de leurs cons\u00e9quences.<\/p>\n<h3>R\u00e9mun\u00e9ration des agents de service<\/h3>\n<p>La compensation des agents municipaux repr\u00e9sente une part consid\u00e9rable des d\u00e9penses, atteignant en 2025 un niveau pr\u00e9occupant, tandis que les salaires des agents stagnent. Les effets d\u00e9coulant de cette situation sont vari\u00e9s :<\/p>\n<ul>\n<li>Diminution de la motivation des agents anciens : Le non-accroissement des salaires pour les agents historiques va mener \u00e0 une d\u00e9moralisation, impactant la qualit\u00e9 des services fournis.: Rotation accrue du personnel\n<\/li>\n<li>Taux de rotation \u00e9lev\u00e9 : Des salaires peu \u00e9volutifs vont pousser les agents \u00e0 chercher des emplois ailleurs, augmentant le turnover et les co\u00fbts de formation pour la commune.\n<\/li>\n<li>\u00c9carts de r\u00e9mun\u00e9ration : L\u2019\u00e9cart entre les salaires des nouveaux employ\u00e9s et ceux des agents de longue date va engendrer des tensions au sein de l\u2019\u00e9quipe municipale.\n<\/li>\n<li>Diminution de la qualit\u00e9 des services publics : Un personnel d\u00e9sengag\u00e9 et instable risque de compromettre la qualit\u00e9 des services publics, impactant directement les citoyens.\n<\/li>\n<li>Contrainte budg\u00e9taire: L\u2019obligation de maintenir des salaires \u00e9lev\u00e9s pour s\u00e9duire de nouveaux talents va engendrer une pression accrue sur le budget municipal.<\/li>\n<\/ul>\n<h3>Accroissement des taxes sur les citoyens ISS\u00c9ENS<\/h3>\n<p>La ville n\u2019a d\u2019autre option que d\u2019accro\u00eetre fortement les taxes sur les citoyens, mais cela n\u2019a pas \u00e9t\u00e9 mis en \u0153uvre en 2025 en raison des \u00e9lections municipales de 2026. Les effets d\u00e9coulant de cette situation sont alarmants :<\/p>\n<ul>\n<li>Agitation parmi les contribuables : Une \u00e9l\u00e9vation des imp\u00f4ts va engendrer un m\u00e9contentement g\u00e9n\u00e9ralis\u00e9 parmi les citoyens, affectant leur confiance envers la municipalit\u00e9.\n<\/li>\n<li>Diminution des sources de revenus fiscaux : L\u2019\u00e9l\u00e9vation des imp\u00f4ts va pousser certains citoyens \u00e0 quitter la ville, r\u00e9duisant ainsi la base fiscale sur le long terme.\n<\/li>\n<li>Contraintes \u00e9conomiques pour les m\u00e9nages : La hausse des charges fiscales va peser sur le budget des foyers, aggravant les disparit\u00e9s sociales.\n<\/li>\n<li>Report des investissements : L\u2019absence d\u2019augmentation des charges fiscales en 2025 va ralentir des projets d\u2019investissement n\u00e9cessaires au d\u00e9veloppement de la ville.\n<\/li>\n<li>Charge pesant sur les services publics : L\u2019exigence de compenser les pertes de revenus va engendrer des coupes dans les prestations publiques, nuisant \u00e0 la qualit\u00e9 de vie des citoyens.<\/li>\n<\/ul>\n<h3>Questions courantes sur la ville d\u2019Issy-les-Moulineaux<\/h3>\n<h4>Comment se porte la situation des associations locales dans la commune d\u2019Issy-les-Moulineaux ?<\/h4>\n<p>Les organisations locales r\u00e9alisent un travail pr\u00e9cieux en mati\u00e8re de culture. Si vous d\u00e9sirez les coordonn\u00e9es d\u2019une association, l\u2019annuaire en ligne du site de la mairie d\u2019Issy-les-Moulineaux est disponible.<\/p>\n<h4>Quelle est la conclusion essentielle de l\u2019audit financier concernant la commune d\u2019Issy-les-Moulineaux ?<\/h4>\n<p>L\u2019enqu\u00eate met en exergue une d\u00e9gradation inqui\u00e9tante des finances publiques et de la gestion de la commune d\u2019Issy-les-Moulineaux, soulignant une gestion imprudente sur les plans financier et public.<\/p>\n<h4>Quelles circonstances ont contribu\u00e9 \u00e0 cette crise financi\u00e8re ?<\/h4>\n<p>Bien que le cadre \u00e9conomique soit un \u00e9l\u00e9ment \u00e0 consid\u00e9rer, deux tiers des probl\u00e8mes rencontr\u00e9s sont attribuables aux choix politiques de la municipalit\u00e9 dirig\u00e9e par ANDR\u00c9 SANTINI.<\/p>\n<h4>Quelles sont les activit\u00e9s culturelles et historiques ?<\/h4>\n<p>L\u2019\u00e9volution d\u2019une ville est le reflet de sa culture. La construction de la mairie ou de l\u2019h\u00f4tel de ville, les anciennes images de l\u2019\u00e9cole, et le travail des m\u00e9tiers traditionnels permettent d\u2019explorer gratuitement, de transmettre et de pr\u00e9server ce patrimoine communal. \u00c0 l\u2019\u00e9chelle nationale, la politique de sensibilisation permet de maintenir le patrimoine de la ville vivant et accessible pour les g\u00e9n\u00e9rations futures.<\/p>\n<h4>Quelles options s\u2019offrent \u00e0 nous pour participer aux activit\u00e9s des associations ?<\/h4>\n<p>Dans chaque ville, on observe que le nombre d\u2019associations et l\u2019agenda de leurs \u00e9v\u00e9nements (th\u00e9\u00e2tre, festival\u2026) sont importants et autonomes par rapport \u00e0 la politique de la mairie. Les associations, comme c\u2019est le cas dans toute la France, mettent en place diff\u00e9rents \u00e9v\u00e9nements tout au long de l\u2019ann\u00e9e. Pour ceux qui d\u00e9sirent participer, il est simple de s\u2019inscrire \u00e0 ces activit\u00e9s en ligne, o\u00f9 un simple clic permet d\u2019acc\u00e9der \u00e0 l\u2019agenda des \u00e9v\u00e9nements ou aux coordonn\u00e9es des responsables. Cliquez pour vous enregistrer.<\/p>\n<h4>Quelles ressources d\u2019information sont disponibles dans la commune d\u2019Issy-les-Moulineaux ?<\/h4>\n<p>Surtout, les informations en ligne. Les habitants ont la possibilit\u00e9 de consulter les actualit\u00e9s et le journal municipal de la commune et des villes voisines. Sur le site de la municipalit\u00e9, les nouveaux habitants peuvent acc\u00e9der \u00e0 la page d\u2019accueil, aux num\u00e9ros utiles pour diverses d\u00e9marches, \u00e0 l\u2019annuaire des PME, aux journ\u00e9es et activit\u00e9s gratuites, aux informations concernant la rentr\u00e9e scolaire, aux menus des cantines, \u00e0 l\u2019espace de confidentialit\u00e9 pour les comptes familles et aux d\u00e9marches administratives, notamment dans le secteur scolaire. Sur des sites web qui ne sont pas sous la gestion de la mairie, les citoyens peuvent consulter des informations sur les \u00e9v\u00e9nements culturels (spectacles, th\u00e9\u00e2tre, festivals) qui enrichissent la vie de la communaut\u00e9 et ouvrent des perspectives culturelles.<\/p>\n<h4>Quel est le nom du maire de la commune d\u2019Issy-les-Moulineaux ?<\/h4>\n<p>ANDR\u00c9 SANTINI<\/p>\n<p> Ce lien vous permet de voir la vid\u00e9o sur youtube :<br \/><u> le post original:<\/u> <a href=\"https:\/\/www.youtube.com\/watch?v=KaVw9oEtn6s\" target=\"_blank\" rel=\"nofollow\">Cliquer ici<\/a>\n<\/p>\n<p>\n#Issy #Les #Moulineaux #shorts\n<\/p>\n<p>\n<u>Retranscription des paroles de la vid\u00e9o:<\/u> Non disponible.<br \/>.\n<\/p>\n<p>\n<img decoding=\"async\" src=\"https:\/\/www.festivox.fr\/blog\/wp-content\/uploads\/2025\/10\/issy-les-moulineaux-f09f87abf09f87b7issy-les-moulineaux-shortsissy-les-moulineauxf09f87abf09f87b7issy-les-moulineaux-shorts.jpg\" alt=\"Image Youtube\">\n<\/p>\n<p>\n<u>D\u00e9roulement de la vid\u00e9o:<\/u>\n<\/p>\n<p>\nIndisponible.<br \/>.<\/p>\n<p> Le but de festivox.fr est de collecter sur le web des communiqu\u00e9s autour de Festival Jazz et musique en mode guinguette et ensuite les diffuser en essayant de r\u00e9pondre au mieux aux interrogations des gens. L\u2019\u00e9quipe festivox.fr vous soumet ce post qui parle du sujet \u00ab\u00a0Festival Jazz et musique en mode guinguette\u00a0\u00bb. Ce papier a \u00e9t\u00e9 reproduit aussi pr\u00e9cis\u00e9ment qui soit. Si vous souhaitez fournir des renseignements suppl\u00e9mentaires \u00e0 cet article sur le sujet \u00ab\u00a0Festival Jazz et musique en mode guinguette\u00a0\u00bb vous pouvez utiliser les coordonn\u00e9es fournies sur ce site web. D\u2019ici peu, on mettra en ligne d&rsquo;autres annonces autour du sujet \u00ab\u00a0Festival Jazz et musique en mode guinguette\u00a0\u00bb. Par cons\u00e9quent, visitez syst\u00e9matiquement notre site.<\/p>\n","protected":false},"excerpt":{"rendered":"<p>Un regard unique de Tony Mystic tv sur \u00ab&nbsp;Issy-les-Moulineaux&nbsp;\u00bb. Cette vid\u00e9o, mise en ligne par Tony Mystic tv, est disponible sur Youtube. autour de \u00ab&nbsp;Issy-les-Moulineaux&nbsp;\u00bb:[embedded content] L\u2019auteur a fourni une vid\u00e9o de 00:00:16 secondes avec le titre \ud83c\uddeb\ud83c\uddf7Issy Les Moulineaux #shorts, accompagn\u00e9e de la description suivante :\u00ab \u00bb. ISSY-LES-MOULINEAUX : D\u00e9tresse Financi\u00e8re et \u00c9rosion D\u00e9mocratique&hellip;<\/p>\n","protected":false},"author":1,"featured_media":1272,"comment_status":"closed","ping_status":"closed","sticky":false,"template":"","format":"standard","meta":{"footnotes":""},"categories":[5],"tags":[],"class_list":["post-1271","post","type-post","status-publish","format-standard","has-post-thumbnail","hentry","category-sujet-festival-jazz-et-musique-en-mode-guinguette"],"yoast_head":"<!-- This site is optimized with the Yoast SEO plugin v27.5 - https:\/\/yoast.com\/product\/yoast-seo-wordpress\/ -->\n<title>(Issy-les-Moulineaux): \ud83c\uddeb\ud83c\uddf7Issy Les Moulineaux #shorts|Issy-les-Moulineaux,\ud83c\uddeb\ud83c\uddf7Issy Les Moulineaux #shorts} - FESTIVOX<\/title>\n<meta name=\"robots\" content=\"index, follow, max-snippet:-1, max-image-preview:large, max-video-preview:-1\" \/>\n<link rel=\"canonical\" href=\"https:\/\/www.festivox.fr\/blog\/issy-les-moulineaux-\ud83c\uddeb\ud83c\uddf7issy-les-moulineaux-shortsissy-les-moulineaux\ud83c\uddeb\ud83c\uddf7issy-les-moulineaux-shorts\/\" \/>\n<meta property=\"og:locale\" content=\"fr_FR\" \/>\n<meta property=\"og:type\" content=\"article\" \/>\n<meta property=\"og:title\" content=\"(Issy-les-Moulineaux): \ud83c\uddeb\ud83c\uddf7Issy Les Moulineaux #shorts|Issy-les-Moulineaux,\ud83c\uddeb\ud83c\uddf7Issy Les Moulineaux #shorts} - FESTIVOX\" \/>\n<meta property=\"og:description\" content=\"Un regard unique de Tony Mystic tv sur \u00ab&nbsp;Issy-les-Moulineaux&nbsp;\u00bb. Cette vid\u00e9o, mise en ligne par Tony Mystic tv, est disponible sur Youtube. autour de \u00ab&nbsp;Issy-les-Moulineaux&nbsp;\u00bb:[embedded content] L\u2019auteur a fourni une vid\u00e9o de 00:00:16 secondes avec le titre \ud83c\uddeb\ud83c\uddf7Issy Les Moulineaux #shorts, accompagn\u00e9e de la description suivante :\u00ab \u00bb. ISSY-LES-MOULINEAUX : D\u00e9tresse Financi\u00e8re et \u00c9rosion D\u00e9mocratique&hellip;\" \/>\n<meta property=\"og:url\" content=\"https:\/\/www.festivox.fr\/blog\/issy-les-moulineaux-\ud83c\uddeb\ud83c\uddf7issy-les-moulineaux-shortsissy-les-moulineaux\ud83c\uddeb\ud83c\uddf7issy-les-moulineaux-shorts\/\" \/>\n<meta property=\"og:site_name\" content=\"FESTIVOX\" \/>\n<meta property=\"article:published_time\" content=\"2025-10-05T13:35:04+00:00\" \/>\n<meta property=\"og:image\" content=\"https:\/\/www.festivox.fr\/blog\/wp-content\/uploads\/2025\/10\/issy-les-moulineaux-f09f87abf09f87b7issy-les-moulineaux-shortsissy-les-moulineauxf09f87abf09f87b7issy-les-moulineaux-shorts.jpg\" \/>\n<meta name=\"author\" content=\"Michele\" \/>\n<meta name=\"twitter:card\" content=\"summary_large_image\" \/>\n<meta name=\"twitter:label1\" content=\"\u00c9crit par\" \/>\n\t<meta name=\"twitter:data1\" content=\"Michele\" \/>\n\t<meta name=\"twitter:label2\" content=\"Dur\u00e9e de lecture estim\u00e9e\" \/>\n\t<meta name=\"twitter:data2\" content=\"8 minutes\" \/>\n<script type=\"application\/ld+json\" class=\"yoast-schema-graph\">{\"@context\":\"https:\\\/\\\/schema.org\",\"@graph\":[{\"@type\":\"Article\",\"@id\":\"https:\\\/\\\/www.festivox.fr\\\/blog\\\/issy-les-moulineaux-%f0%9f%87%ab%f0%9f%87%b7issy-les-moulineaux-shortsissy-les-moulineaux%f0%9f%87%ab%f0%9f%87%b7issy-les-moulineaux-shorts\\\/#article\",\"isPartOf\":{\"@id\":\"https:\\\/\\\/www.festivox.fr\\\/blog\\\/issy-les-moulineaux-%f0%9f%87%ab%f0%9f%87%b7issy-les-moulineaux-shortsissy-les-moulineaux%f0%9f%87%ab%f0%9f%87%b7issy-les-moulineaux-shorts\\\/\"},\"author\":{\"name\":\"Michele\",\"@id\":\"https:\\\/\\\/www.festivox.fr\\\/blog\\\/#\\\/schema\\\/person\\\/f36a8b6bc94800c3eafed4bca993ce95\"},\"headline\":\"(Issy-les-Moulineaux): \ud83c\uddeb\ud83c\uddf7Issy Les Moulineaux #shorts|Issy-les-Moulineaux,\ud83c\uddeb\ud83c\uddf7Issy Les Moulineaux #shorts}\",\"datePublished\":\"2025-10-05T13:35:04+00:00\",\"mainEntityOfPage\":{\"@id\":\"https:\\\/\\\/www.festivox.fr\\\/blog\\\/issy-les-moulineaux-%f0%9f%87%ab%f0%9f%87%b7issy-les-moulineaux-shortsissy-les-moulineaux%f0%9f%87%ab%f0%9f%87%b7issy-les-moulineaux-shorts\\\/\"},\"wordCount\":1709,\"publisher\":{\"@id\":\"https:\\\/\\\/www.festivox.fr\\\/blog\\\/#organization\"},\"image\":{\"@id\":\"https:\\\/\\\/www.festivox.fr\\\/blog\\\/issy-les-moulineaux-%f0%9f%87%ab%f0%9f%87%b7issy-les-moulineaux-shortsissy-les-moulineaux%f0%9f%87%ab%f0%9f%87%b7issy-les-moulineaux-shorts\\\/#primaryimage\"},\"thumbnailUrl\":\"https:\\\/\\\/www.festivox.fr\\\/blog\\\/wp-content\\\/uploads\\\/2025\\\/10\\\/issy-les-moulineaux-f09f87abf09f87b7issy-les-moulineaux-shortsissy-les-moulineauxf09f87abf09f87b7issy-les-moulineaux-shorts.jpg\",\"articleSection\":[\"Sujet: Festival Jazz Et Musique En Mode Guinguette:\"],\"inLanguage\":\"fr-FR\"},{\"@type\":\"WebPage\",\"@id\":\"https:\\\/\\\/www.festivox.fr\\\/blog\\\/issy-les-moulineaux-%f0%9f%87%ab%f0%9f%87%b7issy-les-moulineaux-shortsissy-les-moulineaux%f0%9f%87%ab%f0%9f%87%b7issy-les-moulineaux-shorts\\\/\",\"url\":\"https:\\\/\\\/www.festivox.fr\\\/blog\\\/issy-les-moulineaux-%f0%9f%87%ab%f0%9f%87%b7issy-les-moulineaux-shortsissy-les-moulineaux%f0%9f%87%ab%f0%9f%87%b7issy-les-moulineaux-shorts\\\/\",\"name\":\"(Issy-les-Moulineaux): \ud83c\uddeb\ud83c\uddf7Issy Les Moulineaux #shorts|Issy-les-Moulineaux,\ud83c\uddeb\ud83c\uddf7Issy Les Moulineaux #shorts} - FESTIVOX\",\"isPartOf\":{\"@id\":\"https:\\\/\\\/www.festivox.fr\\\/blog\\\/#website\"},\"primaryImageOfPage\":{\"@id\":\"https:\\\/\\\/www.festivox.fr\\\/blog\\\/issy-les-moulineaux-%f0%9f%87%ab%f0%9f%87%b7issy-les-moulineaux-shortsissy-les-moulineaux%f0%9f%87%ab%f0%9f%87%b7issy-les-moulineaux-shorts\\\/#primaryimage\"},\"image\":{\"@id\":\"https:\\\/\\\/www.festivox.fr\\\/blog\\\/issy-les-moulineaux-%f0%9f%87%ab%f0%9f%87%b7issy-les-moulineaux-shortsissy-les-moulineaux%f0%9f%87%ab%f0%9f%87%b7issy-les-moulineaux-shorts\\\/#primaryimage\"},\"thumbnailUrl\":\"https:\\\/\\\/www.festivox.fr\\\/blog\\\/wp-content\\\/uploads\\\/2025\\\/10\\\/issy-les-moulineaux-f09f87abf09f87b7issy-les-moulineaux-shortsissy-les-moulineauxf09f87abf09f87b7issy-les-moulineaux-shorts.jpg\",\"datePublished\":\"2025-10-05T13:35:04+00:00\",\"breadcrumb\":{\"@id\":\"https:\\\/\\\/www.festivox.fr\\\/blog\\\/issy-les-moulineaux-%f0%9f%87%ab%f0%9f%87%b7issy-les-moulineaux-shortsissy-les-moulineaux%f0%9f%87%ab%f0%9f%87%b7issy-les-moulineaux-shorts\\\/#breadcrumb\"},\"inLanguage\":\"fr-FR\",\"potentialAction\":[{\"@type\":\"ReadAction\",\"target\":[\"https:\\\/\\\/www.festivox.fr\\\/blog\\\/issy-les-moulineaux-%f0%9f%87%ab%f0%9f%87%b7issy-les-moulineaux-shortsissy-les-moulineaux%f0%9f%87%ab%f0%9f%87%b7issy-les-moulineaux-shorts\\\/\"]}]},{\"@type\":\"ImageObject\",\"inLanguage\":\"fr-FR\",\"@id\":\"https:\\\/\\\/www.festivox.fr\\\/blog\\\/issy-les-moulineaux-%f0%9f%87%ab%f0%9f%87%b7issy-les-moulineaux-shortsissy-les-moulineaux%f0%9f%87%ab%f0%9f%87%b7issy-les-moulineaux-shorts\\\/#primaryimage\",\"url\":\"https:\\\/\\\/www.festivox.fr\\\/blog\\\/wp-content\\\/uploads\\\/2025\\\/10\\\/issy-les-moulineaux-f09f87abf09f87b7issy-les-moulineaux-shortsissy-les-moulineauxf09f87abf09f87b7issy-les-moulineaux-shorts.jpg\",\"contentUrl\":\"https:\\\/\\\/www.festivox.fr\\\/blog\\\/wp-content\\\/uploads\\\/2025\\\/10\\\/issy-les-moulineaux-f09f87abf09f87b7issy-les-moulineaux-shortsissy-les-moulineauxf09f87abf09f87b7issy-les-moulineaux-shorts.jpg\",\"width\":480,\"height\":360},{\"@type\":\"BreadcrumbList\",\"@id\":\"https:\\\/\\\/www.festivox.fr\\\/blog\\\/issy-les-moulineaux-%f0%9f%87%ab%f0%9f%87%b7issy-les-moulineaux-shortsissy-les-moulineaux%f0%9f%87%ab%f0%9f%87%b7issy-les-moulineaux-shorts\\\/#breadcrumb\",\"itemListElement\":[{\"@type\":\"ListItem\",\"position\":1,\"name\":\"Accueil\",\"item\":\"https:\\\/\\\/www.festivox.fr\\\/blog\\\/\"},{\"@type\":\"ListItem\",\"position\":2,\"name\":\"(Issy-les-Moulineaux): \ud83c\uddeb\ud83c\uddf7Issy Les Moulineaux #shorts|Issy-les-Moulineaux,\ud83c\uddeb\ud83c\uddf7Issy Les Moulineaux #shorts}\"}]},{\"@type\":\"WebSite\",\"@id\":\"https:\\\/\\\/www.festivox.fr\\\/blog\\\/#website\",\"url\":\"https:\\\/\\\/www.festivox.fr\\\/blog\\\/\",\"name\":\"FESTIVOX\",\"description\":\"Festival en mode guinguette.\",\"publisher\":{\"@id\":\"https:\\\/\\\/www.festivox.fr\\\/blog\\\/#organization\"},\"potentialAction\":[{\"@type\":\"SearchAction\",\"target\":{\"@type\":\"EntryPoint\",\"urlTemplate\":\"https:\\\/\\\/www.festivox.fr\\\/blog\\\/?s={search_term_string}\"},\"query-input\":{\"@type\":\"PropertyValueSpecification\",\"valueRequired\":true,\"valueName\":\"search_term_string\"}}],\"inLanguage\":\"fr-FR\"},{\"@type\":\"Organization\",\"@id\":\"https:\\\/\\\/www.festivox.fr\\\/blog\\\/#organization\",\"name\":\"festivox\",\"url\":\"https:\\\/\\\/www.festivox.fr\\\/blog\\\/\",\"logo\":{\"@type\":\"ImageObject\",\"inLanguage\":\"fr-FR\",\"@id\":\"https:\\\/\\\/www.festivox.fr\\\/blog\\\/#\\\/schema\\\/logo\\\/image\\\/\",\"url\":\"https:\\\/\\\/www.festivox.fr\\\/blog\\\/wp-content\\\/uploads\\\/2023\\\/06\\\/logo-2.png\",\"contentUrl\":\"https:\\\/\\\/www.festivox.fr\\\/blog\\\/wp-content\\\/uploads\\\/2023\\\/06\\\/logo-2.png\",\"width\":480,\"height\":160,\"caption\":\"festivox\"},\"image\":{\"@id\":\"https:\\\/\\\/www.festivox.fr\\\/blog\\\/#\\\/schema\\\/logo\\\/image\\\/\"}},{\"@type\":\"Person\",\"@id\":\"https:\\\/\\\/www.festivox.fr\\\/blog\\\/#\\\/schema\\\/person\\\/f36a8b6bc94800c3eafed4bca993ce95\",\"name\":\"Michele\",\"image\":{\"@type\":\"ImageObject\",\"inLanguage\":\"fr-FR\",\"@id\":\"https:\\\/\\\/secure.gravatar.com\\\/avatar\\\/b062046536b5d47ec9075956ec349ef95ed06b0f910c578f74abb318668b702e?s=96&d=mm&r=g\",\"url\":\"https:\\\/\\\/secure.gravatar.com\\\/avatar\\\/b062046536b5d47ec9075956ec349ef95ed06b0f910c578f74abb318668b702e?s=96&d=mm&r=g\",\"contentUrl\":\"https:\\\/\\\/secure.gravatar.com\\\/avatar\\\/b062046536b5d47ec9075956ec349ef95ed06b0f910c578f74abb318668b702e?s=96&d=mm&r=g\",\"caption\":\"Michele\"},\"sameAs\":[\"https:\\\/\\\/www.festivox.fr\\\/blog\"],\"url\":\"https:\\\/\\\/www.festivox.fr\\\/blog\\\/author\\\/voxadmin\\\/\"}]}<\/script>\n<!-- \/ Yoast SEO plugin. -->","yoast_head_json":{"title":"(Issy-les-Moulineaux): \ud83c\uddeb\ud83c\uddf7Issy Les Moulineaux #shorts|Issy-les-Moulineaux,\ud83c\uddeb\ud83c\uddf7Issy Les Moulineaux #shorts} - FESTIVOX","robots":{"index":"index","follow":"follow","max-snippet":"max-snippet:-1","max-image-preview":"max-image-preview:large","max-video-preview":"max-video-preview:-1"},"canonical":"https:\/\/www.festivox.fr\/blog\/issy-les-moulineaux-\ud83c\uddeb\ud83c\uddf7issy-les-moulineaux-shortsissy-les-moulineaux\ud83c\uddeb\ud83c\uddf7issy-les-moulineaux-shorts\/","og_locale":"fr_FR","og_type":"article","og_title":"(Issy-les-Moulineaux): \ud83c\uddeb\ud83c\uddf7Issy Les Moulineaux #shorts|Issy-les-Moulineaux,\ud83c\uddeb\ud83c\uddf7Issy Les Moulineaux #shorts} - FESTIVOX","og_description":"Un regard unique de Tony Mystic tv sur \u00ab&nbsp;Issy-les-Moulineaux&nbsp;\u00bb. Cette vid\u00e9o, mise en ligne par Tony Mystic tv, est disponible sur Youtube. autour de \u00ab&nbsp;Issy-les-Moulineaux&nbsp;\u00bb:[embedded content] L\u2019auteur a fourni une vid\u00e9o de 00:00:16 secondes avec le titre \ud83c\uddeb\ud83c\uddf7Issy Les Moulineaux #shorts, accompagn\u00e9e de la description suivante :\u00ab \u00bb. ISSY-LES-MOULINEAUX : D\u00e9tresse Financi\u00e8re et \u00c9rosion D\u00e9mocratique&hellip;","og_url":"https:\/\/www.festivox.fr\/blog\/issy-les-moulineaux-\ud83c\uddeb\ud83c\uddf7issy-les-moulineaux-shortsissy-les-moulineaux\ud83c\uddeb\ud83c\uddf7issy-les-moulineaux-shorts\/","og_site_name":"FESTIVOX","article_published_time":"2025-10-05T13:35:04+00:00","og_image":[{"url":"https:\/\/www.festivox.fr\/blog\/wp-content\/uploads\/2025\/10\/issy-les-moulineaux-f09f87abf09f87b7issy-les-moulineaux-shortsissy-les-moulineauxf09f87abf09f87b7issy-les-moulineaux-shorts.jpg","type":"","width":"","height":""}],"author":"Michele","twitter_card":"summary_large_image","twitter_misc":{"\u00c9crit par":"Michele","Dur\u00e9e de lecture estim\u00e9e":"8 minutes"},"schema":{"@context":"https:\/\/schema.org","@graph":[{"@type":"Article","@id":"https:\/\/www.festivox.fr\/blog\/issy-les-moulineaux-%f0%9f%87%ab%f0%9f%87%b7issy-les-moulineaux-shortsissy-les-moulineaux%f0%9f%87%ab%f0%9f%87%b7issy-les-moulineaux-shorts\/#article","isPartOf":{"@id":"https:\/\/www.festivox.fr\/blog\/issy-les-moulineaux-%f0%9f%87%ab%f0%9f%87%b7issy-les-moulineaux-shortsissy-les-moulineaux%f0%9f%87%ab%f0%9f%87%b7issy-les-moulineaux-shorts\/"},"author":{"name":"Michele","@id":"https:\/\/www.festivox.fr\/blog\/#\/schema\/person\/f36a8b6bc94800c3eafed4bca993ce95"},"headline":"(Issy-les-Moulineaux): \ud83c\uddeb\ud83c\uddf7Issy Les Moulineaux #shorts|Issy-les-Moulineaux,\ud83c\uddeb\ud83c\uddf7Issy Les Moulineaux #shorts}","datePublished":"2025-10-05T13:35:04+00:00","mainEntityOfPage":{"@id":"https:\/\/www.festivox.fr\/blog\/issy-les-moulineaux-%f0%9f%87%ab%f0%9f%87%b7issy-les-moulineaux-shortsissy-les-moulineaux%f0%9f%87%ab%f0%9f%87%b7issy-les-moulineaux-shorts\/"},"wordCount":1709,"publisher":{"@id":"https:\/\/www.festivox.fr\/blog\/#organization"},"image":{"@id":"https:\/\/www.festivox.fr\/blog\/issy-les-moulineaux-%f0%9f%87%ab%f0%9f%87%b7issy-les-moulineaux-shortsissy-les-moulineaux%f0%9f%87%ab%f0%9f%87%b7issy-les-moulineaux-shorts\/#primaryimage"},"thumbnailUrl":"https:\/\/www.festivox.fr\/blog\/wp-content\/uploads\/2025\/10\/issy-les-moulineaux-f09f87abf09f87b7issy-les-moulineaux-shortsissy-les-moulineauxf09f87abf09f87b7issy-les-moulineaux-shorts.jpg","articleSection":["Sujet: Festival Jazz Et Musique En Mode Guinguette:"],"inLanguage":"fr-FR"},{"@type":"WebPage","@id":"https:\/\/www.festivox.fr\/blog\/issy-les-moulineaux-%f0%9f%87%ab%f0%9f%87%b7issy-les-moulineaux-shortsissy-les-moulineaux%f0%9f%87%ab%f0%9f%87%b7issy-les-moulineaux-shorts\/","url":"https:\/\/www.festivox.fr\/blog\/issy-les-moulineaux-%f0%9f%87%ab%f0%9f%87%b7issy-les-moulineaux-shortsissy-les-moulineaux%f0%9f%87%ab%f0%9f%87%b7issy-les-moulineaux-shorts\/","name":"(Issy-les-Moulineaux): \ud83c\uddeb\ud83c\uddf7Issy Les Moulineaux #shorts|Issy-les-Moulineaux,\ud83c\uddeb\ud83c\uddf7Issy Les Moulineaux #shorts} - FESTIVOX","isPartOf":{"@id":"https:\/\/www.festivox.fr\/blog\/#website"},"primaryImageOfPage":{"@id":"https:\/\/www.festivox.fr\/blog\/issy-les-moulineaux-%f0%9f%87%ab%f0%9f%87%b7issy-les-moulineaux-shortsissy-les-moulineaux%f0%9f%87%ab%f0%9f%87%b7issy-les-moulineaux-shorts\/#primaryimage"},"image":{"@id":"https:\/\/www.festivox.fr\/blog\/issy-les-moulineaux-%f0%9f%87%ab%f0%9f%87%b7issy-les-moulineaux-shortsissy-les-moulineaux%f0%9f%87%ab%f0%9f%87%b7issy-les-moulineaux-shorts\/#primaryimage"},"thumbnailUrl":"https:\/\/www.festivox.fr\/blog\/wp-content\/uploads\/2025\/10\/issy-les-moulineaux-f09f87abf09f87b7issy-les-moulineaux-shortsissy-les-moulineauxf09f87abf09f87b7issy-les-moulineaux-shorts.jpg","datePublished":"2025-10-05T13:35:04+00:00","breadcrumb":{"@id":"https:\/\/www.festivox.fr\/blog\/issy-les-moulineaux-%f0%9f%87%ab%f0%9f%87%b7issy-les-moulineaux-shortsissy-les-moulineaux%f0%9f%87%ab%f0%9f%87%b7issy-les-moulineaux-shorts\/#breadcrumb"},"inLanguage":"fr-FR","potentialAction":[{"@type":"ReadAction","target":["https:\/\/www.festivox.fr\/blog\/issy-les-moulineaux-%f0%9f%87%ab%f0%9f%87%b7issy-les-moulineaux-shortsissy-les-moulineaux%f0%9f%87%ab%f0%9f%87%b7issy-les-moulineaux-shorts\/"]}]},{"@type":"ImageObject","inLanguage":"fr-FR","@id":"https:\/\/www.festivox.fr\/blog\/issy-les-moulineaux-%f0%9f%87%ab%f0%9f%87%b7issy-les-moulineaux-shortsissy-les-moulineaux%f0%9f%87%ab%f0%9f%87%b7issy-les-moulineaux-shorts\/#primaryimage","url":"https:\/\/www.festivox.fr\/blog\/wp-content\/uploads\/2025\/10\/issy-les-moulineaux-f09f87abf09f87b7issy-les-moulineaux-shortsissy-les-moulineauxf09f87abf09f87b7issy-les-moulineaux-shorts.jpg","contentUrl":"https:\/\/www.festivox.fr\/blog\/wp-content\/uploads\/2025\/10\/issy-les-moulineaux-f09f87abf09f87b7issy-les-moulineaux-shortsissy-les-moulineauxf09f87abf09f87b7issy-les-moulineaux-shorts.jpg","width":480,"height":360},{"@type":"BreadcrumbList","@id":"https:\/\/www.festivox.fr\/blog\/issy-les-moulineaux-%f0%9f%87%ab%f0%9f%87%b7issy-les-moulineaux-shortsissy-les-moulineaux%f0%9f%87%ab%f0%9f%87%b7issy-les-moulineaux-shorts\/#breadcrumb","itemListElement":[{"@type":"ListItem","position":1,"name":"Accueil","item":"https:\/\/www.festivox.fr\/blog\/"},{"@type":"ListItem","position":2,"name":"(Issy-les-Moulineaux): \ud83c\uddeb\ud83c\uddf7Issy Les Moulineaux #shorts|Issy-les-Moulineaux,\ud83c\uddeb\ud83c\uddf7Issy Les Moulineaux #shorts}"}]},{"@type":"WebSite","@id":"https:\/\/www.festivox.fr\/blog\/#website","url":"https:\/\/www.festivox.fr\/blog\/","name":"FESTIVOX","description":"Festival en mode guinguette.","publisher":{"@id":"https:\/\/www.festivox.fr\/blog\/#organization"},"potentialAction":[{"@type":"SearchAction","target":{"@type":"EntryPoint","urlTemplate":"https:\/\/www.festivox.fr\/blog\/?s={search_term_string}"},"query-input":{"@type":"PropertyValueSpecification","valueRequired":true,"valueName":"search_term_string"}}],"inLanguage":"fr-FR"},{"@type":"Organization","@id":"https:\/\/www.festivox.fr\/blog\/#organization","name":"festivox","url":"https:\/\/www.festivox.fr\/blog\/","logo":{"@type":"ImageObject","inLanguage":"fr-FR","@id":"https:\/\/www.festivox.fr\/blog\/#\/schema\/logo\/image\/","url":"https:\/\/www.festivox.fr\/blog\/wp-content\/uploads\/2023\/06\/logo-2.png","contentUrl":"https:\/\/www.festivox.fr\/blog\/wp-content\/uploads\/2023\/06\/logo-2.png","width":480,"height":160,"caption":"festivox"},"image":{"@id":"https:\/\/www.festivox.fr\/blog\/#\/schema\/logo\/image\/"}},{"@type":"Person","@id":"https:\/\/www.festivox.fr\/blog\/#\/schema\/person\/f36a8b6bc94800c3eafed4bca993ce95","name":"Michele","image":{"@type":"ImageObject","inLanguage":"fr-FR","@id":"https:\/\/secure.gravatar.com\/avatar\/b062046536b5d47ec9075956ec349ef95ed06b0f910c578f74abb318668b702e?s=96&d=mm&r=g","url":"https:\/\/secure.gravatar.com\/avatar\/b062046536b5d47ec9075956ec349ef95ed06b0f910c578f74abb318668b702e?s=96&d=mm&r=g","contentUrl":"https:\/\/secure.gravatar.com\/avatar\/b062046536b5d47ec9075956ec349ef95ed06b0f910c578f74abb318668b702e?s=96&d=mm&r=g","caption":"Michele"},"sameAs":["https:\/\/www.festivox.fr\/blog"],"url":"https:\/\/www.festivox.fr\/blog\/author\/voxadmin\/"}]}},"_links":{"self":[{"href":"https:\/\/www.festivox.fr\/blog\/wp-json\/wp\/v2\/posts\/1271","targetHints":{"allow":["GET"]}}],"collection":[{"href":"https:\/\/www.festivox.fr\/blog\/wp-json\/wp\/v2\/posts"}],"about":[{"href":"https:\/\/www.festivox.fr\/blog\/wp-json\/wp\/v2\/types\/post"}],"author":[{"embeddable":true,"href":"https:\/\/www.festivox.fr\/blog\/wp-json\/wp\/v2\/users\/1"}],"replies":[{"embeddable":true,"href":"https:\/\/www.festivox.fr\/blog\/wp-json\/wp\/v2\/comments?post=1271"}],"version-history":[{"count":0,"href":"https:\/\/www.festivox.fr\/blog\/wp-json\/wp\/v2\/posts\/1271\/revisions"}],"wp:featuredmedia":[{"embeddable":true,"href":"https:\/\/www.festivox.fr\/blog\/wp-json\/wp\/v2\/media\/1272"}],"wp:attachment":[{"href":"https:\/\/www.festivox.fr\/blog\/wp-json\/wp\/v2\/media?parent=1271"}],"wp:term":[{"taxonomy":"category","embeddable":true,"href":"https:\/\/www.festivox.fr\/blog\/wp-json\/wp\/v2\/categories?post=1271"},{"taxonomy":"post_tag","embeddable":true,"href":"https:\/\/www.festivox.fr\/blog\/wp-json\/wp\/v2\/tags?post=1271"}],"curies":[{"name":"wp","href":"https:\/\/api.w.org\/{rel}","templated":true}]}}