{"id":1264,"date":"2025-09-18T21:11:00","date_gmt":"2025-09-18T19:11:00","guid":{"rendered":"https:\/\/www.festivox.fr\/blog\/culture-le-festivallon-reserve-une-derniere-belle-soiree-demain\/"},"modified":"2025-09-18T21:11:00","modified_gmt":"2025-09-18T19:11:00","slug":"culture-le-festivallon-reserve-une-derniere-belle-soiree-demain","status":"publish","type":"post","link":"https:\/\/www.festivox.fr\/blog\/culture-le-festivallon-reserve-une-derniere-belle-soiree-demain\/","title":{"rendered":"culture. Le Festivallon r\u00e9serve une derni\u00e8re belle soir\u00e9e, demain"},"content":{"rendered":"\n<p class=\"typo-p1-paragraph\">Selon les mots du pr\u00e9sident de l\u2019association Java, Bernard Cury, \u00ab&nbsp;une forte satisfaction domine&nbsp;\u00bb \u00e0 l\u2019heure de dresser le bilan du Festivallon.<\/p>\n<p class=\"typo-p1-paragraph\">Les patrons de bistrots se disent ainsi r\u00e9jouis des audiences et de la moyenne record enregistr\u00e9e pour cette 27 <sup>e<\/sup> \u00e9dition. Au regard de la qualit\u00e9 des groupes \u00e0 l\u2019affiche cette ann\u00e9e, d\u00e9signer le meilleur n\u2019\u00e9tait pas simple mais les b\u00e9n\u00e9voles de Java ont port\u00e9 leur choix sur le combo Gamin, programm\u00e9 durant la quatri\u00e8me semaine, qui a ainsi gagn\u00e9 le droit de jouer \u00e0 l\u2019Escale \u00e0 Migennes.<\/p>\n<p class=\"typo-p1-paragraph\"><b>Standards, sonorit\u00e9s latinos et \u00e9lectro-jazz<\/b><\/p>\n<p class=\"typo-p1-paragraph\">Pour cl\u00f4re en beaut\u00e9 ce cru 2025, le jazz sera \u00e0 l\u2019honneur ce samedi au march\u00e9 couvert, que Bernard Cury esp\u00e8re voir bond\u00e9 et en liesse pour l\u2019occasion.<\/p>\n<p class=\"typo-p1-paragraph\">L\u2019ensemble vocal Voce Vita (souffle de vie) ouvrira la soir\u00e9e. Vingt-quatre chanteurs amateurs, dirig\u00e9s par le chef de ch\u0153ur Jean-Christophe Hurteaud et accompagn\u00e9s par un percussionniste et deux guitaristes, dont Adrien Marco, feront voyager le public entre les grands standards de jazz et des sonorit\u00e9s latinos. Cette chorale jazz vit sa 4 <sup>e<\/sup> saison et les r\u00e9p\u00e9titions du mercredi \u00e0 19&nbsp;heures \u00e0 l\u2019\u00e9cole de musique d\u2019Avallon portent leurs fruits.<\/p>\n<p class=\"typo-p1-paragraph\">La cl\u00f4ture du Festivallon verra ensuite le groupe Arawa \u2013 du nom d\u2019une pirogue maori \u2013 prendre place sur sc\u00e8ne pour un r\u00e9pertoire d\u2019\u00e9lectro-jazz. Ses cinq musiciens ont d\u00e9j\u00e0 plus de 50&nbsp;concerts \u00e0 leur actif en deux ans et ils interpr\u00e9teront, en instrumental uniquement, leurs propres compositions.<\/p>\n<p class=\"typo-p1-paragraph\">Des cr\u00e9ations tr\u00e8s \u00e9clectiques qui m\u00ealent de tr\u00e8s nombreux instruments. Clavier, soubassophone, trombone \u00e0 coulisse, violon, accord\u00e9on, saxophone et autre fl\u00fbte traversi\u00e8re empliront de leurs sonorit\u00e9s la salle du march\u00e9 couvert.<\/p>\n<p class=\"typo-p1-paragraph\"><b>Rendez-vous.<\/b> Ce samedi d\u00e8s 19&nbsp;heures \u00e0 la salle du march\u00e9 couvert \u00e0 Avallon. Participation libre, buvette, planches et desserts. R\u00e9servation de table conseill\u00e9e au 06.07.94.58.86.&nbsp;<\/p>\n<p> Cet article, qui traite du th\u00e8me \u00ab\u00a0Festival Jazz et musique en mode guinguette\u00a0\u00bb, vous est d\u00e9lib\u00e9r\u00e9ment offert par festivox.fr. La raison d\u2019\u00eatre de festivox.fr est de parler de Festival Jazz et musique en mode guinguette dans la transparence la plus g\u00e9n\u00e9rale en vous procurant la visibilit\u00e9 de tout ce qui est publi\u00e9 sur ce sujet sur le web La chronique a \u00e9t\u00e9 g\u00e9n\u00e9r\u00e9e de la mani\u00e8re la plus honn\u00eate que possible. S\u2019il advenait que vous projetez d\u2019apporter quelques notes concernant le domaine de \u00ab\u00a0Festival Jazz et musique en mode guinguette\u00a0\u00bb vous avez la possibilit\u00e9 de d&rsquo;\u00e9changer avec notre r\u00e9daction. Dans peu de temps, on mettra en ligne d&rsquo;autres informations pertinentes autour du sujet \u00ab\u00a0Festival Jazz et musique en mode guinguette\u00a0\u00bb. Ainsi, consultez r\u00e9guli\u00e8rement notre site.<\/p>\n","protected":false},"excerpt":{"rendered":"<p>Selon les mots du pr\u00e9sident de l\u2019association Java, Bernard Cury, \u00ab&nbsp;une forte satisfaction domine&nbsp;\u00bb \u00e0 l\u2019heure de dresser le bilan du Festivallon. Les patrons de bistrots se disent ainsi r\u00e9jouis des audiences et de la moyenne record enregistr\u00e9e pour cette 27 e \u00e9dition. Au regard de la qualit\u00e9 des groupes \u00e0 l\u2019affiche cette ann\u00e9e, d\u00e9signer&hellip;<\/p>\n","protected":false},"author":1,"featured_media":0,"comment_status":"closed","ping_status":"closed","sticky":false,"template":"","format":"standard","meta":{"footnotes":""},"categories":[3],"tags":[],"class_list":["post-1264","post","type-post","status-publish","format-standard","hentry","category-wiki-sur-festival-jazz-et-musique-en-mode-guinguette"],"yoast_head":"<!-- This site is optimized with the Yoast SEO plugin v27.5 - https:\/\/yoast.com\/product\/yoast-seo-wordpress\/ -->\n<title>culture. Le Festivallon r\u00e9serve une derni\u00e8re belle soir\u00e9e, demain - FESTIVOX<\/title>\n<meta name=\"robots\" content=\"index, follow, max-snippet:-1, max-image-preview:large, max-video-preview:-1\" \/>\n<link rel=\"canonical\" href=\"https:\/\/www.festivox.fr\/blog\/culture-le-festivallon-reserve-une-derniere-belle-soiree-demain\/\" \/>\n<meta property=\"og:locale\" content=\"fr_FR\" \/>\n<meta property=\"og:type\" content=\"article\" \/>\n<meta property=\"og:title\" content=\"culture. Le Festivallon r\u00e9serve une derni\u00e8re belle soir\u00e9e, demain - FESTIVOX\" \/>\n<meta property=\"og:description\" content=\"Selon les mots du pr\u00e9sident de l\u2019association Java, Bernard Cury, \u00ab&nbsp;une forte satisfaction domine&nbsp;\u00bb \u00e0 l\u2019heure de dresser le bilan du Festivallon. Les patrons de bistrots se disent ainsi r\u00e9jouis des audiences et de la moyenne record enregistr\u00e9e pour cette 27 e \u00e9dition. Au regard de la qualit\u00e9 des groupes \u00e0 l\u2019affiche cette ann\u00e9e, d\u00e9signer&hellip;\" \/>\n<meta property=\"og:url\" content=\"https:\/\/www.festivox.fr\/blog\/culture-le-festivallon-reserve-une-derniere-belle-soiree-demain\/\" \/>\n<meta property=\"og:site_name\" content=\"FESTIVOX\" \/>\n<meta property=\"article:published_time\" content=\"2025-09-18T19:11:00+00:00\" \/>\n<meta name=\"author\" content=\"Michele\" \/>\n<meta name=\"twitter:card\" content=\"summary_large_image\" \/>\n<meta name=\"twitter:label1\" content=\"\u00c9crit par\" \/>\n\t<meta name=\"twitter:data1\" content=\"Michele\" \/>\n\t<meta name=\"twitter:label2\" content=\"Dur\u00e9e de lecture estim\u00e9e\" \/>\n\t<meta name=\"twitter:data2\" content=\"2 minutes\" \/>\n<script type=\"application\/ld+json\" class=\"yoast-schema-graph\">{\"@context\":\"https:\\\/\\\/schema.org\",\"@graph\":[{\"@type\":\"Article\",\"@id\":\"https:\\\/\\\/www.festivox.fr\\\/blog\\\/culture-le-festivallon-reserve-une-derniere-belle-soiree-demain\\\/#article\",\"isPartOf\":{\"@id\":\"https:\\\/\\\/www.festivox.fr\\\/blog\\\/culture-le-festivallon-reserve-une-derniere-belle-soiree-demain\\\/\"},\"author\":{\"name\":\"Michele\",\"@id\":\"https:\\\/\\\/www.festivox.fr\\\/blog\\\/#\\\/schema\\\/person\\\/f36a8b6bc94800c3eafed4bca993ce95\"},\"headline\":\"culture. Le Festivallon r\u00e9serve une derni\u00e8re belle soir\u00e9e, demain\",\"datePublished\":\"2025-09-18T19:11:00+00:00\",\"mainEntityOfPage\":{\"@id\":\"https:\\\/\\\/www.festivox.fr\\\/blog\\\/culture-le-festivallon-reserve-une-derniere-belle-soiree-demain\\\/\"},\"wordCount\":487,\"publisher\":{\"@id\":\"https:\\\/\\\/www.festivox.fr\\\/blog\\\/#organization\"},\"articleSection\":[\"Wiki Sur Festival Jazz Et Musique En Mode Guinguette:\"],\"inLanguage\":\"fr-FR\"},{\"@type\":\"WebPage\",\"@id\":\"https:\\\/\\\/www.festivox.fr\\\/blog\\\/culture-le-festivallon-reserve-une-derniere-belle-soiree-demain\\\/\",\"url\":\"https:\\\/\\\/www.festivox.fr\\\/blog\\\/culture-le-festivallon-reserve-une-derniere-belle-soiree-demain\\\/\",\"name\":\"culture. Le Festivallon r\u00e9serve une derni\u00e8re belle soir\u00e9e, demain - FESTIVOX\",\"isPartOf\":{\"@id\":\"https:\\\/\\\/www.festivox.fr\\\/blog\\\/#website\"},\"datePublished\":\"2025-09-18T19:11:00+00:00\",\"breadcrumb\":{\"@id\":\"https:\\\/\\\/www.festivox.fr\\\/blog\\\/culture-le-festivallon-reserve-une-derniere-belle-soiree-demain\\\/#breadcrumb\"},\"inLanguage\":\"fr-FR\",\"potentialAction\":[{\"@type\":\"ReadAction\",\"target\":[\"https:\\\/\\\/www.festivox.fr\\\/blog\\\/culture-le-festivallon-reserve-une-derniere-belle-soiree-demain\\\/\"]}]},{\"@type\":\"BreadcrumbList\",\"@id\":\"https:\\\/\\\/www.festivox.fr\\\/blog\\\/culture-le-festivallon-reserve-une-derniere-belle-soiree-demain\\\/#breadcrumb\",\"itemListElement\":[{\"@type\":\"ListItem\",\"position\":1,\"name\":\"Accueil\",\"item\":\"https:\\\/\\\/www.festivox.fr\\\/blog\\\/\"},{\"@type\":\"ListItem\",\"position\":2,\"name\":\"culture. Le Festivallon r\u00e9serve une derni\u00e8re belle soir\u00e9e, demain\"}]},{\"@type\":\"WebSite\",\"@id\":\"https:\\\/\\\/www.festivox.fr\\\/blog\\\/#website\",\"url\":\"https:\\\/\\\/www.festivox.fr\\\/blog\\\/\",\"name\":\"FESTIVOX\",\"description\":\"Festival en mode guinguette.\",\"publisher\":{\"@id\":\"https:\\\/\\\/www.festivox.fr\\\/blog\\\/#organization\"},\"potentialAction\":[{\"@type\":\"SearchAction\",\"target\":{\"@type\":\"EntryPoint\",\"urlTemplate\":\"https:\\\/\\\/www.festivox.fr\\\/blog\\\/?s={search_term_string}\"},\"query-input\":{\"@type\":\"PropertyValueSpecification\",\"valueRequired\":true,\"valueName\":\"search_term_string\"}}],\"inLanguage\":\"fr-FR\"},{\"@type\":\"Organization\",\"@id\":\"https:\\\/\\\/www.festivox.fr\\\/blog\\\/#organization\",\"name\":\"festivox\",\"url\":\"https:\\\/\\\/www.festivox.fr\\\/blog\\\/\",\"logo\":{\"@type\":\"ImageObject\",\"inLanguage\":\"fr-FR\",\"@id\":\"https:\\\/\\\/www.festivox.fr\\\/blog\\\/#\\\/schema\\\/logo\\\/image\\\/\",\"url\":\"https:\\\/\\\/www.festivox.fr\\\/blog\\\/wp-content\\\/uploads\\\/2023\\\/06\\\/logo-2.png\",\"contentUrl\":\"https:\\\/\\\/www.festivox.fr\\\/blog\\\/wp-content\\\/uploads\\\/2023\\\/06\\\/logo-2.png\",\"width\":480,\"height\":160,\"caption\":\"festivox\"},\"image\":{\"@id\":\"https:\\\/\\\/www.festivox.fr\\\/blog\\\/#\\\/schema\\\/logo\\\/image\\\/\"}},{\"@type\":\"Person\",\"@id\":\"https:\\\/\\\/www.festivox.fr\\\/blog\\\/#\\\/schema\\\/person\\\/f36a8b6bc94800c3eafed4bca993ce95\",\"name\":\"Michele\",\"image\":{\"@type\":\"ImageObject\",\"inLanguage\":\"fr-FR\",\"@id\":\"https:\\\/\\\/secure.gravatar.com\\\/avatar\\\/b062046536b5d47ec9075956ec349ef95ed06b0f910c578f74abb318668b702e?s=96&d=mm&r=g\",\"url\":\"https:\\\/\\\/secure.gravatar.com\\\/avatar\\\/b062046536b5d47ec9075956ec349ef95ed06b0f910c578f74abb318668b702e?s=96&d=mm&r=g\",\"contentUrl\":\"https:\\\/\\\/secure.gravatar.com\\\/avatar\\\/b062046536b5d47ec9075956ec349ef95ed06b0f910c578f74abb318668b702e?s=96&d=mm&r=g\",\"caption\":\"Michele\"},\"sameAs\":[\"https:\\\/\\\/www.festivox.fr\\\/blog\"],\"url\":\"https:\\\/\\\/www.festivox.fr\\\/blog\\\/author\\\/voxadmin\\\/\"}]}<\/script>\n<!-- \/ Yoast SEO plugin. -->","yoast_head_json":{"title":"culture. Le Festivallon r\u00e9serve une derni\u00e8re belle soir\u00e9e, demain - FESTIVOX","robots":{"index":"index","follow":"follow","max-snippet":"max-snippet:-1","max-image-preview":"max-image-preview:large","max-video-preview":"max-video-preview:-1"},"canonical":"https:\/\/www.festivox.fr\/blog\/culture-le-festivallon-reserve-une-derniere-belle-soiree-demain\/","og_locale":"fr_FR","og_type":"article","og_title":"culture. Le Festivallon r\u00e9serve une derni\u00e8re belle soir\u00e9e, demain - FESTIVOX","og_description":"Selon les mots du pr\u00e9sident de l\u2019association Java, Bernard Cury, \u00ab&nbsp;une forte satisfaction domine&nbsp;\u00bb \u00e0 l\u2019heure de dresser le bilan du Festivallon. Les patrons de bistrots se disent ainsi r\u00e9jouis des audiences et de la moyenne record enregistr\u00e9e pour cette 27 e \u00e9dition. Au regard de la qualit\u00e9 des groupes \u00e0 l\u2019affiche cette ann\u00e9e, d\u00e9signer&hellip;","og_url":"https:\/\/www.festivox.fr\/blog\/culture-le-festivallon-reserve-une-derniere-belle-soiree-demain\/","og_site_name":"FESTIVOX","article_published_time":"2025-09-18T19:11:00+00:00","author":"Michele","twitter_card":"summary_large_image","twitter_misc":{"\u00c9crit par":"Michele","Dur\u00e9e de lecture estim\u00e9e":"2 minutes"},"schema":{"@context":"https:\/\/schema.org","@graph":[{"@type":"Article","@id":"https:\/\/www.festivox.fr\/blog\/culture-le-festivallon-reserve-une-derniere-belle-soiree-demain\/#article","isPartOf":{"@id":"https:\/\/www.festivox.fr\/blog\/culture-le-festivallon-reserve-une-derniere-belle-soiree-demain\/"},"author":{"name":"Michele","@id":"https:\/\/www.festivox.fr\/blog\/#\/schema\/person\/f36a8b6bc94800c3eafed4bca993ce95"},"headline":"culture. Le Festivallon r\u00e9serve une derni\u00e8re belle soir\u00e9e, demain","datePublished":"2025-09-18T19:11:00+00:00","mainEntityOfPage":{"@id":"https:\/\/www.festivox.fr\/blog\/culture-le-festivallon-reserve-une-derniere-belle-soiree-demain\/"},"wordCount":487,"publisher":{"@id":"https:\/\/www.festivox.fr\/blog\/#organization"},"articleSection":["Wiki Sur Festival Jazz Et Musique En Mode Guinguette:"],"inLanguage":"fr-FR"},{"@type":"WebPage","@id":"https:\/\/www.festivox.fr\/blog\/culture-le-festivallon-reserve-une-derniere-belle-soiree-demain\/","url":"https:\/\/www.festivox.fr\/blog\/culture-le-festivallon-reserve-une-derniere-belle-soiree-demain\/","name":"culture. Le Festivallon r\u00e9serve une derni\u00e8re belle soir\u00e9e, demain - FESTIVOX","isPartOf":{"@id":"https:\/\/www.festivox.fr\/blog\/#website"},"datePublished":"2025-09-18T19:11:00+00:00","breadcrumb":{"@id":"https:\/\/www.festivox.fr\/blog\/culture-le-festivallon-reserve-une-derniere-belle-soiree-demain\/#breadcrumb"},"inLanguage":"fr-FR","potentialAction":[{"@type":"ReadAction","target":["https:\/\/www.festivox.fr\/blog\/culture-le-festivallon-reserve-une-derniere-belle-soiree-demain\/"]}]},{"@type":"BreadcrumbList","@id":"https:\/\/www.festivox.fr\/blog\/culture-le-festivallon-reserve-une-derniere-belle-soiree-demain\/#breadcrumb","itemListElement":[{"@type":"ListItem","position":1,"name":"Accueil","item":"https:\/\/www.festivox.fr\/blog\/"},{"@type":"ListItem","position":2,"name":"culture. Le Festivallon r\u00e9serve une derni\u00e8re belle soir\u00e9e, demain"}]},{"@type":"WebSite","@id":"https:\/\/www.festivox.fr\/blog\/#website","url":"https:\/\/www.festivox.fr\/blog\/","name":"FESTIVOX","description":"Festival en mode guinguette.","publisher":{"@id":"https:\/\/www.festivox.fr\/blog\/#organization"},"potentialAction":[{"@type":"SearchAction","target":{"@type":"EntryPoint","urlTemplate":"https:\/\/www.festivox.fr\/blog\/?s={search_term_string}"},"query-input":{"@type":"PropertyValueSpecification","valueRequired":true,"valueName":"search_term_string"}}],"inLanguage":"fr-FR"},{"@type":"Organization","@id":"https:\/\/www.festivox.fr\/blog\/#organization","name":"festivox","url":"https:\/\/www.festivox.fr\/blog\/","logo":{"@type":"ImageObject","inLanguage":"fr-FR","@id":"https:\/\/www.festivox.fr\/blog\/#\/schema\/logo\/image\/","url":"https:\/\/www.festivox.fr\/blog\/wp-content\/uploads\/2023\/06\/logo-2.png","contentUrl":"https:\/\/www.festivox.fr\/blog\/wp-content\/uploads\/2023\/06\/logo-2.png","width":480,"height":160,"caption":"festivox"},"image":{"@id":"https:\/\/www.festivox.fr\/blog\/#\/schema\/logo\/image\/"}},{"@type":"Person","@id":"https:\/\/www.festivox.fr\/blog\/#\/schema\/person\/f36a8b6bc94800c3eafed4bca993ce95","name":"Michele","image":{"@type":"ImageObject","inLanguage":"fr-FR","@id":"https:\/\/secure.gravatar.com\/avatar\/b062046536b5d47ec9075956ec349ef95ed06b0f910c578f74abb318668b702e?s=96&d=mm&r=g","url":"https:\/\/secure.gravatar.com\/avatar\/b062046536b5d47ec9075956ec349ef95ed06b0f910c578f74abb318668b702e?s=96&d=mm&r=g","contentUrl":"https:\/\/secure.gravatar.com\/avatar\/b062046536b5d47ec9075956ec349ef95ed06b0f910c578f74abb318668b702e?s=96&d=mm&r=g","caption":"Michele"},"sameAs":["https:\/\/www.festivox.fr\/blog"],"url":"https:\/\/www.festivox.fr\/blog\/author\/voxadmin\/"}]}},"_links":{"self":[{"href":"https:\/\/www.festivox.fr\/blog\/wp-json\/wp\/v2\/posts\/1264","targetHints":{"allow":["GET"]}}],"collection":[{"href":"https:\/\/www.festivox.fr\/blog\/wp-json\/wp\/v2\/posts"}],"about":[{"href":"https:\/\/www.festivox.fr\/blog\/wp-json\/wp\/v2\/types\/post"}],"author":[{"embeddable":true,"href":"https:\/\/www.festivox.fr\/blog\/wp-json\/wp\/v2\/users\/1"}],"replies":[{"embeddable":true,"href":"https:\/\/www.festivox.fr\/blog\/wp-json\/wp\/v2\/comments?post=1264"}],"version-history":[{"count":0,"href":"https:\/\/www.festivox.fr\/blog\/wp-json\/wp\/v2\/posts\/1264\/revisions"}],"wp:attachment":[{"href":"https:\/\/www.festivox.fr\/blog\/wp-json\/wp\/v2\/media?parent=1264"}],"wp:term":[{"taxonomy":"category","embeddable":true,"href":"https:\/\/www.festivox.fr\/blog\/wp-json\/wp\/v2\/categories?post=1264"},{"taxonomy":"post_tag","embeddable":true,"href":"https:\/\/www.festivox.fr\/blog\/wp-json\/wp\/v2\/tags?post=1264"}],"curies":[{"name":"wp","href":"https:\/\/api.w.org\/{rel}","templated":true}]}}