{"id":1256,"date":"2025-09-09T15:02:00","date_gmt":"2025-09-09T13:02:00","guid":{"rendered":"https:\/\/www.festivox.fr\/blog\/a-fougeres-le-coquelicot-fait-sa-rentree-avec-une-soiree-festive\/"},"modified":"2025-09-09T15:02:00","modified_gmt":"2025-09-09T13:02:00","slug":"a-fougeres-le-coquelicot-fait-sa-rentree-avec-une-soiree-festive","status":"publish","type":"post","link":"https:\/\/www.festivox.fr\/blog\/a-fougeres-le-coquelicot-fait-sa-rentree-avec-une-soiree-festive\/","title":{"rendered":"\u00c0 Foug\u00e8res, le Coquelicot fait sa rentr\u00e9e avec une soir\u00e9e festive"},"content":{"rendered":"<br \/>\n<header class=\"clearfix marg20B\">\n<table cellspacing=\"0\" cellpadding=\"0\" border=\"0\" width=\"100%\">\n<tr>\n<td valign=\"middle\" align=\"center\" class=\"col-logo\"> <img decoding=\"async\" src=\"https:\/\/www.festivox.fr\/blog\/wp-content\/uploads\/2025\/09\/a-fougeres-le-coquelicot-fait-sa-rentree-avec-une-soiree-festive.gif\" alt=\"logo Ouest-France\" height=\"66\"> <\/td>\n<td class=\"col-titre\"> Mardi 09 septembre 2025 22:34 <a class=\"icon-bulle sizeL count\" href=\"https:\/\/fougeres.maville.com\/actu\/actudet_-a-fougeres-le-coquelicot-fait-sa-rentree-avec-une-soiree-festive-_loc-6967953_actu.Htm#ancreAvis\" target=\"_blank\" rel=\"nofollow\"> <span class=\"elmt-num\">&#8230;<\/span><br \/>\n<\/a><\/td>\n<\/tr>\n<\/table>\n<p><!--TAG-CHP rubrique00--><!--TAG-CHP separator00--> <!--TAG-CHP titre00--> <\/header>\n<figure class=\"bloc reseaux-top\"> &lt;a class=&quot;mavillebox2 elmt-photo&quot; href=&quot;https:\/\/maville.com\/photosmvi\/2025\/09\/09\/P35452116D6967953G.jpg&quot; title=&quot; Les membres de l\u2019association le Jazz et la Java. \u00a9 Le Jazz et la Java <!--TAG-BLC credit-->\u00a0\u00bb rel=\u00a0\u00bbgalerie_actu\u00a0\u00bb&gt; <img decoding=\"async\" src=\"https:\/\/www.festivox.fr\/blog\/wp-content\/uploads\/2025\/09\/a-fougeres-le-coquelicot-fait-sa-rentree-avec-une-soiree-festive.webp\" alt=\"photo les membres de l\u2019association le jazz et la java. \u00a9 le jazz et la java \"> <span class=\"zoom-photo\"><span class=\"mavillefont icon-loupe\"><\/span><small>1<\/small><\/span><br \/>\n<\/a><\/p>\n<p class=\"elmt-legende\"> Les membres de l\u2019association le Jazz et la Java. \u00a9 Le Jazz et la Java <span class=\"credit\"><!--TAG-BLC credit--><\/span><\/p>\n<\/figure>\n<section class=\"clearB bloc\">\n<h2 class=\"elmt-text\">Les b\u00e9n\u00e9voles et salari\u00e9s du caf\u00e9-concert le Coquelicot, \u00e0 Foug\u00e8res (Ille-et-Vilaine), organisent leur soir\u00e9e de rentr\u00e9e, samedi 13&nbsp;septembre 2025. Au menu&nbsp;: ap\u00e9ro, auberge espagnole et karaok\u00e9.<\/h2>\n<div class=\"elmt-text p402_premium\">\n<p>L\u2019heure de la rentr\u00e9e a sonn\u00e9 pour le Coquelicot. Le caf\u00e9-concert associatif de la rue de Vitr\u00e9, \u00e0 Foug\u00e8res, a d\u00e9cid\u00e9 de marquer le coup avec une soir\u00e9e sp\u00e9ciale. Elle aura lieu samedi 13&nbsp;septembre 2025, \u00e0 partir de 18&nbsp;h&nbsp;30.<\/p>\n<p>Au programme&nbsp;: un ap\u00e9ro, concoct\u00e9 par l\u2019association le Jazz et la Java.<strong> \u00ab&nbsp;Tous les curieux, habitu\u00e9s, proches, b\u00e9n\u00e9voles actuels ou \u00e0 venir, seront accueillis par les b\u00e9n\u00e9voles des diff\u00e9rentes commissions (bar, programmation, animations, cuisine, jardin, maison, bricolage, \u2026)&nbsp;\u00bb,<\/strong> d\u00e9taillent les organisateurs.<\/p>\n<p>L\u2019occasion de venir d\u00e9couvrir association et le lieu gr\u00e2ce \u00e0 cette soir\u00e9e d\u2019\u00e9changes et de partage. Les participants pourront apporter de quoi grignoter autour d\u2019une auberge espagnole. La soir\u00e9e se poursuivra \u00e0 21&nbsp;h avec un karaok\u00e9.<\/p>\n<\/p><\/div>\n<\/section>\n<p> <cite class=\"elmt-auteur bloc\"> H\u00e9l\u00e8ne DEPLANQUE. &nbsp;&nbsp; Ouest-France&nbsp;&nbsp; <\/cite> <\/p>\n<div>\n<h3>Retrouvez d&rsquo;autres actus sur la commune de :<\/h3>\n<\/p><\/div>\n<footer class=\"bloc clearfix\"> <\/footer>\n<p> <!--MVITAG-BLC C2--> <a name=\"formulaireSA\" id=\"formulaireSA\"><\/a><\/p>\n<section id=\"bloc_saisie_assiste\" class=\"bloc clearfix clearB\">\n<header>\n<h2 id=\"titreSA\" class=\"titre-bloc-xl\"><\/h2>\n<\/header>\n<div id=\"lstChamp\" class=\"clearfix\">\n<ul>\n<li id=\"zoneBeforeAvisSA\">\n<div id=\"zoneBeforeAvisActuSA\" class=\"zoneBeforeNiveau2\"> <label for=\"AvisActuNom\" class=\"first\">Titre de l&rsquo;info <em>*<\/em><\/label> <\/p>\n<div id=\"AvisActuNomError\" class=\"errorMessage\">merci d&rsquo;indiquer un titre&rsquo;<\/div>\n<\/p><\/div>\n<p> &lt;!&#8211; <\/p>\n<div id=\"zoneBeforeAvisSportSA\" class=\"zoneBeforeNiveau2\"> <label for=\"AvisSportNom\" class=\"first\">Titre de l&rsquo;info sportive <em>*<\/em><\/label> <\/p>\n<div class=\"elmt-champ\"><\/div>\n<div id=\"AvisSportNomError\" class=\"errorMessage\">merci d&rsquo;indiquer un titre &lsquo;<\/div>\n<\/p><\/div>\n<p> &#8211;&gt; <\/p>\n<div id=\"zoneBeforeAvisRestoSA\" class=\"zoneBeforeNiveau2\"> <label for=\"AvisRestoNom\" class=\"first\">Nom du restaurant <em>*<\/em><\/label> <\/p>\n<ul id=\"zoneSuggestionNomResto\" class=\"resultRechercheAjax displayNone\">\n<li>Choisir un resto :<\/li>\n<li id=\"SARestoUnknownLink\" class=\"AjaxRechercheItem\">Cet \u00e9tablissement est nouveau sur maville.com<\/li>\n<p> <!-- Liste de proposition Ajax des etablissements --> <\/ul>\n<div id=\"AvisRestoNomError\" class=\"errorMessage\">merci d&rsquo;indiquer un nom de restaurant<\/div>\n<hr>\n<div id=\"zoneBeforeAvisRestoUnknownSA\" class=\"displayNone\"> <label for=\"AvisRestoAdresse\">Adresse du restaurant <em>*<\/em><\/label> <\/p>\n<div id=\"AvisRestoAdresseError\" class=\"errorMessage\">merci de saisir l&rsquo;adresse du restaurant<\/div>\n<p> <label for=\"AvisRestoVilleChampRech\">Ville du restaurant <em>*<\/em><\/label> <\/p>\n<div id=\"AvisRestoVilleCpError\" class=\"errorMessage\">merci de saisir la ville du restaurant<\/div>\n<p> <label>T\u00e9l\u00e9chargez votre photo (2 Mo max)<\/label> <\/p>\n<hr><\/div>\n<\/p><\/div>\n<div id=\"zoneBeforeAvisBarSA\" class=\"zoneBeforeNiveau2\"> <label for=\"AvisBarNom\" class=\"first\">Nom du bar <em>*<\/em><\/label> <\/p>\n<ul id=\"zoneSuggestionNomBar\" class=\"resultRechercheAjax displayNone\">\n<li>Choisir un bar :<\/li>\n<li id=\"SABarUnknownLink\" class=\"AjaxRechercheItem\">Cet \u00e9tablissement est nouveau sur maville.com<\/li>\n<p> <!-- Liste de proposition Ajax des etablissements --> <\/ul>\n<div id=\"AvisBarNomError\" class=\"errorMessage\">merci d&rsquo;indiquer un nom de bar<\/div>\n<hr>\n<div id=\"zoneBeforeAvisBarUnknownSA\" class=\"displayNone\"> <label for=\"AvisBarAdresse\">Adresse du bar <em>*<\/em><\/label> <\/p>\n<div id=\"AvisBarAdresseError\" class=\"errorMessage\">merci de saisir l&rsquo;adresse du bar<\/div>\n<p> <label for=\"AvisBarVilleChampRech\">Ville du bar <em>*<\/em><\/label> <\/p>\n<div id=\"AvisBarVilleCpError\" class=\"errorMessage\">merci de saisir la ville du bar<\/div>\n<hr><\/div>\n<\/p><\/div>\n<div id=\"AvisTitreError\" class=\"errorMessage\">merci d&rsquo;indiquer un titre \u00e0 votre avis<\/div>\n<\/li>\n<li id=\"zoneTexteSA\" class=\"element\"> <\/li>\n<li id=\"zoneAfterAvisSA\">\n<div id=\"zoneAfterAvisBASA\" class=\"zoneAfterNiveau2\"> <label>Donnez nous vos impressions : <em>*<\/em><\/label> <\/p>\n<hr>\n<hr><\/div>\n<\/li>\n<li id=\"zoneIdentificationSA\"> &lt;!&#8211;<label for=\"email\" id=\"titreEmail\">Pour publier votre info, merci de vous identifier<\/label>&#8211;&gt; <\/li>\n<li id=\"zoneCgupdpError\" class=\"element\"> <\/li>\n<li id=\"zoneBoutonSimpleSA\" class=\"floatR\">\n<div class=\"clearfix\"><em> Vos donn\u00e9es personnelles font l\u2019objet d\u2019un traitement informatique par la soci\u00e9t\u00e9 Additi Multimedia, sur le fondement de l&rsquo;ex\u00e9cution d&rsquo;un contrat et sont utilis\u00e9es notamment pour prendre en compte, mod\u00e9rer et r\u00e9pondre \u00e0 vos commentaires sur les contenus mis en ligne sur le site. Elles seront conserv\u00e9es conform\u00e9ment \u00e0 notre politique de donn\u00e9es personnelles, sauf dispositions l\u00e9gales particuli\u00e8res. Vous disposez d\u2019un droit d\u2019acc\u00e8s, de rectification, d\u2019opposition, de limitation et de portabilit\u00e9, en vous adressant directement \u00e0 <a href=\"mailto:pdp@sipa.ouest-france.fr\" target=\"_blank\" rel=\"nofollow\">pdp@sipa.ouest-france.fr<\/a> ou par courrier \u00e0 \u00ab\u00a0D\u00e9l\u00e9gu\u00e9 \u00e0 la Protection des Donn\u00e9es Personnelles SIPA Additi Multimedia &#8211; ZI Rennes Sud-Est,\u2013 10 rue du Breil \u2013 35051 Rennes cedex 9\u00a0\u00bb. Vous avez \u00e9galement le droit d\u2019introduire une r\u00e9clamation aupr\u00e8s de la CNIL. <a href=\"https:\/\/fougeres.maville.com\/mentions_vieprive.php\" target=\"_blank\" rel=\"nofollow\">En savoir plus<\/a> <\/em><\/div>\n<\/li>\n<li id=\"zoneBoutonSA\"> <\/li>\n<\/ul><\/div>\n<\/section>\n<div id=\"saisieAssisteeLaunch\"> <\/div>\n<p> <!--MVITAG-BLC C4--> <a name=\"ancreAvis\"><\/a> <\/p>\n<section class=\"elmt-liste-avis avis-article clearfix clearB bloc\" id=\"AvisBloc\"> <!--TAG-CHP AvisAspFileDepot00--><br \/>\n<\/section>\n<div class=\"col2x\"> <!--MVITAG-BLC dossier01--> <\/p>\n<section class=\"elmt-news bloc\">\n<div class=\"titre-bloc-xl\">Newsletter maville<\/div>\n<h2 class=\"sous-titre-bloc marg10B\">Abonnez-vous \u00e0 la newsletter &#8211; Foug\u00e8res<\/h2>\n<div class=\"clearfix disclaimerNL\"><em> Votre e-mail, avec votre consentement, est utilis\u00e9 par la soci\u00e9t\u00e9 Additi Com pour recevoir les newsletters s\u00e9lectionn\u00e9es. <a href=\"https:\/\/fougeres.maville.com\/mentions_vieprive.php\" target=\"_blank\" rel=\"nofollow\">En savoir plus<\/a><br \/>\n<\/em><\/div>\n<\/section>\n<p> <!--MVITAG-BLC PUBposition2--> <!--MVITAG-BLC dossier03--> <a href=\"https:\/\/fougeres.maville.com\/actu\/actudet_-debat-comptez-vous-participer-oui-ou-non-a-la-journee-nationale-de-mobilisation-du-10-septembre-_fil-6967330_actu.Htm\" title=\"Exprimez-vous !\" target=\"_blank\" rel=\"nofollow\"> <\/p>\n<section class=\"bloc-debat\" id=\"mvi_actu_debat_semaine\">\n<h2 class=\"elmt-titre\">Exprimez-vous !<\/h2>\n<p> <span class=\"elmt-libelle\"><strong>D\u00e9bat : comptez-vous participer, oui ou non, \u00e0 la journ\u00e9e nationale de mobilisation du 10 septembre ?<\/strong><span class=\"icon-bulle sizeS count\"> <span class=\"elmt-num\">14<\/span><br \/>\n<\/span><\/span> <span class=\"sprite-pictos icon-flech-go\"><\/span> <\/section>\n<p><\/a> <!--MVITAG-BLC PUBx50--> <!--MVITAG-BLC dossier05--> <\/p>\n<section class=\"elmt-liste-ligne date bloc-cadre\">\n<header class=\"floatL\">\n<h2 class=\"titre-bloc\">L&rsquo;info en continu<\/h2>\n<\/header>\n<p> <!--TAG-BLC bandeau00--> <\/p>\n<footer> <a href=\"https:\/\/fougeres.maville.com\/info\/info-en-continu\/\" title=\"Toute l'info en continu\" class=\"elmt-plus padd10T\" target=\"_blank\" rel=\"nofollow\"> <span class=\"sprite-pictos icon-plus\">&nbsp;<\/span> Toute l&rsquo;info en continu <\/a><br \/>\n<\/footer>\n<\/section>\n<p> <!-- TABOOLA - actu_coldroite (deb) --> <!-- TABOOLA - actu_coldroite (fin) --> <!--MVITAG-BLC dossier10--> <!--MVITAG-BLC dossier11--> <!--MVITAG-BLC PUBposition3--> <\/p>\n<section class=\"block-onglets demi clearfix\" id=\"topConsultArt\">\n<nav class=\"info\"> <\/nav>\n<\/section>\n<p> <!--MVITAG-BLC dossier13--> <!--MVITAG-BLC dossier14--> <\/p>\n<section class=\"bloc-cadre liste2 fond-degrade\"><!-- id=\"mvi_actu_liste_filinfo_une\" --> <\/p>\n<header class=\"clearfix\">\n<h2 class=\"titre-bloc-xl\">Quiz et jeux<\/h2>\n<\/header>\n<section class=\"elmt-liste-bloc\"> <\/section>\n<section class=\"elmt-liste-bloc\"> <\/section>\n<footer> <a href=\"https:\/\/fougeres.maville.com\/info\/mavillequiz.php\" title=\"Tous les quiz\" class=\"elmt-plus\" target=\"_blank\" rel=\"nofollow\"> <span class=\"sprite-pictos icon-plus\">&nbsp;<\/span> Tous les quiz <\/a> <\/footer>\n<\/section>\n<p> <!--MVITAG-BLC dossier16--> <!--MVITAG-BLC dossier17--> <!--MVITAG-BLC dossier18--> <!--MVITAG-BLC dossier19--> <!--MVITAG-BLC dossier20--> <!--MVITAG-BLC PUBx32--> <!--MVITAG-BLC g01--> <!--MVITAG-BLC g02--> <!--MVITAG-BLC g03--> <!--MVITAG-BLC g04--> <!--MVITAG-BLC g05--> <!--MVITAG-BLC g06--> <!--MVITAG-BLC g07--> <!--MVITAG-BLC g08--> <!--MVITAG-BLC g09--> <!--MVITAG-BLC g10--> <!--MVITAG-BLC g11--> <!--MVITAG-BLC g12--> <!--MVITAG-BLC g13--> <!--MVITAG-BLC g14--> <!--MVITAG-BLC g15--> <!--MVITAG-BLC g16--> <!--MVITAG-BLC g17--> <!--MVITAG-BLC g18--> <!--MVITAG-BLC g19--> <!-- TABOOLA - actu_bottom (deb) --> <!-- TABOOLA - actu_bottom (fin) --> <\/div>\n<p> <!--MVITAG-BLC PUBbottom1--> <a href=\"https:\/\/fougeres.maville.com\/actu\/actudet_-a-fougeres-le-coquelicot-fait-sa-rentree-avec-une-soiree-festive-_loc-6967953_actu.Htm#top\" id=\"back-top\" class=\"sprite-pictos backTop\" target=\"_blank\" rel=\"nofollow\">Retour en haut<\/a> <\/p>\n<footer class=\"pied-page\" id=\"piedDePage\">\n<div class=\"pied-page__liens\">\n<nav class=\"pied-page__bloc\">\n<h3>Sites Ouest-France<\/h3>\n<\/nav>\n<nav class=\"pied-page__bloc\">\n<h3>Services<\/h3>\n<\/nav>\n<nav class=\"pied-page__bloc\">\n<h3>Rubriques site maville<\/h3>\n<\/nav><\/div>\n<p class=\"pied-page__applis marg40B\"><a href=\"https:\/\/www.ouest-france.fr\/services\/nos-applis-mobiles\/\" target=\"_blank\" rel=\"nofollow\"><i class=\"tetiere-icon icon-mobile-tablette\"><\/i>Les applications mobiles du groupe SIPA <strong>Ouest-France<\/strong> disponibles en t\u00e9l\u00e9chargement<\/a><\/p>\n<ul class=\"pied-page__footer\">\n<li class=\"copyright\"> <a class=\"ojd\" data-trk-footer-social-desktop=\"ACPM-OJD\" href=\"https:\/\/www.acpm.fr\/?utm_source=of&amp;utm_medium=lien&amp;utm_campaign=ojd&amp;utm_content=lien-footer\" rel=\"nofollow\" target=\"_blank\"> <img decoding=\"async\" alt=\"Logo ACPM OJD\" class=\"icon-ojd\" loading=\"lazy\" src=\"https:\/\/fougeres.maville.com\/design\/images\/logo-acpm.svg\"> <\/a> <\/li>\n<\/ul>\n<\/footer>\n<p> <!-- comptabilisation de la presence de AddBlock --> <!--[if IE]&gt;-->   window.onload = function() { H5F.setup(jQuery(&lsquo;.elmt-liste-form&rsquo;)); H5F.setup(jQuery(&lsquo;#recherche&rsquo;)); H5F.setup(jQuery(&lsquo;.elmt-news form&rsquo;)); };<br \/>\n Cet article, qui traite du th\u00e8me \u00ab\u00a0Festival Jazz et musique en mode guinguette\u00a0\u00bb, vous est d\u00e9lib\u00e9r\u00e9ment offert par festivox.fr. La raison d\u2019\u00eatre de festivox.fr est de parler de Festival Jazz et musique en mode guinguette dans la transparence la plus g\u00e9n\u00e9rale en vous procurant la visibilit\u00e9 de tout ce qui est publi\u00e9 sur ce sujet sur le web La chronique a \u00e9t\u00e9 g\u00e9n\u00e9r\u00e9e de la mani\u00e8re la plus honn\u00eate que possible. S\u2019il advenait que vous projetez d\u2019apporter quelques notes concernant le domaine de \u00ab\u00a0Festival Jazz et musique en mode guinguette\u00a0\u00bb vous avez la possibilit\u00e9 de d&rsquo;\u00e9changer avec notre r\u00e9daction. Dans peu de temps, on mettra en ligne d&rsquo;autres informations pertinentes autour du sujet \u00ab\u00a0Festival Jazz et musique en mode guinguette\u00a0\u00bb. Ainsi, consultez r\u00e9guli\u00e8rement notre site.<\/p>\n","protected":false},"excerpt":{"rendered":"<p>Mardi 09 septembre 2025 22:34 &#8230; &lt;a class=&quot;mavillebox2 elmt-photo&quot; href=&quot;https:\/\/maville.com\/photosmvi\/2025\/09\/09\/P35452116D6967953G.jpg&quot; title=&quot; Les membres de l\u2019association le Jazz et la Java. \u00a9 Le Jazz et la Java \u00a0\u00bb rel=\u00a0\u00bbgalerie_actu\u00a0\u00bb&gt; 1 Les membres de l\u2019association le Jazz et la Java. \u00a9 Le Jazz et la Java Les b\u00e9n\u00e9voles et salari\u00e9s du caf\u00e9-concert le Coquelicot, \u00e0 Foug\u00e8res (Ille-et-Vilaine),&hellip;<\/p>\n","protected":false},"author":1,"featured_media":1257,"comment_status":"closed","ping_status":"closed","sticky":false,"template":"","format":"standard","meta":{"footnotes":""},"categories":[3],"tags":[],"class_list":["post-1256","post","type-post","status-publish","format-standard","has-post-thumbnail","hentry","category-wiki-sur-festival-jazz-et-musique-en-mode-guinguette"],"yoast_head":"<!-- This site is optimized with the Yoast SEO plugin v27.5 - https:\/\/yoast.com\/product\/yoast-seo-wordpress\/ -->\n<title>\u00c0 Foug\u00e8res, le Coquelicot fait sa rentr\u00e9e avec une soir\u00e9e festive - FESTIVOX<\/title>\n<meta name=\"robots\" content=\"index, follow, max-snippet:-1, max-image-preview:large, max-video-preview:-1\" \/>\n<link rel=\"canonical\" href=\"https:\/\/www.festivox.fr\/blog\/a-fougeres-le-coquelicot-fait-sa-rentree-avec-une-soiree-festive\/\" \/>\n<meta property=\"og:locale\" content=\"fr_FR\" \/>\n<meta property=\"og:type\" content=\"article\" \/>\n<meta property=\"og:title\" content=\"\u00c0 Foug\u00e8res, le Coquelicot fait sa rentr\u00e9e avec une soir\u00e9e festive - FESTIVOX\" \/>\n<meta property=\"og:description\" content=\"Mardi 09 septembre 2025 22:34 &#8230; &lt;a class=&quot;mavillebox2 elmt-photo&quot; href=&quot;https:\/\/maville.com\/photosmvi\/2025\/09\/09\/P35452116D6967953G.jpg&quot; title=&quot; Les membres de l\u2019association le Jazz et la Java. \u00a9 Le Jazz et la Java \u00a0\u00bb rel=\u00a0\u00bbgalerie_actu\u00a0\u00bb&gt; 1 Les membres de l\u2019association le Jazz et la Java. \u00a9 Le Jazz et la Java Les b\u00e9n\u00e9voles et salari\u00e9s du caf\u00e9-concert le Coquelicot, \u00e0 Foug\u00e8res (Ille-et-Vilaine),&hellip;\" \/>\n<meta property=\"og:url\" content=\"https:\/\/www.festivox.fr\/blog\/a-fougeres-le-coquelicot-fait-sa-rentree-avec-une-soiree-festive\/\" \/>\n<meta property=\"og:site_name\" content=\"FESTIVOX\" \/>\n<meta property=\"article:published_time\" content=\"2025-09-09T13:02:00+00:00\" \/>\n<meta property=\"og:image\" content=\"https:\/\/www.festivox.fr\/blog\/wp-content\/uploads\/2025\/09\/a-fougeres-le-coquelicot-fait-sa-rentree-avec-une-soiree-festive.gif\" \/>\n<meta name=\"author\" content=\"Michele\" \/>\n<meta name=\"twitter:card\" content=\"summary_large_image\" \/>\n<meta name=\"twitter:label1\" content=\"\u00c9crit par\" \/>\n\t<meta name=\"twitter:data1\" content=\"Michele\" \/>\n\t<meta name=\"twitter:label2\" content=\"Dur\u00e9e de lecture estim\u00e9e\" \/>\n\t<meta name=\"twitter:data2\" content=\"4 minutes\" \/>\n<script type=\"application\/ld+json\" class=\"yoast-schema-graph\">{\"@context\":\"https:\\\/\\\/schema.org\",\"@graph\":[{\"@type\":\"Article\",\"@id\":\"https:\\\/\\\/www.festivox.fr\\\/blog\\\/a-fougeres-le-coquelicot-fait-sa-rentree-avec-une-soiree-festive\\\/#article\",\"isPartOf\":{\"@id\":\"https:\\\/\\\/www.festivox.fr\\\/blog\\\/a-fougeres-le-coquelicot-fait-sa-rentree-avec-une-soiree-festive\\\/\"},\"author\":{\"name\":\"Michele\",\"@id\":\"https:\\\/\\\/www.festivox.fr\\\/blog\\\/#\\\/schema\\\/person\\\/f36a8b6bc94800c3eafed4bca993ce95\"},\"headline\":\"\u00c0 Foug\u00e8res, le Coquelicot fait sa rentr\u00e9e avec une soir\u00e9e festive\",\"datePublished\":\"2025-09-09T13:02:00+00:00\",\"mainEntityOfPage\":{\"@id\":\"https:\\\/\\\/www.festivox.fr\\\/blog\\\/a-fougeres-le-coquelicot-fait-sa-rentree-avec-une-soiree-festive\\\/\"},\"wordCount\":766,\"publisher\":{\"@id\":\"https:\\\/\\\/www.festivox.fr\\\/blog\\\/#organization\"},\"image\":{\"@id\":\"https:\\\/\\\/www.festivox.fr\\\/blog\\\/a-fougeres-le-coquelicot-fait-sa-rentree-avec-une-soiree-festive\\\/#primaryimage\"},\"thumbnailUrl\":\"https:\\\/\\\/www.festivox.fr\\\/blog\\\/wp-content\\\/uploads\\\/2025\\\/09\\\/a-fougeres-le-coquelicot-fait-sa-rentree-avec-une-soiree-festive.gif\",\"articleSection\":[\"Wiki Sur Festival Jazz Et Musique En Mode Guinguette:\"],\"inLanguage\":\"fr-FR\"},{\"@type\":\"WebPage\",\"@id\":\"https:\\\/\\\/www.festivox.fr\\\/blog\\\/a-fougeres-le-coquelicot-fait-sa-rentree-avec-une-soiree-festive\\\/\",\"url\":\"https:\\\/\\\/www.festivox.fr\\\/blog\\\/a-fougeres-le-coquelicot-fait-sa-rentree-avec-une-soiree-festive\\\/\",\"name\":\"\u00c0 Foug\u00e8res, le Coquelicot fait sa rentr\u00e9e avec une soir\u00e9e festive - FESTIVOX\",\"isPartOf\":{\"@id\":\"https:\\\/\\\/www.festivox.fr\\\/blog\\\/#website\"},\"primaryImageOfPage\":{\"@id\":\"https:\\\/\\\/www.festivox.fr\\\/blog\\\/a-fougeres-le-coquelicot-fait-sa-rentree-avec-une-soiree-festive\\\/#primaryimage\"},\"image\":{\"@id\":\"https:\\\/\\\/www.festivox.fr\\\/blog\\\/a-fougeres-le-coquelicot-fait-sa-rentree-avec-une-soiree-festive\\\/#primaryimage\"},\"thumbnailUrl\":\"https:\\\/\\\/www.festivox.fr\\\/blog\\\/wp-content\\\/uploads\\\/2025\\\/09\\\/a-fougeres-le-coquelicot-fait-sa-rentree-avec-une-soiree-festive.gif\",\"datePublished\":\"2025-09-09T13:02:00+00:00\",\"breadcrumb\":{\"@id\":\"https:\\\/\\\/www.festivox.fr\\\/blog\\\/a-fougeres-le-coquelicot-fait-sa-rentree-avec-une-soiree-festive\\\/#breadcrumb\"},\"inLanguage\":\"fr-FR\",\"potentialAction\":[{\"@type\":\"ReadAction\",\"target\":[\"https:\\\/\\\/www.festivox.fr\\\/blog\\\/a-fougeres-le-coquelicot-fait-sa-rentree-avec-une-soiree-festive\\\/\"]}]},{\"@type\":\"ImageObject\",\"inLanguage\":\"fr-FR\",\"@id\":\"https:\\\/\\\/www.festivox.fr\\\/blog\\\/a-fougeres-le-coquelicot-fait-sa-rentree-avec-une-soiree-festive\\\/#primaryimage\",\"url\":\"https:\\\/\\\/www.festivox.fr\\\/blog\\\/wp-content\\\/uploads\\\/2025\\\/09\\\/a-fougeres-le-coquelicot-fait-sa-rentree-avec-une-soiree-festive.gif\",\"contentUrl\":\"https:\\\/\\\/www.festivox.fr\\\/blog\\\/wp-content\\\/uploads\\\/2025\\\/09\\\/a-fougeres-le-coquelicot-fait-sa-rentree-avec-une-soiree-festive.gif\",\"width\":170,\"height\":66},{\"@type\":\"BreadcrumbList\",\"@id\":\"https:\\\/\\\/www.festivox.fr\\\/blog\\\/a-fougeres-le-coquelicot-fait-sa-rentree-avec-une-soiree-festive\\\/#breadcrumb\",\"itemListElement\":[{\"@type\":\"ListItem\",\"position\":1,\"name\":\"Accueil\",\"item\":\"https:\\\/\\\/www.festivox.fr\\\/blog\\\/\"},{\"@type\":\"ListItem\",\"position\":2,\"name\":\"\u00c0 Foug\u00e8res, le Coquelicot fait sa rentr\u00e9e avec une soir\u00e9e festive\"}]},{\"@type\":\"WebSite\",\"@id\":\"https:\\\/\\\/www.festivox.fr\\\/blog\\\/#website\",\"url\":\"https:\\\/\\\/www.festivox.fr\\\/blog\\\/\",\"name\":\"FESTIVOX\",\"description\":\"Festival en mode guinguette.\",\"publisher\":{\"@id\":\"https:\\\/\\\/www.festivox.fr\\\/blog\\\/#organization\"},\"potentialAction\":[{\"@type\":\"SearchAction\",\"target\":{\"@type\":\"EntryPoint\",\"urlTemplate\":\"https:\\\/\\\/www.festivox.fr\\\/blog\\\/?s={search_term_string}\"},\"query-input\":{\"@type\":\"PropertyValueSpecification\",\"valueRequired\":true,\"valueName\":\"search_term_string\"}}],\"inLanguage\":\"fr-FR\"},{\"@type\":\"Organization\",\"@id\":\"https:\\\/\\\/www.festivox.fr\\\/blog\\\/#organization\",\"name\":\"festivox\",\"url\":\"https:\\\/\\\/www.festivox.fr\\\/blog\\\/\",\"logo\":{\"@type\":\"ImageObject\",\"inLanguage\":\"fr-FR\",\"@id\":\"https:\\\/\\\/www.festivox.fr\\\/blog\\\/#\\\/schema\\\/logo\\\/image\\\/\",\"url\":\"https:\\\/\\\/www.festivox.fr\\\/blog\\\/wp-content\\\/uploads\\\/2023\\\/06\\\/logo-2.png\",\"contentUrl\":\"https:\\\/\\\/www.festivox.fr\\\/blog\\\/wp-content\\\/uploads\\\/2023\\\/06\\\/logo-2.png\",\"width\":480,\"height\":160,\"caption\":\"festivox\"},\"image\":{\"@id\":\"https:\\\/\\\/www.festivox.fr\\\/blog\\\/#\\\/schema\\\/logo\\\/image\\\/\"}},{\"@type\":\"Person\",\"@id\":\"https:\\\/\\\/www.festivox.fr\\\/blog\\\/#\\\/schema\\\/person\\\/f36a8b6bc94800c3eafed4bca993ce95\",\"name\":\"Michele\",\"image\":{\"@type\":\"ImageObject\",\"inLanguage\":\"fr-FR\",\"@id\":\"https:\\\/\\\/secure.gravatar.com\\\/avatar\\\/b062046536b5d47ec9075956ec349ef95ed06b0f910c578f74abb318668b702e?s=96&d=mm&r=g\",\"url\":\"https:\\\/\\\/secure.gravatar.com\\\/avatar\\\/b062046536b5d47ec9075956ec349ef95ed06b0f910c578f74abb318668b702e?s=96&d=mm&r=g\",\"contentUrl\":\"https:\\\/\\\/secure.gravatar.com\\\/avatar\\\/b062046536b5d47ec9075956ec349ef95ed06b0f910c578f74abb318668b702e?s=96&d=mm&r=g\",\"caption\":\"Michele\"},\"sameAs\":[\"https:\\\/\\\/www.festivox.fr\\\/blog\"],\"url\":\"https:\\\/\\\/www.festivox.fr\\\/blog\\\/author\\\/voxadmin\\\/\"}]}<\/script>\n<!-- \/ Yoast SEO plugin. -->","yoast_head_json":{"title":"\u00c0 Foug\u00e8res, le Coquelicot fait sa rentr\u00e9e avec une soir\u00e9e festive - FESTIVOX","robots":{"index":"index","follow":"follow","max-snippet":"max-snippet:-1","max-image-preview":"max-image-preview:large","max-video-preview":"max-video-preview:-1"},"canonical":"https:\/\/www.festivox.fr\/blog\/a-fougeres-le-coquelicot-fait-sa-rentree-avec-une-soiree-festive\/","og_locale":"fr_FR","og_type":"article","og_title":"\u00c0 Foug\u00e8res, le Coquelicot fait sa rentr\u00e9e avec une soir\u00e9e festive - FESTIVOX","og_description":"Mardi 09 septembre 2025 22:34 &#8230; &lt;a class=&quot;mavillebox2 elmt-photo&quot; href=&quot;https:\/\/maville.com\/photosmvi\/2025\/09\/09\/P35452116D6967953G.jpg&quot; title=&quot; Les membres de l\u2019association le Jazz et la Java. \u00a9 Le Jazz et la Java \u00a0\u00bb rel=\u00a0\u00bbgalerie_actu\u00a0\u00bb&gt; 1 Les membres de l\u2019association le Jazz et la Java. \u00a9 Le Jazz et la Java Les b\u00e9n\u00e9voles et salari\u00e9s du caf\u00e9-concert le Coquelicot, \u00e0 Foug\u00e8res (Ille-et-Vilaine),&hellip;","og_url":"https:\/\/www.festivox.fr\/blog\/a-fougeres-le-coquelicot-fait-sa-rentree-avec-une-soiree-festive\/","og_site_name":"FESTIVOX","article_published_time":"2025-09-09T13:02:00+00:00","og_image":[{"url":"https:\/\/www.festivox.fr\/blog\/wp-content\/uploads\/2025\/09\/a-fougeres-le-coquelicot-fait-sa-rentree-avec-une-soiree-festive.gif","type":"","width":"","height":""}],"author":"Michele","twitter_card":"summary_large_image","twitter_misc":{"\u00c9crit par":"Michele","Dur\u00e9e de lecture estim\u00e9e":"4 minutes"},"schema":{"@context":"https:\/\/schema.org","@graph":[{"@type":"Article","@id":"https:\/\/www.festivox.fr\/blog\/a-fougeres-le-coquelicot-fait-sa-rentree-avec-une-soiree-festive\/#article","isPartOf":{"@id":"https:\/\/www.festivox.fr\/blog\/a-fougeres-le-coquelicot-fait-sa-rentree-avec-une-soiree-festive\/"},"author":{"name":"Michele","@id":"https:\/\/www.festivox.fr\/blog\/#\/schema\/person\/f36a8b6bc94800c3eafed4bca993ce95"},"headline":"\u00c0 Foug\u00e8res, le Coquelicot fait sa rentr\u00e9e avec une soir\u00e9e festive","datePublished":"2025-09-09T13:02:00+00:00","mainEntityOfPage":{"@id":"https:\/\/www.festivox.fr\/blog\/a-fougeres-le-coquelicot-fait-sa-rentree-avec-une-soiree-festive\/"},"wordCount":766,"publisher":{"@id":"https:\/\/www.festivox.fr\/blog\/#organization"},"image":{"@id":"https:\/\/www.festivox.fr\/blog\/a-fougeres-le-coquelicot-fait-sa-rentree-avec-une-soiree-festive\/#primaryimage"},"thumbnailUrl":"https:\/\/www.festivox.fr\/blog\/wp-content\/uploads\/2025\/09\/a-fougeres-le-coquelicot-fait-sa-rentree-avec-une-soiree-festive.gif","articleSection":["Wiki Sur Festival Jazz Et Musique En Mode Guinguette:"],"inLanguage":"fr-FR"},{"@type":"WebPage","@id":"https:\/\/www.festivox.fr\/blog\/a-fougeres-le-coquelicot-fait-sa-rentree-avec-une-soiree-festive\/","url":"https:\/\/www.festivox.fr\/blog\/a-fougeres-le-coquelicot-fait-sa-rentree-avec-une-soiree-festive\/","name":"\u00c0 Foug\u00e8res, le Coquelicot fait sa rentr\u00e9e avec une soir\u00e9e festive - FESTIVOX","isPartOf":{"@id":"https:\/\/www.festivox.fr\/blog\/#website"},"primaryImageOfPage":{"@id":"https:\/\/www.festivox.fr\/blog\/a-fougeres-le-coquelicot-fait-sa-rentree-avec-une-soiree-festive\/#primaryimage"},"image":{"@id":"https:\/\/www.festivox.fr\/blog\/a-fougeres-le-coquelicot-fait-sa-rentree-avec-une-soiree-festive\/#primaryimage"},"thumbnailUrl":"https:\/\/www.festivox.fr\/blog\/wp-content\/uploads\/2025\/09\/a-fougeres-le-coquelicot-fait-sa-rentree-avec-une-soiree-festive.gif","datePublished":"2025-09-09T13:02:00+00:00","breadcrumb":{"@id":"https:\/\/www.festivox.fr\/blog\/a-fougeres-le-coquelicot-fait-sa-rentree-avec-une-soiree-festive\/#breadcrumb"},"inLanguage":"fr-FR","potentialAction":[{"@type":"ReadAction","target":["https:\/\/www.festivox.fr\/blog\/a-fougeres-le-coquelicot-fait-sa-rentree-avec-une-soiree-festive\/"]}]},{"@type":"ImageObject","inLanguage":"fr-FR","@id":"https:\/\/www.festivox.fr\/blog\/a-fougeres-le-coquelicot-fait-sa-rentree-avec-une-soiree-festive\/#primaryimage","url":"https:\/\/www.festivox.fr\/blog\/wp-content\/uploads\/2025\/09\/a-fougeres-le-coquelicot-fait-sa-rentree-avec-une-soiree-festive.gif","contentUrl":"https:\/\/www.festivox.fr\/blog\/wp-content\/uploads\/2025\/09\/a-fougeres-le-coquelicot-fait-sa-rentree-avec-une-soiree-festive.gif","width":170,"height":66},{"@type":"BreadcrumbList","@id":"https:\/\/www.festivox.fr\/blog\/a-fougeres-le-coquelicot-fait-sa-rentree-avec-une-soiree-festive\/#breadcrumb","itemListElement":[{"@type":"ListItem","position":1,"name":"Accueil","item":"https:\/\/www.festivox.fr\/blog\/"},{"@type":"ListItem","position":2,"name":"\u00c0 Foug\u00e8res, le Coquelicot fait sa rentr\u00e9e avec une soir\u00e9e festive"}]},{"@type":"WebSite","@id":"https:\/\/www.festivox.fr\/blog\/#website","url":"https:\/\/www.festivox.fr\/blog\/","name":"FESTIVOX","description":"Festival en mode guinguette.","publisher":{"@id":"https:\/\/www.festivox.fr\/blog\/#organization"},"potentialAction":[{"@type":"SearchAction","target":{"@type":"EntryPoint","urlTemplate":"https:\/\/www.festivox.fr\/blog\/?s={search_term_string}"},"query-input":{"@type":"PropertyValueSpecification","valueRequired":true,"valueName":"search_term_string"}}],"inLanguage":"fr-FR"},{"@type":"Organization","@id":"https:\/\/www.festivox.fr\/blog\/#organization","name":"festivox","url":"https:\/\/www.festivox.fr\/blog\/","logo":{"@type":"ImageObject","inLanguage":"fr-FR","@id":"https:\/\/www.festivox.fr\/blog\/#\/schema\/logo\/image\/","url":"https:\/\/www.festivox.fr\/blog\/wp-content\/uploads\/2023\/06\/logo-2.png","contentUrl":"https:\/\/www.festivox.fr\/blog\/wp-content\/uploads\/2023\/06\/logo-2.png","width":480,"height":160,"caption":"festivox"},"image":{"@id":"https:\/\/www.festivox.fr\/blog\/#\/schema\/logo\/image\/"}},{"@type":"Person","@id":"https:\/\/www.festivox.fr\/blog\/#\/schema\/person\/f36a8b6bc94800c3eafed4bca993ce95","name":"Michele","image":{"@type":"ImageObject","inLanguage":"fr-FR","@id":"https:\/\/secure.gravatar.com\/avatar\/b062046536b5d47ec9075956ec349ef95ed06b0f910c578f74abb318668b702e?s=96&d=mm&r=g","url":"https:\/\/secure.gravatar.com\/avatar\/b062046536b5d47ec9075956ec349ef95ed06b0f910c578f74abb318668b702e?s=96&d=mm&r=g","contentUrl":"https:\/\/secure.gravatar.com\/avatar\/b062046536b5d47ec9075956ec349ef95ed06b0f910c578f74abb318668b702e?s=96&d=mm&r=g","caption":"Michele"},"sameAs":["https:\/\/www.festivox.fr\/blog"],"url":"https:\/\/www.festivox.fr\/blog\/author\/voxadmin\/"}]}},"_links":{"self":[{"href":"https:\/\/www.festivox.fr\/blog\/wp-json\/wp\/v2\/posts\/1256","targetHints":{"allow":["GET"]}}],"collection":[{"href":"https:\/\/www.festivox.fr\/blog\/wp-json\/wp\/v2\/posts"}],"about":[{"href":"https:\/\/www.festivox.fr\/blog\/wp-json\/wp\/v2\/types\/post"}],"author":[{"embeddable":true,"href":"https:\/\/www.festivox.fr\/blog\/wp-json\/wp\/v2\/users\/1"}],"replies":[{"embeddable":true,"href":"https:\/\/www.festivox.fr\/blog\/wp-json\/wp\/v2\/comments?post=1256"}],"version-history":[{"count":0,"href":"https:\/\/www.festivox.fr\/blog\/wp-json\/wp\/v2\/posts\/1256\/revisions"}],"wp:featuredmedia":[{"embeddable":true,"href":"https:\/\/www.festivox.fr\/blog\/wp-json\/wp\/v2\/media\/1257"}],"wp:attachment":[{"href":"https:\/\/www.festivox.fr\/blog\/wp-json\/wp\/v2\/media?parent=1256"}],"wp:term":[{"taxonomy":"category","embeddable":true,"href":"https:\/\/www.festivox.fr\/blog\/wp-json\/wp\/v2\/categories?post=1256"},{"taxonomy":"post_tag","embeddable":true,"href":"https:\/\/www.festivox.fr\/blog\/wp-json\/wp\/v2\/tags?post=1256"}],"curies":[{"name":"wp","href":"https:\/\/api.w.org\/{rel}","templated":true}]}}