{"id":1252,"date":"2025-09-08T22:14:00","date_gmt":"2025-09-08T20:14:00","guid":{"rendered":"https:\/\/www.festivox.fr\/blog\/lephemeride-du-9-septembre-2025-ce-mardi-claude-nougaro-aurait-fete-ses-96-ans\/"},"modified":"2025-09-08T22:14:00","modified_gmt":"2025-09-08T20:14:00","slug":"lephemeride-du-9-septembre-2025-ce-mardi-claude-nougaro-aurait-fete-ses-96-ans","status":"publish","type":"post","link":"https:\/\/www.festivox.fr\/blog\/lephemeride-du-9-septembre-2025-ce-mardi-claude-nougaro-aurait-fete-ses-96-ans\/","title":{"rendered":"L\u2019\u00e9ph\u00e9m\u00e9ride du 9 septembre 2025 : ce mardi, Claude Nougaro aurait f\u00eat\u00e9 ses 96 ans"},"content":{"rendered":"<br \/>\n<h2 class=\"article-subtitle\">L\u2019info du jour<\/h2>\n<p><a href=\"https:\/\/fr.wikipedia.org\/wiki\/Claude_Nougaro\" target=\"_blank\" rel=\"nofollow\">Claude Nougaro<\/a> (9&nbsp;septembre 1929-4&nbsp;mars 2004) \u00e9tait un po\u00e8te et chanteur fran\u00e7ais, figure majeure de la chanson \u00e0 texte. N\u00e9 \u00e0 Toulouse, il a su unir la musicalit\u00e9 du jazz et des rythmes latins \u00e0 la richesse de la langue fran\u00e7aise.<\/p>\n<p>Surnomm\u00e9 le \u00ab&nbsp;Motsicien&nbsp;\u00bb, il a fait de chaque mot un instrument, cr\u00e9ant des \u0153uvres intemporelles comme \u00ab&nbsp;Le Jazz et la Java&nbsp;\u00bb ou \u00ab&nbsp;Toulouse&nbsp;\u00bb, un vibrant hymne \u00e0 sa ville natale. Sa carri\u00e8re, jalonn\u00e9e de succ\u00e8s et de p\u00e9riodes de doute, fut celle d\u2019un artiste en perp\u00e9tuelle recherche. Son album \u00ab&nbsp;Nougayork&nbsp;\u00bb, un retour aux sources apr\u00e8s une travers\u00e9e du d\u00e9sert, a marqu\u00e9 sa renaissance. Nougaro a laiss\u00e9 un h\u00e9ritage de chansons qui allient po\u00e9sie, swing et \u00e9motions profondes.<\/p>\n<h2 class=\"article-subtitle\">\u00c0 la Une de \u00ab&nbsp;Sud Ouest&nbsp;\u00bb du 9&nbsp;septembre 1997<\/h2>\n<figure class=\"medium\"> <img decoding=\"async\" id=\"25844202\" src=\"https:\/\/www.festivox.fr\/blog\/wp-content\/uploads\/2025\/09\/lephemeride-du-9-septembre-2025-ce-mardi-claude-nougaro-aurait-fete-ses-96-ans.jpg\" alt=\"Le 8&nbsp;septembre 1997, le train qui effectue la navette Bordeaux Sarlat percute un camion citerne \u00e0 un passage \u00e0 niveau \u00e0 Sainte-Foy-La-Grande, bilan&nbsp;: 13 morts et 43 bless\u00e9s.\"><figcaption class=\"caption\">    <span>Le 8&nbsp;septembre 1997, le train qui effectue la navette Bordeaux Sarlat percute un camion citerne \u00e0 un passage \u00e0 niveau \u00e0 Sainte-Foy-La-Grande, bilan&nbsp;: 13 morts et 43 bless\u00e9s.<\/span> <\/p>\n<p>Archives \u00ab&nbsp;Sud Ouest&nbsp;\u00bb<\/p>\n<\/figcaption><\/figure>\n<p><strong>Pour retrouver et visualiser toutes les Unes de \u00ab&nbsp;Sud Ouest&nbsp;\u00bb depuis 1944&nbsp;:<\/strong> <a href=\"https:\/\/unes-anniversaires.sudouest.fr\/\" target=\"_blank\" rel=\"nofollow\">cliquez ici<\/a>.<\/p>\n<div class=\"related-article related-article-premium base-margin-bottom\"> <span class=\"badge\">Sur le m\u00eame sujet<\/span> <\/div>\n<h2 class=\"article-subtitle\">Dans le calendrier<\/h2>\n<p><strong>Saint Alain,<\/strong> n\u00e9 en Bretagne vers 1428, Alain de la Roche est mort en Hollande en 1475. Il fonda des confr\u00e9ries du Rosaire dans ce pays, en France et en Allemagne.<strong>&nbsp;<\/strong>Les Alain sont<strong>&nbsp;sages.&nbsp;<\/strong>Leur couleur&nbsp;:<strong> l\u2019orang\u00e9.&nbsp;<\/strong>Leur chiffre&nbsp;: <strong>le 10. Le dicton du jour&nbsp;<\/strong>: \u00ab&nbsp;Septembre emporte les ponts, ou tarit les fontaines&nbsp;\u00bb.<\/p>\n<h2 class=\"article-subtitle\">\u00c7a s\u2019est pass\u00e9 un 9&nbsp;septembre<\/h2>\n<p><strong>1087&nbsp;<\/strong>Mort de Guillaume le Conqu\u00e9rant.&nbsp;<strong>1843<\/strong> <a href=\"https:\/\/www.sudouest.fr\/culture\/video-il-y-a-180-ans-le-jour-ou-victor-hugo-apprend-a-rochefort-la-mort-de-sa-fille-leopoldine-16549376.php\" target=\"_blank\" rel=\"follow nofollow\">Victor Hugo apprend le d\u00e9c\u00e8s par noyade de sa fille<\/a>, L\u00e9opoldine Vacquerie alors qu\u2019il est attabl\u00e9 au Caf\u00e9 de l\u2019Europe \u00e0 Rochefort, aujourd\u2019hui Bistrot de la paix. <strong>1901<\/strong>&nbsp;D\u00e9c\u00e8s du peintre&nbsp;Henri de Toulouse-Lautrec.<\/p>\n<p>[embedded content]<\/p>\n<p><strong>1956<\/strong>&nbsp;Premi\u00e8re t\u00e9l\u00e9vision pour&nbsp;Elvis Presley.<strong>&nbsp;1958<\/strong>&nbsp;Un d\u00e9cret du g\u00e9n\u00e9ral de Gaulle<strong>&nbsp;<\/strong>cr\u00e9e le quartier d\u2019affaires de<strong>&nbsp;<\/strong>La D\u00e9fense. <strong>1976&nbsp;<\/strong>Mort de&nbsp;Mao Ts\u00e9-toung.<strong>&nbsp;1989<\/strong> <a href=\"https:\/\/www.sudouest.fr\/gironde\/la-teste-de-buch\/landes-il-y-a-31-ans-le-crash-d-un-helicoptere-fait-six-morts-au-large-de-mimizan-2488300.php\" target=\"_blank\" rel=\"follow nofollow\">Un h\u00e9licopt\u00e8re de la gendarmerie s\u2019\u00e9crase<\/a> dans l\u2019oc\u00e9an \u00e0 Mimizan (40)&nbsp;: les six occupants meurent. <strong>1997<\/strong>&nbsp;Michel Cr\u00e9peau et Denis Leroy lancent <a href=\"https:\/\/www.sudouest.fr\/environnement\/le-saviez-vous-la-journee-sans-voiture-est-nee-a-la-rochelle-21249257.php#:~:text=La%20journ%C3%A9e%20sans%20voiture%20est%20n%C3%A9e%20%C3%A0%20La%20Rochelle,-Lecture%201%20min&amp;text=Publi%C3%A9%20le%2009%2F09%2F2024%20%C3%A0%2012h00.&amp;text=L'id%C3%A9e%20est%20venue%20du,pollution%20dans%20les%20grandes%20villes.\" target=\"_blank\" rel=\"follow nofollow\">la premi\u00e8re journ\u00e9e sans voiture \u00e0 La&nbsp;Rochelle<\/a> (17), cette op\u00e9ration s\u2019\u00e9tendra ensuite \u00e0 d\u2019autres villes fran\u00e7aises.<strong>&nbsp;2001<\/strong>&nbsp;Assassinat d\u2019Ahmad S. Massoud, chef de l\u2019opposition arm\u00e9e afghane.&nbsp;<strong>2020<\/strong>&nbsp;En&nbsp;Gr\u00e8ce, un incendie d\u00e9truit le&nbsp;Camp de M\u00f3ria&nbsp;sur l\u2019\u00eele de&nbsp;Lesbos, dans lequel 13&nbsp;000 migrants \u00e9taient enferm\u00e9s.<\/p>\n<h2 class=\"article-subtitle\">Ils sont n\u00e9s un 9&nbsp;septembre<\/h2>\n<p>Claude Nougaro, chanteur fran\u00e7ais (1929-2004). Otis Redding, chanteur am\u00e9ricain (1941 \u2013 1967).<\/p>\n<p>[embedded content]<\/p>\n<p>\u00c9ric Serra, musicien fran\u00e7ais (1959). Hugh Grant, acteur britannique (1960). Emma de Caunes, r\u00e9alisatrice et actrice fran\u00e7aise (1976).<\/p>\n<p> Cet article, qui traite du th\u00e8me \u00ab\u00a0Festival Jazz et musique en mode guinguette\u00a0\u00bb, vous est d\u00e9lib\u00e9r\u00e9ment offert par festivox.fr. La raison d\u2019\u00eatre de festivox.fr est de parler de Festival Jazz et musique en mode guinguette dans la transparence la plus g\u00e9n\u00e9rale en vous procurant la visibilit\u00e9 de tout ce qui est publi\u00e9 sur ce sujet sur le web La chronique a \u00e9t\u00e9 g\u00e9n\u00e9r\u00e9e de la mani\u00e8re la plus honn\u00eate que possible. S\u2019il advenait que vous projetez d\u2019apporter quelques notes concernant le domaine de \u00ab\u00a0Festival Jazz et musique en mode guinguette\u00a0\u00bb vous avez la possibilit\u00e9 de d&rsquo;\u00e9changer avec notre r\u00e9daction. Dans peu de temps, on mettra en ligne d&rsquo;autres informations pertinentes autour du sujet \u00ab\u00a0Festival Jazz et musique en mode guinguette\u00a0\u00bb. Ainsi, consultez r\u00e9guli\u00e8rement notre site.<\/p>\n","protected":false},"excerpt":{"rendered":"<p>L\u2019info du jour Claude Nougaro (9&nbsp;septembre 1929-4&nbsp;mars 2004) \u00e9tait un po\u00e8te et chanteur fran\u00e7ais, figure majeure de la chanson \u00e0 texte. N\u00e9 \u00e0 Toulouse, il a su unir la musicalit\u00e9 du jazz et des rythmes latins \u00e0 la richesse de la langue fran\u00e7aise. Surnomm\u00e9 le \u00ab&nbsp;Motsicien&nbsp;\u00bb, il a fait de chaque mot un instrument, cr\u00e9ant&hellip;<\/p>\n","protected":false},"author":1,"featured_media":1253,"comment_status":"closed","ping_status":"closed","sticky":false,"template":"","format":"standard","meta":{"footnotes":""},"categories":[3],"tags":[],"class_list":["post-1252","post","type-post","status-publish","format-standard","has-post-thumbnail","hentry","category-wiki-sur-festival-jazz-et-musique-en-mode-guinguette"],"yoast_head":"<!-- This site is optimized with the Yoast SEO plugin v27.5 - https:\/\/yoast.com\/product\/yoast-seo-wordpress\/ -->\n<title>L\u2019\u00e9ph\u00e9m\u00e9ride du 9 septembre 2025 : ce mardi, Claude Nougaro aurait f\u00eat\u00e9 ses 96 ans - FESTIVOX<\/title>\n<meta name=\"robots\" content=\"index, follow, max-snippet:-1, max-image-preview:large, max-video-preview:-1\" \/>\n<link rel=\"canonical\" href=\"https:\/\/www.festivox.fr\/blog\/lephemeride-du-9-septembre-2025-ce-mardi-claude-nougaro-aurait-fete-ses-96-ans\/\" \/>\n<meta property=\"og:locale\" content=\"fr_FR\" \/>\n<meta property=\"og:type\" content=\"article\" \/>\n<meta property=\"og:title\" content=\"L\u2019\u00e9ph\u00e9m\u00e9ride du 9 septembre 2025 : ce mardi, Claude Nougaro aurait f\u00eat\u00e9 ses 96 ans - FESTIVOX\" \/>\n<meta property=\"og:description\" content=\"L\u2019info du jour Claude Nougaro (9&nbsp;septembre 1929-4&nbsp;mars 2004) \u00e9tait un po\u00e8te et chanteur fran\u00e7ais, figure majeure de la chanson \u00e0 texte. N\u00e9 \u00e0 Toulouse, il a su unir la musicalit\u00e9 du jazz et des rythmes latins \u00e0 la richesse de la langue fran\u00e7aise. Surnomm\u00e9 le \u00ab&nbsp;Motsicien&nbsp;\u00bb, il a fait de chaque mot un instrument, cr\u00e9ant&hellip;\" \/>\n<meta property=\"og:url\" content=\"https:\/\/www.festivox.fr\/blog\/lephemeride-du-9-septembre-2025-ce-mardi-claude-nougaro-aurait-fete-ses-96-ans\/\" \/>\n<meta property=\"og:site_name\" content=\"FESTIVOX\" \/>\n<meta property=\"article:published_time\" content=\"2025-09-08T20:14:00+00:00\" \/>\n<meta property=\"og:image\" content=\"https:\/\/www.festivox.fr\/blog\/wp-content\/uploads\/2025\/09\/lephemeride-du-9-septembre-2025-ce-mardi-claude-nougaro-aurait-fete-ses-96-ans.jpg\" \/>\n<meta name=\"author\" content=\"Michele\" \/>\n<meta name=\"twitter:card\" content=\"summary_large_image\" \/>\n<meta name=\"twitter:label1\" content=\"\u00c9crit par\" \/>\n\t<meta name=\"twitter:data1\" content=\"Michele\" \/>\n\t<meta name=\"twitter:label2\" content=\"Dur\u00e9e de lecture estim\u00e9e\" \/>\n\t<meta name=\"twitter:data2\" content=\"3 minutes\" \/>\n<script type=\"application\/ld+json\" class=\"yoast-schema-graph\">{\"@context\":\"https:\\\/\\\/schema.org\",\"@graph\":[{\"@type\":\"Article\",\"@id\":\"https:\\\/\\\/www.festivox.fr\\\/blog\\\/lephemeride-du-9-septembre-2025-ce-mardi-claude-nougaro-aurait-fete-ses-96-ans\\\/#article\",\"isPartOf\":{\"@id\":\"https:\\\/\\\/www.festivox.fr\\\/blog\\\/lephemeride-du-9-septembre-2025-ce-mardi-claude-nougaro-aurait-fete-ses-96-ans\\\/\"},\"author\":{\"name\":\"Michele\",\"@id\":\"https:\\\/\\\/www.festivox.fr\\\/blog\\\/#\\\/schema\\\/person\\\/f36a8b6bc94800c3eafed4bca993ce95\"},\"headline\":\"L\u2019\u00e9ph\u00e9m\u00e9ride du 9 septembre 2025 : ce mardi, Claude Nougaro aurait f\u00eat\u00e9 ses 96 ans\",\"datePublished\":\"2025-09-08T20:14:00+00:00\",\"mainEntityOfPage\":{\"@id\":\"https:\\\/\\\/www.festivox.fr\\\/blog\\\/lephemeride-du-9-septembre-2025-ce-mardi-claude-nougaro-aurait-fete-ses-96-ans\\\/\"},\"wordCount\":658,\"publisher\":{\"@id\":\"https:\\\/\\\/www.festivox.fr\\\/blog\\\/#organization\"},\"image\":{\"@id\":\"https:\\\/\\\/www.festivox.fr\\\/blog\\\/lephemeride-du-9-septembre-2025-ce-mardi-claude-nougaro-aurait-fete-ses-96-ans\\\/#primaryimage\"},\"thumbnailUrl\":\"https:\\\/\\\/www.festivox.fr\\\/blog\\\/wp-content\\\/uploads\\\/2025\\\/09\\\/lephemeride-du-9-septembre-2025-ce-mardi-claude-nougaro-aurait-fete-ses-96-ans.jpg\",\"articleSection\":[\"Wiki Sur Festival Jazz Et Musique En Mode Guinguette:\"],\"inLanguage\":\"fr-FR\"},{\"@type\":\"WebPage\",\"@id\":\"https:\\\/\\\/www.festivox.fr\\\/blog\\\/lephemeride-du-9-septembre-2025-ce-mardi-claude-nougaro-aurait-fete-ses-96-ans\\\/\",\"url\":\"https:\\\/\\\/www.festivox.fr\\\/blog\\\/lephemeride-du-9-septembre-2025-ce-mardi-claude-nougaro-aurait-fete-ses-96-ans\\\/\",\"name\":\"L\u2019\u00e9ph\u00e9m\u00e9ride du 9 septembre 2025 : ce mardi, Claude Nougaro aurait f\u00eat\u00e9 ses 96 ans - FESTIVOX\",\"isPartOf\":{\"@id\":\"https:\\\/\\\/www.festivox.fr\\\/blog\\\/#website\"},\"primaryImageOfPage\":{\"@id\":\"https:\\\/\\\/www.festivox.fr\\\/blog\\\/lephemeride-du-9-septembre-2025-ce-mardi-claude-nougaro-aurait-fete-ses-96-ans\\\/#primaryimage\"},\"image\":{\"@id\":\"https:\\\/\\\/www.festivox.fr\\\/blog\\\/lephemeride-du-9-septembre-2025-ce-mardi-claude-nougaro-aurait-fete-ses-96-ans\\\/#primaryimage\"},\"thumbnailUrl\":\"https:\\\/\\\/www.festivox.fr\\\/blog\\\/wp-content\\\/uploads\\\/2025\\\/09\\\/lephemeride-du-9-septembre-2025-ce-mardi-claude-nougaro-aurait-fete-ses-96-ans.jpg\",\"datePublished\":\"2025-09-08T20:14:00+00:00\",\"breadcrumb\":{\"@id\":\"https:\\\/\\\/www.festivox.fr\\\/blog\\\/lephemeride-du-9-septembre-2025-ce-mardi-claude-nougaro-aurait-fete-ses-96-ans\\\/#breadcrumb\"},\"inLanguage\":\"fr-FR\",\"potentialAction\":[{\"@type\":\"ReadAction\",\"target\":[\"https:\\\/\\\/www.festivox.fr\\\/blog\\\/lephemeride-du-9-septembre-2025-ce-mardi-claude-nougaro-aurait-fete-ses-96-ans\\\/\"]}]},{\"@type\":\"ImageObject\",\"inLanguage\":\"fr-FR\",\"@id\":\"https:\\\/\\\/www.festivox.fr\\\/blog\\\/lephemeride-du-9-septembre-2025-ce-mardi-claude-nougaro-aurait-fete-ses-96-ans\\\/#primaryimage\",\"url\":\"https:\\\/\\\/www.festivox.fr\\\/blog\\\/wp-content\\\/uploads\\\/2025\\\/09\\\/lephemeride-du-9-septembre-2025-ce-mardi-claude-nougaro-aurait-fete-ses-96-ans.jpg\",\"contentUrl\":\"https:\\\/\\\/www.festivox.fr\\\/blog\\\/wp-content\\\/uploads\\\/2025\\\/09\\\/lephemeride-du-9-septembre-2025-ce-mardi-claude-nougaro-aurait-fete-ses-96-ans.jpg\",\"width\":1200,\"height\":1672},{\"@type\":\"BreadcrumbList\",\"@id\":\"https:\\\/\\\/www.festivox.fr\\\/blog\\\/lephemeride-du-9-septembre-2025-ce-mardi-claude-nougaro-aurait-fete-ses-96-ans\\\/#breadcrumb\",\"itemListElement\":[{\"@type\":\"ListItem\",\"position\":1,\"name\":\"Accueil\",\"item\":\"https:\\\/\\\/www.festivox.fr\\\/blog\\\/\"},{\"@type\":\"ListItem\",\"position\":2,\"name\":\"L\u2019\u00e9ph\u00e9m\u00e9ride du 9 septembre 2025 : ce mardi, Claude Nougaro aurait f\u00eat\u00e9 ses 96 ans\"}]},{\"@type\":\"WebSite\",\"@id\":\"https:\\\/\\\/www.festivox.fr\\\/blog\\\/#website\",\"url\":\"https:\\\/\\\/www.festivox.fr\\\/blog\\\/\",\"name\":\"FESTIVOX\",\"description\":\"Festival en mode guinguette.\",\"publisher\":{\"@id\":\"https:\\\/\\\/www.festivox.fr\\\/blog\\\/#organization\"},\"potentialAction\":[{\"@type\":\"SearchAction\",\"target\":{\"@type\":\"EntryPoint\",\"urlTemplate\":\"https:\\\/\\\/www.festivox.fr\\\/blog\\\/?s={search_term_string}\"},\"query-input\":{\"@type\":\"PropertyValueSpecification\",\"valueRequired\":true,\"valueName\":\"search_term_string\"}}],\"inLanguage\":\"fr-FR\"},{\"@type\":\"Organization\",\"@id\":\"https:\\\/\\\/www.festivox.fr\\\/blog\\\/#organization\",\"name\":\"festivox\",\"url\":\"https:\\\/\\\/www.festivox.fr\\\/blog\\\/\",\"logo\":{\"@type\":\"ImageObject\",\"inLanguage\":\"fr-FR\",\"@id\":\"https:\\\/\\\/www.festivox.fr\\\/blog\\\/#\\\/schema\\\/logo\\\/image\\\/\",\"url\":\"https:\\\/\\\/www.festivox.fr\\\/blog\\\/wp-content\\\/uploads\\\/2023\\\/06\\\/logo-2.png\",\"contentUrl\":\"https:\\\/\\\/www.festivox.fr\\\/blog\\\/wp-content\\\/uploads\\\/2023\\\/06\\\/logo-2.png\",\"width\":480,\"height\":160,\"caption\":\"festivox\"},\"image\":{\"@id\":\"https:\\\/\\\/www.festivox.fr\\\/blog\\\/#\\\/schema\\\/logo\\\/image\\\/\"}},{\"@type\":\"Person\",\"@id\":\"https:\\\/\\\/www.festivox.fr\\\/blog\\\/#\\\/schema\\\/person\\\/f36a8b6bc94800c3eafed4bca993ce95\",\"name\":\"Michele\",\"image\":{\"@type\":\"ImageObject\",\"inLanguage\":\"fr-FR\",\"@id\":\"https:\\\/\\\/secure.gravatar.com\\\/avatar\\\/b062046536b5d47ec9075956ec349ef95ed06b0f910c578f74abb318668b702e?s=96&d=mm&r=g\",\"url\":\"https:\\\/\\\/secure.gravatar.com\\\/avatar\\\/b062046536b5d47ec9075956ec349ef95ed06b0f910c578f74abb318668b702e?s=96&d=mm&r=g\",\"contentUrl\":\"https:\\\/\\\/secure.gravatar.com\\\/avatar\\\/b062046536b5d47ec9075956ec349ef95ed06b0f910c578f74abb318668b702e?s=96&d=mm&r=g\",\"caption\":\"Michele\"},\"sameAs\":[\"https:\\\/\\\/www.festivox.fr\\\/blog\"],\"url\":\"https:\\\/\\\/www.festivox.fr\\\/blog\\\/author\\\/voxadmin\\\/\"}]}<\/script>\n<!-- \/ Yoast SEO plugin. -->","yoast_head_json":{"title":"L\u2019\u00e9ph\u00e9m\u00e9ride du 9 septembre 2025 : ce mardi, Claude Nougaro aurait f\u00eat\u00e9 ses 96 ans - FESTIVOX","robots":{"index":"index","follow":"follow","max-snippet":"max-snippet:-1","max-image-preview":"max-image-preview:large","max-video-preview":"max-video-preview:-1"},"canonical":"https:\/\/www.festivox.fr\/blog\/lephemeride-du-9-septembre-2025-ce-mardi-claude-nougaro-aurait-fete-ses-96-ans\/","og_locale":"fr_FR","og_type":"article","og_title":"L\u2019\u00e9ph\u00e9m\u00e9ride du 9 septembre 2025 : ce mardi, Claude Nougaro aurait f\u00eat\u00e9 ses 96 ans - FESTIVOX","og_description":"L\u2019info du jour Claude Nougaro (9&nbsp;septembre 1929-4&nbsp;mars 2004) \u00e9tait un po\u00e8te et chanteur fran\u00e7ais, figure majeure de la chanson \u00e0 texte. N\u00e9 \u00e0 Toulouse, il a su unir la musicalit\u00e9 du jazz et des rythmes latins \u00e0 la richesse de la langue fran\u00e7aise. Surnomm\u00e9 le \u00ab&nbsp;Motsicien&nbsp;\u00bb, il a fait de chaque mot un instrument, cr\u00e9ant&hellip;","og_url":"https:\/\/www.festivox.fr\/blog\/lephemeride-du-9-septembre-2025-ce-mardi-claude-nougaro-aurait-fete-ses-96-ans\/","og_site_name":"FESTIVOX","article_published_time":"2025-09-08T20:14:00+00:00","og_image":[{"url":"https:\/\/www.festivox.fr\/blog\/wp-content\/uploads\/2025\/09\/lephemeride-du-9-septembre-2025-ce-mardi-claude-nougaro-aurait-fete-ses-96-ans.jpg","type":"","width":"","height":""}],"author":"Michele","twitter_card":"summary_large_image","twitter_misc":{"\u00c9crit par":"Michele","Dur\u00e9e de lecture estim\u00e9e":"3 minutes"},"schema":{"@context":"https:\/\/schema.org","@graph":[{"@type":"Article","@id":"https:\/\/www.festivox.fr\/blog\/lephemeride-du-9-septembre-2025-ce-mardi-claude-nougaro-aurait-fete-ses-96-ans\/#article","isPartOf":{"@id":"https:\/\/www.festivox.fr\/blog\/lephemeride-du-9-septembre-2025-ce-mardi-claude-nougaro-aurait-fete-ses-96-ans\/"},"author":{"name":"Michele","@id":"https:\/\/www.festivox.fr\/blog\/#\/schema\/person\/f36a8b6bc94800c3eafed4bca993ce95"},"headline":"L\u2019\u00e9ph\u00e9m\u00e9ride du 9 septembre 2025 : ce mardi, Claude Nougaro aurait f\u00eat\u00e9 ses 96 ans","datePublished":"2025-09-08T20:14:00+00:00","mainEntityOfPage":{"@id":"https:\/\/www.festivox.fr\/blog\/lephemeride-du-9-septembre-2025-ce-mardi-claude-nougaro-aurait-fete-ses-96-ans\/"},"wordCount":658,"publisher":{"@id":"https:\/\/www.festivox.fr\/blog\/#organization"},"image":{"@id":"https:\/\/www.festivox.fr\/blog\/lephemeride-du-9-septembre-2025-ce-mardi-claude-nougaro-aurait-fete-ses-96-ans\/#primaryimage"},"thumbnailUrl":"https:\/\/www.festivox.fr\/blog\/wp-content\/uploads\/2025\/09\/lephemeride-du-9-septembre-2025-ce-mardi-claude-nougaro-aurait-fete-ses-96-ans.jpg","articleSection":["Wiki Sur Festival Jazz Et Musique En Mode Guinguette:"],"inLanguage":"fr-FR"},{"@type":"WebPage","@id":"https:\/\/www.festivox.fr\/blog\/lephemeride-du-9-septembre-2025-ce-mardi-claude-nougaro-aurait-fete-ses-96-ans\/","url":"https:\/\/www.festivox.fr\/blog\/lephemeride-du-9-septembre-2025-ce-mardi-claude-nougaro-aurait-fete-ses-96-ans\/","name":"L\u2019\u00e9ph\u00e9m\u00e9ride du 9 septembre 2025 : ce mardi, Claude Nougaro aurait f\u00eat\u00e9 ses 96 ans - FESTIVOX","isPartOf":{"@id":"https:\/\/www.festivox.fr\/blog\/#website"},"primaryImageOfPage":{"@id":"https:\/\/www.festivox.fr\/blog\/lephemeride-du-9-septembre-2025-ce-mardi-claude-nougaro-aurait-fete-ses-96-ans\/#primaryimage"},"image":{"@id":"https:\/\/www.festivox.fr\/blog\/lephemeride-du-9-septembre-2025-ce-mardi-claude-nougaro-aurait-fete-ses-96-ans\/#primaryimage"},"thumbnailUrl":"https:\/\/www.festivox.fr\/blog\/wp-content\/uploads\/2025\/09\/lephemeride-du-9-septembre-2025-ce-mardi-claude-nougaro-aurait-fete-ses-96-ans.jpg","datePublished":"2025-09-08T20:14:00+00:00","breadcrumb":{"@id":"https:\/\/www.festivox.fr\/blog\/lephemeride-du-9-septembre-2025-ce-mardi-claude-nougaro-aurait-fete-ses-96-ans\/#breadcrumb"},"inLanguage":"fr-FR","potentialAction":[{"@type":"ReadAction","target":["https:\/\/www.festivox.fr\/blog\/lephemeride-du-9-septembre-2025-ce-mardi-claude-nougaro-aurait-fete-ses-96-ans\/"]}]},{"@type":"ImageObject","inLanguage":"fr-FR","@id":"https:\/\/www.festivox.fr\/blog\/lephemeride-du-9-septembre-2025-ce-mardi-claude-nougaro-aurait-fete-ses-96-ans\/#primaryimage","url":"https:\/\/www.festivox.fr\/blog\/wp-content\/uploads\/2025\/09\/lephemeride-du-9-septembre-2025-ce-mardi-claude-nougaro-aurait-fete-ses-96-ans.jpg","contentUrl":"https:\/\/www.festivox.fr\/blog\/wp-content\/uploads\/2025\/09\/lephemeride-du-9-septembre-2025-ce-mardi-claude-nougaro-aurait-fete-ses-96-ans.jpg","width":1200,"height":1672},{"@type":"BreadcrumbList","@id":"https:\/\/www.festivox.fr\/blog\/lephemeride-du-9-septembre-2025-ce-mardi-claude-nougaro-aurait-fete-ses-96-ans\/#breadcrumb","itemListElement":[{"@type":"ListItem","position":1,"name":"Accueil","item":"https:\/\/www.festivox.fr\/blog\/"},{"@type":"ListItem","position":2,"name":"L\u2019\u00e9ph\u00e9m\u00e9ride du 9 septembre 2025 : ce mardi, Claude Nougaro aurait f\u00eat\u00e9 ses 96 ans"}]},{"@type":"WebSite","@id":"https:\/\/www.festivox.fr\/blog\/#website","url":"https:\/\/www.festivox.fr\/blog\/","name":"FESTIVOX","description":"Festival en mode guinguette.","publisher":{"@id":"https:\/\/www.festivox.fr\/blog\/#organization"},"potentialAction":[{"@type":"SearchAction","target":{"@type":"EntryPoint","urlTemplate":"https:\/\/www.festivox.fr\/blog\/?s={search_term_string}"},"query-input":{"@type":"PropertyValueSpecification","valueRequired":true,"valueName":"search_term_string"}}],"inLanguage":"fr-FR"},{"@type":"Organization","@id":"https:\/\/www.festivox.fr\/blog\/#organization","name":"festivox","url":"https:\/\/www.festivox.fr\/blog\/","logo":{"@type":"ImageObject","inLanguage":"fr-FR","@id":"https:\/\/www.festivox.fr\/blog\/#\/schema\/logo\/image\/","url":"https:\/\/www.festivox.fr\/blog\/wp-content\/uploads\/2023\/06\/logo-2.png","contentUrl":"https:\/\/www.festivox.fr\/blog\/wp-content\/uploads\/2023\/06\/logo-2.png","width":480,"height":160,"caption":"festivox"},"image":{"@id":"https:\/\/www.festivox.fr\/blog\/#\/schema\/logo\/image\/"}},{"@type":"Person","@id":"https:\/\/www.festivox.fr\/blog\/#\/schema\/person\/f36a8b6bc94800c3eafed4bca993ce95","name":"Michele","image":{"@type":"ImageObject","inLanguage":"fr-FR","@id":"https:\/\/secure.gravatar.com\/avatar\/b062046536b5d47ec9075956ec349ef95ed06b0f910c578f74abb318668b702e?s=96&d=mm&r=g","url":"https:\/\/secure.gravatar.com\/avatar\/b062046536b5d47ec9075956ec349ef95ed06b0f910c578f74abb318668b702e?s=96&d=mm&r=g","contentUrl":"https:\/\/secure.gravatar.com\/avatar\/b062046536b5d47ec9075956ec349ef95ed06b0f910c578f74abb318668b702e?s=96&d=mm&r=g","caption":"Michele"},"sameAs":["https:\/\/www.festivox.fr\/blog"],"url":"https:\/\/www.festivox.fr\/blog\/author\/voxadmin\/"}]}},"_links":{"self":[{"href":"https:\/\/www.festivox.fr\/blog\/wp-json\/wp\/v2\/posts\/1252","targetHints":{"allow":["GET"]}}],"collection":[{"href":"https:\/\/www.festivox.fr\/blog\/wp-json\/wp\/v2\/posts"}],"about":[{"href":"https:\/\/www.festivox.fr\/blog\/wp-json\/wp\/v2\/types\/post"}],"author":[{"embeddable":true,"href":"https:\/\/www.festivox.fr\/blog\/wp-json\/wp\/v2\/users\/1"}],"replies":[{"embeddable":true,"href":"https:\/\/www.festivox.fr\/blog\/wp-json\/wp\/v2\/comments?post=1252"}],"version-history":[{"count":0,"href":"https:\/\/www.festivox.fr\/blog\/wp-json\/wp\/v2\/posts\/1252\/revisions"}],"wp:featuredmedia":[{"embeddable":true,"href":"https:\/\/www.festivox.fr\/blog\/wp-json\/wp\/v2\/media\/1253"}],"wp:attachment":[{"href":"https:\/\/www.festivox.fr\/blog\/wp-json\/wp\/v2\/media?parent=1252"}],"wp:term":[{"taxonomy":"category","embeddable":true,"href":"https:\/\/www.festivox.fr\/blog\/wp-json\/wp\/v2\/categories?post=1252"},{"taxonomy":"post_tag","embeddable":true,"href":"https:\/\/www.festivox.fr\/blog\/wp-json\/wp\/v2\/tags?post=1252"}],"curies":[{"name":"wp","href":"https:\/\/api.w.org\/{rel}","templated":true}]}}