{"id":1250,"date":"2016-10-12T19:06:00","date_gmt":"2016-10-12T17:06:00","guid":{"rendered":"https:\/\/www.festivox.fr\/blog\/ils-ont-reconcilie-les-instruments-du-jazz-et-de-la-java\/"},"modified":"2016-10-12T19:06:00","modified_gmt":"2016-10-12T17:06:00","slug":"ils-ont-reconcilie-les-instruments-du-jazz-et-de-la-java","status":"publish","type":"post","link":"https:\/\/www.festivox.fr\/blog\/ils-ont-reconcilie-les-instruments-du-jazz-et-de-la-java\/","title":{"rendered":"Ils ont r\u00e9concili\u00e9 les instruments du jazz et de la java"},"content":{"rendered":"<br \/>\n<figure class=\"relative flex flex-col sm:mx-0 -mx-4 mb-6\"><img decoding=\"async\" alt data-nimg=\"fill\" class=\"bg-black-1 !relative max-h-[438px] w-full object-contain\" src=\"https:\/\/www.festivox.fr\/blog\/wp-content\/uploads\/2025\/09\/ils-ont-reconcilie-les-instruments-du-jazz-et-de-la-java.webp\"><figcaption class=\"text-neutral-12 text-sans bg-white-1 w-full py-3 text-xs sm:px-3 px-4\">Une prestation de haute vol\u00e9e, articul\u00e9e autour de standards du jazz et compositions de Marcel Loeffler. <!-- --> <!-- -->\u00a9&nbsp; ph S.G<\/figcaption><\/figure>\n<div class=\"z-10 mb-2 flex flex-col gap-4\">\n<p class=\"typo-p1-paragraph\">La saison 2016-2017 d&rsquo;Absolument Jazz, s\u00e9rie de concerts propos\u00e9e par l&rsquo;association After the Crescent, a d\u00e9but\u00e9 hier soir au th\u00e9\u00e2tre Jacques-C\u0153ur avec un duo in\u00e9dit, Marcel Loeffler et \u00c9tienne D\u00e9confin, qui a r\u00e9concili\u00e9 les instruments du jazz et de la java.<\/p>\n<p class=\"typo-p1-paragraph\">\u00c9. D\u00e9confin, pianiste n\u00e9 \u00e0 Bourges et form\u00e9 \u00e0 l&rsquo;\u00e9cole du classique, est vite touch\u00e9 par la fibre coltranienne et tombe tr\u00e8s t\u00f4t dans le jazz. M. Loeffler, souffrant de c\u00e9cit\u00e9 d\u00e8s l&rsquo;enfance, c&rsquo;est la force d&rsquo;une ou\u00efe surd\u00e9velopp\u00e9e et la dext\u00e9rit\u00e9 d&rsquo;une main qui foule les touches des accord\u00e9ons depuis plus de 40 ans.<\/p>\n<p class=\"typo-p1-paragraph\">Inspir\u00e9 par Django Reinhardt, il \u00e9coute, retient, d\u00e9veloppe son style manouche et devient un des rares accord\u00e9onistes de jazz en France.<\/p>\n<p class=\"typo-p1-paragraph\">Les deux musiciens ont confront\u00e9 leur passion commune pour le jazz sur les multiples touches de leurs claviers respectifs.<\/p>\n<p class=\"typo-p1-paragraph\">\u00c0 bretelles ou sur pieds, la rencontre, dont se d\u00e9gageaient une ma\u00eetrise et une s\u00e9r\u00e9nit\u00e9 absolue, ne manquait ni d&rsquo;originalit\u00e9 ni de charme. Les deux musiciens offrent un dialogue musical \u00e9l\u00e9gant et pr\u00e9cieux, privil\u00e9giant les silences subtilement plac\u00e9s et les envol\u00e9es romantiques \u00e0 l&rsquo;effet virtuose.<\/p>\n<p class=\"typo-p1-paragraph\">Avec une vaste palette de styles s&rsquo;entrem\u00ealant avec bonheur, le tandem a su attiser la passion d&rsquo;un public sous le charme.<\/p>\n<\/div>\n<div class=\"flex w-full flex-wrap justify-center gap-4 lg:gap-8 my-10 print:hidden\"><button class=\"btn relative btn-sm btn-primary !normal-case\" type=\"button\">Commenter<\/button><\/p>\n<div class=\"inline-flex items-center gap-2 \">\n<p class=\"typo-p2-paragraph\">Partager :<\/p>\n<\/div>\n<\/div>\n<p> Cet article, qui traite du th\u00e8me \u00ab\u00a0Festival Jazz et musique en mode guinguette\u00a0\u00bb, vous est d\u00e9lib\u00e9r\u00e9ment offert par festivox.fr. La raison d\u2019\u00eatre de festivox.fr est de parler de Festival Jazz et musique en mode guinguette dans la transparence la plus g\u00e9n\u00e9rale en vous procurant la visibilit\u00e9 de tout ce qui est publi\u00e9 sur ce sujet sur le web La chronique a \u00e9t\u00e9 g\u00e9n\u00e9r\u00e9e de la mani\u00e8re la plus honn\u00eate que possible. S\u2019il advenait que vous projetez d\u2019apporter quelques notes concernant le domaine de \u00ab\u00a0Festival Jazz et musique en mode guinguette\u00a0\u00bb vous avez la possibilit\u00e9 de d&rsquo;\u00e9changer avec notre r\u00e9daction. Dans peu de temps, on mettra en ligne d&rsquo;autres informations pertinentes autour du sujet \u00ab\u00a0Festival Jazz et musique en mode guinguette\u00a0\u00bb. Ainsi, consultez r\u00e9guli\u00e8rement notre site.<\/p>\n","protected":false},"excerpt":{"rendered":"<p>Une prestation de haute vol\u00e9e, articul\u00e9e autour de standards du jazz et compositions de Marcel Loeffler. \u00a9&nbsp; ph S.G La saison 2016-2017 d&rsquo;Absolument Jazz, s\u00e9rie de concerts propos\u00e9e par l&rsquo;association After the Crescent, a d\u00e9but\u00e9 hier soir au th\u00e9\u00e2tre Jacques-C\u0153ur avec un duo in\u00e9dit, Marcel Loeffler et \u00c9tienne D\u00e9confin, qui a r\u00e9concili\u00e9 les instruments du&hellip;<\/p>\n","protected":false},"author":1,"featured_media":1251,"comment_status":"closed","ping_status":"closed","sticky":false,"template":"","format":"standard","meta":{"footnotes":""},"categories":[3],"tags":[],"class_list":["post-1250","post","type-post","status-publish","format-standard","has-post-thumbnail","hentry","category-wiki-sur-festival-jazz-et-musique-en-mode-guinguette"],"yoast_head":"<!-- This site is optimized with the Yoast SEO plugin v27.5 - https:\/\/yoast.com\/product\/yoast-seo-wordpress\/ -->\n<title>Ils ont r\u00e9concili\u00e9 les instruments du jazz et de la java - FESTIVOX<\/title>\n<meta name=\"robots\" content=\"index, follow, max-snippet:-1, max-image-preview:large, max-video-preview:-1\" \/>\n<link rel=\"canonical\" href=\"https:\/\/www.festivox.fr\/blog\/ils-ont-reconcilie-les-instruments-du-jazz-et-de-la-java\/\" \/>\n<meta property=\"og:locale\" content=\"fr_FR\" \/>\n<meta property=\"og:type\" content=\"article\" \/>\n<meta property=\"og:title\" content=\"Ils ont r\u00e9concili\u00e9 les instruments du jazz et de la java - FESTIVOX\" \/>\n<meta property=\"og:description\" content=\"Une prestation de haute vol\u00e9e, articul\u00e9e autour de standards du jazz et compositions de Marcel Loeffler. \u00a9&nbsp; ph S.G La saison 2016-2017 d&rsquo;Absolument Jazz, s\u00e9rie de concerts propos\u00e9e par l&rsquo;association After the Crescent, a d\u00e9but\u00e9 hier soir au th\u00e9\u00e2tre Jacques-C\u0153ur avec un duo in\u00e9dit, Marcel Loeffler et \u00c9tienne D\u00e9confin, qui a r\u00e9concili\u00e9 les instruments du&hellip;\" \/>\n<meta property=\"og:url\" content=\"https:\/\/www.festivox.fr\/blog\/ils-ont-reconcilie-les-instruments-du-jazz-et-de-la-java\/\" \/>\n<meta property=\"og:site_name\" content=\"FESTIVOX\" \/>\n<meta property=\"article:published_time\" content=\"2016-10-12T17:06:00+00:00\" \/>\n<meta property=\"og:image\" content=\"https:\/\/www.festivox.fr\/blog\/wp-content\/uploads\/2025\/09\/ils-ont-reconcilie-les-instruments-du-jazz-et-de-la-java.webp\" \/>\n<meta name=\"author\" content=\"Michele\" \/>\n<meta name=\"twitter:card\" content=\"summary_large_image\" \/>\n<meta name=\"twitter:label1\" content=\"\u00c9crit par\" \/>\n\t<meta name=\"twitter:data1\" content=\"Michele\" \/>\n\t<meta name=\"twitter:label2\" content=\"Dur\u00e9e de lecture estim\u00e9e\" \/>\n\t<meta name=\"twitter:data2\" content=\"2 minutes\" \/>\n<script type=\"application\/ld+json\" class=\"yoast-schema-graph\">{\"@context\":\"https:\\\/\\\/schema.org\",\"@graph\":[{\"@type\":\"Article\",\"@id\":\"https:\\\/\\\/www.festivox.fr\\\/blog\\\/ils-ont-reconcilie-les-instruments-du-jazz-et-de-la-java\\\/#article\",\"isPartOf\":{\"@id\":\"https:\\\/\\\/www.festivox.fr\\\/blog\\\/ils-ont-reconcilie-les-instruments-du-jazz-et-de-la-java\\\/\"},\"author\":{\"name\":\"Michele\",\"@id\":\"https:\\\/\\\/www.festivox.fr\\\/blog\\\/#\\\/schema\\\/person\\\/f36a8b6bc94800c3eafed4bca993ce95\"},\"headline\":\"Ils ont r\u00e9concili\u00e9 les instruments du jazz et de la java\",\"datePublished\":\"2016-10-12T17:06:00+00:00\",\"mainEntityOfPage\":{\"@id\":\"https:\\\/\\\/www.festivox.fr\\\/blog\\\/ils-ont-reconcilie-les-instruments-du-jazz-et-de-la-java\\\/\"},\"wordCount\":408,\"publisher\":{\"@id\":\"https:\\\/\\\/www.festivox.fr\\\/blog\\\/#organization\"},\"image\":{\"@id\":\"https:\\\/\\\/www.festivox.fr\\\/blog\\\/ils-ont-reconcilie-les-instruments-du-jazz-et-de-la-java\\\/#primaryimage\"},\"thumbnailUrl\":\"https:\\\/\\\/www.festivox.fr\\\/blog\\\/wp-content\\\/uploads\\\/2025\\\/09\\\/ils-ont-reconcilie-les-instruments-du-jazz-et-de-la-java.webp\",\"articleSection\":[\"Wiki Sur Festival Jazz Et Musique En Mode Guinguette:\"],\"inLanguage\":\"fr-FR\"},{\"@type\":\"WebPage\",\"@id\":\"https:\\\/\\\/www.festivox.fr\\\/blog\\\/ils-ont-reconcilie-les-instruments-du-jazz-et-de-la-java\\\/\",\"url\":\"https:\\\/\\\/www.festivox.fr\\\/blog\\\/ils-ont-reconcilie-les-instruments-du-jazz-et-de-la-java\\\/\",\"name\":\"Ils ont r\u00e9concili\u00e9 les instruments du jazz et de la java - FESTIVOX\",\"isPartOf\":{\"@id\":\"https:\\\/\\\/www.festivox.fr\\\/blog\\\/#website\"},\"primaryImageOfPage\":{\"@id\":\"https:\\\/\\\/www.festivox.fr\\\/blog\\\/ils-ont-reconcilie-les-instruments-du-jazz-et-de-la-java\\\/#primaryimage\"},\"image\":{\"@id\":\"https:\\\/\\\/www.festivox.fr\\\/blog\\\/ils-ont-reconcilie-les-instruments-du-jazz-et-de-la-java\\\/#primaryimage\"},\"thumbnailUrl\":\"https:\\\/\\\/www.festivox.fr\\\/blog\\\/wp-content\\\/uploads\\\/2025\\\/09\\\/ils-ont-reconcilie-les-instruments-du-jazz-et-de-la-java.webp\",\"datePublished\":\"2016-10-12T17:06:00+00:00\",\"breadcrumb\":{\"@id\":\"https:\\\/\\\/www.festivox.fr\\\/blog\\\/ils-ont-reconcilie-les-instruments-du-jazz-et-de-la-java\\\/#breadcrumb\"},\"inLanguage\":\"fr-FR\",\"potentialAction\":[{\"@type\":\"ReadAction\",\"target\":[\"https:\\\/\\\/www.festivox.fr\\\/blog\\\/ils-ont-reconcilie-les-instruments-du-jazz-et-de-la-java\\\/\"]}]},{\"@type\":\"ImageObject\",\"inLanguage\":\"fr-FR\",\"@id\":\"https:\\\/\\\/www.festivox.fr\\\/blog\\\/ils-ont-reconcilie-les-instruments-du-jazz-et-de-la-java\\\/#primaryimage\",\"url\":\"https:\\\/\\\/www.festivox.fr\\\/blog\\\/wp-content\\\/uploads\\\/2025\\\/09\\\/ils-ont-reconcilie-les-instruments-du-jazz-et-de-la-java.webp\",\"contentUrl\":\"https:\\\/\\\/www.festivox.fr\\\/blog\\\/wp-content\\\/uploads\\\/2025\\\/09\\\/ils-ont-reconcilie-les-instruments-du-jazz-et-de-la-java.webp\",\"width\":657,\"height\":438},{\"@type\":\"BreadcrumbList\",\"@id\":\"https:\\\/\\\/www.festivox.fr\\\/blog\\\/ils-ont-reconcilie-les-instruments-du-jazz-et-de-la-java\\\/#breadcrumb\",\"itemListElement\":[{\"@type\":\"ListItem\",\"position\":1,\"name\":\"Accueil\",\"item\":\"https:\\\/\\\/www.festivox.fr\\\/blog\\\/\"},{\"@type\":\"ListItem\",\"position\":2,\"name\":\"Ils ont r\u00e9concili\u00e9 les instruments du jazz et de la java\"}]},{\"@type\":\"WebSite\",\"@id\":\"https:\\\/\\\/www.festivox.fr\\\/blog\\\/#website\",\"url\":\"https:\\\/\\\/www.festivox.fr\\\/blog\\\/\",\"name\":\"FESTIVOX\",\"description\":\"Festival en mode guinguette.\",\"publisher\":{\"@id\":\"https:\\\/\\\/www.festivox.fr\\\/blog\\\/#organization\"},\"potentialAction\":[{\"@type\":\"SearchAction\",\"target\":{\"@type\":\"EntryPoint\",\"urlTemplate\":\"https:\\\/\\\/www.festivox.fr\\\/blog\\\/?s={search_term_string}\"},\"query-input\":{\"@type\":\"PropertyValueSpecification\",\"valueRequired\":true,\"valueName\":\"search_term_string\"}}],\"inLanguage\":\"fr-FR\"},{\"@type\":\"Organization\",\"@id\":\"https:\\\/\\\/www.festivox.fr\\\/blog\\\/#organization\",\"name\":\"festivox\",\"url\":\"https:\\\/\\\/www.festivox.fr\\\/blog\\\/\",\"logo\":{\"@type\":\"ImageObject\",\"inLanguage\":\"fr-FR\",\"@id\":\"https:\\\/\\\/www.festivox.fr\\\/blog\\\/#\\\/schema\\\/logo\\\/image\\\/\",\"url\":\"https:\\\/\\\/www.festivox.fr\\\/blog\\\/wp-content\\\/uploads\\\/2023\\\/06\\\/logo-2.png\",\"contentUrl\":\"https:\\\/\\\/www.festivox.fr\\\/blog\\\/wp-content\\\/uploads\\\/2023\\\/06\\\/logo-2.png\",\"width\":480,\"height\":160,\"caption\":\"festivox\"},\"image\":{\"@id\":\"https:\\\/\\\/www.festivox.fr\\\/blog\\\/#\\\/schema\\\/logo\\\/image\\\/\"}},{\"@type\":\"Person\",\"@id\":\"https:\\\/\\\/www.festivox.fr\\\/blog\\\/#\\\/schema\\\/person\\\/f36a8b6bc94800c3eafed4bca993ce95\",\"name\":\"Michele\",\"image\":{\"@type\":\"ImageObject\",\"inLanguage\":\"fr-FR\",\"@id\":\"https:\\\/\\\/secure.gravatar.com\\\/avatar\\\/b062046536b5d47ec9075956ec349ef95ed06b0f910c578f74abb318668b702e?s=96&d=mm&r=g\",\"url\":\"https:\\\/\\\/secure.gravatar.com\\\/avatar\\\/b062046536b5d47ec9075956ec349ef95ed06b0f910c578f74abb318668b702e?s=96&d=mm&r=g\",\"contentUrl\":\"https:\\\/\\\/secure.gravatar.com\\\/avatar\\\/b062046536b5d47ec9075956ec349ef95ed06b0f910c578f74abb318668b702e?s=96&d=mm&r=g\",\"caption\":\"Michele\"},\"sameAs\":[\"https:\\\/\\\/www.festivox.fr\\\/blog\"],\"url\":\"https:\\\/\\\/www.festivox.fr\\\/blog\\\/author\\\/voxadmin\\\/\"}]}<\/script>\n<!-- \/ Yoast SEO plugin. -->","yoast_head_json":{"title":"Ils ont r\u00e9concili\u00e9 les instruments du jazz et de la java - FESTIVOX","robots":{"index":"index","follow":"follow","max-snippet":"max-snippet:-1","max-image-preview":"max-image-preview:large","max-video-preview":"max-video-preview:-1"},"canonical":"https:\/\/www.festivox.fr\/blog\/ils-ont-reconcilie-les-instruments-du-jazz-et-de-la-java\/","og_locale":"fr_FR","og_type":"article","og_title":"Ils ont r\u00e9concili\u00e9 les instruments du jazz et de la java - FESTIVOX","og_description":"Une prestation de haute vol\u00e9e, articul\u00e9e autour de standards du jazz et compositions de Marcel Loeffler. \u00a9&nbsp; ph S.G La saison 2016-2017 d&rsquo;Absolument Jazz, s\u00e9rie de concerts propos\u00e9e par l&rsquo;association After the Crescent, a d\u00e9but\u00e9 hier soir au th\u00e9\u00e2tre Jacques-C\u0153ur avec un duo in\u00e9dit, Marcel Loeffler et \u00c9tienne D\u00e9confin, qui a r\u00e9concili\u00e9 les instruments du&hellip;","og_url":"https:\/\/www.festivox.fr\/blog\/ils-ont-reconcilie-les-instruments-du-jazz-et-de-la-java\/","og_site_name":"FESTIVOX","article_published_time":"2016-10-12T17:06:00+00:00","og_image":[{"url":"https:\/\/www.festivox.fr\/blog\/wp-content\/uploads\/2025\/09\/ils-ont-reconcilie-les-instruments-du-jazz-et-de-la-java.webp","type":"","width":"","height":""}],"author":"Michele","twitter_card":"summary_large_image","twitter_misc":{"\u00c9crit par":"Michele","Dur\u00e9e de lecture estim\u00e9e":"2 minutes"},"schema":{"@context":"https:\/\/schema.org","@graph":[{"@type":"Article","@id":"https:\/\/www.festivox.fr\/blog\/ils-ont-reconcilie-les-instruments-du-jazz-et-de-la-java\/#article","isPartOf":{"@id":"https:\/\/www.festivox.fr\/blog\/ils-ont-reconcilie-les-instruments-du-jazz-et-de-la-java\/"},"author":{"name":"Michele","@id":"https:\/\/www.festivox.fr\/blog\/#\/schema\/person\/f36a8b6bc94800c3eafed4bca993ce95"},"headline":"Ils ont r\u00e9concili\u00e9 les instruments du jazz et de la java","datePublished":"2016-10-12T17:06:00+00:00","mainEntityOfPage":{"@id":"https:\/\/www.festivox.fr\/blog\/ils-ont-reconcilie-les-instruments-du-jazz-et-de-la-java\/"},"wordCount":408,"publisher":{"@id":"https:\/\/www.festivox.fr\/blog\/#organization"},"image":{"@id":"https:\/\/www.festivox.fr\/blog\/ils-ont-reconcilie-les-instruments-du-jazz-et-de-la-java\/#primaryimage"},"thumbnailUrl":"https:\/\/www.festivox.fr\/blog\/wp-content\/uploads\/2025\/09\/ils-ont-reconcilie-les-instruments-du-jazz-et-de-la-java.webp","articleSection":["Wiki Sur Festival Jazz Et Musique En Mode Guinguette:"],"inLanguage":"fr-FR"},{"@type":"WebPage","@id":"https:\/\/www.festivox.fr\/blog\/ils-ont-reconcilie-les-instruments-du-jazz-et-de-la-java\/","url":"https:\/\/www.festivox.fr\/blog\/ils-ont-reconcilie-les-instruments-du-jazz-et-de-la-java\/","name":"Ils ont r\u00e9concili\u00e9 les instruments du jazz et de la java - FESTIVOX","isPartOf":{"@id":"https:\/\/www.festivox.fr\/blog\/#website"},"primaryImageOfPage":{"@id":"https:\/\/www.festivox.fr\/blog\/ils-ont-reconcilie-les-instruments-du-jazz-et-de-la-java\/#primaryimage"},"image":{"@id":"https:\/\/www.festivox.fr\/blog\/ils-ont-reconcilie-les-instruments-du-jazz-et-de-la-java\/#primaryimage"},"thumbnailUrl":"https:\/\/www.festivox.fr\/blog\/wp-content\/uploads\/2025\/09\/ils-ont-reconcilie-les-instruments-du-jazz-et-de-la-java.webp","datePublished":"2016-10-12T17:06:00+00:00","breadcrumb":{"@id":"https:\/\/www.festivox.fr\/blog\/ils-ont-reconcilie-les-instruments-du-jazz-et-de-la-java\/#breadcrumb"},"inLanguage":"fr-FR","potentialAction":[{"@type":"ReadAction","target":["https:\/\/www.festivox.fr\/blog\/ils-ont-reconcilie-les-instruments-du-jazz-et-de-la-java\/"]}]},{"@type":"ImageObject","inLanguage":"fr-FR","@id":"https:\/\/www.festivox.fr\/blog\/ils-ont-reconcilie-les-instruments-du-jazz-et-de-la-java\/#primaryimage","url":"https:\/\/www.festivox.fr\/blog\/wp-content\/uploads\/2025\/09\/ils-ont-reconcilie-les-instruments-du-jazz-et-de-la-java.webp","contentUrl":"https:\/\/www.festivox.fr\/blog\/wp-content\/uploads\/2025\/09\/ils-ont-reconcilie-les-instruments-du-jazz-et-de-la-java.webp","width":657,"height":438},{"@type":"BreadcrumbList","@id":"https:\/\/www.festivox.fr\/blog\/ils-ont-reconcilie-les-instruments-du-jazz-et-de-la-java\/#breadcrumb","itemListElement":[{"@type":"ListItem","position":1,"name":"Accueil","item":"https:\/\/www.festivox.fr\/blog\/"},{"@type":"ListItem","position":2,"name":"Ils ont r\u00e9concili\u00e9 les instruments du jazz et de la java"}]},{"@type":"WebSite","@id":"https:\/\/www.festivox.fr\/blog\/#website","url":"https:\/\/www.festivox.fr\/blog\/","name":"FESTIVOX","description":"Festival en mode guinguette.","publisher":{"@id":"https:\/\/www.festivox.fr\/blog\/#organization"},"potentialAction":[{"@type":"SearchAction","target":{"@type":"EntryPoint","urlTemplate":"https:\/\/www.festivox.fr\/blog\/?s={search_term_string}"},"query-input":{"@type":"PropertyValueSpecification","valueRequired":true,"valueName":"search_term_string"}}],"inLanguage":"fr-FR"},{"@type":"Organization","@id":"https:\/\/www.festivox.fr\/blog\/#organization","name":"festivox","url":"https:\/\/www.festivox.fr\/blog\/","logo":{"@type":"ImageObject","inLanguage":"fr-FR","@id":"https:\/\/www.festivox.fr\/blog\/#\/schema\/logo\/image\/","url":"https:\/\/www.festivox.fr\/blog\/wp-content\/uploads\/2023\/06\/logo-2.png","contentUrl":"https:\/\/www.festivox.fr\/blog\/wp-content\/uploads\/2023\/06\/logo-2.png","width":480,"height":160,"caption":"festivox"},"image":{"@id":"https:\/\/www.festivox.fr\/blog\/#\/schema\/logo\/image\/"}},{"@type":"Person","@id":"https:\/\/www.festivox.fr\/blog\/#\/schema\/person\/f36a8b6bc94800c3eafed4bca993ce95","name":"Michele","image":{"@type":"ImageObject","inLanguage":"fr-FR","@id":"https:\/\/secure.gravatar.com\/avatar\/b062046536b5d47ec9075956ec349ef95ed06b0f910c578f74abb318668b702e?s=96&d=mm&r=g","url":"https:\/\/secure.gravatar.com\/avatar\/b062046536b5d47ec9075956ec349ef95ed06b0f910c578f74abb318668b702e?s=96&d=mm&r=g","contentUrl":"https:\/\/secure.gravatar.com\/avatar\/b062046536b5d47ec9075956ec349ef95ed06b0f910c578f74abb318668b702e?s=96&d=mm&r=g","caption":"Michele"},"sameAs":["https:\/\/www.festivox.fr\/blog"],"url":"https:\/\/www.festivox.fr\/blog\/author\/voxadmin\/"}]}},"_links":{"self":[{"href":"https:\/\/www.festivox.fr\/blog\/wp-json\/wp\/v2\/posts\/1250","targetHints":{"allow":["GET"]}}],"collection":[{"href":"https:\/\/www.festivox.fr\/blog\/wp-json\/wp\/v2\/posts"}],"about":[{"href":"https:\/\/www.festivox.fr\/blog\/wp-json\/wp\/v2\/types\/post"}],"author":[{"embeddable":true,"href":"https:\/\/www.festivox.fr\/blog\/wp-json\/wp\/v2\/users\/1"}],"replies":[{"embeddable":true,"href":"https:\/\/www.festivox.fr\/blog\/wp-json\/wp\/v2\/comments?post=1250"}],"version-history":[{"count":0,"href":"https:\/\/www.festivox.fr\/blog\/wp-json\/wp\/v2\/posts\/1250\/revisions"}],"wp:featuredmedia":[{"embeddable":true,"href":"https:\/\/www.festivox.fr\/blog\/wp-json\/wp\/v2\/media\/1251"}],"wp:attachment":[{"href":"https:\/\/www.festivox.fr\/blog\/wp-json\/wp\/v2\/media?parent=1250"}],"wp:term":[{"taxonomy":"category","embeddable":true,"href":"https:\/\/www.festivox.fr\/blog\/wp-json\/wp\/v2\/categories?post=1250"},{"taxonomy":"post_tag","embeddable":true,"href":"https:\/\/www.festivox.fr\/blog\/wp-json\/wp\/v2\/tags?post=1250"}],"curies":[{"name":"wp","href":"https:\/\/api.w.org\/{rel}","templated":true}]}}