{"id":1239,"date":"2025-07-31T10:51:00","date_gmt":"2025-07-31T08:51:00","guid":{"rendered":"https:\/\/www.festivox.fr\/blog\/que-faire-ce-vendredi-1er-aout-en-centre-bretagne\/"},"modified":"2025-07-31T10:51:00","modified_gmt":"2025-07-31T08:51:00","slug":"que-faire-ce-vendredi-1er-aout-en-centre-bretagne","status":"publish","type":"post","link":"https:\/\/www.festivox.fr\/blog\/que-faire-ce-vendredi-1er-aout-en-centre-bretagne\/","title":{"rendered":"Que faire ce vendredi 1er ao\u00fbt en Centre-Bretagne"},"content":{"rendered":"\n<div><img decoding=\"async\" src=\"https:\/\/www.festivox.fr\/blog\/wp-content\/uploads\/2025\/07\/que-faire-ce-vendredi-1er-aout-en-centre-bretagne.jpg\" class=\"ff-og-image-inserted\"><\/div>\n<div>\n<h2 class=\"numero\">1 Festival de jazz au Men\u00e9<\/h2>\n<p>Jazz in Langourla revient ce week-end, du 1er au 3 ao\u00fbt 2025&nbsp;: <a href=\"https:\/\/www.letelegramme.fr\/cotes-d-armor\/loudeac-22600\/les-30-ans-du-festival-jazz-in-langourla-cest-ce-week-end-au-mene-6864182.php\" target=\"_blank\" rel=\"nofollow\">le festival f\u00eatera son 30e anniversaire<\/a>. Une \u00e9dition sp\u00e9ciale avec une programmation compos\u00e9e d\u2019artistes proches du festival. N\u00e9 en 1996, Jazz in Langourla ne cesse de cultiver son originalit\u00e9 avec un esprit de convivialit\u00e9 et de partage. Site couvert, carri\u00e8re de granit am\u00e9nag\u00e9e, jam sessions et expositions.<\/p>\n<\/div>\n<div aria-hidden=\"true\">\n<p class=\"note\">Restauration sur place, accueil camping gratuit. <a href=\"https:\/\/jazzinlangourla.fr\/\" target=\"_blank\" rel=\"nofollow\">Renseignements sur le site web<\/a>.<\/p>\n<h2 class=\"numero\">2 Une balade nature et patrimoine \u00e0 Caurel<\/h2>\n<p>Edwige Renaud, guide-nature passionn\u00e9e et passionnante, propose une balade nature et patrimoine sur les traces des ardoisiers, charbonniers. Paysage et nature d\u2019aujourd\u2019hui, t\u00e9moins d\u2019une exploitation pass\u00e9e du bois et de la pierre aux abords du lac de Guerl\u00e9dan.<\/p>\n<\/div>\n<div aria-hidden=\"true\">\n<p class=\"note\">Rendez-vous ce vendredi 1er ao\u00fbt 2025, de 9&nbsp;h&nbsp;30 \u00e0 12&nbsp;h&nbsp;30, \u00e0 Caurel. T\u00e9l. 06&nbsp;82&nbsp;37&nbsp;81&nbsp;48.<\/p>\n<h2 class=\"numero\">3 Une escale historique \u00e0 Rohan<\/h2>\n<p>C\u2019est une nouveaut\u00e9 cette ann\u00e9e&nbsp;: si vous faites escale \u00e0 Rohan ou si vous souhaitez tout simplement mieux d\u00e9couvrir cette ville d\u2019eau et d\u2019histoire, l\u2019office de tourisme de Pontivy communaut\u00e9 vous offre la possibilit\u00e9 d\u2019une visite guid\u00e9e, intitul\u00e9e \u00ab&nbsp;Rohan au fil du canal&nbsp;\u00bb. Vous pourrez ainsi d\u00e9couvrir le berceau de la c\u00e9l\u00e8bre famille qui porte son nom, avec son canal de Nantes \u00e0 Brest, son bourg et les vestiges de son ch\u00e2teau&nbsp;! \u00c0 partir de 5 \u20ac, visite entre 13&nbsp;h&nbsp;30 \u00e0 14&nbsp;h&nbsp;30, rendez-vous \u00e0 la Maison du canal et du terroir.<\/p>\n<\/div>\n<div aria-hidden=\"true\">\n<h2 class=\"numero\">4 Un concert dans les halles de Pontivy<\/h2>\n<p>D\u00e9couvrez la musique de No Horse lors d\u2019un concert en acc\u00e8s libre \u00e0 la Cantine des halles de Pontivy, ce premier jour du mois d\u2019ao\u00fbt. No Horse, v\u00e9ritable chef d\u2019orchestre, s\u2019accompagne \u00e0 la basse, aux ch\u0153urs et aux percussions. De la Cumbia au jazz manouche, en passant par la Roumanie, l\u2019Afrique du sud, Dalida bien \u00e9videmment, Alicia Keys et la Java Bleue, les danses ne manqueront pas&nbsp;!<\/p>\n<\/div>\n<div aria-hidden=\"true\">\n<p class=\"note\">\u00c0 partir de 19&nbsp;h, \u00e0 la Cantine des halles de Pontivy, rue Lorois. Libre participation.<\/p>\n<\/div>\n<p> Cet article, qui traite du th\u00e8me \u00ab\u00a0Festival Jazz et musique en mode guinguette\u00a0\u00bb, vous est d\u00e9lib\u00e9r\u00e9ment offert par festivox.fr. La raison d\u2019\u00eatre de festivox.fr est de parler de Festival Jazz et musique en mode guinguette dans la transparence la plus g\u00e9n\u00e9rale en vous procurant la visibilit\u00e9 de tout ce qui est publi\u00e9 sur ce sujet sur le web La chronique a \u00e9t\u00e9 g\u00e9n\u00e9r\u00e9e de la mani\u00e8re la plus honn\u00eate que possible. S\u2019il advenait que vous projetez d\u2019apporter quelques notes concernant le domaine de \u00ab\u00a0Festival Jazz et musique en mode guinguette\u00a0\u00bb vous avez la possibilit\u00e9 de d&rsquo;\u00e9changer avec notre r\u00e9daction. Dans peu de temps, on mettra en ligne d&rsquo;autres informations pertinentes autour du sujet \u00ab\u00a0Festival Jazz et musique en mode guinguette\u00a0\u00bb. Ainsi, consultez r\u00e9guli\u00e8rement notre site.<\/p>\n","protected":false},"excerpt":{"rendered":"<p>1 Festival de jazz au Men\u00e9 Jazz in Langourla revient ce week-end, du 1er au 3 ao\u00fbt 2025&nbsp;: le festival f\u00eatera son 30e anniversaire. Une \u00e9dition sp\u00e9ciale avec une programmation compos\u00e9e d\u2019artistes proches du festival. N\u00e9 en 1996, Jazz in Langourla ne cesse de cultiver son originalit\u00e9 avec un esprit de convivialit\u00e9 et de partage.&hellip;<\/p>\n","protected":false},"author":1,"featured_media":1240,"comment_status":"closed","ping_status":"closed","sticky":false,"template":"","format":"standard","meta":{"footnotes":""},"categories":[3],"tags":[],"class_list":["post-1239","post","type-post","status-publish","format-standard","has-post-thumbnail","hentry","category-wiki-sur-festival-jazz-et-musique-en-mode-guinguette"],"yoast_head":"<!-- This site is optimized with the Yoast SEO plugin v27.5 - https:\/\/yoast.com\/product\/yoast-seo-wordpress\/ -->\n<title>Que faire ce vendredi 1er ao\u00fbt en Centre-Bretagne - FESTIVOX<\/title>\n<meta name=\"robots\" content=\"index, follow, max-snippet:-1, max-image-preview:large, max-video-preview:-1\" \/>\n<link rel=\"canonical\" href=\"https:\/\/www.festivox.fr\/blog\/que-faire-ce-vendredi-1er-aout-en-centre-bretagne\/\" \/>\n<meta property=\"og:locale\" content=\"fr_FR\" \/>\n<meta property=\"og:type\" content=\"article\" \/>\n<meta property=\"og:title\" content=\"Que faire ce vendredi 1er ao\u00fbt en Centre-Bretagne - FESTIVOX\" \/>\n<meta property=\"og:description\" content=\"1 Festival de jazz au Men\u00e9 Jazz in Langourla revient ce week-end, du 1er au 3 ao\u00fbt 2025&nbsp;: le festival f\u00eatera son 30e anniversaire. Une \u00e9dition sp\u00e9ciale avec une programmation compos\u00e9e d\u2019artistes proches du festival. N\u00e9 en 1996, Jazz in Langourla ne cesse de cultiver son originalit\u00e9 avec un esprit de convivialit\u00e9 et de partage.&hellip;\" \/>\n<meta property=\"og:url\" content=\"https:\/\/www.festivox.fr\/blog\/que-faire-ce-vendredi-1er-aout-en-centre-bretagne\/\" \/>\n<meta property=\"og:site_name\" content=\"FESTIVOX\" \/>\n<meta property=\"article:published_time\" content=\"2025-07-31T08:51:00+00:00\" \/>\n<meta property=\"og:image\" content=\"https:\/\/www.festivox.fr\/blog\/wp-content\/uploads\/2025\/07\/que-faire-ce-vendredi-1er-aout-en-centre-bretagne.jpg\" \/>\n<meta name=\"author\" content=\"Michele\" \/>\n<meta name=\"twitter:card\" content=\"summary_large_image\" \/>\n<meta name=\"twitter:label1\" content=\"\u00c9crit par\" \/>\n\t<meta name=\"twitter:data1\" content=\"Michele\" \/>\n\t<meta name=\"twitter:label2\" content=\"Dur\u00e9e de lecture estim\u00e9e\" \/>\n\t<meta name=\"twitter:data2\" content=\"3 minutes\" \/>\n<script type=\"application\/ld+json\" class=\"yoast-schema-graph\">{\"@context\":\"https:\\\/\\\/schema.org\",\"@graph\":[{\"@type\":\"Article\",\"@id\":\"https:\\\/\\\/www.festivox.fr\\\/blog\\\/que-faire-ce-vendredi-1er-aout-en-centre-bretagne\\\/#article\",\"isPartOf\":{\"@id\":\"https:\\\/\\\/www.festivox.fr\\\/blog\\\/que-faire-ce-vendredi-1er-aout-en-centre-bretagne\\\/\"},\"author\":{\"name\":\"Michele\",\"@id\":\"https:\\\/\\\/www.festivox.fr\\\/blog\\\/#\\\/schema\\\/person\\\/f36a8b6bc94800c3eafed4bca993ce95\"},\"headline\":\"Que faire ce vendredi 1er ao\u00fbt en Centre-Bretagne\",\"datePublished\":\"2025-07-31T08:51:00+00:00\",\"mainEntityOfPage\":{\"@id\":\"https:\\\/\\\/www.festivox.fr\\\/blog\\\/que-faire-ce-vendredi-1er-aout-en-centre-bretagne\\\/\"},\"wordCount\":512,\"publisher\":{\"@id\":\"https:\\\/\\\/www.festivox.fr\\\/blog\\\/#organization\"},\"image\":{\"@id\":\"https:\\\/\\\/www.festivox.fr\\\/blog\\\/que-faire-ce-vendredi-1er-aout-en-centre-bretagne\\\/#primaryimage\"},\"thumbnailUrl\":\"https:\\\/\\\/www.festivox.fr\\\/blog\\\/wp-content\\\/uploads\\\/2025\\\/07\\\/que-faire-ce-vendredi-1er-aout-en-centre-bretagne.jpg\",\"articleSection\":[\"Wiki Sur Festival Jazz Et Musique En Mode Guinguette:\"],\"inLanguage\":\"fr-FR\"},{\"@type\":\"WebPage\",\"@id\":\"https:\\\/\\\/www.festivox.fr\\\/blog\\\/que-faire-ce-vendredi-1er-aout-en-centre-bretagne\\\/\",\"url\":\"https:\\\/\\\/www.festivox.fr\\\/blog\\\/que-faire-ce-vendredi-1er-aout-en-centre-bretagne\\\/\",\"name\":\"Que faire ce vendredi 1er ao\u00fbt en Centre-Bretagne - FESTIVOX\",\"isPartOf\":{\"@id\":\"https:\\\/\\\/www.festivox.fr\\\/blog\\\/#website\"},\"primaryImageOfPage\":{\"@id\":\"https:\\\/\\\/www.festivox.fr\\\/blog\\\/que-faire-ce-vendredi-1er-aout-en-centre-bretagne\\\/#primaryimage\"},\"image\":{\"@id\":\"https:\\\/\\\/www.festivox.fr\\\/blog\\\/que-faire-ce-vendredi-1er-aout-en-centre-bretagne\\\/#primaryimage\"},\"thumbnailUrl\":\"https:\\\/\\\/www.festivox.fr\\\/blog\\\/wp-content\\\/uploads\\\/2025\\\/07\\\/que-faire-ce-vendredi-1er-aout-en-centre-bretagne.jpg\",\"datePublished\":\"2025-07-31T08:51:00+00:00\",\"breadcrumb\":{\"@id\":\"https:\\\/\\\/www.festivox.fr\\\/blog\\\/que-faire-ce-vendredi-1er-aout-en-centre-bretagne\\\/#breadcrumb\"},\"inLanguage\":\"fr-FR\",\"potentialAction\":[{\"@type\":\"ReadAction\",\"target\":[\"https:\\\/\\\/www.festivox.fr\\\/blog\\\/que-faire-ce-vendredi-1er-aout-en-centre-bretagne\\\/\"]}]},{\"@type\":\"ImageObject\",\"inLanguage\":\"fr-FR\",\"@id\":\"https:\\\/\\\/www.festivox.fr\\\/blog\\\/que-faire-ce-vendredi-1er-aout-en-centre-bretagne\\\/#primaryimage\",\"url\":\"https:\\\/\\\/www.festivox.fr\\\/blog\\\/wp-content\\\/uploads\\\/2025\\\/07\\\/que-faire-ce-vendredi-1er-aout-en-centre-bretagne.jpg\",\"contentUrl\":\"https:\\\/\\\/www.festivox.fr\\\/blog\\\/wp-content\\\/uploads\\\/2025\\\/07\\\/que-faire-ce-vendredi-1er-aout-en-centre-bretagne.jpg\",\"width\":1200,\"height\":750},{\"@type\":\"BreadcrumbList\",\"@id\":\"https:\\\/\\\/www.festivox.fr\\\/blog\\\/que-faire-ce-vendredi-1er-aout-en-centre-bretagne\\\/#breadcrumb\",\"itemListElement\":[{\"@type\":\"ListItem\",\"position\":1,\"name\":\"Accueil\",\"item\":\"https:\\\/\\\/www.festivox.fr\\\/blog\\\/\"},{\"@type\":\"ListItem\",\"position\":2,\"name\":\"Que faire ce vendredi 1er ao\u00fbt en Centre-Bretagne\"}]},{\"@type\":\"WebSite\",\"@id\":\"https:\\\/\\\/www.festivox.fr\\\/blog\\\/#website\",\"url\":\"https:\\\/\\\/www.festivox.fr\\\/blog\\\/\",\"name\":\"FESTIVOX\",\"description\":\"Festival en mode guinguette.\",\"publisher\":{\"@id\":\"https:\\\/\\\/www.festivox.fr\\\/blog\\\/#organization\"},\"potentialAction\":[{\"@type\":\"SearchAction\",\"target\":{\"@type\":\"EntryPoint\",\"urlTemplate\":\"https:\\\/\\\/www.festivox.fr\\\/blog\\\/?s={search_term_string}\"},\"query-input\":{\"@type\":\"PropertyValueSpecification\",\"valueRequired\":true,\"valueName\":\"search_term_string\"}}],\"inLanguage\":\"fr-FR\"},{\"@type\":\"Organization\",\"@id\":\"https:\\\/\\\/www.festivox.fr\\\/blog\\\/#organization\",\"name\":\"festivox\",\"url\":\"https:\\\/\\\/www.festivox.fr\\\/blog\\\/\",\"logo\":{\"@type\":\"ImageObject\",\"inLanguage\":\"fr-FR\",\"@id\":\"https:\\\/\\\/www.festivox.fr\\\/blog\\\/#\\\/schema\\\/logo\\\/image\\\/\",\"url\":\"https:\\\/\\\/www.festivox.fr\\\/blog\\\/wp-content\\\/uploads\\\/2023\\\/06\\\/logo-2.png\",\"contentUrl\":\"https:\\\/\\\/www.festivox.fr\\\/blog\\\/wp-content\\\/uploads\\\/2023\\\/06\\\/logo-2.png\",\"width\":480,\"height\":160,\"caption\":\"festivox\"},\"image\":{\"@id\":\"https:\\\/\\\/www.festivox.fr\\\/blog\\\/#\\\/schema\\\/logo\\\/image\\\/\"}},{\"@type\":\"Person\",\"@id\":\"https:\\\/\\\/www.festivox.fr\\\/blog\\\/#\\\/schema\\\/person\\\/f36a8b6bc94800c3eafed4bca993ce95\",\"name\":\"Michele\",\"image\":{\"@type\":\"ImageObject\",\"inLanguage\":\"fr-FR\",\"@id\":\"https:\\\/\\\/secure.gravatar.com\\\/avatar\\\/b062046536b5d47ec9075956ec349ef95ed06b0f910c578f74abb318668b702e?s=96&d=mm&r=g\",\"url\":\"https:\\\/\\\/secure.gravatar.com\\\/avatar\\\/b062046536b5d47ec9075956ec349ef95ed06b0f910c578f74abb318668b702e?s=96&d=mm&r=g\",\"contentUrl\":\"https:\\\/\\\/secure.gravatar.com\\\/avatar\\\/b062046536b5d47ec9075956ec349ef95ed06b0f910c578f74abb318668b702e?s=96&d=mm&r=g\",\"caption\":\"Michele\"},\"sameAs\":[\"https:\\\/\\\/www.festivox.fr\\\/blog\"],\"url\":\"https:\\\/\\\/www.festivox.fr\\\/blog\\\/author\\\/voxadmin\\\/\"}]}<\/script>\n<!-- \/ Yoast SEO plugin. -->","yoast_head_json":{"title":"Que faire ce vendredi 1er ao\u00fbt en Centre-Bretagne - FESTIVOX","robots":{"index":"index","follow":"follow","max-snippet":"max-snippet:-1","max-image-preview":"max-image-preview:large","max-video-preview":"max-video-preview:-1"},"canonical":"https:\/\/www.festivox.fr\/blog\/que-faire-ce-vendredi-1er-aout-en-centre-bretagne\/","og_locale":"fr_FR","og_type":"article","og_title":"Que faire ce vendredi 1er ao\u00fbt en Centre-Bretagne - FESTIVOX","og_description":"1 Festival de jazz au Men\u00e9 Jazz in Langourla revient ce week-end, du 1er au 3 ao\u00fbt 2025&nbsp;: le festival f\u00eatera son 30e anniversaire. Une \u00e9dition sp\u00e9ciale avec une programmation compos\u00e9e d\u2019artistes proches du festival. N\u00e9 en 1996, Jazz in Langourla ne cesse de cultiver son originalit\u00e9 avec un esprit de convivialit\u00e9 et de partage.&hellip;","og_url":"https:\/\/www.festivox.fr\/blog\/que-faire-ce-vendredi-1er-aout-en-centre-bretagne\/","og_site_name":"FESTIVOX","article_published_time":"2025-07-31T08:51:00+00:00","og_image":[{"url":"https:\/\/www.festivox.fr\/blog\/wp-content\/uploads\/2025\/07\/que-faire-ce-vendredi-1er-aout-en-centre-bretagne.jpg","type":"","width":"","height":""}],"author":"Michele","twitter_card":"summary_large_image","twitter_misc":{"\u00c9crit par":"Michele","Dur\u00e9e de lecture estim\u00e9e":"3 minutes"},"schema":{"@context":"https:\/\/schema.org","@graph":[{"@type":"Article","@id":"https:\/\/www.festivox.fr\/blog\/que-faire-ce-vendredi-1er-aout-en-centre-bretagne\/#article","isPartOf":{"@id":"https:\/\/www.festivox.fr\/blog\/que-faire-ce-vendredi-1er-aout-en-centre-bretagne\/"},"author":{"name":"Michele","@id":"https:\/\/www.festivox.fr\/blog\/#\/schema\/person\/f36a8b6bc94800c3eafed4bca993ce95"},"headline":"Que faire ce vendredi 1er ao\u00fbt en Centre-Bretagne","datePublished":"2025-07-31T08:51:00+00:00","mainEntityOfPage":{"@id":"https:\/\/www.festivox.fr\/blog\/que-faire-ce-vendredi-1er-aout-en-centre-bretagne\/"},"wordCount":512,"publisher":{"@id":"https:\/\/www.festivox.fr\/blog\/#organization"},"image":{"@id":"https:\/\/www.festivox.fr\/blog\/que-faire-ce-vendredi-1er-aout-en-centre-bretagne\/#primaryimage"},"thumbnailUrl":"https:\/\/www.festivox.fr\/blog\/wp-content\/uploads\/2025\/07\/que-faire-ce-vendredi-1er-aout-en-centre-bretagne.jpg","articleSection":["Wiki Sur Festival Jazz Et Musique En Mode Guinguette:"],"inLanguage":"fr-FR"},{"@type":"WebPage","@id":"https:\/\/www.festivox.fr\/blog\/que-faire-ce-vendredi-1er-aout-en-centre-bretagne\/","url":"https:\/\/www.festivox.fr\/blog\/que-faire-ce-vendredi-1er-aout-en-centre-bretagne\/","name":"Que faire ce vendredi 1er ao\u00fbt en Centre-Bretagne - FESTIVOX","isPartOf":{"@id":"https:\/\/www.festivox.fr\/blog\/#website"},"primaryImageOfPage":{"@id":"https:\/\/www.festivox.fr\/blog\/que-faire-ce-vendredi-1er-aout-en-centre-bretagne\/#primaryimage"},"image":{"@id":"https:\/\/www.festivox.fr\/blog\/que-faire-ce-vendredi-1er-aout-en-centre-bretagne\/#primaryimage"},"thumbnailUrl":"https:\/\/www.festivox.fr\/blog\/wp-content\/uploads\/2025\/07\/que-faire-ce-vendredi-1er-aout-en-centre-bretagne.jpg","datePublished":"2025-07-31T08:51:00+00:00","breadcrumb":{"@id":"https:\/\/www.festivox.fr\/blog\/que-faire-ce-vendredi-1er-aout-en-centre-bretagne\/#breadcrumb"},"inLanguage":"fr-FR","potentialAction":[{"@type":"ReadAction","target":["https:\/\/www.festivox.fr\/blog\/que-faire-ce-vendredi-1er-aout-en-centre-bretagne\/"]}]},{"@type":"ImageObject","inLanguage":"fr-FR","@id":"https:\/\/www.festivox.fr\/blog\/que-faire-ce-vendredi-1er-aout-en-centre-bretagne\/#primaryimage","url":"https:\/\/www.festivox.fr\/blog\/wp-content\/uploads\/2025\/07\/que-faire-ce-vendredi-1er-aout-en-centre-bretagne.jpg","contentUrl":"https:\/\/www.festivox.fr\/blog\/wp-content\/uploads\/2025\/07\/que-faire-ce-vendredi-1er-aout-en-centre-bretagne.jpg","width":1200,"height":750},{"@type":"BreadcrumbList","@id":"https:\/\/www.festivox.fr\/blog\/que-faire-ce-vendredi-1er-aout-en-centre-bretagne\/#breadcrumb","itemListElement":[{"@type":"ListItem","position":1,"name":"Accueil","item":"https:\/\/www.festivox.fr\/blog\/"},{"@type":"ListItem","position":2,"name":"Que faire ce vendredi 1er ao\u00fbt en Centre-Bretagne"}]},{"@type":"WebSite","@id":"https:\/\/www.festivox.fr\/blog\/#website","url":"https:\/\/www.festivox.fr\/blog\/","name":"FESTIVOX","description":"Festival en mode guinguette.","publisher":{"@id":"https:\/\/www.festivox.fr\/blog\/#organization"},"potentialAction":[{"@type":"SearchAction","target":{"@type":"EntryPoint","urlTemplate":"https:\/\/www.festivox.fr\/blog\/?s={search_term_string}"},"query-input":{"@type":"PropertyValueSpecification","valueRequired":true,"valueName":"search_term_string"}}],"inLanguage":"fr-FR"},{"@type":"Organization","@id":"https:\/\/www.festivox.fr\/blog\/#organization","name":"festivox","url":"https:\/\/www.festivox.fr\/blog\/","logo":{"@type":"ImageObject","inLanguage":"fr-FR","@id":"https:\/\/www.festivox.fr\/blog\/#\/schema\/logo\/image\/","url":"https:\/\/www.festivox.fr\/blog\/wp-content\/uploads\/2023\/06\/logo-2.png","contentUrl":"https:\/\/www.festivox.fr\/blog\/wp-content\/uploads\/2023\/06\/logo-2.png","width":480,"height":160,"caption":"festivox"},"image":{"@id":"https:\/\/www.festivox.fr\/blog\/#\/schema\/logo\/image\/"}},{"@type":"Person","@id":"https:\/\/www.festivox.fr\/blog\/#\/schema\/person\/f36a8b6bc94800c3eafed4bca993ce95","name":"Michele","image":{"@type":"ImageObject","inLanguage":"fr-FR","@id":"https:\/\/secure.gravatar.com\/avatar\/b062046536b5d47ec9075956ec349ef95ed06b0f910c578f74abb318668b702e?s=96&d=mm&r=g","url":"https:\/\/secure.gravatar.com\/avatar\/b062046536b5d47ec9075956ec349ef95ed06b0f910c578f74abb318668b702e?s=96&d=mm&r=g","contentUrl":"https:\/\/secure.gravatar.com\/avatar\/b062046536b5d47ec9075956ec349ef95ed06b0f910c578f74abb318668b702e?s=96&d=mm&r=g","caption":"Michele"},"sameAs":["https:\/\/www.festivox.fr\/blog"],"url":"https:\/\/www.festivox.fr\/blog\/author\/voxadmin\/"}]}},"_links":{"self":[{"href":"https:\/\/www.festivox.fr\/blog\/wp-json\/wp\/v2\/posts\/1239","targetHints":{"allow":["GET"]}}],"collection":[{"href":"https:\/\/www.festivox.fr\/blog\/wp-json\/wp\/v2\/posts"}],"about":[{"href":"https:\/\/www.festivox.fr\/blog\/wp-json\/wp\/v2\/types\/post"}],"author":[{"embeddable":true,"href":"https:\/\/www.festivox.fr\/blog\/wp-json\/wp\/v2\/users\/1"}],"replies":[{"embeddable":true,"href":"https:\/\/www.festivox.fr\/blog\/wp-json\/wp\/v2\/comments?post=1239"}],"version-history":[{"count":0,"href":"https:\/\/www.festivox.fr\/blog\/wp-json\/wp\/v2\/posts\/1239\/revisions"}],"wp:featuredmedia":[{"embeddable":true,"href":"https:\/\/www.festivox.fr\/blog\/wp-json\/wp\/v2\/media\/1240"}],"wp:attachment":[{"href":"https:\/\/www.festivox.fr\/blog\/wp-json\/wp\/v2\/media?parent=1239"}],"wp:term":[{"taxonomy":"category","embeddable":true,"href":"https:\/\/www.festivox.fr\/blog\/wp-json\/wp\/v2\/categories?post=1239"},{"taxonomy":"post_tag","embeddable":true,"href":"https:\/\/www.festivox.fr\/blog\/wp-json\/wp\/v2\/tags?post=1239"}],"curies":[{"name":"wp","href":"https:\/\/api.w.org\/{rel}","templated":true}]}}