{"id":1226,"date":"2016-08-23T04:22:00","date_gmt":"2016-08-23T02:22:00","guid":{"rendered":"https:\/\/www.festivox.fr\/blog\/concert-entre-jazz-et-java-au-the-quercynol-ladepeche-fr\/"},"modified":"2016-08-23T04:22:00","modified_gmt":"2016-08-23T02:22:00","slug":"concert-entre-jazz-et-java-au-the-quercynol-ladepeche-fr","status":"publish","type":"post","link":"https:\/\/www.festivox.fr\/blog\/concert-entre-jazz-et-java-au-the-quercynol-ladepeche-fr\/","title":{"rendered":"Concert entre jazz et java au Th\u00e9 Quercynol &#8211; ladepeche.fr"},"content":{"rendered":"\n<div><img decoding=\"async\" src=\"https:\/\/www.festivox.fr\/blog\/wp-content\/uploads\/2025\/07\/concert-entre-jazz-et-java-au-the-quercynol-ladepeche-fr.jpg\" class=\"ff-og-image-inserted\"><\/div>\n<p>Vendredi 19 ao\u00fbt \u00e0 partir de 21 heures, avait lieu au Th\u00e9 Quercynol un concert \u00abEntre jazz et java trio\u00bb, des chansons de Claude Nougaro, mais aussi de la musique sud-am\u00e9ricaine, notamment de la musique br\u00e9silienne bien d&rsquo;actualit\u00e9 en ce moment. Le public n&rsquo;a pas boud\u00e9 ce superbe concert et toutes les tables du Quercynol affichaient complet, car avant le concert un couscous \u00e9tait servi. Des transats \u00e9taient install\u00e9s pour les spectateurs venus simplement pour \u00e9couter le concert devant une boisson fra\u00eeche. Du bonheur pour ce petit village au grand dynamisme, toujours pr\u00eat \u00e0 montrer aux touristes que l&rsquo;art du bien vivre \u00e0 pignon sur \u00abrue\u00bb dans notre vieux Quercy. Prochain rendez-vous : dimanche 21 ao\u00fbt \u00e0 partir de 19 h 30, avec Leila, pour un Ap\u00e9ro \u00e9lectro swing, avec des musiques des ann\u00e9es folles. R\u00e9servation au 06 50 89 71 67.<\/p>\n<p> Cet article, qui traite du th\u00e8me \u00ab\u00a0Festival Jazz et musique en mode guinguette\u00a0\u00bb, vous est d\u00e9lib\u00e9r\u00e9ment offert par festivox.fr. La raison d\u2019\u00eatre de festivox.fr est de parler de Festival Jazz et musique en mode guinguette dans la transparence la plus g\u00e9n\u00e9rale en vous procurant la visibilit\u00e9 de tout ce qui est publi\u00e9 sur ce sujet sur le web La chronique a \u00e9t\u00e9 g\u00e9n\u00e9r\u00e9e de la mani\u00e8re la plus honn\u00eate que possible. S\u2019il advenait que vous projetez d\u2019apporter quelques notes concernant le domaine de \u00ab\u00a0Festival Jazz et musique en mode guinguette\u00a0\u00bb vous avez la possibilit\u00e9 de d&rsquo;\u00e9changer avec notre r\u00e9daction. Dans peu de temps, on mettra en ligne d&rsquo;autres informations pertinentes autour du sujet \u00ab\u00a0Festival Jazz et musique en mode guinguette\u00a0\u00bb. Ainsi, consultez r\u00e9guli\u00e8rement notre site.<\/p>\n","protected":false},"excerpt":{"rendered":"<p>Vendredi 19 ao\u00fbt \u00e0 partir de 21 heures, avait lieu au Th\u00e9 Quercynol un concert \u00abEntre jazz et java trio\u00bb, des chansons de Claude Nougaro, mais aussi de la musique sud-am\u00e9ricaine, notamment de la musique br\u00e9silienne bien d&rsquo;actualit\u00e9 en ce moment. Le public n&rsquo;a pas boud\u00e9 ce superbe concert et toutes les tables du Quercynol&hellip;<\/p>\n","protected":false},"author":1,"featured_media":1227,"comment_status":"closed","ping_status":"closed","sticky":false,"template":"","format":"standard","meta":{"footnotes":""},"categories":[3],"tags":[],"class_list":["post-1226","post","type-post","status-publish","format-standard","has-post-thumbnail","hentry","category-wiki-sur-festival-jazz-et-musique-en-mode-guinguette"],"yoast_head":"<!-- This site is optimized with the Yoast SEO plugin v27.5 - https:\/\/yoast.com\/product\/yoast-seo-wordpress\/ -->\n<title>Concert entre jazz et java au Th\u00e9 Quercynol - ladepeche.fr - FESTIVOX<\/title>\n<meta name=\"robots\" content=\"index, follow, max-snippet:-1, max-image-preview:large, max-video-preview:-1\" \/>\n<link rel=\"canonical\" href=\"https:\/\/www.festivox.fr\/blog\/concert-entre-jazz-et-java-au-the-quercynol-ladepeche-fr\/\" \/>\n<meta property=\"og:locale\" content=\"fr_FR\" \/>\n<meta property=\"og:type\" content=\"article\" \/>\n<meta property=\"og:title\" content=\"Concert entre jazz et java au Th\u00e9 Quercynol - ladepeche.fr - FESTIVOX\" \/>\n<meta property=\"og:description\" content=\"Vendredi 19 ao\u00fbt \u00e0 partir de 21 heures, avait lieu au Th\u00e9 Quercynol un concert \u00abEntre jazz et java trio\u00bb, des chansons de Claude Nougaro, mais aussi de la musique sud-am\u00e9ricaine, notamment de la musique br\u00e9silienne bien d&rsquo;actualit\u00e9 en ce moment. Le public n&rsquo;a pas boud\u00e9 ce superbe concert et toutes les tables du Quercynol&hellip;\" \/>\n<meta property=\"og:url\" content=\"https:\/\/www.festivox.fr\/blog\/concert-entre-jazz-et-java-au-the-quercynol-ladepeche-fr\/\" \/>\n<meta property=\"og:site_name\" content=\"FESTIVOX\" \/>\n<meta property=\"article:published_time\" content=\"2016-08-23T02:22:00+00:00\" \/>\n<meta property=\"og:image\" content=\"https:\/\/www.festivox.fr\/blog\/wp-content\/uploads\/2025\/07\/concert-entre-jazz-et-java-au-the-quercynol-ladepeche-fr.jpg\" \/>\n<meta name=\"author\" content=\"Michele\" \/>\n<meta name=\"twitter:card\" content=\"summary_large_image\" \/>\n<meta name=\"twitter:label1\" content=\"\u00c9crit par\" \/>\n\t<meta name=\"twitter:data1\" content=\"Michele\" \/>\n\t<meta name=\"twitter:label2\" content=\"Dur\u00e9e de lecture estim\u00e9e\" \/>\n\t<meta name=\"twitter:data2\" content=\"1 minute\" \/>\n<script type=\"application\/ld+json\" class=\"yoast-schema-graph\">{\"@context\":\"https:\\\/\\\/schema.org\",\"@graph\":[{\"@type\":\"Article\",\"@id\":\"https:\\\/\\\/www.festivox.fr\\\/blog\\\/concert-entre-jazz-et-java-au-the-quercynol-ladepeche-fr\\\/#article\",\"isPartOf\":{\"@id\":\"https:\\\/\\\/www.festivox.fr\\\/blog\\\/concert-entre-jazz-et-java-au-the-quercynol-ladepeche-fr\\\/\"},\"author\":{\"name\":\"Michele\",\"@id\":\"https:\\\/\\\/www.festivox.fr\\\/blog\\\/#\\\/schema\\\/person\\\/f36a8b6bc94800c3eafed4bca993ce95\"},\"headline\":\"Concert entre jazz et java au Th\u00e9 Quercynol &#8211; ladepeche.fr\",\"datePublished\":\"2016-08-23T02:22:00+00:00\",\"mainEntityOfPage\":{\"@id\":\"https:\\\/\\\/www.festivox.fr\\\/blog\\\/concert-entre-jazz-et-java-au-the-quercynol-ladepeche-fr\\\/\"},\"wordCount\":293,\"publisher\":{\"@id\":\"https:\\\/\\\/www.festivox.fr\\\/blog\\\/#organization\"},\"image\":{\"@id\":\"https:\\\/\\\/www.festivox.fr\\\/blog\\\/concert-entre-jazz-et-java-au-the-quercynol-ladepeche-fr\\\/#primaryimage\"},\"thumbnailUrl\":\"https:\\\/\\\/www.festivox.fr\\\/blog\\\/wp-content\\\/uploads\\\/2025\\\/07\\\/concert-entre-jazz-et-java-au-the-quercynol-ladepeche-fr.jpg\",\"articleSection\":[\"Wiki Sur Festival Jazz Et Musique En Mode Guinguette:\"],\"inLanguage\":\"fr-FR\"},{\"@type\":\"WebPage\",\"@id\":\"https:\\\/\\\/www.festivox.fr\\\/blog\\\/concert-entre-jazz-et-java-au-the-quercynol-ladepeche-fr\\\/\",\"url\":\"https:\\\/\\\/www.festivox.fr\\\/blog\\\/concert-entre-jazz-et-java-au-the-quercynol-ladepeche-fr\\\/\",\"name\":\"Concert entre jazz et java au Th\u00e9 Quercynol - ladepeche.fr - FESTIVOX\",\"isPartOf\":{\"@id\":\"https:\\\/\\\/www.festivox.fr\\\/blog\\\/#website\"},\"primaryImageOfPage\":{\"@id\":\"https:\\\/\\\/www.festivox.fr\\\/blog\\\/concert-entre-jazz-et-java-au-the-quercynol-ladepeche-fr\\\/#primaryimage\"},\"image\":{\"@id\":\"https:\\\/\\\/www.festivox.fr\\\/blog\\\/concert-entre-jazz-et-java-au-the-quercynol-ladepeche-fr\\\/#primaryimage\"},\"thumbnailUrl\":\"https:\\\/\\\/www.festivox.fr\\\/blog\\\/wp-content\\\/uploads\\\/2025\\\/07\\\/concert-entre-jazz-et-java-au-the-quercynol-ladepeche-fr.jpg\",\"datePublished\":\"2016-08-23T02:22:00+00:00\",\"breadcrumb\":{\"@id\":\"https:\\\/\\\/www.festivox.fr\\\/blog\\\/concert-entre-jazz-et-java-au-the-quercynol-ladepeche-fr\\\/#breadcrumb\"},\"inLanguage\":\"fr-FR\",\"potentialAction\":[{\"@type\":\"ReadAction\",\"target\":[\"https:\\\/\\\/www.festivox.fr\\\/blog\\\/concert-entre-jazz-et-java-au-the-quercynol-ladepeche-fr\\\/\"]}]},{\"@type\":\"ImageObject\",\"inLanguage\":\"fr-FR\",\"@id\":\"https:\\\/\\\/www.festivox.fr\\\/blog\\\/concert-entre-jazz-et-java-au-the-quercynol-ladepeche-fr\\\/#primaryimage\",\"url\":\"https:\\\/\\\/www.festivox.fr\\\/blog\\\/wp-content\\\/uploads\\\/2025\\\/07\\\/concert-entre-jazz-et-java-au-the-quercynol-ladepeche-fr.jpg\",\"contentUrl\":\"https:\\\/\\\/www.festivox.fr\\\/blog\\\/wp-content\\\/uploads\\\/2025\\\/07\\\/concert-entre-jazz-et-java-au-the-quercynol-ladepeche-fr.jpg\",\"width\":885,\"height\":500},{\"@type\":\"BreadcrumbList\",\"@id\":\"https:\\\/\\\/www.festivox.fr\\\/blog\\\/concert-entre-jazz-et-java-au-the-quercynol-ladepeche-fr\\\/#breadcrumb\",\"itemListElement\":[{\"@type\":\"ListItem\",\"position\":1,\"name\":\"Accueil\",\"item\":\"https:\\\/\\\/www.festivox.fr\\\/blog\\\/\"},{\"@type\":\"ListItem\",\"position\":2,\"name\":\"Concert entre jazz et java au Th\u00e9 Quercynol &#8211; ladepeche.fr\"}]},{\"@type\":\"WebSite\",\"@id\":\"https:\\\/\\\/www.festivox.fr\\\/blog\\\/#website\",\"url\":\"https:\\\/\\\/www.festivox.fr\\\/blog\\\/\",\"name\":\"FESTIVOX\",\"description\":\"Festival en mode guinguette.\",\"publisher\":{\"@id\":\"https:\\\/\\\/www.festivox.fr\\\/blog\\\/#organization\"},\"potentialAction\":[{\"@type\":\"SearchAction\",\"target\":{\"@type\":\"EntryPoint\",\"urlTemplate\":\"https:\\\/\\\/www.festivox.fr\\\/blog\\\/?s={search_term_string}\"},\"query-input\":{\"@type\":\"PropertyValueSpecification\",\"valueRequired\":true,\"valueName\":\"search_term_string\"}}],\"inLanguage\":\"fr-FR\"},{\"@type\":\"Organization\",\"@id\":\"https:\\\/\\\/www.festivox.fr\\\/blog\\\/#organization\",\"name\":\"festivox\",\"url\":\"https:\\\/\\\/www.festivox.fr\\\/blog\\\/\",\"logo\":{\"@type\":\"ImageObject\",\"inLanguage\":\"fr-FR\",\"@id\":\"https:\\\/\\\/www.festivox.fr\\\/blog\\\/#\\\/schema\\\/logo\\\/image\\\/\",\"url\":\"https:\\\/\\\/www.festivox.fr\\\/blog\\\/wp-content\\\/uploads\\\/2023\\\/06\\\/logo-2.png\",\"contentUrl\":\"https:\\\/\\\/www.festivox.fr\\\/blog\\\/wp-content\\\/uploads\\\/2023\\\/06\\\/logo-2.png\",\"width\":480,\"height\":160,\"caption\":\"festivox\"},\"image\":{\"@id\":\"https:\\\/\\\/www.festivox.fr\\\/blog\\\/#\\\/schema\\\/logo\\\/image\\\/\"}},{\"@type\":\"Person\",\"@id\":\"https:\\\/\\\/www.festivox.fr\\\/blog\\\/#\\\/schema\\\/person\\\/f36a8b6bc94800c3eafed4bca993ce95\",\"name\":\"Michele\",\"image\":{\"@type\":\"ImageObject\",\"inLanguage\":\"fr-FR\",\"@id\":\"https:\\\/\\\/secure.gravatar.com\\\/avatar\\\/b062046536b5d47ec9075956ec349ef95ed06b0f910c578f74abb318668b702e?s=96&d=mm&r=g\",\"url\":\"https:\\\/\\\/secure.gravatar.com\\\/avatar\\\/b062046536b5d47ec9075956ec349ef95ed06b0f910c578f74abb318668b702e?s=96&d=mm&r=g\",\"contentUrl\":\"https:\\\/\\\/secure.gravatar.com\\\/avatar\\\/b062046536b5d47ec9075956ec349ef95ed06b0f910c578f74abb318668b702e?s=96&d=mm&r=g\",\"caption\":\"Michele\"},\"sameAs\":[\"https:\\\/\\\/www.festivox.fr\\\/blog\"],\"url\":\"https:\\\/\\\/www.festivox.fr\\\/blog\\\/author\\\/voxadmin\\\/\"}]}<\/script>\n<!-- \/ Yoast SEO plugin. -->","yoast_head_json":{"title":"Concert entre jazz et java au Th\u00e9 Quercynol - ladepeche.fr - FESTIVOX","robots":{"index":"index","follow":"follow","max-snippet":"max-snippet:-1","max-image-preview":"max-image-preview:large","max-video-preview":"max-video-preview:-1"},"canonical":"https:\/\/www.festivox.fr\/blog\/concert-entre-jazz-et-java-au-the-quercynol-ladepeche-fr\/","og_locale":"fr_FR","og_type":"article","og_title":"Concert entre jazz et java au Th\u00e9 Quercynol - ladepeche.fr - FESTIVOX","og_description":"Vendredi 19 ao\u00fbt \u00e0 partir de 21 heures, avait lieu au Th\u00e9 Quercynol un concert \u00abEntre jazz et java trio\u00bb, des chansons de Claude Nougaro, mais aussi de la musique sud-am\u00e9ricaine, notamment de la musique br\u00e9silienne bien d&rsquo;actualit\u00e9 en ce moment. Le public n&rsquo;a pas boud\u00e9 ce superbe concert et toutes les tables du Quercynol&hellip;","og_url":"https:\/\/www.festivox.fr\/blog\/concert-entre-jazz-et-java-au-the-quercynol-ladepeche-fr\/","og_site_name":"FESTIVOX","article_published_time":"2016-08-23T02:22:00+00:00","og_image":[{"url":"https:\/\/www.festivox.fr\/blog\/wp-content\/uploads\/2025\/07\/concert-entre-jazz-et-java-au-the-quercynol-ladepeche-fr.jpg","type":"","width":"","height":""}],"author":"Michele","twitter_card":"summary_large_image","twitter_misc":{"\u00c9crit par":"Michele","Dur\u00e9e de lecture estim\u00e9e":"1 minute"},"schema":{"@context":"https:\/\/schema.org","@graph":[{"@type":"Article","@id":"https:\/\/www.festivox.fr\/blog\/concert-entre-jazz-et-java-au-the-quercynol-ladepeche-fr\/#article","isPartOf":{"@id":"https:\/\/www.festivox.fr\/blog\/concert-entre-jazz-et-java-au-the-quercynol-ladepeche-fr\/"},"author":{"name":"Michele","@id":"https:\/\/www.festivox.fr\/blog\/#\/schema\/person\/f36a8b6bc94800c3eafed4bca993ce95"},"headline":"Concert entre jazz et java au Th\u00e9 Quercynol &#8211; ladepeche.fr","datePublished":"2016-08-23T02:22:00+00:00","mainEntityOfPage":{"@id":"https:\/\/www.festivox.fr\/blog\/concert-entre-jazz-et-java-au-the-quercynol-ladepeche-fr\/"},"wordCount":293,"publisher":{"@id":"https:\/\/www.festivox.fr\/blog\/#organization"},"image":{"@id":"https:\/\/www.festivox.fr\/blog\/concert-entre-jazz-et-java-au-the-quercynol-ladepeche-fr\/#primaryimage"},"thumbnailUrl":"https:\/\/www.festivox.fr\/blog\/wp-content\/uploads\/2025\/07\/concert-entre-jazz-et-java-au-the-quercynol-ladepeche-fr.jpg","articleSection":["Wiki Sur Festival Jazz Et Musique En Mode Guinguette:"],"inLanguage":"fr-FR"},{"@type":"WebPage","@id":"https:\/\/www.festivox.fr\/blog\/concert-entre-jazz-et-java-au-the-quercynol-ladepeche-fr\/","url":"https:\/\/www.festivox.fr\/blog\/concert-entre-jazz-et-java-au-the-quercynol-ladepeche-fr\/","name":"Concert entre jazz et java au Th\u00e9 Quercynol - ladepeche.fr - FESTIVOX","isPartOf":{"@id":"https:\/\/www.festivox.fr\/blog\/#website"},"primaryImageOfPage":{"@id":"https:\/\/www.festivox.fr\/blog\/concert-entre-jazz-et-java-au-the-quercynol-ladepeche-fr\/#primaryimage"},"image":{"@id":"https:\/\/www.festivox.fr\/blog\/concert-entre-jazz-et-java-au-the-quercynol-ladepeche-fr\/#primaryimage"},"thumbnailUrl":"https:\/\/www.festivox.fr\/blog\/wp-content\/uploads\/2025\/07\/concert-entre-jazz-et-java-au-the-quercynol-ladepeche-fr.jpg","datePublished":"2016-08-23T02:22:00+00:00","breadcrumb":{"@id":"https:\/\/www.festivox.fr\/blog\/concert-entre-jazz-et-java-au-the-quercynol-ladepeche-fr\/#breadcrumb"},"inLanguage":"fr-FR","potentialAction":[{"@type":"ReadAction","target":["https:\/\/www.festivox.fr\/blog\/concert-entre-jazz-et-java-au-the-quercynol-ladepeche-fr\/"]}]},{"@type":"ImageObject","inLanguage":"fr-FR","@id":"https:\/\/www.festivox.fr\/blog\/concert-entre-jazz-et-java-au-the-quercynol-ladepeche-fr\/#primaryimage","url":"https:\/\/www.festivox.fr\/blog\/wp-content\/uploads\/2025\/07\/concert-entre-jazz-et-java-au-the-quercynol-ladepeche-fr.jpg","contentUrl":"https:\/\/www.festivox.fr\/blog\/wp-content\/uploads\/2025\/07\/concert-entre-jazz-et-java-au-the-quercynol-ladepeche-fr.jpg","width":885,"height":500},{"@type":"BreadcrumbList","@id":"https:\/\/www.festivox.fr\/blog\/concert-entre-jazz-et-java-au-the-quercynol-ladepeche-fr\/#breadcrumb","itemListElement":[{"@type":"ListItem","position":1,"name":"Accueil","item":"https:\/\/www.festivox.fr\/blog\/"},{"@type":"ListItem","position":2,"name":"Concert entre jazz et java au Th\u00e9 Quercynol &#8211; ladepeche.fr"}]},{"@type":"WebSite","@id":"https:\/\/www.festivox.fr\/blog\/#website","url":"https:\/\/www.festivox.fr\/blog\/","name":"FESTIVOX","description":"Festival en mode guinguette.","publisher":{"@id":"https:\/\/www.festivox.fr\/blog\/#organization"},"potentialAction":[{"@type":"SearchAction","target":{"@type":"EntryPoint","urlTemplate":"https:\/\/www.festivox.fr\/blog\/?s={search_term_string}"},"query-input":{"@type":"PropertyValueSpecification","valueRequired":true,"valueName":"search_term_string"}}],"inLanguage":"fr-FR"},{"@type":"Organization","@id":"https:\/\/www.festivox.fr\/blog\/#organization","name":"festivox","url":"https:\/\/www.festivox.fr\/blog\/","logo":{"@type":"ImageObject","inLanguage":"fr-FR","@id":"https:\/\/www.festivox.fr\/blog\/#\/schema\/logo\/image\/","url":"https:\/\/www.festivox.fr\/blog\/wp-content\/uploads\/2023\/06\/logo-2.png","contentUrl":"https:\/\/www.festivox.fr\/blog\/wp-content\/uploads\/2023\/06\/logo-2.png","width":480,"height":160,"caption":"festivox"},"image":{"@id":"https:\/\/www.festivox.fr\/blog\/#\/schema\/logo\/image\/"}},{"@type":"Person","@id":"https:\/\/www.festivox.fr\/blog\/#\/schema\/person\/f36a8b6bc94800c3eafed4bca993ce95","name":"Michele","image":{"@type":"ImageObject","inLanguage":"fr-FR","@id":"https:\/\/secure.gravatar.com\/avatar\/b062046536b5d47ec9075956ec349ef95ed06b0f910c578f74abb318668b702e?s=96&d=mm&r=g","url":"https:\/\/secure.gravatar.com\/avatar\/b062046536b5d47ec9075956ec349ef95ed06b0f910c578f74abb318668b702e?s=96&d=mm&r=g","contentUrl":"https:\/\/secure.gravatar.com\/avatar\/b062046536b5d47ec9075956ec349ef95ed06b0f910c578f74abb318668b702e?s=96&d=mm&r=g","caption":"Michele"},"sameAs":["https:\/\/www.festivox.fr\/blog"],"url":"https:\/\/www.festivox.fr\/blog\/author\/voxadmin\/"}]}},"_links":{"self":[{"href":"https:\/\/www.festivox.fr\/blog\/wp-json\/wp\/v2\/posts\/1226","targetHints":{"allow":["GET"]}}],"collection":[{"href":"https:\/\/www.festivox.fr\/blog\/wp-json\/wp\/v2\/posts"}],"about":[{"href":"https:\/\/www.festivox.fr\/blog\/wp-json\/wp\/v2\/types\/post"}],"author":[{"embeddable":true,"href":"https:\/\/www.festivox.fr\/blog\/wp-json\/wp\/v2\/users\/1"}],"replies":[{"embeddable":true,"href":"https:\/\/www.festivox.fr\/blog\/wp-json\/wp\/v2\/comments?post=1226"}],"version-history":[{"count":0,"href":"https:\/\/www.festivox.fr\/blog\/wp-json\/wp\/v2\/posts\/1226\/revisions"}],"wp:featuredmedia":[{"embeddable":true,"href":"https:\/\/www.festivox.fr\/blog\/wp-json\/wp\/v2\/media\/1227"}],"wp:attachment":[{"href":"https:\/\/www.festivox.fr\/blog\/wp-json\/wp\/v2\/media?parent=1226"}],"wp:term":[{"taxonomy":"category","embeddable":true,"href":"https:\/\/www.festivox.fr\/blog\/wp-json\/wp\/v2\/categories?post=1226"},{"taxonomy":"post_tag","embeddable":true,"href":"https:\/\/www.festivox.fr\/blog\/wp-json\/wp\/v2\/tags?post=1226"}],"curies":[{"name":"wp","href":"https:\/\/api.w.org\/{rel}","templated":true}]}}