{"id":1216,"date":"2025-06-29T03:07:00","date_gmt":"2025-06-29T01:07:00","guid":{"rendered":"https:\/\/www.festivox.fr\/blog\/vienne-jazz-a-vienne-une-journee-marathon-pour-le-plaisir-ce-dimanche\/"},"modified":"2025-06-29T03:07:00","modified_gmt":"2025-06-29T01:07:00","slug":"vienne-jazz-a-vienne-une-journee-marathon-pour-le-plaisir-ce-dimanche","status":"publish","type":"post","link":"https:\/\/www.festivox.fr\/blog\/vienne-jazz-a-vienne-une-journee-marathon-pour-le-plaisir-ce-dimanche\/","title":{"rendered":"Vienne Jazz \u00e0 Vienne : une journ\u00e9e marathon pour le plaisir ce dimanche"},"content":{"rendered":"\n<div><img decoding=\"async\" src=\"https:\/\/www.festivox.fr\/blog\/wp-content\/uploads\/2025\/07\/vienne-jazz-a-vienne-une-journee-marathon-pour-le-plaisir-ce-dimanche.jpg\" class=\"ff-og-image-inserted\"><\/div>\n<div>\n<p>Durant toute la dur\u00e9e de ce dimanche 29&nbsp;juillet, Jazz \u00e0 Vienne propose sa journ\u00e9e marathon. Pas de concert ce soir au th\u00e9\u00e2tre antique, mais des concerts, des expositions, des animations, des rendez-vous autour de la litt\u00e9rature et une foire aux vinyles dans toute la ville et au jardin de Cyb\u00e8le, l\u2019un des lieux embl\u00e9matiques du festival.<\/p>\n<p>La journ\u00e9e a commenc\u00e9 doucement avec un concert de piano \u00e0 6&nbsp;h&nbsp;30 sur le belv\u00e9d\u00e8re de Pipet et s\u2019est poursuivie avec un petit d\u00e9jeuner, une randonn\u00e9e musicale dans la ville et les premiers concerts.<\/p>\n<p>Point fort de cette journ\u00e9e, au mus\u00e9e Saint-Pierre cet apr\u00e8s-midi, pour un tournoi Mario Kart avec le Live Band pour l\u2019ambiance sonore, type cin\u00e9-concert. Un bal se d\u00e9roulera aussi \u00e0 partir de 20 heures \u00e0 Cyb\u00e8le.<\/p>\n<p class=\"note\">Plus de renseignements sur jazzavienne.com<\/p>\n<\/div>\n<div id>\n<div class=\"consentModule_text\">\n<p>Ce contenu est bloqu\u00e9 car vous n&rsquo;avez pas accept\u00e9 les cookies et autres traceurs.<\/p>\n<p>En cliquant sur <span class=\"bold\">\u00ab J\u2019accepte \u00bb<\/span>, les cookies et autres traceurs seront d\u00e9pos\u00e9s et vous pourrez visualiser les contenus <span class=\"consentModule_purpose\"><\/span> (<a href=\"https:\/\/www.ledauphine.com\/culture-loisirs\/2025\/06\/29\/isere-jazz-a-vienne-une-journee-marathon-pour-le-plaisir-ce-dimanche\" class=\"consentModule_policy\" target=\"_blank\" title=\"Consulter la politique de protection des donn\u00e9es du fournisseur\" rel=\"nofollow\">plus d&rsquo;informations<\/a>).<\/p>\n<p>En cliquant sur <span class=\"bold\">\u00ab J\u2019accepte tous les cookies \u00bb<\/span>, vous autorisez des d\u00e9p\u00f4ts de cookies et autres traceurs pour le stockage de vos donn\u00e9es sur nos sites et applications \u00e0 des fins de personnalisation et de ciblage publicitaire.<\/p>\n<p class=\"consentModule_secondaryText\">Vous gardez la possibilit\u00e9 de retirer votre consentement \u00e0 tout moment en consultant notre <a href=\"https:\/\/www.ledauphine.com\/protection-des-donnees\" target=\"_blank\" title=\"Consulter notre politique de protection des donn\u00e9es\" rel=\"nofollow\">politique de protection des donn\u00e9es<\/a>. <br \/><a href=\"Didomi.notice.show()\" class=\"consentModule_cmp\" target=\"_blank\" rel=\"nofollow\">G\u00e9rer mes choix<\/a> <\/p>\n<p> <button class=\"acceptConsent\" id title=\"J'accepte\">J&rsquo;accepte<\/button> <button class=\"acceptAllConsent\" id title=\"J'accepte tous les cookies\">J&rsquo;accepte tous les cookies<\/button> <\/p>\n<\/p><\/div>\n<\/div>\n<p> Cet article, qui traite du th\u00e8me \u00ab\u00a0Festival Jazz et musique en mode guinguette\u00a0\u00bb, vous est d\u00e9lib\u00e9r\u00e9ment offert par festivox.fr. La raison d\u2019\u00eatre de festivox.fr est de parler de Festival Jazz et musique en mode guinguette dans la transparence la plus g\u00e9n\u00e9rale en vous procurant la visibilit\u00e9 de tout ce qui est publi\u00e9 sur ce sujet sur le web La chronique a \u00e9t\u00e9 g\u00e9n\u00e9r\u00e9e de la mani\u00e8re la plus honn\u00eate que possible. S\u2019il advenait que vous projetez d\u2019apporter quelques notes concernant le domaine de \u00ab\u00a0Festival Jazz et musique en mode guinguette\u00a0\u00bb vous avez la possibilit\u00e9 de d&rsquo;\u00e9changer avec notre r\u00e9daction. Dans peu de temps, on mettra en ligne d&rsquo;autres informations pertinentes autour du sujet \u00ab\u00a0Festival Jazz et musique en mode guinguette\u00a0\u00bb. Ainsi, consultez r\u00e9guli\u00e8rement notre site.<\/p>\n","protected":false},"excerpt":{"rendered":"<p>Durant toute la dur\u00e9e de ce dimanche 29&nbsp;juillet, Jazz \u00e0 Vienne propose sa journ\u00e9e marathon. Pas de concert ce soir au th\u00e9\u00e2tre antique, mais des concerts, des expositions, des animations, des rendez-vous autour de la litt\u00e9rature et une foire aux vinyles dans toute la ville et au jardin de Cyb\u00e8le, l\u2019un des lieux embl\u00e9matiques du&hellip;<\/p>\n","protected":false},"author":1,"featured_media":1217,"comment_status":"closed","ping_status":"closed","sticky":false,"template":"","format":"standard","meta":{"footnotes":""},"categories":[3],"tags":[],"class_list":["post-1216","post","type-post","status-publish","format-standard","has-post-thumbnail","hentry","category-wiki-sur-festival-jazz-et-musique-en-mode-guinguette"],"yoast_head":"<!-- This site is optimized with the Yoast SEO plugin v27.5 - https:\/\/yoast.com\/product\/yoast-seo-wordpress\/ -->\n<title>Vienne Jazz \u00e0 Vienne : une journ\u00e9e marathon pour le plaisir ce dimanche - FESTIVOX<\/title>\n<meta name=\"robots\" content=\"index, follow, max-snippet:-1, max-image-preview:large, max-video-preview:-1\" \/>\n<link rel=\"canonical\" href=\"https:\/\/www.festivox.fr\/blog\/vienne-jazz-a-vienne-une-journee-marathon-pour-le-plaisir-ce-dimanche\/\" \/>\n<meta property=\"og:locale\" content=\"fr_FR\" \/>\n<meta property=\"og:type\" content=\"article\" \/>\n<meta property=\"og:title\" content=\"Vienne Jazz \u00e0 Vienne : une journ\u00e9e marathon pour le plaisir ce dimanche - FESTIVOX\" \/>\n<meta property=\"og:description\" content=\"Durant toute la dur\u00e9e de ce dimanche 29&nbsp;juillet, Jazz \u00e0 Vienne propose sa journ\u00e9e marathon. Pas de concert ce soir au th\u00e9\u00e2tre antique, mais des concerts, des expositions, des animations, des rendez-vous autour de la litt\u00e9rature et une foire aux vinyles dans toute la ville et au jardin de Cyb\u00e8le, l\u2019un des lieux embl\u00e9matiques du&hellip;\" \/>\n<meta property=\"og:url\" content=\"https:\/\/www.festivox.fr\/blog\/vienne-jazz-a-vienne-une-journee-marathon-pour-le-plaisir-ce-dimanche\/\" \/>\n<meta property=\"og:site_name\" content=\"FESTIVOX\" \/>\n<meta property=\"article:published_time\" content=\"2025-06-29T01:07:00+00:00\" \/>\n<meta property=\"og:image\" content=\"https:\/\/www.festivox.fr\/blog\/wp-content\/uploads\/2025\/07\/vienne-jazz-a-vienne-une-journee-marathon-pour-le-plaisir-ce-dimanche.jpg\" \/>\n<meta name=\"author\" content=\"Michele\" \/>\n<meta name=\"twitter:card\" content=\"summary_large_image\" \/>\n<meta name=\"twitter:label1\" content=\"\u00c9crit par\" \/>\n\t<meta name=\"twitter:data1\" content=\"Michele\" \/>\n\t<meta name=\"twitter:label2\" content=\"Dur\u00e9e de lecture estim\u00e9e\" \/>\n\t<meta name=\"twitter:data2\" content=\"2 minutes\" \/>\n<script type=\"application\/ld+json\" class=\"yoast-schema-graph\">{\"@context\":\"https:\\\/\\\/schema.org\",\"@graph\":[{\"@type\":\"Article\",\"@id\":\"https:\\\/\\\/www.festivox.fr\\\/blog\\\/vienne-jazz-a-vienne-une-journee-marathon-pour-le-plaisir-ce-dimanche\\\/#article\",\"isPartOf\":{\"@id\":\"https:\\\/\\\/www.festivox.fr\\\/blog\\\/vienne-jazz-a-vienne-une-journee-marathon-pour-le-plaisir-ce-dimanche\\\/\"},\"author\":{\"name\":\"Michele\",\"@id\":\"https:\\\/\\\/www.festivox.fr\\\/blog\\\/#\\\/schema\\\/person\\\/f36a8b6bc94800c3eafed4bca993ce95\"},\"headline\":\"Vienne Jazz \u00e0 Vienne : une journ\u00e9e marathon pour le plaisir ce dimanche\",\"datePublished\":\"2025-06-29T01:07:00+00:00\",\"mainEntityOfPage\":{\"@id\":\"https:\\\/\\\/www.festivox.fr\\\/blog\\\/vienne-jazz-a-vienne-une-journee-marathon-pour-le-plaisir-ce-dimanche\\\/\"},\"wordCount\":410,\"publisher\":{\"@id\":\"https:\\\/\\\/www.festivox.fr\\\/blog\\\/#organization\"},\"image\":{\"@id\":\"https:\\\/\\\/www.festivox.fr\\\/blog\\\/vienne-jazz-a-vienne-une-journee-marathon-pour-le-plaisir-ce-dimanche\\\/#primaryimage\"},\"thumbnailUrl\":\"https:\\\/\\\/www.festivox.fr\\\/blog\\\/wp-content\\\/uploads\\\/2025\\\/07\\\/vienne-jazz-a-vienne-une-journee-marathon-pour-le-plaisir-ce-dimanche.jpg\",\"articleSection\":[\"Wiki Sur Festival Jazz Et Musique En Mode Guinguette:\"],\"inLanguage\":\"fr-FR\"},{\"@type\":\"WebPage\",\"@id\":\"https:\\\/\\\/www.festivox.fr\\\/blog\\\/vienne-jazz-a-vienne-une-journee-marathon-pour-le-plaisir-ce-dimanche\\\/\",\"url\":\"https:\\\/\\\/www.festivox.fr\\\/blog\\\/vienne-jazz-a-vienne-une-journee-marathon-pour-le-plaisir-ce-dimanche\\\/\",\"name\":\"Vienne Jazz \u00e0 Vienne : une journ\u00e9e marathon pour le plaisir ce dimanche - FESTIVOX\",\"isPartOf\":{\"@id\":\"https:\\\/\\\/www.festivox.fr\\\/blog\\\/#website\"},\"primaryImageOfPage\":{\"@id\":\"https:\\\/\\\/www.festivox.fr\\\/blog\\\/vienne-jazz-a-vienne-une-journee-marathon-pour-le-plaisir-ce-dimanche\\\/#primaryimage\"},\"image\":{\"@id\":\"https:\\\/\\\/www.festivox.fr\\\/blog\\\/vienne-jazz-a-vienne-une-journee-marathon-pour-le-plaisir-ce-dimanche\\\/#primaryimage\"},\"thumbnailUrl\":\"https:\\\/\\\/www.festivox.fr\\\/blog\\\/wp-content\\\/uploads\\\/2025\\\/07\\\/vienne-jazz-a-vienne-une-journee-marathon-pour-le-plaisir-ce-dimanche.jpg\",\"datePublished\":\"2025-06-29T01:07:00+00:00\",\"breadcrumb\":{\"@id\":\"https:\\\/\\\/www.festivox.fr\\\/blog\\\/vienne-jazz-a-vienne-une-journee-marathon-pour-le-plaisir-ce-dimanche\\\/#breadcrumb\"},\"inLanguage\":\"fr-FR\",\"potentialAction\":[{\"@type\":\"ReadAction\",\"target\":[\"https:\\\/\\\/www.festivox.fr\\\/blog\\\/vienne-jazz-a-vienne-une-journee-marathon-pour-le-plaisir-ce-dimanche\\\/\"]}]},{\"@type\":\"ImageObject\",\"inLanguage\":\"fr-FR\",\"@id\":\"https:\\\/\\\/www.festivox.fr\\\/blog\\\/vienne-jazz-a-vienne-une-journee-marathon-pour-le-plaisir-ce-dimanche\\\/#primaryimage\",\"url\":\"https:\\\/\\\/www.festivox.fr\\\/blog\\\/wp-content\\\/uploads\\\/2025\\\/07\\\/vienne-jazz-a-vienne-une-journee-marathon-pour-le-plaisir-ce-dimanche.jpg\",\"contentUrl\":\"https:\\\/\\\/www.festivox.fr\\\/blog\\\/wp-content\\\/uploads\\\/2025\\\/07\\\/vienne-jazz-a-vienne-une-journee-marathon-pour-le-plaisir-ce-dimanche.jpg\",\"width\":1200,\"height\":630},{\"@type\":\"BreadcrumbList\",\"@id\":\"https:\\\/\\\/www.festivox.fr\\\/blog\\\/vienne-jazz-a-vienne-une-journee-marathon-pour-le-plaisir-ce-dimanche\\\/#breadcrumb\",\"itemListElement\":[{\"@type\":\"ListItem\",\"position\":1,\"name\":\"Accueil\",\"item\":\"https:\\\/\\\/www.festivox.fr\\\/blog\\\/\"},{\"@type\":\"ListItem\",\"position\":2,\"name\":\"Vienne Jazz \u00e0 Vienne : une journ\u00e9e marathon pour le plaisir ce dimanche\"}]},{\"@type\":\"WebSite\",\"@id\":\"https:\\\/\\\/www.festivox.fr\\\/blog\\\/#website\",\"url\":\"https:\\\/\\\/www.festivox.fr\\\/blog\\\/\",\"name\":\"FESTIVOX\",\"description\":\"Festival en mode guinguette.\",\"publisher\":{\"@id\":\"https:\\\/\\\/www.festivox.fr\\\/blog\\\/#organization\"},\"potentialAction\":[{\"@type\":\"SearchAction\",\"target\":{\"@type\":\"EntryPoint\",\"urlTemplate\":\"https:\\\/\\\/www.festivox.fr\\\/blog\\\/?s={search_term_string}\"},\"query-input\":{\"@type\":\"PropertyValueSpecification\",\"valueRequired\":true,\"valueName\":\"search_term_string\"}}],\"inLanguage\":\"fr-FR\"},{\"@type\":\"Organization\",\"@id\":\"https:\\\/\\\/www.festivox.fr\\\/blog\\\/#organization\",\"name\":\"festivox\",\"url\":\"https:\\\/\\\/www.festivox.fr\\\/blog\\\/\",\"logo\":{\"@type\":\"ImageObject\",\"inLanguage\":\"fr-FR\",\"@id\":\"https:\\\/\\\/www.festivox.fr\\\/blog\\\/#\\\/schema\\\/logo\\\/image\\\/\",\"url\":\"https:\\\/\\\/www.festivox.fr\\\/blog\\\/wp-content\\\/uploads\\\/2023\\\/06\\\/logo-2.png\",\"contentUrl\":\"https:\\\/\\\/www.festivox.fr\\\/blog\\\/wp-content\\\/uploads\\\/2023\\\/06\\\/logo-2.png\",\"width\":480,\"height\":160,\"caption\":\"festivox\"},\"image\":{\"@id\":\"https:\\\/\\\/www.festivox.fr\\\/blog\\\/#\\\/schema\\\/logo\\\/image\\\/\"}},{\"@type\":\"Person\",\"@id\":\"https:\\\/\\\/www.festivox.fr\\\/blog\\\/#\\\/schema\\\/person\\\/f36a8b6bc94800c3eafed4bca993ce95\",\"name\":\"Michele\",\"image\":{\"@type\":\"ImageObject\",\"inLanguage\":\"fr-FR\",\"@id\":\"https:\\\/\\\/secure.gravatar.com\\\/avatar\\\/b062046536b5d47ec9075956ec349ef95ed06b0f910c578f74abb318668b702e?s=96&d=mm&r=g\",\"url\":\"https:\\\/\\\/secure.gravatar.com\\\/avatar\\\/b062046536b5d47ec9075956ec349ef95ed06b0f910c578f74abb318668b702e?s=96&d=mm&r=g\",\"contentUrl\":\"https:\\\/\\\/secure.gravatar.com\\\/avatar\\\/b062046536b5d47ec9075956ec349ef95ed06b0f910c578f74abb318668b702e?s=96&d=mm&r=g\",\"caption\":\"Michele\"},\"sameAs\":[\"https:\\\/\\\/www.festivox.fr\\\/blog\"],\"url\":\"https:\\\/\\\/www.festivox.fr\\\/blog\\\/author\\\/voxadmin\\\/\"}]}<\/script>\n<!-- \/ Yoast SEO plugin. -->","yoast_head_json":{"title":"Vienne Jazz \u00e0 Vienne : une journ\u00e9e marathon pour le plaisir ce dimanche - FESTIVOX","robots":{"index":"index","follow":"follow","max-snippet":"max-snippet:-1","max-image-preview":"max-image-preview:large","max-video-preview":"max-video-preview:-1"},"canonical":"https:\/\/www.festivox.fr\/blog\/vienne-jazz-a-vienne-une-journee-marathon-pour-le-plaisir-ce-dimanche\/","og_locale":"fr_FR","og_type":"article","og_title":"Vienne Jazz \u00e0 Vienne : une journ\u00e9e marathon pour le plaisir ce dimanche - FESTIVOX","og_description":"Durant toute la dur\u00e9e de ce dimanche 29&nbsp;juillet, Jazz \u00e0 Vienne propose sa journ\u00e9e marathon. Pas de concert ce soir au th\u00e9\u00e2tre antique, mais des concerts, des expositions, des animations, des rendez-vous autour de la litt\u00e9rature et une foire aux vinyles dans toute la ville et au jardin de Cyb\u00e8le, l\u2019un des lieux embl\u00e9matiques du&hellip;","og_url":"https:\/\/www.festivox.fr\/blog\/vienne-jazz-a-vienne-une-journee-marathon-pour-le-plaisir-ce-dimanche\/","og_site_name":"FESTIVOX","article_published_time":"2025-06-29T01:07:00+00:00","og_image":[{"url":"https:\/\/www.festivox.fr\/blog\/wp-content\/uploads\/2025\/07\/vienne-jazz-a-vienne-une-journee-marathon-pour-le-plaisir-ce-dimanche.jpg","type":"","width":"","height":""}],"author":"Michele","twitter_card":"summary_large_image","twitter_misc":{"\u00c9crit par":"Michele","Dur\u00e9e de lecture estim\u00e9e":"2 minutes"},"schema":{"@context":"https:\/\/schema.org","@graph":[{"@type":"Article","@id":"https:\/\/www.festivox.fr\/blog\/vienne-jazz-a-vienne-une-journee-marathon-pour-le-plaisir-ce-dimanche\/#article","isPartOf":{"@id":"https:\/\/www.festivox.fr\/blog\/vienne-jazz-a-vienne-une-journee-marathon-pour-le-plaisir-ce-dimanche\/"},"author":{"name":"Michele","@id":"https:\/\/www.festivox.fr\/blog\/#\/schema\/person\/f36a8b6bc94800c3eafed4bca993ce95"},"headline":"Vienne Jazz \u00e0 Vienne : une journ\u00e9e marathon pour le plaisir ce dimanche","datePublished":"2025-06-29T01:07:00+00:00","mainEntityOfPage":{"@id":"https:\/\/www.festivox.fr\/blog\/vienne-jazz-a-vienne-une-journee-marathon-pour-le-plaisir-ce-dimanche\/"},"wordCount":410,"publisher":{"@id":"https:\/\/www.festivox.fr\/blog\/#organization"},"image":{"@id":"https:\/\/www.festivox.fr\/blog\/vienne-jazz-a-vienne-une-journee-marathon-pour-le-plaisir-ce-dimanche\/#primaryimage"},"thumbnailUrl":"https:\/\/www.festivox.fr\/blog\/wp-content\/uploads\/2025\/07\/vienne-jazz-a-vienne-une-journee-marathon-pour-le-plaisir-ce-dimanche.jpg","articleSection":["Wiki Sur Festival Jazz Et Musique En Mode Guinguette:"],"inLanguage":"fr-FR"},{"@type":"WebPage","@id":"https:\/\/www.festivox.fr\/blog\/vienne-jazz-a-vienne-une-journee-marathon-pour-le-plaisir-ce-dimanche\/","url":"https:\/\/www.festivox.fr\/blog\/vienne-jazz-a-vienne-une-journee-marathon-pour-le-plaisir-ce-dimanche\/","name":"Vienne Jazz \u00e0 Vienne : une journ\u00e9e marathon pour le plaisir ce dimanche - FESTIVOX","isPartOf":{"@id":"https:\/\/www.festivox.fr\/blog\/#website"},"primaryImageOfPage":{"@id":"https:\/\/www.festivox.fr\/blog\/vienne-jazz-a-vienne-une-journee-marathon-pour-le-plaisir-ce-dimanche\/#primaryimage"},"image":{"@id":"https:\/\/www.festivox.fr\/blog\/vienne-jazz-a-vienne-une-journee-marathon-pour-le-plaisir-ce-dimanche\/#primaryimage"},"thumbnailUrl":"https:\/\/www.festivox.fr\/blog\/wp-content\/uploads\/2025\/07\/vienne-jazz-a-vienne-une-journee-marathon-pour-le-plaisir-ce-dimanche.jpg","datePublished":"2025-06-29T01:07:00+00:00","breadcrumb":{"@id":"https:\/\/www.festivox.fr\/blog\/vienne-jazz-a-vienne-une-journee-marathon-pour-le-plaisir-ce-dimanche\/#breadcrumb"},"inLanguage":"fr-FR","potentialAction":[{"@type":"ReadAction","target":["https:\/\/www.festivox.fr\/blog\/vienne-jazz-a-vienne-une-journee-marathon-pour-le-plaisir-ce-dimanche\/"]}]},{"@type":"ImageObject","inLanguage":"fr-FR","@id":"https:\/\/www.festivox.fr\/blog\/vienne-jazz-a-vienne-une-journee-marathon-pour-le-plaisir-ce-dimanche\/#primaryimage","url":"https:\/\/www.festivox.fr\/blog\/wp-content\/uploads\/2025\/07\/vienne-jazz-a-vienne-une-journee-marathon-pour-le-plaisir-ce-dimanche.jpg","contentUrl":"https:\/\/www.festivox.fr\/blog\/wp-content\/uploads\/2025\/07\/vienne-jazz-a-vienne-une-journee-marathon-pour-le-plaisir-ce-dimanche.jpg","width":1200,"height":630},{"@type":"BreadcrumbList","@id":"https:\/\/www.festivox.fr\/blog\/vienne-jazz-a-vienne-une-journee-marathon-pour-le-plaisir-ce-dimanche\/#breadcrumb","itemListElement":[{"@type":"ListItem","position":1,"name":"Accueil","item":"https:\/\/www.festivox.fr\/blog\/"},{"@type":"ListItem","position":2,"name":"Vienne Jazz \u00e0 Vienne : une journ\u00e9e marathon pour le plaisir ce dimanche"}]},{"@type":"WebSite","@id":"https:\/\/www.festivox.fr\/blog\/#website","url":"https:\/\/www.festivox.fr\/blog\/","name":"FESTIVOX","description":"Festival en mode guinguette.","publisher":{"@id":"https:\/\/www.festivox.fr\/blog\/#organization"},"potentialAction":[{"@type":"SearchAction","target":{"@type":"EntryPoint","urlTemplate":"https:\/\/www.festivox.fr\/blog\/?s={search_term_string}"},"query-input":{"@type":"PropertyValueSpecification","valueRequired":true,"valueName":"search_term_string"}}],"inLanguage":"fr-FR"},{"@type":"Organization","@id":"https:\/\/www.festivox.fr\/blog\/#organization","name":"festivox","url":"https:\/\/www.festivox.fr\/blog\/","logo":{"@type":"ImageObject","inLanguage":"fr-FR","@id":"https:\/\/www.festivox.fr\/blog\/#\/schema\/logo\/image\/","url":"https:\/\/www.festivox.fr\/blog\/wp-content\/uploads\/2023\/06\/logo-2.png","contentUrl":"https:\/\/www.festivox.fr\/blog\/wp-content\/uploads\/2023\/06\/logo-2.png","width":480,"height":160,"caption":"festivox"},"image":{"@id":"https:\/\/www.festivox.fr\/blog\/#\/schema\/logo\/image\/"}},{"@type":"Person","@id":"https:\/\/www.festivox.fr\/blog\/#\/schema\/person\/f36a8b6bc94800c3eafed4bca993ce95","name":"Michele","image":{"@type":"ImageObject","inLanguage":"fr-FR","@id":"https:\/\/secure.gravatar.com\/avatar\/b062046536b5d47ec9075956ec349ef95ed06b0f910c578f74abb318668b702e?s=96&d=mm&r=g","url":"https:\/\/secure.gravatar.com\/avatar\/b062046536b5d47ec9075956ec349ef95ed06b0f910c578f74abb318668b702e?s=96&d=mm&r=g","contentUrl":"https:\/\/secure.gravatar.com\/avatar\/b062046536b5d47ec9075956ec349ef95ed06b0f910c578f74abb318668b702e?s=96&d=mm&r=g","caption":"Michele"},"sameAs":["https:\/\/www.festivox.fr\/blog"],"url":"https:\/\/www.festivox.fr\/blog\/author\/voxadmin\/"}]}},"_links":{"self":[{"href":"https:\/\/www.festivox.fr\/blog\/wp-json\/wp\/v2\/posts\/1216","targetHints":{"allow":["GET"]}}],"collection":[{"href":"https:\/\/www.festivox.fr\/blog\/wp-json\/wp\/v2\/posts"}],"about":[{"href":"https:\/\/www.festivox.fr\/blog\/wp-json\/wp\/v2\/types\/post"}],"author":[{"embeddable":true,"href":"https:\/\/www.festivox.fr\/blog\/wp-json\/wp\/v2\/users\/1"}],"replies":[{"embeddable":true,"href":"https:\/\/www.festivox.fr\/blog\/wp-json\/wp\/v2\/comments?post=1216"}],"version-history":[{"count":0,"href":"https:\/\/www.festivox.fr\/blog\/wp-json\/wp\/v2\/posts\/1216\/revisions"}],"wp:featuredmedia":[{"embeddable":true,"href":"https:\/\/www.festivox.fr\/blog\/wp-json\/wp\/v2\/media\/1217"}],"wp:attachment":[{"href":"https:\/\/www.festivox.fr\/blog\/wp-json\/wp\/v2\/media?parent=1216"}],"wp:term":[{"taxonomy":"category","embeddable":true,"href":"https:\/\/www.festivox.fr\/blog\/wp-json\/wp\/v2\/categories?post=1216"},{"taxonomy":"post_tag","embeddable":true,"href":"https:\/\/www.festivox.fr\/blog\/wp-json\/wp\/v2\/tags?post=1216"}],"curies":[{"name":"wp","href":"https:\/\/api.w.org\/{rel}","templated":true}]}}