{"id":1212,"date":"2020-12-23T09:35:00","date_gmt":"2020-12-23T07:35:00","guid":{"rendered":"https:\/\/www.festivox.fr\/blog\/jazz-java-info-concert\/"},"modified":"2020-12-23T09:35:00","modified_gmt":"2020-12-23T07:35:00","slug":"jazz-java-info-concert","status":"publish","type":"post","link":"https:\/\/www.festivox.fr\/blog\/jazz-java-info-concert\/","title":{"rendered":"JAZZ &amp; JAVA &#8211; Info Concert"},"content":{"rendered":"\n<div><img decoding=\"async\" src=\"https:\/\/www.festivox.fr\/blog\/wp-content\/uploads\/2025\/06\/jazz-java-info-concert.png\" class=\"ff-og-image-inserted\"><\/div>\n<div role=\"tabpanel\" class=\"tab-pane active\" id=\"artiste-tab-concerts\">\n<h2>Concerts de Jazz &amp; Java<\/h2>\n<div class=\"panel panel-default\">\n<div class=\"panel-body\"> <button class=\"btn btn-primary btn-bipnclic pull-right\"> Alerte concert <\/button> <b>Cet artiste n&rsquo;a aucun concert programm\u00e9.<\/b> <\/p>\n<p> Soyez le premier \u00e0 \u00eatre averti<br \/>des prochains concerts de Jazz &amp; Java <\/p>\n<\/p><\/div>\n<\/p><\/div>\n<\/p><\/div>\n<div role=\"tabpanel\" class=\"tab-pane\" id=\"artiste-tab-presentation\">\n<h2>Biographie de Jazz &amp; Java<\/h2>\n<p>L&rsquo;accord\u00e9oniste J\u00e9r\u00e9my F. Marron, \u00e0 l&rsquo;initiative de ce projet, s&rsquo;est entour\u00e9 de Jean-Fran\u00e7ois Bonnel, jazzman \u00e0 la carri\u00e8re internationale et professeur de jazz au conservatoire d&rsquo;Aix-en-Provence et de son ami Gabriel Manzaneque, dont le jeu de guitare pr\u00e9cis et \u00e9nergique structure le quartet. Depuis quelques mois, les musiciens ont \u00e9t\u00e9 rejoints par Elise Sut dont le tuba apporte une couleur originale \u00e0 l&rsquo;ensemble. Le plaisir de ces musiciens \u00e0 jouer ensemble est manifeste et leur connivence transpara\u00eet sur sc\u00e8ne o\u00f9 les instruments dialoguent et se r\u00e9pondent.\n<\/p>\n<p>Jazz &amp; Java propose une musique recherch\u00e9e mais accessible aux n\u00e9ophytes, savante mais joyeuse, de concert comme de danse, qui vous fera aimer le jazz. Une belle mani\u00e8re de renouer avec cette musique populaire qui n&rsquo;est pas pr\u00eate de s&rsquo;essouffler !<\/p>\n<p>Dans les ann\u00e9es 40 en France, l&rsquo;accord\u00e9on est avant tout l&rsquo;instrument roi des bals musette mais il flirte d\u00e9j\u00e0 avec le jazz, gr\u00e2ce notamment \u00e0 Gus Viseur ou ensuite \u00e0 Jo Privat et Tony Murena et leurs collaborations avec Django Reinhardt. C&rsquo;est la grande \u00e9poque du swing musette.<\/p>\n<p>Sur la sc\u00e8ne am\u00e9ricaine, la pr\u00e9sence de l&rsquo;accord\u00e9on est moins \u00e9vidente. Pourtant, il appara\u00eet d\u00e8s les d\u00e9buts du swing gr\u00e2ce, entre autres, \u00e0 Buster Moten et Cornell Smelser qui enregistrera avec l&rsquo;orchestre de Duke Ellington en 1930.<br \/>Plus tard, dans les ann\u00e9es cinquante, ils sont nombreux, entre swing et cool, \u00e0 utiliser le piano du pauvre : Marjorie Hyams, Ernie Felice qui a enregistr\u00e9 aux c\u00f4t\u00e9s de Benny Goodman, Joe Mooney ou Art Van Damme.<\/p>\n<p>Le r\u00e9pertoire de Jazz &amp; Java est choisi avec soin pour mettre en valeur l&rsquo;accord\u00e9on. Les arrangements, emprunt\u00e9s ou originaux, ont fait l&rsquo;objet d&rsquo;une vraie recherche afin de donner du relief \u00e0 la musique tout en respectant l&rsquo;esprit de l&rsquo;\u00e9poque. Le spectacle fait alterner les pi\u00e8ces c\u00e9l\u00e8bres avec des perles oubli\u00e9es du grand public.<\/p>\n<\/p><\/div>\n<div role=\"tabpanel\" class=\"tab-pane \" id=\"artiste-tab-avis\">\n<h2>Avis sur Jazz &amp; Java<\/h2>\n<div class=\"main-content-avis\"> <a class=\"write-review rate hidden-xs pull-right\" href=\"https:\/\/www.infoconcert.com\/artiste\/jazz-171882\/ajout-note-critique-concerts.html\" target=\"_blank\" rel=\"nofollow\"> <i class=\"fas fa-pencil-alt\"><\/i> R\u00e9diger un avis <\/a> <\/p>\n<div class=\"single-message\">\n<h4>Soyez le premier \u00e0 donner votre avis !<\/h4>\n<p>Jazz &amp; Java<\/p>\n<\/p><\/div>\n<\/p><\/div>\n<\/p><\/div>\n<div role=\"tabpanel\" class=\"tab-pane \" id=\"artiste-tab-archives\">\n<h2>Concerts pass\u00e9s de Jazz &amp; Java<\/h2>\n<div class=\"panel panel-default\">\n<p>  <label for=\"annee_archives\">Voir les archives de l&rsquo;ann\u00e9e<\/label>  <\/p>\n<\/div>\n<p> Il n&rsquo;existe pas d&rsquo;archives pour l&rsquo;ann\u00e9e 2025. <\/p>\n<\/p><\/div>\n<p> Cet article, qui traite du th\u00e8me \u00ab\u00a0Festival Jazz et musique en mode guinguette\u00a0\u00bb, vous est d\u00e9lib\u00e9r\u00e9ment offert par festivox.fr. La raison d\u2019\u00eatre de festivox.fr est de parler de Festival Jazz et musique en mode guinguette dans la transparence la plus g\u00e9n\u00e9rale en vous procurant la visibilit\u00e9 de tout ce qui est publi\u00e9 sur ce sujet sur le web La chronique a \u00e9t\u00e9 g\u00e9n\u00e9r\u00e9e de la mani\u00e8re la plus honn\u00eate que possible. S\u2019il advenait que vous projetez d\u2019apporter quelques notes concernant le domaine de \u00ab\u00a0Festival Jazz et musique en mode guinguette\u00a0\u00bb vous avez la possibilit\u00e9 de d&rsquo;\u00e9changer avec notre r\u00e9daction. Dans peu de temps, on mettra en ligne d&rsquo;autres informations pertinentes autour du sujet \u00ab\u00a0Festival Jazz et musique en mode guinguette\u00a0\u00bb. Ainsi, consultez r\u00e9guli\u00e8rement notre site.<\/p>\n","protected":false},"excerpt":{"rendered":"<p>Concerts de Jazz &amp; Java Alerte concert Cet artiste n&rsquo;a aucun concert programm\u00e9. Soyez le premier \u00e0 \u00eatre avertides prochains concerts de Jazz &amp; Java Biographie de Jazz &amp; Java L&rsquo;accord\u00e9oniste J\u00e9r\u00e9my F. Marron, \u00e0 l&rsquo;initiative de ce projet, s&rsquo;est entour\u00e9 de Jean-Fran\u00e7ois Bonnel, jazzman \u00e0 la carri\u00e8re internationale et professeur de jazz au conservatoire&hellip;<\/p>\n","protected":false},"author":1,"featured_media":1213,"comment_status":"closed","ping_status":"closed","sticky":false,"template":"","format":"standard","meta":{"footnotes":""},"categories":[3],"tags":[],"class_list":["post-1212","post","type-post","status-publish","format-standard","has-post-thumbnail","hentry","category-wiki-sur-festival-jazz-et-musique-en-mode-guinguette"],"yoast_head":"<!-- This site is optimized with the Yoast SEO plugin v27.5 - https:\/\/yoast.com\/product\/yoast-seo-wordpress\/ -->\n<title>JAZZ &amp; JAVA - Info Concert - FESTIVOX<\/title>\n<meta name=\"robots\" content=\"index, follow, max-snippet:-1, max-image-preview:large, max-video-preview:-1\" \/>\n<link rel=\"canonical\" href=\"https:\/\/www.festivox.fr\/blog\/jazz-java-info-concert\/\" \/>\n<meta property=\"og:locale\" content=\"fr_FR\" \/>\n<meta property=\"og:type\" content=\"article\" \/>\n<meta property=\"og:title\" content=\"JAZZ &amp; JAVA - Info Concert - FESTIVOX\" \/>\n<meta property=\"og:description\" content=\"Concerts de Jazz &amp; Java Alerte concert Cet artiste n&rsquo;a aucun concert programm\u00e9. Soyez le premier \u00e0 \u00eatre avertides prochains concerts de Jazz &amp; Java Biographie de Jazz &amp; Java L&rsquo;accord\u00e9oniste J\u00e9r\u00e9my F. Marron, \u00e0 l&rsquo;initiative de ce projet, s&rsquo;est entour\u00e9 de Jean-Fran\u00e7ois Bonnel, jazzman \u00e0 la carri\u00e8re internationale et professeur de jazz au conservatoire&hellip;\" \/>\n<meta property=\"og:url\" content=\"https:\/\/www.festivox.fr\/blog\/jazz-java-info-concert\/\" \/>\n<meta property=\"og:site_name\" content=\"FESTIVOX\" \/>\n<meta property=\"article:published_time\" content=\"2020-12-23T07:35:00+00:00\" \/>\n<meta property=\"og:image\" content=\"https:\/\/www.festivox.fr\/blog\/wp-content\/uploads\/2025\/06\/jazz-java-info-concert.png\" \/>\n<meta name=\"author\" content=\"Michele\" \/>\n<meta name=\"twitter:card\" content=\"summary_large_image\" \/>\n<meta name=\"twitter:label1\" content=\"\u00c9crit par\" \/>\n\t<meta name=\"twitter:data1\" content=\"Michele\" \/>\n\t<meta name=\"twitter:label2\" content=\"Dur\u00e9e de lecture estim\u00e9e\" \/>\n\t<meta name=\"twitter:data2\" content=\"3 minutes\" \/>\n<script type=\"application\/ld+json\" class=\"yoast-schema-graph\">{\"@context\":\"https:\\\/\\\/schema.org\",\"@graph\":[{\"@type\":\"Article\",\"@id\":\"https:\\\/\\\/www.festivox.fr\\\/blog\\\/jazz-java-info-concert\\\/#article\",\"isPartOf\":{\"@id\":\"https:\\\/\\\/www.festivox.fr\\\/blog\\\/jazz-java-info-concert\\\/\"},\"author\":{\"name\":\"Michele\",\"@id\":\"https:\\\/\\\/www.festivox.fr\\\/blog\\\/#\\\/schema\\\/person\\\/f36a8b6bc94800c3eafed4bca993ce95\"},\"headline\":\"JAZZ &amp; JAVA &#8211; Info Concert\",\"datePublished\":\"2020-12-23T07:35:00+00:00\",\"mainEntityOfPage\":{\"@id\":\"https:\\\/\\\/www.festivox.fr\\\/blog\\\/jazz-java-info-concert\\\/\"},\"wordCount\":545,\"publisher\":{\"@id\":\"https:\\\/\\\/www.festivox.fr\\\/blog\\\/#organization\"},\"image\":{\"@id\":\"https:\\\/\\\/www.festivox.fr\\\/blog\\\/jazz-java-info-concert\\\/#primaryimage\"},\"thumbnailUrl\":\"https:\\\/\\\/www.festivox.fr\\\/blog\\\/wp-content\\\/uploads\\\/2025\\\/06\\\/jazz-java-info-concert.png\",\"articleSection\":[\"Wiki Sur Festival Jazz Et Musique En Mode Guinguette:\"],\"inLanguage\":\"fr-FR\"},{\"@type\":\"WebPage\",\"@id\":\"https:\\\/\\\/www.festivox.fr\\\/blog\\\/jazz-java-info-concert\\\/\",\"url\":\"https:\\\/\\\/www.festivox.fr\\\/blog\\\/jazz-java-info-concert\\\/\",\"name\":\"JAZZ &amp; JAVA - Info Concert - FESTIVOX\",\"isPartOf\":{\"@id\":\"https:\\\/\\\/www.festivox.fr\\\/blog\\\/#website\"},\"primaryImageOfPage\":{\"@id\":\"https:\\\/\\\/www.festivox.fr\\\/blog\\\/jazz-java-info-concert\\\/#primaryimage\"},\"image\":{\"@id\":\"https:\\\/\\\/www.festivox.fr\\\/blog\\\/jazz-java-info-concert\\\/#primaryimage\"},\"thumbnailUrl\":\"https:\\\/\\\/www.festivox.fr\\\/blog\\\/wp-content\\\/uploads\\\/2025\\\/06\\\/jazz-java-info-concert.png\",\"datePublished\":\"2020-12-23T07:35:00+00:00\",\"breadcrumb\":{\"@id\":\"https:\\\/\\\/www.festivox.fr\\\/blog\\\/jazz-java-info-concert\\\/#breadcrumb\"},\"inLanguage\":\"fr-FR\",\"potentialAction\":[{\"@type\":\"ReadAction\",\"target\":[\"https:\\\/\\\/www.festivox.fr\\\/blog\\\/jazz-java-info-concert\\\/\"]}]},{\"@type\":\"ImageObject\",\"inLanguage\":\"fr-FR\",\"@id\":\"https:\\\/\\\/www.festivox.fr\\\/blog\\\/jazz-java-info-concert\\\/#primaryimage\",\"url\":\"https:\\\/\\\/www.festivox.fr\\\/blog\\\/wp-content\\\/uploads\\\/2025\\\/06\\\/jazz-java-info-concert.png\",\"contentUrl\":\"https:\\\/\\\/www.festivox.fr\\\/blog\\\/wp-content\\\/uploads\\\/2025\\\/06\\\/jazz-java-info-concert.png\",\"width\":155,\"height\":82},{\"@type\":\"BreadcrumbList\",\"@id\":\"https:\\\/\\\/www.festivox.fr\\\/blog\\\/jazz-java-info-concert\\\/#breadcrumb\",\"itemListElement\":[{\"@type\":\"ListItem\",\"position\":1,\"name\":\"Accueil\",\"item\":\"https:\\\/\\\/www.festivox.fr\\\/blog\\\/\"},{\"@type\":\"ListItem\",\"position\":2,\"name\":\"JAZZ &amp; JAVA &#8211; Info Concert\"}]},{\"@type\":\"WebSite\",\"@id\":\"https:\\\/\\\/www.festivox.fr\\\/blog\\\/#website\",\"url\":\"https:\\\/\\\/www.festivox.fr\\\/blog\\\/\",\"name\":\"FESTIVOX\",\"description\":\"Festival en mode guinguette.\",\"publisher\":{\"@id\":\"https:\\\/\\\/www.festivox.fr\\\/blog\\\/#organization\"},\"potentialAction\":[{\"@type\":\"SearchAction\",\"target\":{\"@type\":\"EntryPoint\",\"urlTemplate\":\"https:\\\/\\\/www.festivox.fr\\\/blog\\\/?s={search_term_string}\"},\"query-input\":{\"@type\":\"PropertyValueSpecification\",\"valueRequired\":true,\"valueName\":\"search_term_string\"}}],\"inLanguage\":\"fr-FR\"},{\"@type\":\"Organization\",\"@id\":\"https:\\\/\\\/www.festivox.fr\\\/blog\\\/#organization\",\"name\":\"festivox\",\"url\":\"https:\\\/\\\/www.festivox.fr\\\/blog\\\/\",\"logo\":{\"@type\":\"ImageObject\",\"inLanguage\":\"fr-FR\",\"@id\":\"https:\\\/\\\/www.festivox.fr\\\/blog\\\/#\\\/schema\\\/logo\\\/image\\\/\",\"url\":\"https:\\\/\\\/www.festivox.fr\\\/blog\\\/wp-content\\\/uploads\\\/2023\\\/06\\\/logo-2.png\",\"contentUrl\":\"https:\\\/\\\/www.festivox.fr\\\/blog\\\/wp-content\\\/uploads\\\/2023\\\/06\\\/logo-2.png\",\"width\":480,\"height\":160,\"caption\":\"festivox\"},\"image\":{\"@id\":\"https:\\\/\\\/www.festivox.fr\\\/blog\\\/#\\\/schema\\\/logo\\\/image\\\/\"}},{\"@type\":\"Person\",\"@id\":\"https:\\\/\\\/www.festivox.fr\\\/blog\\\/#\\\/schema\\\/person\\\/f36a8b6bc94800c3eafed4bca993ce95\",\"name\":\"Michele\",\"image\":{\"@type\":\"ImageObject\",\"inLanguage\":\"fr-FR\",\"@id\":\"https:\\\/\\\/secure.gravatar.com\\\/avatar\\\/b062046536b5d47ec9075956ec349ef95ed06b0f910c578f74abb318668b702e?s=96&d=mm&r=g\",\"url\":\"https:\\\/\\\/secure.gravatar.com\\\/avatar\\\/b062046536b5d47ec9075956ec349ef95ed06b0f910c578f74abb318668b702e?s=96&d=mm&r=g\",\"contentUrl\":\"https:\\\/\\\/secure.gravatar.com\\\/avatar\\\/b062046536b5d47ec9075956ec349ef95ed06b0f910c578f74abb318668b702e?s=96&d=mm&r=g\",\"caption\":\"Michele\"},\"sameAs\":[\"https:\\\/\\\/www.festivox.fr\\\/blog\"],\"url\":\"https:\\\/\\\/www.festivox.fr\\\/blog\\\/author\\\/voxadmin\\\/\"}]}<\/script>\n<!-- \/ Yoast SEO plugin. -->","yoast_head_json":{"title":"JAZZ &amp; JAVA - Info Concert - FESTIVOX","robots":{"index":"index","follow":"follow","max-snippet":"max-snippet:-1","max-image-preview":"max-image-preview:large","max-video-preview":"max-video-preview:-1"},"canonical":"https:\/\/www.festivox.fr\/blog\/jazz-java-info-concert\/","og_locale":"fr_FR","og_type":"article","og_title":"JAZZ &amp; JAVA - Info Concert - FESTIVOX","og_description":"Concerts de Jazz &amp; Java Alerte concert Cet artiste n&rsquo;a aucun concert programm\u00e9. Soyez le premier \u00e0 \u00eatre avertides prochains concerts de Jazz &amp; Java Biographie de Jazz &amp; Java L&rsquo;accord\u00e9oniste J\u00e9r\u00e9my F. Marron, \u00e0 l&rsquo;initiative de ce projet, s&rsquo;est entour\u00e9 de Jean-Fran\u00e7ois Bonnel, jazzman \u00e0 la carri\u00e8re internationale et professeur de jazz au conservatoire&hellip;","og_url":"https:\/\/www.festivox.fr\/blog\/jazz-java-info-concert\/","og_site_name":"FESTIVOX","article_published_time":"2020-12-23T07:35:00+00:00","og_image":[{"url":"https:\/\/www.festivox.fr\/blog\/wp-content\/uploads\/2025\/06\/jazz-java-info-concert.png","type":"","width":"","height":""}],"author":"Michele","twitter_card":"summary_large_image","twitter_misc":{"\u00c9crit par":"Michele","Dur\u00e9e de lecture estim\u00e9e":"3 minutes"},"schema":{"@context":"https:\/\/schema.org","@graph":[{"@type":"Article","@id":"https:\/\/www.festivox.fr\/blog\/jazz-java-info-concert\/#article","isPartOf":{"@id":"https:\/\/www.festivox.fr\/blog\/jazz-java-info-concert\/"},"author":{"name":"Michele","@id":"https:\/\/www.festivox.fr\/blog\/#\/schema\/person\/f36a8b6bc94800c3eafed4bca993ce95"},"headline":"JAZZ &amp; JAVA &#8211; Info Concert","datePublished":"2020-12-23T07:35:00+00:00","mainEntityOfPage":{"@id":"https:\/\/www.festivox.fr\/blog\/jazz-java-info-concert\/"},"wordCount":545,"publisher":{"@id":"https:\/\/www.festivox.fr\/blog\/#organization"},"image":{"@id":"https:\/\/www.festivox.fr\/blog\/jazz-java-info-concert\/#primaryimage"},"thumbnailUrl":"https:\/\/www.festivox.fr\/blog\/wp-content\/uploads\/2025\/06\/jazz-java-info-concert.png","articleSection":["Wiki Sur Festival Jazz Et Musique En Mode Guinguette:"],"inLanguage":"fr-FR"},{"@type":"WebPage","@id":"https:\/\/www.festivox.fr\/blog\/jazz-java-info-concert\/","url":"https:\/\/www.festivox.fr\/blog\/jazz-java-info-concert\/","name":"JAZZ &amp; JAVA - Info Concert - FESTIVOX","isPartOf":{"@id":"https:\/\/www.festivox.fr\/blog\/#website"},"primaryImageOfPage":{"@id":"https:\/\/www.festivox.fr\/blog\/jazz-java-info-concert\/#primaryimage"},"image":{"@id":"https:\/\/www.festivox.fr\/blog\/jazz-java-info-concert\/#primaryimage"},"thumbnailUrl":"https:\/\/www.festivox.fr\/blog\/wp-content\/uploads\/2025\/06\/jazz-java-info-concert.png","datePublished":"2020-12-23T07:35:00+00:00","breadcrumb":{"@id":"https:\/\/www.festivox.fr\/blog\/jazz-java-info-concert\/#breadcrumb"},"inLanguage":"fr-FR","potentialAction":[{"@type":"ReadAction","target":["https:\/\/www.festivox.fr\/blog\/jazz-java-info-concert\/"]}]},{"@type":"ImageObject","inLanguage":"fr-FR","@id":"https:\/\/www.festivox.fr\/blog\/jazz-java-info-concert\/#primaryimage","url":"https:\/\/www.festivox.fr\/blog\/wp-content\/uploads\/2025\/06\/jazz-java-info-concert.png","contentUrl":"https:\/\/www.festivox.fr\/blog\/wp-content\/uploads\/2025\/06\/jazz-java-info-concert.png","width":155,"height":82},{"@type":"BreadcrumbList","@id":"https:\/\/www.festivox.fr\/blog\/jazz-java-info-concert\/#breadcrumb","itemListElement":[{"@type":"ListItem","position":1,"name":"Accueil","item":"https:\/\/www.festivox.fr\/blog\/"},{"@type":"ListItem","position":2,"name":"JAZZ &amp; JAVA &#8211; Info Concert"}]},{"@type":"WebSite","@id":"https:\/\/www.festivox.fr\/blog\/#website","url":"https:\/\/www.festivox.fr\/blog\/","name":"FESTIVOX","description":"Festival en mode guinguette.","publisher":{"@id":"https:\/\/www.festivox.fr\/blog\/#organization"},"potentialAction":[{"@type":"SearchAction","target":{"@type":"EntryPoint","urlTemplate":"https:\/\/www.festivox.fr\/blog\/?s={search_term_string}"},"query-input":{"@type":"PropertyValueSpecification","valueRequired":true,"valueName":"search_term_string"}}],"inLanguage":"fr-FR"},{"@type":"Organization","@id":"https:\/\/www.festivox.fr\/blog\/#organization","name":"festivox","url":"https:\/\/www.festivox.fr\/blog\/","logo":{"@type":"ImageObject","inLanguage":"fr-FR","@id":"https:\/\/www.festivox.fr\/blog\/#\/schema\/logo\/image\/","url":"https:\/\/www.festivox.fr\/blog\/wp-content\/uploads\/2023\/06\/logo-2.png","contentUrl":"https:\/\/www.festivox.fr\/blog\/wp-content\/uploads\/2023\/06\/logo-2.png","width":480,"height":160,"caption":"festivox"},"image":{"@id":"https:\/\/www.festivox.fr\/blog\/#\/schema\/logo\/image\/"}},{"@type":"Person","@id":"https:\/\/www.festivox.fr\/blog\/#\/schema\/person\/f36a8b6bc94800c3eafed4bca993ce95","name":"Michele","image":{"@type":"ImageObject","inLanguage":"fr-FR","@id":"https:\/\/secure.gravatar.com\/avatar\/b062046536b5d47ec9075956ec349ef95ed06b0f910c578f74abb318668b702e?s=96&d=mm&r=g","url":"https:\/\/secure.gravatar.com\/avatar\/b062046536b5d47ec9075956ec349ef95ed06b0f910c578f74abb318668b702e?s=96&d=mm&r=g","contentUrl":"https:\/\/secure.gravatar.com\/avatar\/b062046536b5d47ec9075956ec349ef95ed06b0f910c578f74abb318668b702e?s=96&d=mm&r=g","caption":"Michele"},"sameAs":["https:\/\/www.festivox.fr\/blog"],"url":"https:\/\/www.festivox.fr\/blog\/author\/voxadmin\/"}]}},"_links":{"self":[{"href":"https:\/\/www.festivox.fr\/blog\/wp-json\/wp\/v2\/posts\/1212","targetHints":{"allow":["GET"]}}],"collection":[{"href":"https:\/\/www.festivox.fr\/blog\/wp-json\/wp\/v2\/posts"}],"about":[{"href":"https:\/\/www.festivox.fr\/blog\/wp-json\/wp\/v2\/types\/post"}],"author":[{"embeddable":true,"href":"https:\/\/www.festivox.fr\/blog\/wp-json\/wp\/v2\/users\/1"}],"replies":[{"embeddable":true,"href":"https:\/\/www.festivox.fr\/blog\/wp-json\/wp\/v2\/comments?post=1212"}],"version-history":[{"count":0,"href":"https:\/\/www.festivox.fr\/blog\/wp-json\/wp\/v2\/posts\/1212\/revisions"}],"wp:featuredmedia":[{"embeddable":true,"href":"https:\/\/www.festivox.fr\/blog\/wp-json\/wp\/v2\/media\/1213"}],"wp:attachment":[{"href":"https:\/\/www.festivox.fr\/blog\/wp-json\/wp\/v2\/media?parent=1212"}],"wp:term":[{"taxonomy":"category","embeddable":true,"href":"https:\/\/www.festivox.fr\/blog\/wp-json\/wp\/v2\/categories?post=1212"},{"taxonomy":"post_tag","embeddable":true,"href":"https:\/\/www.festivox.fr\/blog\/wp-json\/wp\/v2\/tags?post=1212"}],"curies":[{"name":"wp","href":"https:\/\/api.w.org\/{rel}","templated":true}]}}