{"id":1195,"date":"2016-01-25T08:56:00","date_gmt":"2016-01-25T06:56:00","guid":{"rendered":"https:\/\/www.festivox.fr\/blog\/jazz-a-la-java-sortiraparis-com\/"},"modified":"2016-01-25T08:56:00","modified_gmt":"2016-01-25T06:56:00","slug":"jazz-a-la-java-sortiraparis-com","status":"publish","type":"post","link":"https:\/\/www.festivox.fr\/blog\/jazz-a-la-java-sortiraparis-com\/","title":{"rendered":"JAZZ \u00c0 LA JAVA &#8211; Sortiraparis.com"},"content":{"rendered":"\n<div><img decoding=\"async\" src=\"https:\/\/www.festivox.fr\/blog\/wp-content\/uploads\/2025\/06\/jazz-a-la-java-sortiraparis-com.jpg\" class=\"ff-og-image-inserted\"><\/div>\n<p> Nouvelle soir\u00e9e Jazz \u00e0 La Java ce 8 f\u00e9vrier 2016. <\/p>\n<div> <span id=\"article-start\"><\/span> <\/p>\n<p>-1er set : CLAUDINE FRAN\u00c7OIS TRIO<\/p>\n<p>Claudine FRAN\u00c7OIS (piano) retrouve John BETSCH (batterie) et Didier FORGET (saxophone), compagnons de longue date et musiciens d&rsquo;exp\u00e9rience, pour r\u00e9interpr\u00e9ter l&rsquo;album Flying Eagle. Pianiste talentueuse, musicienne de nombreuses aventures, elle est une artiste aux multiples facettes, jouant dans l&rsquo;expression de son art tant\u00f4t d&rsquo;influences africaines et carib\u00e9ennes, tant\u00f4t du courant afro-am\u00e9ricain post-bop, sans renier ses racines europ\u00e9ennes.<\/p>\n<p>&#8211; 2\u00e8me set : le duo O.I.L. invite le batteur MAKOTO SATO<\/p>\n<p>\u00ab\u00a0Dans les ann\u00e9es 60, ALAN SILVA (contrebasse) fut l&rsquo;un des deux contrebassistes du combo de Cecil Taylor, celui des c\u00e9l\u00e8bres Unit Structure et Conquistador ! Install\u00e9 en France depuis les ann\u00e9es 70, Alan deviendra l&rsquo;un des piliers de la sc\u00e8ne free hexagonale durant les trois d\u00e9cennies qui suivront avec, notamment, son Celestrial Communication Orchestra, un big band inoubliable. Il s&rsquo;est associ\u00e9 depuis quelques ann\u00e9es avec Noah ROSEN (piano), autre \u00e9migr\u00e9 am\u00e9ricain vivant \u00e0 Paris, doubl\u00e9 d&rsquo;un extraordinaire pianiste, les deux hommes formant un duo au sein duquel Silva joue du synth\u00e9tiseur. Noah, pour sa part, se montre comme toujours sid\u00e9rant. Sous ses doigts, c&rsquo;est toute l&rsquo;histoire de l&rsquo;avant-garde du piano jazz qui d\u00e9file, de Lennie Tristano \u00e0 Andrew Hill, en passant par Taylor et Paul Bley. Mais Noah, c&rsquo;est, heureusement, beaucoup plus que la somme de ses influences. L&rsquo;homme est un ma\u00eetre improvisateur, dot\u00e9 d&rsquo;une technique pianistique stup\u00e9fiante et d&rsquo;une invention sans limites. Il est, sans discussion possible, l&rsquo;\u00e9l\u00e9ment moteur de ce duo de choc\u00a0\u00bb. (Philippe Elham, Focus Magazine)<\/p>\n<p> <span id=\"article-end\"><\/span> <\/div>\n<p> Cet article, qui traite du th\u00e8me \u00ab\u00a0Festival Jazz et musique en mode guinguette\u00a0\u00bb, vous est d\u00e9lib\u00e9r\u00e9ment offert par festivox.fr. La raison d\u2019\u00eatre de festivox.fr est de parler de Festival Jazz et musique en mode guinguette dans la transparence la plus g\u00e9n\u00e9rale en vous procurant la visibilit\u00e9 de tout ce qui est publi\u00e9 sur ce sujet sur le web La chronique a \u00e9t\u00e9 g\u00e9n\u00e9r\u00e9e de la mani\u00e8re la plus honn\u00eate que possible. S\u2019il advenait que vous projetez d\u2019apporter quelques notes concernant le domaine de \u00ab\u00a0Festival Jazz et musique en mode guinguette\u00a0\u00bb vous avez la possibilit\u00e9 de d&rsquo;\u00e9changer avec notre r\u00e9daction. Dans peu de temps, on mettra en ligne d&rsquo;autres informations pertinentes autour du sujet \u00ab\u00a0Festival Jazz et musique en mode guinguette\u00a0\u00bb. Ainsi, consultez r\u00e9guli\u00e8rement notre site.<\/p>\n","protected":false},"excerpt":{"rendered":"<p>Nouvelle soir\u00e9e Jazz \u00e0 La Java ce 8 f\u00e9vrier 2016. -1er set : CLAUDINE FRAN\u00c7OIS TRIO Claudine FRAN\u00c7OIS (piano) retrouve John BETSCH (batterie) et Didier FORGET (saxophone), compagnons de longue date et musiciens d&rsquo;exp\u00e9rience, pour r\u00e9interpr\u00e9ter l&rsquo;album Flying Eagle. Pianiste talentueuse, musicienne de nombreuses aventures, elle est une artiste aux multiples facettes, jouant dans l&rsquo;expression&hellip;<\/p>\n","protected":false},"author":1,"featured_media":1196,"comment_status":"closed","ping_status":"closed","sticky":false,"template":"","format":"standard","meta":{"footnotes":""},"categories":[3],"tags":[],"class_list":["post-1195","post","type-post","status-publish","format-standard","has-post-thumbnail","hentry","category-wiki-sur-festival-jazz-et-musique-en-mode-guinguette"],"yoast_head":"<!-- This site is optimized with the Yoast SEO plugin v27.5 - https:\/\/yoast.com\/product\/yoast-seo-wordpress\/ -->\n<title>JAZZ \u00c0 LA JAVA - Sortiraparis.com - FESTIVOX<\/title>\n<meta name=\"robots\" content=\"index, follow, max-snippet:-1, max-image-preview:large, max-video-preview:-1\" \/>\n<link rel=\"canonical\" href=\"https:\/\/www.festivox.fr\/blog\/jazz-a-la-java-sortiraparis-com\/\" \/>\n<meta property=\"og:locale\" content=\"fr_FR\" \/>\n<meta property=\"og:type\" content=\"article\" \/>\n<meta property=\"og:title\" content=\"JAZZ \u00c0 LA JAVA - Sortiraparis.com - FESTIVOX\" \/>\n<meta property=\"og:description\" content=\"Nouvelle soir\u00e9e Jazz \u00e0 La Java ce 8 f\u00e9vrier 2016. -1er set : CLAUDINE FRAN\u00c7OIS TRIO Claudine FRAN\u00c7OIS (piano) retrouve John BETSCH (batterie) et Didier FORGET (saxophone), compagnons de longue date et musiciens d&rsquo;exp\u00e9rience, pour r\u00e9interpr\u00e9ter l&rsquo;album Flying Eagle. Pianiste talentueuse, musicienne de nombreuses aventures, elle est une artiste aux multiples facettes, jouant dans l&rsquo;expression&hellip;\" \/>\n<meta property=\"og:url\" content=\"https:\/\/www.festivox.fr\/blog\/jazz-a-la-java-sortiraparis-com\/\" \/>\n<meta property=\"og:site_name\" content=\"FESTIVOX\" \/>\n<meta property=\"article:published_time\" content=\"2016-01-25T06:56:00+00:00\" \/>\n<meta property=\"og:image\" content=\"https:\/\/www.festivox.fr\/blog\/wp-content\/uploads\/2025\/06\/jazz-a-la-java-sortiraparis-com.jpg\" \/>\n<meta name=\"author\" content=\"Michele\" \/>\n<meta name=\"twitter:card\" content=\"summary_large_image\" \/>\n<meta name=\"twitter:label1\" content=\"\u00c9crit par\" \/>\n\t<meta name=\"twitter:data1\" content=\"Michele\" \/>\n\t<meta name=\"twitter:label2\" content=\"Dur\u00e9e de lecture estim\u00e9e\" \/>\n\t<meta name=\"twitter:data2\" content=\"2 minutes\" \/>\n<script type=\"application\/ld+json\" class=\"yoast-schema-graph\">{\"@context\":\"https:\\\/\\\/schema.org\",\"@graph\":[{\"@type\":\"Article\",\"@id\":\"https:\\\/\\\/www.festivox.fr\\\/blog\\\/jazz-a-la-java-sortiraparis-com\\\/#article\",\"isPartOf\":{\"@id\":\"https:\\\/\\\/www.festivox.fr\\\/blog\\\/jazz-a-la-java-sortiraparis-com\\\/\"},\"author\":{\"name\":\"Michele\",\"@id\":\"https:\\\/\\\/www.festivox.fr\\\/blog\\\/#\\\/schema\\\/person\\\/f36a8b6bc94800c3eafed4bca993ce95\"},\"headline\":\"JAZZ \u00c0 LA JAVA &#8211; Sortiraparis.com\",\"datePublished\":\"2016-01-25T06:56:00+00:00\",\"mainEntityOfPage\":{\"@id\":\"https:\\\/\\\/www.festivox.fr\\\/blog\\\/jazz-a-la-java-sortiraparis-com\\\/\"},\"wordCount\":425,\"publisher\":{\"@id\":\"https:\\\/\\\/www.festivox.fr\\\/blog\\\/#organization\"},\"image\":{\"@id\":\"https:\\\/\\\/www.festivox.fr\\\/blog\\\/jazz-a-la-java-sortiraparis-com\\\/#primaryimage\"},\"thumbnailUrl\":\"https:\\\/\\\/www.festivox.fr\\\/blog\\\/wp-content\\\/uploads\\\/2025\\\/06\\\/jazz-a-la-java-sortiraparis-com.jpg\",\"articleSection\":[\"Wiki Sur Festival Jazz Et Musique En Mode Guinguette:\"],\"inLanguage\":\"fr-FR\"},{\"@type\":\"WebPage\",\"@id\":\"https:\\\/\\\/www.festivox.fr\\\/blog\\\/jazz-a-la-java-sortiraparis-com\\\/\",\"url\":\"https:\\\/\\\/www.festivox.fr\\\/blog\\\/jazz-a-la-java-sortiraparis-com\\\/\",\"name\":\"JAZZ \u00c0 LA JAVA - Sortiraparis.com - FESTIVOX\",\"isPartOf\":{\"@id\":\"https:\\\/\\\/www.festivox.fr\\\/blog\\\/#website\"},\"primaryImageOfPage\":{\"@id\":\"https:\\\/\\\/www.festivox.fr\\\/blog\\\/jazz-a-la-java-sortiraparis-com\\\/#primaryimage\"},\"image\":{\"@id\":\"https:\\\/\\\/www.festivox.fr\\\/blog\\\/jazz-a-la-java-sortiraparis-com\\\/#primaryimage\"},\"thumbnailUrl\":\"https:\\\/\\\/www.festivox.fr\\\/blog\\\/wp-content\\\/uploads\\\/2025\\\/06\\\/jazz-a-la-java-sortiraparis-com.jpg\",\"datePublished\":\"2016-01-25T06:56:00+00:00\",\"breadcrumb\":{\"@id\":\"https:\\\/\\\/www.festivox.fr\\\/blog\\\/jazz-a-la-java-sortiraparis-com\\\/#breadcrumb\"},\"inLanguage\":\"fr-FR\",\"potentialAction\":[{\"@type\":\"ReadAction\",\"target\":[\"https:\\\/\\\/www.festivox.fr\\\/blog\\\/jazz-a-la-java-sortiraparis-com\\\/\"]}]},{\"@type\":\"ImageObject\",\"inLanguage\":\"fr-FR\",\"@id\":\"https:\\\/\\\/www.festivox.fr\\\/blog\\\/jazz-a-la-java-sortiraparis-com\\\/#primaryimage\",\"url\":\"https:\\\/\\\/www.festivox.fr\\\/blog\\\/wp-content\\\/uploads\\\/2025\\\/06\\\/jazz-a-la-java-sortiraparis-com.jpg\",\"contentUrl\":\"https:\\\/\\\/www.festivox.fr\\\/blog\\\/wp-content\\\/uploads\\\/2025\\\/06\\\/jazz-a-la-java-sortiraparis-com.jpg\",\"width\":137,\"height\":190},{\"@type\":\"BreadcrumbList\",\"@id\":\"https:\\\/\\\/www.festivox.fr\\\/blog\\\/jazz-a-la-java-sortiraparis-com\\\/#breadcrumb\",\"itemListElement\":[{\"@type\":\"ListItem\",\"position\":1,\"name\":\"Accueil\",\"item\":\"https:\\\/\\\/www.festivox.fr\\\/blog\\\/\"},{\"@type\":\"ListItem\",\"position\":2,\"name\":\"JAZZ \u00c0 LA JAVA &#8211; Sortiraparis.com\"}]},{\"@type\":\"WebSite\",\"@id\":\"https:\\\/\\\/www.festivox.fr\\\/blog\\\/#website\",\"url\":\"https:\\\/\\\/www.festivox.fr\\\/blog\\\/\",\"name\":\"FESTIVOX\",\"description\":\"Festival en mode guinguette.\",\"publisher\":{\"@id\":\"https:\\\/\\\/www.festivox.fr\\\/blog\\\/#organization\"},\"potentialAction\":[{\"@type\":\"SearchAction\",\"target\":{\"@type\":\"EntryPoint\",\"urlTemplate\":\"https:\\\/\\\/www.festivox.fr\\\/blog\\\/?s={search_term_string}\"},\"query-input\":{\"@type\":\"PropertyValueSpecification\",\"valueRequired\":true,\"valueName\":\"search_term_string\"}}],\"inLanguage\":\"fr-FR\"},{\"@type\":\"Organization\",\"@id\":\"https:\\\/\\\/www.festivox.fr\\\/blog\\\/#organization\",\"name\":\"festivox\",\"url\":\"https:\\\/\\\/www.festivox.fr\\\/blog\\\/\",\"logo\":{\"@type\":\"ImageObject\",\"inLanguage\":\"fr-FR\",\"@id\":\"https:\\\/\\\/www.festivox.fr\\\/blog\\\/#\\\/schema\\\/logo\\\/image\\\/\",\"url\":\"https:\\\/\\\/www.festivox.fr\\\/blog\\\/wp-content\\\/uploads\\\/2023\\\/06\\\/logo-2.png\",\"contentUrl\":\"https:\\\/\\\/www.festivox.fr\\\/blog\\\/wp-content\\\/uploads\\\/2023\\\/06\\\/logo-2.png\",\"width\":480,\"height\":160,\"caption\":\"festivox\"},\"image\":{\"@id\":\"https:\\\/\\\/www.festivox.fr\\\/blog\\\/#\\\/schema\\\/logo\\\/image\\\/\"}},{\"@type\":\"Person\",\"@id\":\"https:\\\/\\\/www.festivox.fr\\\/blog\\\/#\\\/schema\\\/person\\\/f36a8b6bc94800c3eafed4bca993ce95\",\"name\":\"Michele\",\"image\":{\"@type\":\"ImageObject\",\"inLanguage\":\"fr-FR\",\"@id\":\"https:\\\/\\\/secure.gravatar.com\\\/avatar\\\/b062046536b5d47ec9075956ec349ef95ed06b0f910c578f74abb318668b702e?s=96&d=mm&r=g\",\"url\":\"https:\\\/\\\/secure.gravatar.com\\\/avatar\\\/b062046536b5d47ec9075956ec349ef95ed06b0f910c578f74abb318668b702e?s=96&d=mm&r=g\",\"contentUrl\":\"https:\\\/\\\/secure.gravatar.com\\\/avatar\\\/b062046536b5d47ec9075956ec349ef95ed06b0f910c578f74abb318668b702e?s=96&d=mm&r=g\",\"caption\":\"Michele\"},\"sameAs\":[\"https:\\\/\\\/www.festivox.fr\\\/blog\"],\"url\":\"https:\\\/\\\/www.festivox.fr\\\/blog\\\/author\\\/voxadmin\\\/\"}]}<\/script>\n<!-- \/ Yoast SEO plugin. -->","yoast_head_json":{"title":"JAZZ \u00c0 LA JAVA - Sortiraparis.com - FESTIVOX","robots":{"index":"index","follow":"follow","max-snippet":"max-snippet:-1","max-image-preview":"max-image-preview:large","max-video-preview":"max-video-preview:-1"},"canonical":"https:\/\/www.festivox.fr\/blog\/jazz-a-la-java-sortiraparis-com\/","og_locale":"fr_FR","og_type":"article","og_title":"JAZZ \u00c0 LA JAVA - Sortiraparis.com - FESTIVOX","og_description":"Nouvelle soir\u00e9e Jazz \u00e0 La Java ce 8 f\u00e9vrier 2016. -1er set : CLAUDINE FRAN\u00c7OIS TRIO Claudine FRAN\u00c7OIS (piano) retrouve John BETSCH (batterie) et Didier FORGET (saxophone), compagnons de longue date et musiciens d&rsquo;exp\u00e9rience, pour r\u00e9interpr\u00e9ter l&rsquo;album Flying Eagle. Pianiste talentueuse, musicienne de nombreuses aventures, elle est une artiste aux multiples facettes, jouant dans l&rsquo;expression&hellip;","og_url":"https:\/\/www.festivox.fr\/blog\/jazz-a-la-java-sortiraparis-com\/","og_site_name":"FESTIVOX","article_published_time":"2016-01-25T06:56:00+00:00","og_image":[{"url":"https:\/\/www.festivox.fr\/blog\/wp-content\/uploads\/2025\/06\/jazz-a-la-java-sortiraparis-com.jpg","type":"","width":"","height":""}],"author":"Michele","twitter_card":"summary_large_image","twitter_misc":{"\u00c9crit par":"Michele","Dur\u00e9e de lecture estim\u00e9e":"2 minutes"},"schema":{"@context":"https:\/\/schema.org","@graph":[{"@type":"Article","@id":"https:\/\/www.festivox.fr\/blog\/jazz-a-la-java-sortiraparis-com\/#article","isPartOf":{"@id":"https:\/\/www.festivox.fr\/blog\/jazz-a-la-java-sortiraparis-com\/"},"author":{"name":"Michele","@id":"https:\/\/www.festivox.fr\/blog\/#\/schema\/person\/f36a8b6bc94800c3eafed4bca993ce95"},"headline":"JAZZ \u00c0 LA JAVA &#8211; Sortiraparis.com","datePublished":"2016-01-25T06:56:00+00:00","mainEntityOfPage":{"@id":"https:\/\/www.festivox.fr\/blog\/jazz-a-la-java-sortiraparis-com\/"},"wordCount":425,"publisher":{"@id":"https:\/\/www.festivox.fr\/blog\/#organization"},"image":{"@id":"https:\/\/www.festivox.fr\/blog\/jazz-a-la-java-sortiraparis-com\/#primaryimage"},"thumbnailUrl":"https:\/\/www.festivox.fr\/blog\/wp-content\/uploads\/2025\/06\/jazz-a-la-java-sortiraparis-com.jpg","articleSection":["Wiki Sur Festival Jazz Et Musique En Mode Guinguette:"],"inLanguage":"fr-FR"},{"@type":"WebPage","@id":"https:\/\/www.festivox.fr\/blog\/jazz-a-la-java-sortiraparis-com\/","url":"https:\/\/www.festivox.fr\/blog\/jazz-a-la-java-sortiraparis-com\/","name":"JAZZ \u00c0 LA JAVA - Sortiraparis.com - FESTIVOX","isPartOf":{"@id":"https:\/\/www.festivox.fr\/blog\/#website"},"primaryImageOfPage":{"@id":"https:\/\/www.festivox.fr\/blog\/jazz-a-la-java-sortiraparis-com\/#primaryimage"},"image":{"@id":"https:\/\/www.festivox.fr\/blog\/jazz-a-la-java-sortiraparis-com\/#primaryimage"},"thumbnailUrl":"https:\/\/www.festivox.fr\/blog\/wp-content\/uploads\/2025\/06\/jazz-a-la-java-sortiraparis-com.jpg","datePublished":"2016-01-25T06:56:00+00:00","breadcrumb":{"@id":"https:\/\/www.festivox.fr\/blog\/jazz-a-la-java-sortiraparis-com\/#breadcrumb"},"inLanguage":"fr-FR","potentialAction":[{"@type":"ReadAction","target":["https:\/\/www.festivox.fr\/blog\/jazz-a-la-java-sortiraparis-com\/"]}]},{"@type":"ImageObject","inLanguage":"fr-FR","@id":"https:\/\/www.festivox.fr\/blog\/jazz-a-la-java-sortiraparis-com\/#primaryimage","url":"https:\/\/www.festivox.fr\/blog\/wp-content\/uploads\/2025\/06\/jazz-a-la-java-sortiraparis-com.jpg","contentUrl":"https:\/\/www.festivox.fr\/blog\/wp-content\/uploads\/2025\/06\/jazz-a-la-java-sortiraparis-com.jpg","width":137,"height":190},{"@type":"BreadcrumbList","@id":"https:\/\/www.festivox.fr\/blog\/jazz-a-la-java-sortiraparis-com\/#breadcrumb","itemListElement":[{"@type":"ListItem","position":1,"name":"Accueil","item":"https:\/\/www.festivox.fr\/blog\/"},{"@type":"ListItem","position":2,"name":"JAZZ \u00c0 LA JAVA &#8211; Sortiraparis.com"}]},{"@type":"WebSite","@id":"https:\/\/www.festivox.fr\/blog\/#website","url":"https:\/\/www.festivox.fr\/blog\/","name":"FESTIVOX","description":"Festival en mode guinguette.","publisher":{"@id":"https:\/\/www.festivox.fr\/blog\/#organization"},"potentialAction":[{"@type":"SearchAction","target":{"@type":"EntryPoint","urlTemplate":"https:\/\/www.festivox.fr\/blog\/?s={search_term_string}"},"query-input":{"@type":"PropertyValueSpecification","valueRequired":true,"valueName":"search_term_string"}}],"inLanguage":"fr-FR"},{"@type":"Organization","@id":"https:\/\/www.festivox.fr\/blog\/#organization","name":"festivox","url":"https:\/\/www.festivox.fr\/blog\/","logo":{"@type":"ImageObject","inLanguage":"fr-FR","@id":"https:\/\/www.festivox.fr\/blog\/#\/schema\/logo\/image\/","url":"https:\/\/www.festivox.fr\/blog\/wp-content\/uploads\/2023\/06\/logo-2.png","contentUrl":"https:\/\/www.festivox.fr\/blog\/wp-content\/uploads\/2023\/06\/logo-2.png","width":480,"height":160,"caption":"festivox"},"image":{"@id":"https:\/\/www.festivox.fr\/blog\/#\/schema\/logo\/image\/"}},{"@type":"Person","@id":"https:\/\/www.festivox.fr\/blog\/#\/schema\/person\/f36a8b6bc94800c3eafed4bca993ce95","name":"Michele","image":{"@type":"ImageObject","inLanguage":"fr-FR","@id":"https:\/\/secure.gravatar.com\/avatar\/b062046536b5d47ec9075956ec349ef95ed06b0f910c578f74abb318668b702e?s=96&d=mm&r=g","url":"https:\/\/secure.gravatar.com\/avatar\/b062046536b5d47ec9075956ec349ef95ed06b0f910c578f74abb318668b702e?s=96&d=mm&r=g","contentUrl":"https:\/\/secure.gravatar.com\/avatar\/b062046536b5d47ec9075956ec349ef95ed06b0f910c578f74abb318668b702e?s=96&d=mm&r=g","caption":"Michele"},"sameAs":["https:\/\/www.festivox.fr\/blog"],"url":"https:\/\/www.festivox.fr\/blog\/author\/voxadmin\/"}]}},"_links":{"self":[{"href":"https:\/\/www.festivox.fr\/blog\/wp-json\/wp\/v2\/posts\/1195","targetHints":{"allow":["GET"]}}],"collection":[{"href":"https:\/\/www.festivox.fr\/blog\/wp-json\/wp\/v2\/posts"}],"about":[{"href":"https:\/\/www.festivox.fr\/blog\/wp-json\/wp\/v2\/types\/post"}],"author":[{"embeddable":true,"href":"https:\/\/www.festivox.fr\/blog\/wp-json\/wp\/v2\/users\/1"}],"replies":[{"embeddable":true,"href":"https:\/\/www.festivox.fr\/blog\/wp-json\/wp\/v2\/comments?post=1195"}],"version-history":[{"count":0,"href":"https:\/\/www.festivox.fr\/blog\/wp-json\/wp\/v2\/posts\/1195\/revisions"}],"wp:featuredmedia":[{"embeddable":true,"href":"https:\/\/www.festivox.fr\/blog\/wp-json\/wp\/v2\/media\/1196"}],"wp:attachment":[{"href":"https:\/\/www.festivox.fr\/blog\/wp-json\/wp\/v2\/media?parent=1195"}],"wp:term":[{"taxonomy":"category","embeddable":true,"href":"https:\/\/www.festivox.fr\/blog\/wp-json\/wp\/v2\/categories?post=1195"},{"taxonomy":"post_tag","embeddable":true,"href":"https:\/\/www.festivox.fr\/blog\/wp-json\/wp\/v2\/tags?post=1195"}],"curies":[{"name":"wp","href":"https:\/\/api.w.org\/{rel}","templated":true}]}}