{"id":1183,"date":"2001-04-05T19:35:00","date_gmt":"2001-04-05T17:35:00","guid":{"rendered":"https:\/\/www.festivox.fr\/blog\/electro-jazz-entre-jazz-et-java-il-y-a-de-lorage-dans-lair-dit-la-chanson-le-temps-semble-au-beau-fixe-entre-jazz-et-electronique\/"},"modified":"2001-04-05T19:35:00","modified_gmt":"2001-04-05T17:35:00","slug":"electro-jazz-entre-jazz-et-java-il-y-a-de-lorage-dans-lair-dit-la-chanson-le-temps-semble-au-beau-fixe-entre-jazz-et-electronique","status":"publish","type":"post","link":"https:\/\/www.festivox.fr\/blog\/electro-jazz-entre-jazz-et-java-il-y-a-de-lorage-dans-lair-dit-la-chanson-le-temps-semble-au-beau-fixe-entre-jazz-et-electronique\/","title":{"rendered":"\u00c9lectro-jazz. Entre jazz et java, il y a de l&rsquo;orage dans l&rsquo;air dit la chanson. Le temps semble au beau fixe entre jazz et \u00e9lectronique."},"content":{"rendered":"\n<div><img decoding=\"async\" src=\"https:\/\/www.humanite.fr\/wp-content\/uploads\/2024\/07\/H_Humanite_Rond.svg\" class=\"ff-og-image-inserted\"><\/div>\n<p> Noces de braise entre jazz et \u00e9lectro<\/p>\n<p> Jazz \u00e0 l\u2019Olympia re\u00e7oit le magicien des machines, Saint-Germain, ce soir et le trompettiste \u00c9rik Truffaz ce lundi. Une musique \u00e9lectronique de chair et de\u2026 sens. R\u00e9flexion.<\/p>\n<p> Depuis quelques ann\u00e9es, le jazz et la musique \u00e9lectronique filent le grand amour, \u00e0 travers de purs bonheurs qui ont pour noms \u00c9rik Truffaz, Saint-Germain, Laurent de Wilde, Julien Lourau (pour ce qui est de la France), Bugge Wesseltoft ou Nils Petter Molvaer (pour la Norv\u00e8ge, autre p\u00f4le de cette sensibilit\u00e9 musicale). Pourtant, il y a encore peu de temps, nombreux \u00e9taient ceux \u2013 des deux bords \u2013 qui croyaient avoir affaire \u00e0 une simple passade, un ph\u00e9nom\u00e8ne de mode. Les m\u00e9lomanes en ont d\u00e9cid\u00e9 autrement, scellant cette union de leur \u00e9coute subjugu\u00e9e. Le subtil trompettiste \u00c9rik Truffaz, qui r\u00e9side aux pieds du Jura, et le solitaire parisien Saint-Germain, magicien des machines, tous deux&#8230;<\/p>\n<p> Cet article, qui traite du th\u00e8me \u00ab\u00a0Festival Jazz et musique en mode guinguette\u00a0\u00bb, vous est d\u00e9lib\u00e9r\u00e9ment offert par festivox.fr. La raison d\u2019\u00eatre de festivox.fr est de parler de Festival Jazz et musique en mode guinguette dans la transparence la plus g\u00e9n\u00e9rale en vous procurant la visibilit\u00e9 de tout ce qui est publi\u00e9 sur ce sujet sur le web La chronique a \u00e9t\u00e9 g\u00e9n\u00e9r\u00e9e de la mani\u00e8re la plus honn\u00eate que possible. S\u2019il advenait que vous projetez d\u2019apporter quelques notes concernant le domaine de \u00ab\u00a0Festival Jazz et musique en mode guinguette\u00a0\u00bb vous avez la possibilit\u00e9 de d&rsquo;\u00e9changer avec notre r\u00e9daction. Dans peu de temps, on mettra en ligne d&rsquo;autres informations pertinentes autour du sujet \u00ab\u00a0Festival Jazz et musique en mode guinguette\u00a0\u00bb. Ainsi, consultez r\u00e9guli\u00e8rement notre site.<\/p>\n","protected":false},"excerpt":{"rendered":"<p>Noces de braise entre jazz et \u00e9lectro Jazz \u00e0 l\u2019Olympia re\u00e7oit le magicien des machines, Saint-Germain, ce soir et le trompettiste \u00c9rik Truffaz ce lundi. Une musique \u00e9lectronique de chair et de\u2026 sens. R\u00e9flexion. Depuis quelques ann\u00e9es, le jazz et la musique \u00e9lectronique filent le grand amour, \u00e0 travers de purs bonheurs qui ont pour&hellip;<\/p>\n","protected":false},"author":1,"featured_media":0,"comment_status":"closed","ping_status":"closed","sticky":false,"template":"","format":"standard","meta":{"footnotes":""},"categories":[3],"tags":[],"class_list":["post-1183","post","type-post","status-publish","format-standard","hentry","category-wiki-sur-festival-jazz-et-musique-en-mode-guinguette"],"yoast_head":"<!-- This site is optimized with the Yoast SEO plugin v27.5 - https:\/\/yoast.com\/product\/yoast-seo-wordpress\/ -->\n<title>\u00c9lectro-jazz. Entre jazz et java, il y a de l&#039;orage dans l&#039;air dit la chanson. Le temps semble au beau fixe entre jazz et \u00e9lectronique. - FESTIVOX<\/title>\n<meta name=\"robots\" content=\"index, follow, max-snippet:-1, max-image-preview:large, max-video-preview:-1\" \/>\n<link rel=\"canonical\" href=\"https:\/\/www.festivox.fr\/blog\/electro-jazz-entre-jazz-et-java-il-y-a-de-lorage-dans-lair-dit-la-chanson-le-temps-semble-au-beau-fixe-entre-jazz-et-electronique\/\" \/>\n<meta property=\"og:locale\" content=\"fr_FR\" \/>\n<meta property=\"og:type\" content=\"article\" \/>\n<meta property=\"og:title\" content=\"\u00c9lectro-jazz. Entre jazz et java, il y a de l&#039;orage dans l&#039;air dit la chanson. Le temps semble au beau fixe entre jazz et \u00e9lectronique. - FESTIVOX\" \/>\n<meta property=\"og:description\" content=\"Noces de braise entre jazz et \u00e9lectro Jazz \u00e0 l\u2019Olympia re\u00e7oit le magicien des machines, Saint-Germain, ce soir et le trompettiste \u00c9rik Truffaz ce lundi. Une musique \u00e9lectronique de chair et de\u2026 sens. R\u00e9flexion. Depuis quelques ann\u00e9es, le jazz et la musique \u00e9lectronique filent le grand amour, \u00e0 travers de purs bonheurs qui ont pour&hellip;\" \/>\n<meta property=\"og:url\" content=\"https:\/\/www.festivox.fr\/blog\/electro-jazz-entre-jazz-et-java-il-y-a-de-lorage-dans-lair-dit-la-chanson-le-temps-semble-au-beau-fixe-entre-jazz-et-electronique\/\" \/>\n<meta property=\"og:site_name\" content=\"FESTIVOX\" \/>\n<meta property=\"article:published_time\" content=\"2001-04-05T17:35:00+00:00\" \/>\n<meta property=\"og:image\" content=\"https:\/\/www.humanite.fr\/wp-content\/uploads\/2024\/07\/H_Humanite_Rond.svg\" \/>\n<meta name=\"author\" content=\"Michele\" \/>\n<meta name=\"twitter:card\" content=\"summary_large_image\" \/>\n<meta name=\"twitter:label1\" content=\"\u00c9crit par\" \/>\n\t<meta name=\"twitter:data1\" content=\"Michele\" \/>\n\t<meta name=\"twitter:label2\" content=\"Dur\u00e9e de lecture estim\u00e9e\" \/>\n\t<meta name=\"twitter:data2\" content=\"2 minutes\" \/>\n<script type=\"application\/ld+json\" class=\"yoast-schema-graph\">{\"@context\":\"https:\\\/\\\/schema.org\",\"@graph\":[{\"@type\":\"Article\",\"@id\":\"https:\\\/\\\/www.festivox.fr\\\/blog\\\/electro-jazz-entre-jazz-et-java-il-y-a-de-lorage-dans-lair-dit-la-chanson-le-temps-semble-au-beau-fixe-entre-jazz-et-electronique\\\/#article\",\"isPartOf\":{\"@id\":\"https:\\\/\\\/www.festivox.fr\\\/blog\\\/electro-jazz-entre-jazz-et-java-il-y-a-de-lorage-dans-lair-dit-la-chanson-le-temps-semble-au-beau-fixe-entre-jazz-et-electronique\\\/\"},\"author\":{\"name\":\"Michele\",\"@id\":\"https:\\\/\\\/www.festivox.fr\\\/blog\\\/#\\\/schema\\\/person\\\/f36a8b6bc94800c3eafed4bca993ce95\"},\"headline\":\"\u00c9lectro-jazz. Entre jazz et java, il y a de l&rsquo;orage dans l&rsquo;air dit la chanson. Le temps semble au beau fixe entre jazz et \u00e9lectronique.\",\"datePublished\":\"2001-04-05T17:35:00+00:00\",\"mainEntityOfPage\":{\"@id\":\"https:\\\/\\\/www.festivox.fr\\\/blog\\\/electro-jazz-entre-jazz-et-java-il-y-a-de-lorage-dans-lair-dit-la-chanson-le-temps-semble-au-beau-fixe-entre-jazz-et-electronique\\\/\"},\"wordCount\":325,\"publisher\":{\"@id\":\"https:\\\/\\\/www.festivox.fr\\\/blog\\\/#organization\"},\"image\":{\"@id\":\"https:\\\/\\\/www.festivox.fr\\\/blog\\\/electro-jazz-entre-jazz-et-java-il-y-a-de-lorage-dans-lair-dit-la-chanson-le-temps-semble-au-beau-fixe-entre-jazz-et-electronique\\\/#primaryimage\"},\"thumbnailUrl\":\"https:\\\/\\\/www.humanite.fr\\\/wp-content\\\/uploads\\\/2024\\\/07\\\/H_Humanite_Rond.svg\",\"articleSection\":[\"Wiki Sur Festival Jazz Et Musique En Mode Guinguette:\"],\"inLanguage\":\"fr-FR\"},{\"@type\":\"WebPage\",\"@id\":\"https:\\\/\\\/www.festivox.fr\\\/blog\\\/electro-jazz-entre-jazz-et-java-il-y-a-de-lorage-dans-lair-dit-la-chanson-le-temps-semble-au-beau-fixe-entre-jazz-et-electronique\\\/\",\"url\":\"https:\\\/\\\/www.festivox.fr\\\/blog\\\/electro-jazz-entre-jazz-et-java-il-y-a-de-lorage-dans-lair-dit-la-chanson-le-temps-semble-au-beau-fixe-entre-jazz-et-electronique\\\/\",\"name\":\"\u00c9lectro-jazz. Entre jazz et java, il y a de l'orage dans l'air dit la chanson. Le temps semble au beau fixe entre jazz et \u00e9lectronique. - FESTIVOX\",\"isPartOf\":{\"@id\":\"https:\\\/\\\/www.festivox.fr\\\/blog\\\/#website\"},\"primaryImageOfPage\":{\"@id\":\"https:\\\/\\\/www.festivox.fr\\\/blog\\\/electro-jazz-entre-jazz-et-java-il-y-a-de-lorage-dans-lair-dit-la-chanson-le-temps-semble-au-beau-fixe-entre-jazz-et-electronique\\\/#primaryimage\"},\"image\":{\"@id\":\"https:\\\/\\\/www.festivox.fr\\\/blog\\\/electro-jazz-entre-jazz-et-java-il-y-a-de-lorage-dans-lair-dit-la-chanson-le-temps-semble-au-beau-fixe-entre-jazz-et-electronique\\\/#primaryimage\"},\"thumbnailUrl\":\"https:\\\/\\\/www.humanite.fr\\\/wp-content\\\/uploads\\\/2024\\\/07\\\/H_Humanite_Rond.svg\",\"datePublished\":\"2001-04-05T17:35:00+00:00\",\"breadcrumb\":{\"@id\":\"https:\\\/\\\/www.festivox.fr\\\/blog\\\/electro-jazz-entre-jazz-et-java-il-y-a-de-lorage-dans-lair-dit-la-chanson-le-temps-semble-au-beau-fixe-entre-jazz-et-electronique\\\/#breadcrumb\"},\"inLanguage\":\"fr-FR\",\"potentialAction\":[{\"@type\":\"ReadAction\",\"target\":[\"https:\\\/\\\/www.festivox.fr\\\/blog\\\/electro-jazz-entre-jazz-et-java-il-y-a-de-lorage-dans-lair-dit-la-chanson-le-temps-semble-au-beau-fixe-entre-jazz-et-electronique\\\/\"]}]},{\"@type\":\"ImageObject\",\"inLanguage\":\"fr-FR\",\"@id\":\"https:\\\/\\\/www.festivox.fr\\\/blog\\\/electro-jazz-entre-jazz-et-java-il-y-a-de-lorage-dans-lair-dit-la-chanson-le-temps-semble-au-beau-fixe-entre-jazz-et-electronique\\\/#primaryimage\",\"url\":\"https:\\\/\\\/www.humanite.fr\\\/wp-content\\\/uploads\\\/2024\\\/07\\\/H_Humanite_Rond.svg\",\"contentUrl\":\"https:\\\/\\\/www.humanite.fr\\\/wp-content\\\/uploads\\\/2024\\\/07\\\/H_Humanite_Rond.svg\"},{\"@type\":\"BreadcrumbList\",\"@id\":\"https:\\\/\\\/www.festivox.fr\\\/blog\\\/electro-jazz-entre-jazz-et-java-il-y-a-de-lorage-dans-lair-dit-la-chanson-le-temps-semble-au-beau-fixe-entre-jazz-et-electronique\\\/#breadcrumb\",\"itemListElement\":[{\"@type\":\"ListItem\",\"position\":1,\"name\":\"Accueil\",\"item\":\"https:\\\/\\\/www.festivox.fr\\\/blog\\\/\"},{\"@type\":\"ListItem\",\"position\":2,\"name\":\"\u00c9lectro-jazz. Entre jazz et java, il y a de l&rsquo;orage dans l&rsquo;air dit la chanson. Le temps semble au beau fixe entre jazz et \u00e9lectronique.\"}]},{\"@type\":\"WebSite\",\"@id\":\"https:\\\/\\\/www.festivox.fr\\\/blog\\\/#website\",\"url\":\"https:\\\/\\\/www.festivox.fr\\\/blog\\\/\",\"name\":\"FESTIVOX\",\"description\":\"Festival en mode guinguette.\",\"publisher\":{\"@id\":\"https:\\\/\\\/www.festivox.fr\\\/blog\\\/#organization\"},\"potentialAction\":[{\"@type\":\"SearchAction\",\"target\":{\"@type\":\"EntryPoint\",\"urlTemplate\":\"https:\\\/\\\/www.festivox.fr\\\/blog\\\/?s={search_term_string}\"},\"query-input\":{\"@type\":\"PropertyValueSpecification\",\"valueRequired\":true,\"valueName\":\"search_term_string\"}}],\"inLanguage\":\"fr-FR\"},{\"@type\":\"Organization\",\"@id\":\"https:\\\/\\\/www.festivox.fr\\\/blog\\\/#organization\",\"name\":\"festivox\",\"url\":\"https:\\\/\\\/www.festivox.fr\\\/blog\\\/\",\"logo\":{\"@type\":\"ImageObject\",\"inLanguage\":\"fr-FR\",\"@id\":\"https:\\\/\\\/www.festivox.fr\\\/blog\\\/#\\\/schema\\\/logo\\\/image\\\/\",\"url\":\"https:\\\/\\\/www.festivox.fr\\\/blog\\\/wp-content\\\/uploads\\\/2023\\\/06\\\/logo-2.png\",\"contentUrl\":\"https:\\\/\\\/www.festivox.fr\\\/blog\\\/wp-content\\\/uploads\\\/2023\\\/06\\\/logo-2.png\",\"width\":480,\"height\":160,\"caption\":\"festivox\"},\"image\":{\"@id\":\"https:\\\/\\\/www.festivox.fr\\\/blog\\\/#\\\/schema\\\/logo\\\/image\\\/\"}},{\"@type\":\"Person\",\"@id\":\"https:\\\/\\\/www.festivox.fr\\\/blog\\\/#\\\/schema\\\/person\\\/f36a8b6bc94800c3eafed4bca993ce95\",\"name\":\"Michele\",\"image\":{\"@type\":\"ImageObject\",\"inLanguage\":\"fr-FR\",\"@id\":\"https:\\\/\\\/secure.gravatar.com\\\/avatar\\\/b062046536b5d47ec9075956ec349ef95ed06b0f910c578f74abb318668b702e?s=96&d=mm&r=g\",\"url\":\"https:\\\/\\\/secure.gravatar.com\\\/avatar\\\/b062046536b5d47ec9075956ec349ef95ed06b0f910c578f74abb318668b702e?s=96&d=mm&r=g\",\"contentUrl\":\"https:\\\/\\\/secure.gravatar.com\\\/avatar\\\/b062046536b5d47ec9075956ec349ef95ed06b0f910c578f74abb318668b702e?s=96&d=mm&r=g\",\"caption\":\"Michele\"},\"sameAs\":[\"https:\\\/\\\/www.festivox.fr\\\/blog\"],\"url\":\"https:\\\/\\\/www.festivox.fr\\\/blog\\\/author\\\/voxadmin\\\/\"}]}<\/script>\n<!-- \/ Yoast SEO plugin. -->","yoast_head_json":{"title":"\u00c9lectro-jazz. Entre jazz et java, il y a de l'orage dans l'air dit la chanson. Le temps semble au beau fixe entre jazz et \u00e9lectronique. - FESTIVOX","robots":{"index":"index","follow":"follow","max-snippet":"max-snippet:-1","max-image-preview":"max-image-preview:large","max-video-preview":"max-video-preview:-1"},"canonical":"https:\/\/www.festivox.fr\/blog\/electro-jazz-entre-jazz-et-java-il-y-a-de-lorage-dans-lair-dit-la-chanson-le-temps-semble-au-beau-fixe-entre-jazz-et-electronique\/","og_locale":"fr_FR","og_type":"article","og_title":"\u00c9lectro-jazz. Entre jazz et java, il y a de l'orage dans l'air dit la chanson. Le temps semble au beau fixe entre jazz et \u00e9lectronique. - FESTIVOX","og_description":"Noces de braise entre jazz et \u00e9lectro Jazz \u00e0 l\u2019Olympia re\u00e7oit le magicien des machines, Saint-Germain, ce soir et le trompettiste \u00c9rik Truffaz ce lundi. Une musique \u00e9lectronique de chair et de\u2026 sens. R\u00e9flexion. Depuis quelques ann\u00e9es, le jazz et la musique \u00e9lectronique filent le grand amour, \u00e0 travers de purs bonheurs qui ont pour&hellip;","og_url":"https:\/\/www.festivox.fr\/blog\/electro-jazz-entre-jazz-et-java-il-y-a-de-lorage-dans-lair-dit-la-chanson-le-temps-semble-au-beau-fixe-entre-jazz-et-electronique\/","og_site_name":"FESTIVOX","article_published_time":"2001-04-05T17:35:00+00:00","og_image":[{"url":"https:\/\/www.humanite.fr\/wp-content\/uploads\/2024\/07\/H_Humanite_Rond.svg","type":"","width":"","height":""}],"author":"Michele","twitter_card":"summary_large_image","twitter_misc":{"\u00c9crit par":"Michele","Dur\u00e9e de lecture estim\u00e9e":"2 minutes"},"schema":{"@context":"https:\/\/schema.org","@graph":[{"@type":"Article","@id":"https:\/\/www.festivox.fr\/blog\/electro-jazz-entre-jazz-et-java-il-y-a-de-lorage-dans-lair-dit-la-chanson-le-temps-semble-au-beau-fixe-entre-jazz-et-electronique\/#article","isPartOf":{"@id":"https:\/\/www.festivox.fr\/blog\/electro-jazz-entre-jazz-et-java-il-y-a-de-lorage-dans-lair-dit-la-chanson-le-temps-semble-au-beau-fixe-entre-jazz-et-electronique\/"},"author":{"name":"Michele","@id":"https:\/\/www.festivox.fr\/blog\/#\/schema\/person\/f36a8b6bc94800c3eafed4bca993ce95"},"headline":"\u00c9lectro-jazz. Entre jazz et java, il y a de l&rsquo;orage dans l&rsquo;air dit la chanson. Le temps semble au beau fixe entre jazz et \u00e9lectronique.","datePublished":"2001-04-05T17:35:00+00:00","mainEntityOfPage":{"@id":"https:\/\/www.festivox.fr\/blog\/electro-jazz-entre-jazz-et-java-il-y-a-de-lorage-dans-lair-dit-la-chanson-le-temps-semble-au-beau-fixe-entre-jazz-et-electronique\/"},"wordCount":325,"publisher":{"@id":"https:\/\/www.festivox.fr\/blog\/#organization"},"image":{"@id":"https:\/\/www.festivox.fr\/blog\/electro-jazz-entre-jazz-et-java-il-y-a-de-lorage-dans-lair-dit-la-chanson-le-temps-semble-au-beau-fixe-entre-jazz-et-electronique\/#primaryimage"},"thumbnailUrl":"https:\/\/www.humanite.fr\/wp-content\/uploads\/2024\/07\/H_Humanite_Rond.svg","articleSection":["Wiki Sur Festival Jazz Et Musique En Mode Guinguette:"],"inLanguage":"fr-FR"},{"@type":"WebPage","@id":"https:\/\/www.festivox.fr\/blog\/electro-jazz-entre-jazz-et-java-il-y-a-de-lorage-dans-lair-dit-la-chanson-le-temps-semble-au-beau-fixe-entre-jazz-et-electronique\/","url":"https:\/\/www.festivox.fr\/blog\/electro-jazz-entre-jazz-et-java-il-y-a-de-lorage-dans-lair-dit-la-chanson-le-temps-semble-au-beau-fixe-entre-jazz-et-electronique\/","name":"\u00c9lectro-jazz. Entre jazz et java, il y a de l'orage dans l'air dit la chanson. Le temps semble au beau fixe entre jazz et \u00e9lectronique. - FESTIVOX","isPartOf":{"@id":"https:\/\/www.festivox.fr\/blog\/#website"},"primaryImageOfPage":{"@id":"https:\/\/www.festivox.fr\/blog\/electro-jazz-entre-jazz-et-java-il-y-a-de-lorage-dans-lair-dit-la-chanson-le-temps-semble-au-beau-fixe-entre-jazz-et-electronique\/#primaryimage"},"image":{"@id":"https:\/\/www.festivox.fr\/blog\/electro-jazz-entre-jazz-et-java-il-y-a-de-lorage-dans-lair-dit-la-chanson-le-temps-semble-au-beau-fixe-entre-jazz-et-electronique\/#primaryimage"},"thumbnailUrl":"https:\/\/www.humanite.fr\/wp-content\/uploads\/2024\/07\/H_Humanite_Rond.svg","datePublished":"2001-04-05T17:35:00+00:00","breadcrumb":{"@id":"https:\/\/www.festivox.fr\/blog\/electro-jazz-entre-jazz-et-java-il-y-a-de-lorage-dans-lair-dit-la-chanson-le-temps-semble-au-beau-fixe-entre-jazz-et-electronique\/#breadcrumb"},"inLanguage":"fr-FR","potentialAction":[{"@type":"ReadAction","target":["https:\/\/www.festivox.fr\/blog\/electro-jazz-entre-jazz-et-java-il-y-a-de-lorage-dans-lair-dit-la-chanson-le-temps-semble-au-beau-fixe-entre-jazz-et-electronique\/"]}]},{"@type":"ImageObject","inLanguage":"fr-FR","@id":"https:\/\/www.festivox.fr\/blog\/electro-jazz-entre-jazz-et-java-il-y-a-de-lorage-dans-lair-dit-la-chanson-le-temps-semble-au-beau-fixe-entre-jazz-et-electronique\/#primaryimage","url":"https:\/\/www.humanite.fr\/wp-content\/uploads\/2024\/07\/H_Humanite_Rond.svg","contentUrl":"https:\/\/www.humanite.fr\/wp-content\/uploads\/2024\/07\/H_Humanite_Rond.svg"},{"@type":"BreadcrumbList","@id":"https:\/\/www.festivox.fr\/blog\/electro-jazz-entre-jazz-et-java-il-y-a-de-lorage-dans-lair-dit-la-chanson-le-temps-semble-au-beau-fixe-entre-jazz-et-electronique\/#breadcrumb","itemListElement":[{"@type":"ListItem","position":1,"name":"Accueil","item":"https:\/\/www.festivox.fr\/blog\/"},{"@type":"ListItem","position":2,"name":"\u00c9lectro-jazz. Entre jazz et java, il y a de l&rsquo;orage dans l&rsquo;air dit la chanson. Le temps semble au beau fixe entre jazz et \u00e9lectronique."}]},{"@type":"WebSite","@id":"https:\/\/www.festivox.fr\/blog\/#website","url":"https:\/\/www.festivox.fr\/blog\/","name":"FESTIVOX","description":"Festival en mode guinguette.","publisher":{"@id":"https:\/\/www.festivox.fr\/blog\/#organization"},"potentialAction":[{"@type":"SearchAction","target":{"@type":"EntryPoint","urlTemplate":"https:\/\/www.festivox.fr\/blog\/?s={search_term_string}"},"query-input":{"@type":"PropertyValueSpecification","valueRequired":true,"valueName":"search_term_string"}}],"inLanguage":"fr-FR"},{"@type":"Organization","@id":"https:\/\/www.festivox.fr\/blog\/#organization","name":"festivox","url":"https:\/\/www.festivox.fr\/blog\/","logo":{"@type":"ImageObject","inLanguage":"fr-FR","@id":"https:\/\/www.festivox.fr\/blog\/#\/schema\/logo\/image\/","url":"https:\/\/www.festivox.fr\/blog\/wp-content\/uploads\/2023\/06\/logo-2.png","contentUrl":"https:\/\/www.festivox.fr\/blog\/wp-content\/uploads\/2023\/06\/logo-2.png","width":480,"height":160,"caption":"festivox"},"image":{"@id":"https:\/\/www.festivox.fr\/blog\/#\/schema\/logo\/image\/"}},{"@type":"Person","@id":"https:\/\/www.festivox.fr\/blog\/#\/schema\/person\/f36a8b6bc94800c3eafed4bca993ce95","name":"Michele","image":{"@type":"ImageObject","inLanguage":"fr-FR","@id":"https:\/\/secure.gravatar.com\/avatar\/b062046536b5d47ec9075956ec349ef95ed06b0f910c578f74abb318668b702e?s=96&d=mm&r=g","url":"https:\/\/secure.gravatar.com\/avatar\/b062046536b5d47ec9075956ec349ef95ed06b0f910c578f74abb318668b702e?s=96&d=mm&r=g","contentUrl":"https:\/\/secure.gravatar.com\/avatar\/b062046536b5d47ec9075956ec349ef95ed06b0f910c578f74abb318668b702e?s=96&d=mm&r=g","caption":"Michele"},"sameAs":["https:\/\/www.festivox.fr\/blog"],"url":"https:\/\/www.festivox.fr\/blog\/author\/voxadmin\/"}]}},"_links":{"self":[{"href":"https:\/\/www.festivox.fr\/blog\/wp-json\/wp\/v2\/posts\/1183","targetHints":{"allow":["GET"]}}],"collection":[{"href":"https:\/\/www.festivox.fr\/blog\/wp-json\/wp\/v2\/posts"}],"about":[{"href":"https:\/\/www.festivox.fr\/blog\/wp-json\/wp\/v2\/types\/post"}],"author":[{"embeddable":true,"href":"https:\/\/www.festivox.fr\/blog\/wp-json\/wp\/v2\/users\/1"}],"replies":[{"embeddable":true,"href":"https:\/\/www.festivox.fr\/blog\/wp-json\/wp\/v2\/comments?post=1183"}],"version-history":[{"count":0,"href":"https:\/\/www.festivox.fr\/blog\/wp-json\/wp\/v2\/posts\/1183\/revisions"}],"wp:attachment":[{"href":"https:\/\/www.festivox.fr\/blog\/wp-json\/wp\/v2\/media?parent=1183"}],"wp:term":[{"taxonomy":"category","embeddable":true,"href":"https:\/\/www.festivox.fr\/blog\/wp-json\/wp\/v2\/categories?post=1183"},{"taxonomy":"post_tag","embeddable":true,"href":"https:\/\/www.festivox.fr\/blog\/wp-json\/wp\/v2\/tags?post=1183"}],"curies":[{"name":"wp","href":"https:\/\/api.w.org\/{rel}","templated":true}]}}