{"id":1177,"date":"2010-12-12T10:14:00","date_gmt":"2010-12-12T08:14:00","guid":{"rendered":"https:\/\/www.festivox.fr\/blog\/jazz-et-java-les-fetes-donnent-de-la-voix\/"},"modified":"2010-12-12T10:14:00","modified_gmt":"2010-12-12T08:14:00","slug":"jazz-et-java-les-fetes-donnent-de-la-voix","status":"publish","type":"post","link":"https:\/\/www.festivox.fr\/blog\/jazz-et-java-les-fetes-donnent-de-la-voix\/","title":{"rendered":"Jazz et java, les f\u00eates donnent de la voix"},"content":{"rendered":"\n<div><img decoding=\"async\" src=\"https:\/\/www.festivox.fr\/blog\/wp-content\/uploads\/2025\/05\/jazz-et-java-les-fetes-donnent-de-la-voix.jpg\" class=\"ff-og-image-inserted\"><\/div>\n<p>&nbsp;<\/p>\n<h2 class=\"heading\" id=\"heading-La-fantaisie-de-i-My-Fair-Lady-i\">La fantaisie de <i>My Fair Lady<\/i> <\/h2>\n<p><a href=\"http:\/\/www.chatelet-theatre.com\/chatelet1011\/my-fair-lady,453\" rel=\"nofollow\" target=\"_blank\"> My Fair Lady <\/a><b>&nbsp;au <\/b><a href=\"http:\/\/www.chatelet-theatre.com\/\" rel=\"nofollow\" target=\"_blank\"> Ch\u00e2telet <\/a> <\/p>\n<p><b>2, rue \u00c9douard-Colonne, Paris Ier <\/b><br \/><b>Jusqu&rsquo;au 2 janvier \u00e0 20 heures (sauf les samedi et dimanches \u00e0 15 heures) <\/b><br \/><b> <\/b> <\/p>\n<p>A-t-on besoin de raconter l&rsquo;histoire d&rsquo;Eliza Doolittle ? Imagin\u00e9e il y a pr\u00e8s d&rsquo;un si\u00e8cle par George Bernard Shaw dans sa pi\u00e8ce <i>Pygmalion<\/i>, elle est sans doute l&rsquo;une des plus souvent applaudies sur les sc\u00e8nes, de Londres \u00e0 Broadway, depuis la cr\u00e9ation du spectacle musical en 1956. Enjeu d&rsquo;un pari entre le vieux professeur Higgins, sp\u00e9cialiste de phon\u00e9tique, et le colonel Pickering, Eliza, la fleuriste \u00e0 l&rsquo;accent cockney devenue reine du bal, est l&rsquo;incontestable vedette de cette fin d&rsquo;ann\u00e9e \u00e0 Paris. <\/p>\n<p>Mis en sc\u00e8ne par Robert Carsen, dirig\u00e9 par Kevin Farrell \u00e0 la t\u00eate de l&rsquo;Orchestre Pasdeloup &#8211; association qui avait d\u00e9j\u00e0 triomph\u00e9 l&rsquo;an pass\u00e9 dans The Sound of Music, en fran\u00e7ais La M\u00e9lodie du bonheur, \u00e9galement au Ch\u00e2telet -, ce My Fair Lady poss\u00e8de la particularit\u00e9 d&rsquo;\u00eatre coproduit par le Th\u00e9\u00e2tre Mariinski de Saint-P\u00e9tersbourg, o\u00f9 il sera pr\u00e9sent\u00e9 en juin, \u00e0 l&rsquo;occasion des Nuits blanches. <\/p>\n<p>Pour l&rsquo;heure, c&rsquo;est Paris qui peut applaudir, dans le r\u00f4le phare, la jeune Londonienne Sarah Gabriel, r\u00e9v\u00e9l\u00e9e en 2008 par Lorin Maazel qui lui confia un grand r\u00f4le dans L&rsquo;Op\u00e9ra des Gueux, au Castleton Festival Une ascension aussi fulgurante que celle de son inoubliable personnage ! (<b>Photo : Th\u00e9\u00e2tre du Ch\u00e2telet). <\/b><\/p>\n<h2 class=\"heading\" id=\"heading-Dix-ans-de-jazz-fetes-au-Sunside\">Dix ans de jazz f\u00eat\u00e9s au Sunside<\/h2>\n<p><a href=\"http:\/\/www.sunset-sunside.com\/\" rel=\"nofollow\" target=\"_blank\"> Sunset, Sunside <\/a> <\/p>\n<p><b>60 rue des Lombards, Paris Ier <\/b><br \/><b> <\/b> <b>New Morning<\/b> <\/p>\n<p><b>7-9 rue des Petites-\u00c9curies, Paris Xme<\/b> <\/p>\n<p>Dix ans, \u00e7a se f\u00eate ! Le Sunside, l&rsquo;un des plus fameux clubs de jazz parisien, \u00e0 deux pas du Forum des Halles, ne se prive pas de le faire. Voisin du Sunset, cr\u00e9\u00e9 en 1983 dans la cave vo\u00fbt\u00e9e du m\u00eame \u00e9tablissement, la salle s&rsquo;offre une belle s\u00e9rie de concerts, y compris certains \u00ab hors les murs \u00bb. <\/p>\n<p>C&rsquo;est ainsi qu&rsquo;au New Morning, le 29 d\u00e9cembre, on entendra \u00e0 20h30 la formation du batteur Andr\u00e9 Ceccarelli et le chanteur David Linx pour <i>Le Coq et la pendule<\/i>, voyage au coeur de l&rsquo;univers de Claude Nougaro. Suivi de la chanteuse Anne Ducros qui pr\u00e9sentera <i>Ella my Dear<\/i>, sa \u00ab lettre vocale \u00bb \u00e0 Ella Fitzgerald, en quartet. <\/p>\n<p>Le m\u00eame soir et les deux suivants, le Sunset s&rsquo;associe \u00e0 la f\u00eate et accueille \u00e0 21 h 30 le Lady Quartet de Rhoda Scott, la chanteuse et organiste complice autrefois de Ray Charles ou Ella Fitzgerald en personne, quarante ans de carri\u00e8re, des pieds nus, un swing g\u00e9n\u00e9reux : un m<i>ust <\/i>\u00e0 voir en club. <\/p>\n<p>Rhoda Scott occupera la sc\u00e8ne dans la m\u00eame formation, le lendemain. Puis, accompagn\u00e9e de La Velle, chanteuse soul, pour deux concerts le 31, \u00e0 20h30 puis 23 heures. Une ann\u00e9e qui s&rsquo;ach\u00e8ve en beaut\u00e9 ! <b>(Photo : Rhoda Scott, Sunset-Sunside).<\/b> <\/p>\n<h2 class=\"heading\" id=\"heading-Le-gospel-s-offre-une-tournee\">Le gospel s&rsquo;offre une tourn\u00e9e<\/h2>\n<p><a href=\"http:\/\/www.lanuitdugospel.com\/\" rel=\"nofollow\" target=\"_blank\"> La Nuit du Gospel <\/a> <\/p>\n<p><b>Les 19 et 20 d\u00e9cembre \u00e0 Lille (th\u00e9\u00e2tre S\u00e9bastopol), le 30 \u00e0 Paris (\u00c9glise am\u00e9ricaine), le 31 \u00e0 Lyon (Grand Temple). Spectacle \u00e0 20h30<\/b> <\/p>\n<p>La 9e \u00e9dition de la Nuit du gospel, actuellement en tourn\u00e9e, a pour t\u00eate d&rsquo;affiche Craig Adams. Dans la lign\u00e9e de Fats Domino &#8211; un parent -, cette voix d&rsquo;or incarne \u00e0 merveille le chant sacr\u00e9 des rives du Mississippi. Pianiste, organiste, il a partag\u00e9 la sc\u00e8ne avec Liz McComb (Jazz \u00e0 Vienne), Joan Baez (Nice Jazz Festival) ou Ayo (Festival Strasbourg Jazz). <\/p>\n<p>Une tr\u00e8s bonne fa\u00e7on de finir 2010, sur un air de <i>Happy days<\/i>, avec son groupe The Voices of New Orleans. <b>(Photo : Craig Adams, Nuit du Gospel).<\/b> <\/p>\n<h2 class=\"heading\" id=\"heading-Le-pere-Noel-version-Florent-Marchet\">Le p\u00e8re No\u00ebl, version Florent Marchet<\/h2>\n<p><b>Florent Marchet chante No\u00ebl <\/b><br \/><b>Mercredi 15 d\u00e9cembre \u00e0 17h28 dans la voiture-bar du Paris-Dijon (sur pr\u00e9sentation du billet de train) puis \u00e0 19h30 \u00e0 Dijon (la Coupole), vendredi 17 \u00e0 18 heures \u00e0 Besan\u00e7on (Bains-Douches), samedi 18 \u00e0 15 heures \u00e0 Belfort (m\u00e9diath\u00e8que) <\/b> <\/p>\n<p>La p\u00e9riode des f\u00eates n&rsquo;est pas celle des tourn\u00e9es de musiciens qui, g\u00e9n\u00e9ralement, s&rsquo;accordent une pause avant de repartir sur les routes en janvier. Mais on s&rsquo;en voudrait de ne pas attirer l&rsquo;attention sur la d\u00e9marche de Florent Marchet, chanteur tr\u00e8s prometteur, qui participe cette semaine, parmi 69 autres artistes venus de l&rsquo;univers de la chanson (Ga\u00ebtan Roussel, Mustang, Bastien Lallemant), de la pop (Syd Matters, Cocoon, Moriarty), du blues (Honkeyfinger) ou encore de l&rsquo;\u00e9lectro (DJ Mehdi), au fort copieux fe<a href=\"http:\/\/www.generiq-festival.com\/\" rel=\"nofollow\" target=\"_blank\">stival \u00ab TGV G\u00e9n\u00e9riq \u00bb. <\/a><\/p>\n<p>Celui-ci, comme son nom l&rsquo;indique, se d\u00e9roulera en partenariat avec la SNCF, entre Rhin et Rh\u00f4ne jusqu&rsquo;au 19 d\u00e9cembre. Avec <i>Courchevel<\/i>, sorti \u00e0 la mi-octobre, Florent Marchet avait offert l&rsquo;un des albums de chansons les plus enthousiasmants de l&rsquo;automne, rempli d&rsquo;histoires de gens ordinaires. Un Souchon en puissance, avait-on \u00e9crit. Cette fois, il propose son regard d\u00e9cal\u00e9 sur le P\u00e8re No\u00ebl et la bonne mani\u00e8re de le chanter. Quatre concerts incisifs, forc\u00e9ment, dont le premier, mercredi, se d\u00e9roulera dans le bar du TGV&nbsp;! (<b>Photo : Pias). <\/b><\/p>\n<h2 class=\"heading\" id=\"heading-Nantes-sous-le-charme-de-Christophe\">Nantes sous le charme de Christophe<\/h2>\n<p><b>Christophe \u00e0 Nantes <\/b><br \/><b>Le 20 d\u00e9cembre, \u00e0 20h30, \u00e0 <\/b> <a href=\"http:\/\/www.lacite-nantes.fr\/fr\/index.html\" rel=\"nofollow\" target=\"_blank\"> la Cit\u00e9 des Congr\u00e8s <\/a> <\/p>\n<p>\u00c0 l&rsquo;heure o\u00f9 le monde se l\u00e8ve, Daniel Bevilacqua, alias Christophe, songe, lui, \u00e0 aller se coucher. L&rsquo;artiste de 65 ans a toujours v\u00e9cu ainsi, \u00e0 contretemps, sans avoir jamais l&rsquo;air de cultiver son look : cheveux longs tir\u00e9s en arri\u00e8re, moustache aussi inamovible que ses lunettes noires ou ses bottes <\/p>\n<p>Sur sc\u00e8ne, assis sur son escabeau rouge (\u00ab parce que au micro, \u00e7a fait vieux chanteur \u00bb), il encha\u00eene <i>Aline<\/i>, <i>Les Mots bleus<\/i>, <i>Les Paradis perdus<\/i>, <i>La Dolce Vita<\/i> Quarante-cinq ans que sa voix atypique fait partie du paysage. La Sacem vient de l&rsquo;honorer de son grand prix de la chanson. Il \u00e9tait temps ! (<b>Photo : Lucie Bevilacqua). <\/b><\/p>\n<h2 class=\"heading\" id=\"heading-A-Toulouse-l-impossible-reve-de-Brel\">A Toulouse, l&rsquo;impossible r\u00eave de Brel<\/h2>\n<p><a href=\"http:\/\/www.theatre-du-capitole.fr\/1\/saison-2010-2011\/opera\/l-homme-de-la-mancha.html\" rel=\"nofollow\" target=\"_blank\"> L&rsquo;Homme de la Mancha <\/a> <\/p>\n<p><b>Au <\/b> <a href=\"http:\/\/www.theatre-du-capitole.fr\/\" rel=\"nofollow\" target=\"_blank\"> Th\u00e9\u00e2tre du Capitole <\/a> <b>, <\/b><br \/><b>Tous les soirs \u00e0 20 heures (sauf dimanche 19, 15 heures) <\/b> <\/p>\n<p>&nbsp;<\/p>\n<p>Le th\u00e9\u00e2tre du Capitole propose jusqu&rsquo;au 19 d\u00e9cembre <i>L&rsquo;Homme de la Mancha<\/i>, la c\u00e9l\u00e8bre com\u00e9die musicale de Dale Wasserman dont Jacques Brel signa le livret en fran\u00e7ais, pour son adaptation en 1968 \u00e0 Bruxelles. <\/p>\n<p>L&rsquo;occasion de red\u00e9couvrir cette oeuvre singuli\u00e8re, qui revisite, sur une musique de Mitch Leigh, le mythe de Don Quichotte en le m\u00ealant adroitement \u00e0 la vie de son auteur, Miguel de Cervant\u00e8s. Celui-ci, emprisonn\u00e9 \u00e0 S\u00e9ville sous l&rsquo;Inquisition, \u00ab organise \u00bb son proc\u00e8s sous la forme d&rsquo;un divertissement o\u00f9 lui et les autres d\u00e9tenus joueraient les r\u00f4les de son fameux livre. <\/p>\n<p>Coproduite par le Capitole et l&rsquo;Op\u00e9ra de Monte-Carlo, cette nouvelle adaptation est mise en sc\u00e8ne par Jean-Louis Grinda. Celui-ci a d\u00e9j\u00e0 pr\u00e9sent\u00e9 \u00e0 Toulouse <i>La P\u00e9richole<\/i> (en 2002) et <i>la Chauve-Souris<\/i> (en 2006). La production, elle aussi, emprunte \u00e0 l&rsquo;art lyrique, avec notamment Nicolas Cavallier (en Cervant\u00e8s\/Don Quichotte) et Christine Solhosse. <b>(Photo : Patrice Nin\/Th\u00e9\u00e2tre du Capitole).<\/b> <\/p>\n<h2 class=\"heading\" id=\"heading-Thomas-Dutronc-un-gadjo-chez-les-Manouches\">Thomas Dutronc, un gadjo chez les Manouches<\/h2>\n<p><a href=\"http:\/\/www.sallepleyel.fr\/francais\/evenement.aspx?id=10920\" rel=\"nofollow\" target=\"_blank\"> No\u00ebl manouche <\/a> <\/p>\n<p><a href=\"http:\/\/www.sallepleyel.fr\/francais\/accueil.aspx\" rel=\"nofollow\" target=\"_blank\"> Salle Pleyel <\/a> <b>252, rue du Faubourg-Saint-Honor\u00e9, Paris VIIIe <\/b><br \/><b> <\/b> <\/p>\n<p>Son p\u00e8re Jacques a mis <i>La fille du p\u00e8re No\u00ebl<\/i> dans sa hotte \u00e0 succ\u00e8s. Lui, le \u00ab fils de \u00bb, se contentera, deux soirs avant le r\u00e9veillon, d&rsquo;arriver salle Pleyel, avec son ins\u00e9parable guitare remplie de notes incroyables. <\/p>\n<p>Se contentera ? Fa\u00e7on de parler ! Thomas Dutronc se pr\u00e9sentera en formation sextet, un beau cadeau. D&rsquo;autant qu&rsquo;apr\u00e8s trois ans sur les routes, depuis la sortie de son unique album \u00e0 ce jour (plus de 650 000 ventes !), le guitariste virevoltant et chantant en a tout juste fini avec sa tourn\u00e9e. <\/p>\n<p>Et s&rsquo;il accepte cette s\u00e9ance de rappel, c&rsquo;est qu&rsquo;il y a du swing dans l&rsquo;air. Thomas Dutronc succ\u00e9dera sur sc\u00e8ne ce soir-l\u00e0 au prodige L\u00e9vis Adel Reinhardt, 13 ans, qui revisitera les oeuvres de son arri\u00e8re-grand-p\u00e8re Django. Et \u00e0 Angelo Debarre et sa formation Manoir de mes r\u00eaves. De \u00ab vrais gitans \u00bb qui l&rsquo;ont accueilli dans leur clan sans lui demander de papiers. <\/p>\n<p>Thomas a appris sur le tas : \u00ab Apr\u00e8s mon bac C, j&rsquo;ai opt\u00e9 pour le cin\u00e9ma, des \u00e9tudes \u00e0 la F\u00e9mis pour devenir r\u00e9alisateur. Mais je m&rsquo;ennuyais, je n&rsquo;\u00e9tais pas assez litt\u00e9raire. J&rsquo;ai d\u00e9couvert la guitare au m\u00eame moment, et m&rsquo;y suis mis \u00e0 fond. \u00bb <\/p>\n<p>Simple ! Apr\u00e8s les gammes, le croque-notes c\u00f4toie vite l&rsquo;\u00e9lite du pav\u00e9 au coeur des puces de Saint-Ouen, o\u00f9 s&rsquo;exprime sa passion pour Django. \u00ab Ce qui est g\u00e9nial chez lui, c&rsquo;est sa fa\u00e7on d&rsquo;envoyer un solo. Le reste, le c\u00f4t\u00e9 manouche, \u00e7a ne veut rien dire \u00bb En 2001, il rejoint le Gipsy Project de Bireli Lagr\u00e8ne. Le d\u00e9but d&rsquo;une fl\u00e2nerie partie pour durer. (<b>Photo : Yann Orhan\/EMI). <\/b><\/p>\n<p> Cet article, qui traite du th\u00e8me \u00ab\u00a0Festival Jazz et musique en mode guinguette\u00a0\u00bb, vous est d\u00e9lib\u00e9r\u00e9ment offert par festivox.fr. La raison d\u2019\u00eatre de festivox.fr est de parler de Festival Jazz et musique en mode guinguette dans la transparence la plus g\u00e9n\u00e9rale en vous procurant la visibilit\u00e9 de tout ce qui est publi\u00e9 sur ce sujet sur le web La chronique a \u00e9t\u00e9 g\u00e9n\u00e9r\u00e9e de la mani\u00e8re la plus honn\u00eate que possible. S\u2019il advenait que vous projetez d\u2019apporter quelques notes concernant le domaine de \u00ab\u00a0Festival Jazz et musique en mode guinguette\u00a0\u00bb vous avez la possibilit\u00e9 de d&rsquo;\u00e9changer avec notre r\u00e9daction. Dans peu de temps, on mettra en ligne d&rsquo;autres informations pertinentes autour du sujet \u00ab\u00a0Festival Jazz et musique en mode guinguette\u00a0\u00bb. Ainsi, consultez r\u00e9guli\u00e8rement notre site.<\/p>\n","protected":false},"excerpt":{"rendered":"<p>&nbsp; La fantaisie de My Fair Lady My Fair Lady &nbsp;au Ch\u00e2telet 2, rue \u00c9douard-Colonne, Paris Ier Jusqu&rsquo;au 2 janvier \u00e0 20 heures (sauf les samedi et dimanches \u00e0 15 heures) A-t-on besoin de raconter l&rsquo;histoire d&rsquo;Eliza Doolittle ? Imagin\u00e9e il y a pr\u00e8s d&rsquo;un si\u00e8cle par George Bernard Shaw dans sa pi\u00e8ce Pygmalion, elle&hellip;<\/p>\n","protected":false},"author":1,"featured_media":1178,"comment_status":"closed","ping_status":"closed","sticky":false,"template":"","format":"standard","meta":{"footnotes":""},"categories":[3],"tags":[],"class_list":["post-1177","post","type-post","status-publish","format-standard","has-post-thumbnail","hentry","category-wiki-sur-festival-jazz-et-musique-en-mode-guinguette"],"yoast_head":"<!-- This site is optimized with the Yoast SEO plugin v27.5 - https:\/\/yoast.com\/product\/yoast-seo-wordpress\/ -->\n<title>Jazz et java, les f\u00eates donnent de la voix - FESTIVOX<\/title>\n<meta name=\"robots\" content=\"index, follow, max-snippet:-1, max-image-preview:large, max-video-preview:-1\" \/>\n<link rel=\"canonical\" href=\"https:\/\/www.festivox.fr\/blog\/jazz-et-java-les-fetes-donnent-de-la-voix\/\" \/>\n<meta property=\"og:locale\" content=\"fr_FR\" \/>\n<meta property=\"og:type\" content=\"article\" \/>\n<meta property=\"og:title\" content=\"Jazz et java, les f\u00eates donnent de la voix - FESTIVOX\" \/>\n<meta property=\"og:description\" content=\"&nbsp; La fantaisie de My Fair Lady My Fair Lady &nbsp;au Ch\u00e2telet 2, rue \u00c9douard-Colonne, Paris Ier Jusqu&rsquo;au 2 janvier \u00e0 20 heures (sauf les samedi et dimanches \u00e0 15 heures) A-t-on besoin de raconter l&rsquo;histoire d&rsquo;Eliza Doolittle ? Imagin\u00e9e il y a pr\u00e8s d&rsquo;un si\u00e8cle par George Bernard Shaw dans sa pi\u00e8ce Pygmalion, elle&hellip;\" \/>\n<meta property=\"og:url\" content=\"https:\/\/www.festivox.fr\/blog\/jazz-et-java-les-fetes-donnent-de-la-voix\/\" \/>\n<meta property=\"og:site_name\" content=\"FESTIVOX\" \/>\n<meta property=\"article:published_time\" content=\"2010-12-12T08:14:00+00:00\" \/>\n<meta property=\"og:image\" content=\"https:\/\/www.festivox.fr\/blog\/wp-content\/uploads\/2025\/05\/jazz-et-java-les-fetes-donnent-de-la-voix.jpg\" \/>\n<meta name=\"author\" content=\"Michele\" \/>\n<meta name=\"twitter:card\" content=\"summary_large_image\" \/>\n<meta name=\"twitter:label1\" content=\"\u00c9crit par\" \/>\n\t<meta name=\"twitter:data1\" content=\"Michele\" \/>\n\t<meta name=\"twitter:label2\" content=\"Dur\u00e9e de lecture estim\u00e9e\" \/>\n\t<meta name=\"twitter:data2\" content=\"8 minutes\" \/>\n<script type=\"application\/ld+json\" class=\"yoast-schema-graph\">{\"@context\":\"https:\\\/\\\/schema.org\",\"@graph\":[{\"@type\":\"Article\",\"@id\":\"https:\\\/\\\/www.festivox.fr\\\/blog\\\/jazz-et-java-les-fetes-donnent-de-la-voix\\\/#article\",\"isPartOf\":{\"@id\":\"https:\\\/\\\/www.festivox.fr\\\/blog\\\/jazz-et-java-les-fetes-donnent-de-la-voix\\\/\"},\"author\":{\"name\":\"Michele\",\"@id\":\"https:\\\/\\\/www.festivox.fr\\\/blog\\\/#\\\/schema\\\/person\\\/f36a8b6bc94800c3eafed4bca993ce95\"},\"headline\":\"Jazz et java, les f\u00eates donnent de la voix\",\"datePublished\":\"2010-12-12T08:14:00+00:00\",\"mainEntityOfPage\":{\"@id\":\"https:\\\/\\\/www.festivox.fr\\\/blog\\\/jazz-et-java-les-fetes-donnent-de-la-voix\\\/\"},\"wordCount\":1597,\"publisher\":{\"@id\":\"https:\\\/\\\/www.festivox.fr\\\/blog\\\/#organization\"},\"image\":{\"@id\":\"https:\\\/\\\/www.festivox.fr\\\/blog\\\/jazz-et-java-les-fetes-donnent-de-la-voix\\\/#primaryimage\"},\"thumbnailUrl\":\"https:\\\/\\\/www.festivox.fr\\\/blog\\\/wp-content\\\/uploads\\\/2025\\\/05\\\/jazz-et-java-les-fetes-donnent-de-la-voix.jpg\",\"articleSection\":[\"Wiki Sur Festival Jazz Et Musique En Mode Guinguette:\"],\"inLanguage\":\"fr-FR\"},{\"@type\":\"WebPage\",\"@id\":\"https:\\\/\\\/www.festivox.fr\\\/blog\\\/jazz-et-java-les-fetes-donnent-de-la-voix\\\/\",\"url\":\"https:\\\/\\\/www.festivox.fr\\\/blog\\\/jazz-et-java-les-fetes-donnent-de-la-voix\\\/\",\"name\":\"Jazz et java, les f\u00eates donnent de la voix - FESTIVOX\",\"isPartOf\":{\"@id\":\"https:\\\/\\\/www.festivox.fr\\\/blog\\\/#website\"},\"primaryImageOfPage\":{\"@id\":\"https:\\\/\\\/www.festivox.fr\\\/blog\\\/jazz-et-java-les-fetes-donnent-de-la-voix\\\/#primaryimage\"},\"image\":{\"@id\":\"https:\\\/\\\/www.festivox.fr\\\/blog\\\/jazz-et-java-les-fetes-donnent-de-la-voix\\\/#primaryimage\"},\"thumbnailUrl\":\"https:\\\/\\\/www.festivox.fr\\\/blog\\\/wp-content\\\/uploads\\\/2025\\\/05\\\/jazz-et-java-les-fetes-donnent-de-la-voix.jpg\",\"datePublished\":\"2010-12-12T08:14:00+00:00\",\"breadcrumb\":{\"@id\":\"https:\\\/\\\/www.festivox.fr\\\/blog\\\/jazz-et-java-les-fetes-donnent-de-la-voix\\\/#breadcrumb\"},\"inLanguage\":\"fr-FR\",\"potentialAction\":[{\"@type\":\"ReadAction\",\"target\":[\"https:\\\/\\\/www.festivox.fr\\\/blog\\\/jazz-et-java-les-fetes-donnent-de-la-voix\\\/\"]}]},{\"@type\":\"ImageObject\",\"inLanguage\":\"fr-FR\",\"@id\":\"https:\\\/\\\/www.festivox.fr\\\/blog\\\/jazz-et-java-les-fetes-donnent-de-la-voix\\\/#primaryimage\",\"url\":\"https:\\\/\\\/www.festivox.fr\\\/blog\\\/wp-content\\\/uploads\\\/2025\\\/05\\\/jazz-et-java-les-fetes-donnent-de-la-voix.jpg\",\"contentUrl\":\"https:\\\/\\\/www.festivox.fr\\\/blog\\\/wp-content\\\/uploads\\\/2025\\\/05\\\/jazz-et-java-les-fetes-donnent-de-la-voix.jpg\",\"width\":400,\"height\":273},{\"@type\":\"BreadcrumbList\",\"@id\":\"https:\\\/\\\/www.festivox.fr\\\/blog\\\/jazz-et-java-les-fetes-donnent-de-la-voix\\\/#breadcrumb\",\"itemListElement\":[{\"@type\":\"ListItem\",\"position\":1,\"name\":\"Accueil\",\"item\":\"https:\\\/\\\/www.festivox.fr\\\/blog\\\/\"},{\"@type\":\"ListItem\",\"position\":2,\"name\":\"Jazz et java, les f\u00eates donnent de la voix\"}]},{\"@type\":\"WebSite\",\"@id\":\"https:\\\/\\\/www.festivox.fr\\\/blog\\\/#website\",\"url\":\"https:\\\/\\\/www.festivox.fr\\\/blog\\\/\",\"name\":\"FESTIVOX\",\"description\":\"Festival en mode guinguette.\",\"publisher\":{\"@id\":\"https:\\\/\\\/www.festivox.fr\\\/blog\\\/#organization\"},\"potentialAction\":[{\"@type\":\"SearchAction\",\"target\":{\"@type\":\"EntryPoint\",\"urlTemplate\":\"https:\\\/\\\/www.festivox.fr\\\/blog\\\/?s={search_term_string}\"},\"query-input\":{\"@type\":\"PropertyValueSpecification\",\"valueRequired\":true,\"valueName\":\"search_term_string\"}}],\"inLanguage\":\"fr-FR\"},{\"@type\":\"Organization\",\"@id\":\"https:\\\/\\\/www.festivox.fr\\\/blog\\\/#organization\",\"name\":\"festivox\",\"url\":\"https:\\\/\\\/www.festivox.fr\\\/blog\\\/\",\"logo\":{\"@type\":\"ImageObject\",\"inLanguage\":\"fr-FR\",\"@id\":\"https:\\\/\\\/www.festivox.fr\\\/blog\\\/#\\\/schema\\\/logo\\\/image\\\/\",\"url\":\"https:\\\/\\\/www.festivox.fr\\\/blog\\\/wp-content\\\/uploads\\\/2023\\\/06\\\/logo-2.png\",\"contentUrl\":\"https:\\\/\\\/www.festivox.fr\\\/blog\\\/wp-content\\\/uploads\\\/2023\\\/06\\\/logo-2.png\",\"width\":480,\"height\":160,\"caption\":\"festivox\"},\"image\":{\"@id\":\"https:\\\/\\\/www.festivox.fr\\\/blog\\\/#\\\/schema\\\/logo\\\/image\\\/\"}},{\"@type\":\"Person\",\"@id\":\"https:\\\/\\\/www.festivox.fr\\\/blog\\\/#\\\/schema\\\/person\\\/f36a8b6bc94800c3eafed4bca993ce95\",\"name\":\"Michele\",\"image\":{\"@type\":\"ImageObject\",\"inLanguage\":\"fr-FR\",\"@id\":\"https:\\\/\\\/secure.gravatar.com\\\/avatar\\\/b062046536b5d47ec9075956ec349ef95ed06b0f910c578f74abb318668b702e?s=96&d=mm&r=g\",\"url\":\"https:\\\/\\\/secure.gravatar.com\\\/avatar\\\/b062046536b5d47ec9075956ec349ef95ed06b0f910c578f74abb318668b702e?s=96&d=mm&r=g\",\"contentUrl\":\"https:\\\/\\\/secure.gravatar.com\\\/avatar\\\/b062046536b5d47ec9075956ec349ef95ed06b0f910c578f74abb318668b702e?s=96&d=mm&r=g\",\"caption\":\"Michele\"},\"sameAs\":[\"https:\\\/\\\/www.festivox.fr\\\/blog\"],\"url\":\"https:\\\/\\\/www.festivox.fr\\\/blog\\\/author\\\/voxadmin\\\/\"}]}<\/script>\n<!-- \/ Yoast SEO plugin. -->","yoast_head_json":{"title":"Jazz et java, les f\u00eates donnent de la voix - FESTIVOX","robots":{"index":"index","follow":"follow","max-snippet":"max-snippet:-1","max-image-preview":"max-image-preview:large","max-video-preview":"max-video-preview:-1"},"canonical":"https:\/\/www.festivox.fr\/blog\/jazz-et-java-les-fetes-donnent-de-la-voix\/","og_locale":"fr_FR","og_type":"article","og_title":"Jazz et java, les f\u00eates donnent de la voix - FESTIVOX","og_description":"&nbsp; La fantaisie de My Fair Lady My Fair Lady &nbsp;au Ch\u00e2telet 2, rue \u00c9douard-Colonne, Paris Ier Jusqu&rsquo;au 2 janvier \u00e0 20 heures (sauf les samedi et dimanches \u00e0 15 heures) A-t-on besoin de raconter l&rsquo;histoire d&rsquo;Eliza Doolittle ? Imagin\u00e9e il y a pr\u00e8s d&rsquo;un si\u00e8cle par George Bernard Shaw dans sa pi\u00e8ce Pygmalion, elle&hellip;","og_url":"https:\/\/www.festivox.fr\/blog\/jazz-et-java-les-fetes-donnent-de-la-voix\/","og_site_name":"FESTIVOX","article_published_time":"2010-12-12T08:14:00+00:00","og_image":[{"url":"https:\/\/www.festivox.fr\/blog\/wp-content\/uploads\/2025\/05\/jazz-et-java-les-fetes-donnent-de-la-voix.jpg","type":"","width":"","height":""}],"author":"Michele","twitter_card":"summary_large_image","twitter_misc":{"\u00c9crit par":"Michele","Dur\u00e9e de lecture estim\u00e9e":"8 minutes"},"schema":{"@context":"https:\/\/schema.org","@graph":[{"@type":"Article","@id":"https:\/\/www.festivox.fr\/blog\/jazz-et-java-les-fetes-donnent-de-la-voix\/#article","isPartOf":{"@id":"https:\/\/www.festivox.fr\/blog\/jazz-et-java-les-fetes-donnent-de-la-voix\/"},"author":{"name":"Michele","@id":"https:\/\/www.festivox.fr\/blog\/#\/schema\/person\/f36a8b6bc94800c3eafed4bca993ce95"},"headline":"Jazz et java, les f\u00eates donnent de la voix","datePublished":"2010-12-12T08:14:00+00:00","mainEntityOfPage":{"@id":"https:\/\/www.festivox.fr\/blog\/jazz-et-java-les-fetes-donnent-de-la-voix\/"},"wordCount":1597,"publisher":{"@id":"https:\/\/www.festivox.fr\/blog\/#organization"},"image":{"@id":"https:\/\/www.festivox.fr\/blog\/jazz-et-java-les-fetes-donnent-de-la-voix\/#primaryimage"},"thumbnailUrl":"https:\/\/www.festivox.fr\/blog\/wp-content\/uploads\/2025\/05\/jazz-et-java-les-fetes-donnent-de-la-voix.jpg","articleSection":["Wiki Sur Festival Jazz Et Musique En Mode Guinguette:"],"inLanguage":"fr-FR"},{"@type":"WebPage","@id":"https:\/\/www.festivox.fr\/blog\/jazz-et-java-les-fetes-donnent-de-la-voix\/","url":"https:\/\/www.festivox.fr\/blog\/jazz-et-java-les-fetes-donnent-de-la-voix\/","name":"Jazz et java, les f\u00eates donnent de la voix - FESTIVOX","isPartOf":{"@id":"https:\/\/www.festivox.fr\/blog\/#website"},"primaryImageOfPage":{"@id":"https:\/\/www.festivox.fr\/blog\/jazz-et-java-les-fetes-donnent-de-la-voix\/#primaryimage"},"image":{"@id":"https:\/\/www.festivox.fr\/blog\/jazz-et-java-les-fetes-donnent-de-la-voix\/#primaryimage"},"thumbnailUrl":"https:\/\/www.festivox.fr\/blog\/wp-content\/uploads\/2025\/05\/jazz-et-java-les-fetes-donnent-de-la-voix.jpg","datePublished":"2010-12-12T08:14:00+00:00","breadcrumb":{"@id":"https:\/\/www.festivox.fr\/blog\/jazz-et-java-les-fetes-donnent-de-la-voix\/#breadcrumb"},"inLanguage":"fr-FR","potentialAction":[{"@type":"ReadAction","target":["https:\/\/www.festivox.fr\/blog\/jazz-et-java-les-fetes-donnent-de-la-voix\/"]}]},{"@type":"ImageObject","inLanguage":"fr-FR","@id":"https:\/\/www.festivox.fr\/blog\/jazz-et-java-les-fetes-donnent-de-la-voix\/#primaryimage","url":"https:\/\/www.festivox.fr\/blog\/wp-content\/uploads\/2025\/05\/jazz-et-java-les-fetes-donnent-de-la-voix.jpg","contentUrl":"https:\/\/www.festivox.fr\/blog\/wp-content\/uploads\/2025\/05\/jazz-et-java-les-fetes-donnent-de-la-voix.jpg","width":400,"height":273},{"@type":"BreadcrumbList","@id":"https:\/\/www.festivox.fr\/blog\/jazz-et-java-les-fetes-donnent-de-la-voix\/#breadcrumb","itemListElement":[{"@type":"ListItem","position":1,"name":"Accueil","item":"https:\/\/www.festivox.fr\/blog\/"},{"@type":"ListItem","position":2,"name":"Jazz et java, les f\u00eates donnent de la voix"}]},{"@type":"WebSite","@id":"https:\/\/www.festivox.fr\/blog\/#website","url":"https:\/\/www.festivox.fr\/blog\/","name":"FESTIVOX","description":"Festival en mode guinguette.","publisher":{"@id":"https:\/\/www.festivox.fr\/blog\/#organization"},"potentialAction":[{"@type":"SearchAction","target":{"@type":"EntryPoint","urlTemplate":"https:\/\/www.festivox.fr\/blog\/?s={search_term_string}"},"query-input":{"@type":"PropertyValueSpecification","valueRequired":true,"valueName":"search_term_string"}}],"inLanguage":"fr-FR"},{"@type":"Organization","@id":"https:\/\/www.festivox.fr\/blog\/#organization","name":"festivox","url":"https:\/\/www.festivox.fr\/blog\/","logo":{"@type":"ImageObject","inLanguage":"fr-FR","@id":"https:\/\/www.festivox.fr\/blog\/#\/schema\/logo\/image\/","url":"https:\/\/www.festivox.fr\/blog\/wp-content\/uploads\/2023\/06\/logo-2.png","contentUrl":"https:\/\/www.festivox.fr\/blog\/wp-content\/uploads\/2023\/06\/logo-2.png","width":480,"height":160,"caption":"festivox"},"image":{"@id":"https:\/\/www.festivox.fr\/blog\/#\/schema\/logo\/image\/"}},{"@type":"Person","@id":"https:\/\/www.festivox.fr\/blog\/#\/schema\/person\/f36a8b6bc94800c3eafed4bca993ce95","name":"Michele","image":{"@type":"ImageObject","inLanguage":"fr-FR","@id":"https:\/\/secure.gravatar.com\/avatar\/b062046536b5d47ec9075956ec349ef95ed06b0f910c578f74abb318668b702e?s=96&d=mm&r=g","url":"https:\/\/secure.gravatar.com\/avatar\/b062046536b5d47ec9075956ec349ef95ed06b0f910c578f74abb318668b702e?s=96&d=mm&r=g","contentUrl":"https:\/\/secure.gravatar.com\/avatar\/b062046536b5d47ec9075956ec349ef95ed06b0f910c578f74abb318668b702e?s=96&d=mm&r=g","caption":"Michele"},"sameAs":["https:\/\/www.festivox.fr\/blog"],"url":"https:\/\/www.festivox.fr\/blog\/author\/voxadmin\/"}]}},"_links":{"self":[{"href":"https:\/\/www.festivox.fr\/blog\/wp-json\/wp\/v2\/posts\/1177","targetHints":{"allow":["GET"]}}],"collection":[{"href":"https:\/\/www.festivox.fr\/blog\/wp-json\/wp\/v2\/posts"}],"about":[{"href":"https:\/\/www.festivox.fr\/blog\/wp-json\/wp\/v2\/types\/post"}],"author":[{"embeddable":true,"href":"https:\/\/www.festivox.fr\/blog\/wp-json\/wp\/v2\/users\/1"}],"replies":[{"embeddable":true,"href":"https:\/\/www.festivox.fr\/blog\/wp-json\/wp\/v2\/comments?post=1177"}],"version-history":[{"count":0,"href":"https:\/\/www.festivox.fr\/blog\/wp-json\/wp\/v2\/posts\/1177\/revisions"}],"wp:featuredmedia":[{"embeddable":true,"href":"https:\/\/www.festivox.fr\/blog\/wp-json\/wp\/v2\/media\/1178"}],"wp:attachment":[{"href":"https:\/\/www.festivox.fr\/blog\/wp-json\/wp\/v2\/media?parent=1177"}],"wp:term":[{"taxonomy":"category","embeddable":true,"href":"https:\/\/www.festivox.fr\/blog\/wp-json\/wp\/v2\/categories?post=1177"},{"taxonomy":"post_tag","embeddable":true,"href":"https:\/\/www.festivox.fr\/blog\/wp-json\/wp\/v2\/tags?post=1177"}],"curies":[{"name":"wp","href":"https:\/\/api.w.org\/{rel}","templated":true}]}}