{"id":1150,"date":"2025-05-07T07:40:00","date_gmt":"2025-05-07T05:40:00","guid":{"rendered":"https:\/\/www.festivox.fr\/blog\/le-dessinateur-breton-gildas-java-a-la-librairie-le-fanal-ce-samedi-10-mai\/"},"modified":"2025-05-07T07:40:00","modified_gmt":"2025-05-07T05:40:00","slug":"le-dessinateur-breton-gildas-java-a-la-librairie-le-fanal-ce-samedi-10-mai","status":"publish","type":"post","link":"https:\/\/www.festivox.fr\/blog\/le-dessinateur-breton-gildas-java-a-la-librairie-le-fanal-ce-samedi-10-mai\/","title":{"rendered":"Le dessinateur breton Gildas Java \u00e0 la librairie Le Fanal ce samedi 10 mai"},"content":{"rendered":"\n<div><img decoding=\"async\" src=\"https:\/\/www.festivox.fr\/blog\/wp-content\/uploads\/2025\/05\/le-dessinateur-breton-gildas-java-a-la-librairie-le-fanal-ce-samedi-10-mai.jpg\" class=\"ff-og-image-inserted\"><\/div>\n<p>Samedi 10 mai, de 10&nbsp;h&nbsp;30 \u00e0 12&nbsp;h&nbsp;30, le dessinateur breton Gildas Java sera l\u2019invit\u00e9 de la librairie Le Fanal. Il y pr\u00e9sentera deux ouvrages. Premi\u00e8rement, la bande dessin\u00e9e \u00ab&nbsp;La fortune de Poutine&nbsp;\u00bb&nbsp;: les services secrets occidentaux estiment les avoirs d\u00e9tenus par Vladimir Poutine et ses proches entre 150 et 250 milliards d\u2019euros, soit au m\u00eame niveau qu\u2019Elon Musk et Bernard Arnault. Pour la premi\u00e8re fois, une BD d\u2019enqu\u00eate l\u00e8ve le voile sur une des plus grandes entreprises de pr\u00e9dation \u00e9conomique de l\u2019histoire. Le second ouvrage pr\u00e9sent\u00e9 sera un recueil de po\u00e9sie, \u00ab&nbsp;Ha\u00efkus du jazz&nbsp;\u00bb, dont il a assur\u00e9 les illustrations en lien avec le festival Jazz \u00d4 Ch\u00e2teau.<\/p>\n<p> Cet article, qui traite du th\u00e8me \u00ab\u00a0Festival Jazz et musique en mode guinguette\u00a0\u00bb, vous est d\u00e9lib\u00e9r\u00e9ment offert par festivox.fr. La raison d\u2019\u00eatre de festivox.fr est de parler de Festival Jazz et musique en mode guinguette dans la transparence la plus g\u00e9n\u00e9rale en vous procurant la visibilit\u00e9 de tout ce qui est publi\u00e9 sur ce sujet sur le web La chronique a \u00e9t\u00e9 g\u00e9n\u00e9r\u00e9e de la mani\u00e8re la plus honn\u00eate que possible. S\u2019il advenait que vous projetez d\u2019apporter quelques notes concernant le domaine de \u00ab\u00a0Festival Jazz et musique en mode guinguette\u00a0\u00bb vous avez la possibilit\u00e9 de d&rsquo;\u00e9changer avec notre r\u00e9daction. Dans peu de temps, on mettra en ligne d&rsquo;autres informations pertinentes autour du sujet \u00ab\u00a0Festival Jazz et musique en mode guinguette\u00a0\u00bb. Ainsi, consultez r\u00e9guli\u00e8rement notre site.<\/p>\n","protected":false},"excerpt":{"rendered":"<p>Samedi 10 mai, de 10&nbsp;h&nbsp;30 \u00e0 12&nbsp;h&nbsp;30, le dessinateur breton Gildas Java sera l\u2019invit\u00e9 de la librairie Le Fanal. Il y pr\u00e9sentera deux ouvrages. Premi\u00e8rement, la bande dessin\u00e9e \u00ab&nbsp;La fortune de Poutine&nbsp;\u00bb&nbsp;: les services secrets occidentaux estiment les avoirs d\u00e9tenus par Vladimir Poutine et ses proches entre 150 et 250 milliards d\u2019euros, soit au m\u00eame&hellip;<\/p>\n","protected":false},"author":1,"featured_media":1151,"comment_status":"closed","ping_status":"closed","sticky":false,"template":"","format":"standard","meta":{"footnotes":""},"categories":[3],"tags":[],"class_list":["post-1150","post","type-post","status-publish","format-standard","has-post-thumbnail","hentry","category-wiki-sur-festival-jazz-et-musique-en-mode-guinguette"],"yoast_head":"<!-- This site is optimized with the Yoast SEO plugin v27.5 - https:\/\/yoast.com\/product\/yoast-seo-wordpress\/ -->\n<title>Le dessinateur breton Gildas Java \u00e0 la librairie Le Fanal ce samedi 10 mai - FESTIVOX<\/title>\n<meta name=\"robots\" content=\"index, follow, max-snippet:-1, max-image-preview:large, max-video-preview:-1\" \/>\n<link rel=\"canonical\" href=\"https:\/\/www.festivox.fr\/blog\/le-dessinateur-breton-gildas-java-a-la-librairie-le-fanal-ce-samedi-10-mai\/\" \/>\n<meta property=\"og:locale\" content=\"fr_FR\" \/>\n<meta property=\"og:type\" content=\"article\" \/>\n<meta property=\"og:title\" content=\"Le dessinateur breton Gildas Java \u00e0 la librairie Le Fanal ce samedi 10 mai - FESTIVOX\" \/>\n<meta property=\"og:description\" content=\"Samedi 10 mai, de 10&nbsp;h&nbsp;30 \u00e0 12&nbsp;h&nbsp;30, le dessinateur breton Gildas Java sera l\u2019invit\u00e9 de la librairie Le Fanal. Il y pr\u00e9sentera deux ouvrages. Premi\u00e8rement, la bande dessin\u00e9e \u00ab&nbsp;La fortune de Poutine&nbsp;\u00bb&nbsp;: les services secrets occidentaux estiment les avoirs d\u00e9tenus par Vladimir Poutine et ses proches entre 150 et 250 milliards d\u2019euros, soit au m\u00eame&hellip;\" \/>\n<meta property=\"og:url\" content=\"https:\/\/www.festivox.fr\/blog\/le-dessinateur-breton-gildas-java-a-la-librairie-le-fanal-ce-samedi-10-mai\/\" \/>\n<meta property=\"og:site_name\" content=\"FESTIVOX\" \/>\n<meta property=\"article:published_time\" content=\"2025-05-07T05:40:00+00:00\" \/>\n<meta property=\"og:image\" content=\"https:\/\/www.festivox.fr\/blog\/wp-content\/uploads\/2025\/05\/le-dessinateur-breton-gildas-java-a-la-librairie-le-fanal-ce-samedi-10-mai.jpg\" \/>\n<meta name=\"author\" content=\"Michele\" \/>\n<meta name=\"twitter:card\" content=\"summary_large_image\" \/>\n<meta name=\"twitter:label1\" content=\"\u00c9crit par\" \/>\n\t<meta name=\"twitter:data1\" content=\"Michele\" \/>\n\t<meta name=\"twitter:label2\" content=\"Dur\u00e9e de lecture estim\u00e9e\" \/>\n\t<meta name=\"twitter:data2\" content=\"1 minute\" \/>\n<script type=\"application\/ld+json\" class=\"yoast-schema-graph\">{\"@context\":\"https:\\\/\\\/schema.org\",\"@graph\":[{\"@type\":\"Article\",\"@id\":\"https:\\\/\\\/www.festivox.fr\\\/blog\\\/le-dessinateur-breton-gildas-java-a-la-librairie-le-fanal-ce-samedi-10-mai\\\/#article\",\"isPartOf\":{\"@id\":\"https:\\\/\\\/www.festivox.fr\\\/blog\\\/le-dessinateur-breton-gildas-java-a-la-librairie-le-fanal-ce-samedi-10-mai\\\/\"},\"author\":{\"name\":\"Michele\",\"@id\":\"https:\\\/\\\/www.festivox.fr\\\/blog\\\/#\\\/schema\\\/person\\\/f36a8b6bc94800c3eafed4bca993ce95\"},\"headline\":\"Le dessinateur breton Gildas Java \u00e0 la librairie Le Fanal ce samedi 10 mai\",\"datePublished\":\"2025-05-07T05:40:00+00:00\",\"mainEntityOfPage\":{\"@id\":\"https:\\\/\\\/www.festivox.fr\\\/blog\\\/le-dessinateur-breton-gildas-java-a-la-librairie-le-fanal-ce-samedi-10-mai\\\/\"},\"wordCount\":287,\"publisher\":{\"@id\":\"https:\\\/\\\/www.festivox.fr\\\/blog\\\/#organization\"},\"image\":{\"@id\":\"https:\\\/\\\/www.festivox.fr\\\/blog\\\/le-dessinateur-breton-gildas-java-a-la-librairie-le-fanal-ce-samedi-10-mai\\\/#primaryimage\"},\"thumbnailUrl\":\"https:\\\/\\\/www.festivox.fr\\\/blog\\\/wp-content\\\/uploads\\\/2025\\\/05\\\/le-dessinateur-breton-gildas-java-a-la-librairie-le-fanal-ce-samedi-10-mai.jpg\",\"articleSection\":[\"Wiki Sur Festival Jazz Et Musique En Mode Guinguette:\"],\"inLanguage\":\"fr-FR\"},{\"@type\":\"WebPage\",\"@id\":\"https:\\\/\\\/www.festivox.fr\\\/blog\\\/le-dessinateur-breton-gildas-java-a-la-librairie-le-fanal-ce-samedi-10-mai\\\/\",\"url\":\"https:\\\/\\\/www.festivox.fr\\\/blog\\\/le-dessinateur-breton-gildas-java-a-la-librairie-le-fanal-ce-samedi-10-mai\\\/\",\"name\":\"Le dessinateur breton Gildas Java \u00e0 la librairie Le Fanal ce samedi 10 mai - FESTIVOX\",\"isPartOf\":{\"@id\":\"https:\\\/\\\/www.festivox.fr\\\/blog\\\/#website\"},\"primaryImageOfPage\":{\"@id\":\"https:\\\/\\\/www.festivox.fr\\\/blog\\\/le-dessinateur-breton-gildas-java-a-la-librairie-le-fanal-ce-samedi-10-mai\\\/#primaryimage\"},\"image\":{\"@id\":\"https:\\\/\\\/www.festivox.fr\\\/blog\\\/le-dessinateur-breton-gildas-java-a-la-librairie-le-fanal-ce-samedi-10-mai\\\/#primaryimage\"},\"thumbnailUrl\":\"https:\\\/\\\/www.festivox.fr\\\/blog\\\/wp-content\\\/uploads\\\/2025\\\/05\\\/le-dessinateur-breton-gildas-java-a-la-librairie-le-fanal-ce-samedi-10-mai.jpg\",\"datePublished\":\"2025-05-07T05:40:00+00:00\",\"breadcrumb\":{\"@id\":\"https:\\\/\\\/www.festivox.fr\\\/blog\\\/le-dessinateur-breton-gildas-java-a-la-librairie-le-fanal-ce-samedi-10-mai\\\/#breadcrumb\"},\"inLanguage\":\"fr-FR\",\"potentialAction\":[{\"@type\":\"ReadAction\",\"target\":[\"https:\\\/\\\/www.festivox.fr\\\/blog\\\/le-dessinateur-breton-gildas-java-a-la-librairie-le-fanal-ce-samedi-10-mai\\\/\"]}]},{\"@type\":\"ImageObject\",\"inLanguage\":\"fr-FR\",\"@id\":\"https:\\\/\\\/www.festivox.fr\\\/blog\\\/le-dessinateur-breton-gildas-java-a-la-librairie-le-fanal-ce-samedi-10-mai\\\/#primaryimage\",\"url\":\"https:\\\/\\\/www.festivox.fr\\\/blog\\\/wp-content\\\/uploads\\\/2025\\\/05\\\/le-dessinateur-breton-gildas-java-a-la-librairie-le-fanal-ce-samedi-10-mai.jpg\",\"contentUrl\":\"https:\\\/\\\/www.festivox.fr\\\/blog\\\/wp-content\\\/uploads\\\/2025\\\/05\\\/le-dessinateur-breton-gildas-java-a-la-librairie-le-fanal-ce-samedi-10-mai.jpg\",\"width\":1200,\"height\":750},{\"@type\":\"BreadcrumbList\",\"@id\":\"https:\\\/\\\/www.festivox.fr\\\/blog\\\/le-dessinateur-breton-gildas-java-a-la-librairie-le-fanal-ce-samedi-10-mai\\\/#breadcrumb\",\"itemListElement\":[{\"@type\":\"ListItem\",\"position\":1,\"name\":\"Accueil\",\"item\":\"https:\\\/\\\/www.festivox.fr\\\/blog\\\/\"},{\"@type\":\"ListItem\",\"position\":2,\"name\":\"Le dessinateur breton Gildas Java \u00e0 la librairie Le Fanal ce samedi 10 mai\"}]},{\"@type\":\"WebSite\",\"@id\":\"https:\\\/\\\/www.festivox.fr\\\/blog\\\/#website\",\"url\":\"https:\\\/\\\/www.festivox.fr\\\/blog\\\/\",\"name\":\"FESTIVOX\",\"description\":\"Festival en mode guinguette.\",\"publisher\":{\"@id\":\"https:\\\/\\\/www.festivox.fr\\\/blog\\\/#organization\"},\"potentialAction\":[{\"@type\":\"SearchAction\",\"target\":{\"@type\":\"EntryPoint\",\"urlTemplate\":\"https:\\\/\\\/www.festivox.fr\\\/blog\\\/?s={search_term_string}\"},\"query-input\":{\"@type\":\"PropertyValueSpecification\",\"valueRequired\":true,\"valueName\":\"search_term_string\"}}],\"inLanguage\":\"fr-FR\"},{\"@type\":\"Organization\",\"@id\":\"https:\\\/\\\/www.festivox.fr\\\/blog\\\/#organization\",\"name\":\"festivox\",\"url\":\"https:\\\/\\\/www.festivox.fr\\\/blog\\\/\",\"logo\":{\"@type\":\"ImageObject\",\"inLanguage\":\"fr-FR\",\"@id\":\"https:\\\/\\\/www.festivox.fr\\\/blog\\\/#\\\/schema\\\/logo\\\/image\\\/\",\"url\":\"https:\\\/\\\/www.festivox.fr\\\/blog\\\/wp-content\\\/uploads\\\/2023\\\/06\\\/logo-2.png\",\"contentUrl\":\"https:\\\/\\\/www.festivox.fr\\\/blog\\\/wp-content\\\/uploads\\\/2023\\\/06\\\/logo-2.png\",\"width\":480,\"height\":160,\"caption\":\"festivox\"},\"image\":{\"@id\":\"https:\\\/\\\/www.festivox.fr\\\/blog\\\/#\\\/schema\\\/logo\\\/image\\\/\"}},{\"@type\":\"Person\",\"@id\":\"https:\\\/\\\/www.festivox.fr\\\/blog\\\/#\\\/schema\\\/person\\\/f36a8b6bc94800c3eafed4bca993ce95\",\"name\":\"Michele\",\"image\":{\"@type\":\"ImageObject\",\"inLanguage\":\"fr-FR\",\"@id\":\"https:\\\/\\\/secure.gravatar.com\\\/avatar\\\/b062046536b5d47ec9075956ec349ef95ed06b0f910c578f74abb318668b702e?s=96&d=mm&r=g\",\"url\":\"https:\\\/\\\/secure.gravatar.com\\\/avatar\\\/b062046536b5d47ec9075956ec349ef95ed06b0f910c578f74abb318668b702e?s=96&d=mm&r=g\",\"contentUrl\":\"https:\\\/\\\/secure.gravatar.com\\\/avatar\\\/b062046536b5d47ec9075956ec349ef95ed06b0f910c578f74abb318668b702e?s=96&d=mm&r=g\",\"caption\":\"Michele\"},\"sameAs\":[\"https:\\\/\\\/www.festivox.fr\\\/blog\"],\"url\":\"https:\\\/\\\/www.festivox.fr\\\/blog\\\/author\\\/voxadmin\\\/\"}]}<\/script>\n<!-- \/ Yoast SEO plugin. -->","yoast_head_json":{"title":"Le dessinateur breton Gildas Java \u00e0 la librairie Le Fanal ce samedi 10 mai - FESTIVOX","robots":{"index":"index","follow":"follow","max-snippet":"max-snippet:-1","max-image-preview":"max-image-preview:large","max-video-preview":"max-video-preview:-1"},"canonical":"https:\/\/www.festivox.fr\/blog\/le-dessinateur-breton-gildas-java-a-la-librairie-le-fanal-ce-samedi-10-mai\/","og_locale":"fr_FR","og_type":"article","og_title":"Le dessinateur breton Gildas Java \u00e0 la librairie Le Fanal ce samedi 10 mai - FESTIVOX","og_description":"Samedi 10 mai, de 10&nbsp;h&nbsp;30 \u00e0 12&nbsp;h&nbsp;30, le dessinateur breton Gildas Java sera l\u2019invit\u00e9 de la librairie Le Fanal. Il y pr\u00e9sentera deux ouvrages. Premi\u00e8rement, la bande dessin\u00e9e \u00ab&nbsp;La fortune de Poutine&nbsp;\u00bb&nbsp;: les services secrets occidentaux estiment les avoirs d\u00e9tenus par Vladimir Poutine et ses proches entre 150 et 250 milliards d\u2019euros, soit au m\u00eame&hellip;","og_url":"https:\/\/www.festivox.fr\/blog\/le-dessinateur-breton-gildas-java-a-la-librairie-le-fanal-ce-samedi-10-mai\/","og_site_name":"FESTIVOX","article_published_time":"2025-05-07T05:40:00+00:00","og_image":[{"url":"https:\/\/www.festivox.fr\/blog\/wp-content\/uploads\/2025\/05\/le-dessinateur-breton-gildas-java-a-la-librairie-le-fanal-ce-samedi-10-mai.jpg","type":"","width":"","height":""}],"author":"Michele","twitter_card":"summary_large_image","twitter_misc":{"\u00c9crit par":"Michele","Dur\u00e9e de lecture estim\u00e9e":"1 minute"},"schema":{"@context":"https:\/\/schema.org","@graph":[{"@type":"Article","@id":"https:\/\/www.festivox.fr\/blog\/le-dessinateur-breton-gildas-java-a-la-librairie-le-fanal-ce-samedi-10-mai\/#article","isPartOf":{"@id":"https:\/\/www.festivox.fr\/blog\/le-dessinateur-breton-gildas-java-a-la-librairie-le-fanal-ce-samedi-10-mai\/"},"author":{"name":"Michele","@id":"https:\/\/www.festivox.fr\/blog\/#\/schema\/person\/f36a8b6bc94800c3eafed4bca993ce95"},"headline":"Le dessinateur breton Gildas Java \u00e0 la librairie Le Fanal ce samedi 10 mai","datePublished":"2025-05-07T05:40:00+00:00","mainEntityOfPage":{"@id":"https:\/\/www.festivox.fr\/blog\/le-dessinateur-breton-gildas-java-a-la-librairie-le-fanal-ce-samedi-10-mai\/"},"wordCount":287,"publisher":{"@id":"https:\/\/www.festivox.fr\/blog\/#organization"},"image":{"@id":"https:\/\/www.festivox.fr\/blog\/le-dessinateur-breton-gildas-java-a-la-librairie-le-fanal-ce-samedi-10-mai\/#primaryimage"},"thumbnailUrl":"https:\/\/www.festivox.fr\/blog\/wp-content\/uploads\/2025\/05\/le-dessinateur-breton-gildas-java-a-la-librairie-le-fanal-ce-samedi-10-mai.jpg","articleSection":["Wiki Sur Festival Jazz Et Musique En Mode Guinguette:"],"inLanguage":"fr-FR"},{"@type":"WebPage","@id":"https:\/\/www.festivox.fr\/blog\/le-dessinateur-breton-gildas-java-a-la-librairie-le-fanal-ce-samedi-10-mai\/","url":"https:\/\/www.festivox.fr\/blog\/le-dessinateur-breton-gildas-java-a-la-librairie-le-fanal-ce-samedi-10-mai\/","name":"Le dessinateur breton Gildas Java \u00e0 la librairie Le Fanal ce samedi 10 mai - FESTIVOX","isPartOf":{"@id":"https:\/\/www.festivox.fr\/blog\/#website"},"primaryImageOfPage":{"@id":"https:\/\/www.festivox.fr\/blog\/le-dessinateur-breton-gildas-java-a-la-librairie-le-fanal-ce-samedi-10-mai\/#primaryimage"},"image":{"@id":"https:\/\/www.festivox.fr\/blog\/le-dessinateur-breton-gildas-java-a-la-librairie-le-fanal-ce-samedi-10-mai\/#primaryimage"},"thumbnailUrl":"https:\/\/www.festivox.fr\/blog\/wp-content\/uploads\/2025\/05\/le-dessinateur-breton-gildas-java-a-la-librairie-le-fanal-ce-samedi-10-mai.jpg","datePublished":"2025-05-07T05:40:00+00:00","breadcrumb":{"@id":"https:\/\/www.festivox.fr\/blog\/le-dessinateur-breton-gildas-java-a-la-librairie-le-fanal-ce-samedi-10-mai\/#breadcrumb"},"inLanguage":"fr-FR","potentialAction":[{"@type":"ReadAction","target":["https:\/\/www.festivox.fr\/blog\/le-dessinateur-breton-gildas-java-a-la-librairie-le-fanal-ce-samedi-10-mai\/"]}]},{"@type":"ImageObject","inLanguage":"fr-FR","@id":"https:\/\/www.festivox.fr\/blog\/le-dessinateur-breton-gildas-java-a-la-librairie-le-fanal-ce-samedi-10-mai\/#primaryimage","url":"https:\/\/www.festivox.fr\/blog\/wp-content\/uploads\/2025\/05\/le-dessinateur-breton-gildas-java-a-la-librairie-le-fanal-ce-samedi-10-mai.jpg","contentUrl":"https:\/\/www.festivox.fr\/blog\/wp-content\/uploads\/2025\/05\/le-dessinateur-breton-gildas-java-a-la-librairie-le-fanal-ce-samedi-10-mai.jpg","width":1200,"height":750},{"@type":"BreadcrumbList","@id":"https:\/\/www.festivox.fr\/blog\/le-dessinateur-breton-gildas-java-a-la-librairie-le-fanal-ce-samedi-10-mai\/#breadcrumb","itemListElement":[{"@type":"ListItem","position":1,"name":"Accueil","item":"https:\/\/www.festivox.fr\/blog\/"},{"@type":"ListItem","position":2,"name":"Le dessinateur breton Gildas Java \u00e0 la librairie Le Fanal ce samedi 10 mai"}]},{"@type":"WebSite","@id":"https:\/\/www.festivox.fr\/blog\/#website","url":"https:\/\/www.festivox.fr\/blog\/","name":"FESTIVOX","description":"Festival en mode guinguette.","publisher":{"@id":"https:\/\/www.festivox.fr\/blog\/#organization"},"potentialAction":[{"@type":"SearchAction","target":{"@type":"EntryPoint","urlTemplate":"https:\/\/www.festivox.fr\/blog\/?s={search_term_string}"},"query-input":{"@type":"PropertyValueSpecification","valueRequired":true,"valueName":"search_term_string"}}],"inLanguage":"fr-FR"},{"@type":"Organization","@id":"https:\/\/www.festivox.fr\/blog\/#organization","name":"festivox","url":"https:\/\/www.festivox.fr\/blog\/","logo":{"@type":"ImageObject","inLanguage":"fr-FR","@id":"https:\/\/www.festivox.fr\/blog\/#\/schema\/logo\/image\/","url":"https:\/\/www.festivox.fr\/blog\/wp-content\/uploads\/2023\/06\/logo-2.png","contentUrl":"https:\/\/www.festivox.fr\/blog\/wp-content\/uploads\/2023\/06\/logo-2.png","width":480,"height":160,"caption":"festivox"},"image":{"@id":"https:\/\/www.festivox.fr\/blog\/#\/schema\/logo\/image\/"}},{"@type":"Person","@id":"https:\/\/www.festivox.fr\/blog\/#\/schema\/person\/f36a8b6bc94800c3eafed4bca993ce95","name":"Michele","image":{"@type":"ImageObject","inLanguage":"fr-FR","@id":"https:\/\/secure.gravatar.com\/avatar\/b062046536b5d47ec9075956ec349ef95ed06b0f910c578f74abb318668b702e?s=96&d=mm&r=g","url":"https:\/\/secure.gravatar.com\/avatar\/b062046536b5d47ec9075956ec349ef95ed06b0f910c578f74abb318668b702e?s=96&d=mm&r=g","contentUrl":"https:\/\/secure.gravatar.com\/avatar\/b062046536b5d47ec9075956ec349ef95ed06b0f910c578f74abb318668b702e?s=96&d=mm&r=g","caption":"Michele"},"sameAs":["https:\/\/www.festivox.fr\/blog"],"url":"https:\/\/www.festivox.fr\/blog\/author\/voxadmin\/"}]}},"_links":{"self":[{"href":"https:\/\/www.festivox.fr\/blog\/wp-json\/wp\/v2\/posts\/1150","targetHints":{"allow":["GET"]}}],"collection":[{"href":"https:\/\/www.festivox.fr\/blog\/wp-json\/wp\/v2\/posts"}],"about":[{"href":"https:\/\/www.festivox.fr\/blog\/wp-json\/wp\/v2\/types\/post"}],"author":[{"embeddable":true,"href":"https:\/\/www.festivox.fr\/blog\/wp-json\/wp\/v2\/users\/1"}],"replies":[{"embeddable":true,"href":"https:\/\/www.festivox.fr\/blog\/wp-json\/wp\/v2\/comments?post=1150"}],"version-history":[{"count":0,"href":"https:\/\/www.festivox.fr\/blog\/wp-json\/wp\/v2\/posts\/1150\/revisions"}],"wp:featuredmedia":[{"embeddable":true,"href":"https:\/\/www.festivox.fr\/blog\/wp-json\/wp\/v2\/media\/1151"}],"wp:attachment":[{"href":"https:\/\/www.festivox.fr\/blog\/wp-json\/wp\/v2\/media?parent=1150"}],"wp:term":[{"taxonomy":"category","embeddable":true,"href":"https:\/\/www.festivox.fr\/blog\/wp-json\/wp\/v2\/categories?post=1150"},{"taxonomy":"post_tag","embeddable":true,"href":"https:\/\/www.festivox.fr\/blog\/wp-json\/wp\/v2\/tags?post=1150"}],"curies":[{"name":"wp","href":"https:\/\/api.w.org\/{rel}","templated":true}]}}