{"id":115,"date":"2023-05-04T22:39:00","date_gmt":"2023-05-04T20:39:00","guid":{"rendered":"https:\/\/www.festivox.fr\/blog\/letra-de-le-jazz-et-la-java\/"},"modified":"2023-05-04T22:39:00","modified_gmt":"2023-05-04T20:39:00","slug":"letra-de-le-jazz-et-la-java","status":"publish","type":"post","link":"https:\/\/www.festivox.fr\/blog\/letra-de-le-jazz-et-la-java\/","title":{"rendered":"Letra de Le Jazz Et La Java"},"content":{"rendered":"\n<div><img decoding=\"async\" src=\"https:\/\/www.festivox.fr\/blog\/wp-content\/uploads\/2023\/06\/letra-de-le-jazz-et-la-java.jpg\" class=\"ff-og-image-inserted\"><\/div>\n<p>Quand le jazz est<br \/>\n<br \/>Quand le jazz est l\u00e0<br \/>\n<br \/>La java s&rsquo;en<br \/>\n<br \/>La java s&rsquo;en va<br \/>\n<br \/>Il y a de l&rsquo;orage dans l&rsquo;air<br \/>\n<br \/>Il y a de l&rsquo;eau dans le gaz<br \/>\n<br \/>Entre le jazz et la java<\/p>\n<p>Chaque jour un peu plus<br \/>\n<br \/>Y a le jazz qui s&rsquo;installe<br \/>\n<br \/>Alors la rage au c?ur<br \/>\n<br \/>La java fait la malle<br \/>\n<br \/>Ses p&rsquo;tit&rsquo;s fesses en bataille<br \/>\n<br \/>Sous sa jupe fendue<br \/>\n<br \/>Elle \u00e9crase sa Gauloise<br \/>\n<br \/>Et s&rsquo;en va dans la rue\n<\/p>\n<p>Quand le jazz est<br \/>\n<br \/>Quand le jazz est l\u00e0<br \/>\n<br \/>La java s&rsquo;en<br \/>\n<br \/>La java s&rsquo;en va<br \/>\n<br \/>Il y a de l&rsquo;orage dans l&rsquo;air<br \/>\n<br \/>Il y a de l&rsquo;eau dans le gaz<br \/>\n<br \/>Entre le jazz et la java\n<\/p>\n<p>Quand j&rsquo;\u00e9coute b\u00e9at<br \/>\n<br \/>Un solo de batterie<br \/>\n<br \/>V&rsquo;l\u00e0 la java qui r\u00e2le<br \/>\n<br \/>Au nom de la patrie<br \/>\n<br \/>Mais quand je crie bravo<br \/>\n<br \/>A l&rsquo;accord\u00e9oniste<br \/>\n<br \/>C&rsquo;est le jazz qui m&rsquo;engueule<br \/>\n<br \/>Me traitant de raciste\n<\/p>\n<p>Quand le jazz est<br \/>\n<br \/><span>https:\/\/www.coveralia.com\/letras\/le-jazz-et-la-java-claude-nougaro.php<\/span><br \/>Quand le jazz est l\u00e0<br \/>\n<br \/>La java s&rsquo;en<br \/>\n<br \/>La java s&rsquo;en va<br \/>\n<br \/>Il y a de l&rsquo;orage dans l&rsquo;air<br \/>\n<br \/>Il y a de l&rsquo;eau dans le gaz<br \/>\n<br \/>Entre le jazz et la java\n<\/p>\n<p>Pour moi jazz et java<br \/>\n<br \/>C&rsquo;est du pareil au m\u00eame<br \/>\n<br \/>J&rsquo;me saoule \u00e0 la Bastille<br \/>\n<br \/>Et m&rsquo;noircis \u00e0 Harlem<br \/>\n<br \/>Pour moi jazz et java<br \/>\n<br \/>Dans le fond c&rsquo;est tout comme<br \/>\n<br \/>Le jazz dit \u00a0\u00bb Go men \u00a0\u00bb<br \/>\n<br \/>La java dit \u00a0\u00bb Go hommes \u00a0\u00bb\n<\/p>\n<p>Quand le jazz est<br \/>\n<br \/>Quand le jazz est l\u00e0<br \/>\n<br \/>La java s&rsquo;en<br \/>\n<br \/>La java s&rsquo;en va<br \/>\n<br \/>Il y a de l&rsquo;orage dans l&rsquo;air<br \/>\n<br \/>Il y a de l&rsquo;eau dans le gaz<br \/>\n<br \/>Entre le jazz et la java\n<\/p>\n<p>Jazz et java copains<br \/>\n<br \/>\u00c7a doit pouvoir se faire<br \/>\n<br \/>Pour qu&rsquo;il en soit ainsi<br \/>\n<br \/>Tiens, je partage en fr\u00e8re<br \/>\n<br \/>Je donne au jazz mes pieds<br \/>\n<br \/>Pour marquer son tempo<br \/>\n<br \/>Et je donne \u00e0 la java mes mains<br \/>\n<br \/>Pour le bas de son dos<br \/>\n<br \/>Et je donne \u00e0 la java mes mains<br \/>\n<br \/>Pour le bas de son dos<\/p>\n<p> Cet article, qui traite du th\u00e8me \u00ab\u00a0Festival Jazz et musique en mode guinguette\u00a0\u00bb, vous est d\u00e9lib\u00e9r\u00e9ment offert par festivox.fr. La raison d\u2019\u00eatre de festivox.fr est de parler de Festival Jazz et musique en mode guinguette dans la transparence la plus g\u00e9n\u00e9rale en vous procurant la visibilit\u00e9 de tout ce qui est publi\u00e9 sur ce sujet sur le web La chronique a \u00e9t\u00e9 g\u00e9n\u00e9r\u00e9e de la mani\u00e8re la plus honn\u00eate que possible. S\u2019il advenait que vous projetez d\u2019apporter quelques notes concernant le domaine de \u00ab\u00a0Festival Jazz et musique en mode guinguette\u00a0\u00bb vous avez la possibilit\u00e9 de d&rsquo;\u00e9changer avec notre r\u00e9daction. Dans peu de temps, on mettra en ligne d&rsquo;autres informations pertinentes autour du sujet \u00ab\u00a0Festival Jazz et musique en mode guinguette\u00a0\u00bb. Ainsi, consultez r\u00e9guli\u00e8rement notre site.<\/p>\n","protected":false},"excerpt":{"rendered":"<p>Quand le jazz est Quand le jazz est l\u00e0 La java s&rsquo;en La java s&rsquo;en va Il y a de l&rsquo;orage dans l&rsquo;air Il y a de l&rsquo;eau dans le gaz Entre le jazz et la java Chaque jour un peu plus Y a le jazz qui s&rsquo;installe Alors la rage au c?ur La java&hellip;<\/p>\n","protected":false},"author":1,"featured_media":116,"comment_status":"closed","ping_status":"closed","sticky":false,"template":"","format":"standard","meta":{"footnotes":""},"categories":[3],"tags":[],"class_list":["post-115","post","type-post","status-publish","format-standard","has-post-thumbnail","hentry","category-wiki-sur-festival-jazz-et-musique-en-mode-guinguette"],"yoast_head":"<!-- This site is optimized with the Yoast SEO plugin v27.5 - https:\/\/yoast.com\/product\/yoast-seo-wordpress\/ -->\n<title>Letra de Le Jazz Et La Java - FESTIVOX<\/title>\n<meta name=\"robots\" content=\"index, follow, max-snippet:-1, max-image-preview:large, max-video-preview:-1\" \/>\n<link rel=\"canonical\" href=\"https:\/\/www.festivox.fr\/blog\/letra-de-le-jazz-et-la-java\/\" \/>\n<meta property=\"og:locale\" content=\"fr_FR\" \/>\n<meta property=\"og:type\" content=\"article\" \/>\n<meta property=\"og:title\" content=\"Letra de Le Jazz Et La Java - FESTIVOX\" \/>\n<meta property=\"og:description\" content=\"Quand le jazz est Quand le jazz est l\u00e0 La java s&rsquo;en La java s&rsquo;en va Il y a de l&rsquo;orage dans l&rsquo;air Il y a de l&rsquo;eau dans le gaz Entre le jazz et la java Chaque jour un peu plus Y a le jazz qui s&rsquo;installe Alors la rage au c?ur La java&hellip;\" \/>\n<meta property=\"og:url\" content=\"https:\/\/www.festivox.fr\/blog\/letra-de-le-jazz-et-la-java\/\" \/>\n<meta property=\"og:site_name\" content=\"FESTIVOX\" \/>\n<meta property=\"article:published_time\" content=\"2023-05-04T20:39:00+00:00\" \/>\n<meta property=\"og:image\" content=\"https:\/\/www.festivox.fr\/blog\/wp-content\/uploads\/2023\/06\/letra-de-le-jazz-et-la-java.jpg\" \/>\n<meta name=\"author\" content=\"Michele\" \/>\n<meta name=\"twitter:card\" content=\"summary_large_image\" \/>\n<meta name=\"twitter:label1\" content=\"\u00c9crit par\" \/>\n\t<meta name=\"twitter:data1\" content=\"Michele\" \/>\n\t<meta name=\"twitter:label2\" content=\"Dur\u00e9e de lecture estim\u00e9e\" \/>\n\t<meta name=\"twitter:data2\" content=\"2 minutes\" \/>\n<script type=\"application\/ld+json\" class=\"yoast-schema-graph\">{\"@context\":\"https:\\\/\\\/schema.org\",\"@graph\":[{\"@type\":\"Article\",\"@id\":\"https:\\\/\\\/www.festivox.fr\\\/blog\\\/letra-de-le-jazz-et-la-java\\\/#article\",\"isPartOf\":{\"@id\":\"https:\\\/\\\/www.festivox.fr\\\/blog\\\/letra-de-le-jazz-et-la-java\\\/\"},\"author\":{\"name\":\"Michele\",\"@id\":\"https:\\\/\\\/www.festivox.fr\\\/blog\\\/#\\\/schema\\\/person\\\/f36a8b6bc94800c3eafed4bca993ce95\"},\"headline\":\"Letra de Le Jazz Et La Java\",\"datePublished\":\"2023-05-04T20:39:00+00:00\",\"mainEntityOfPage\":{\"@id\":\"https:\\\/\\\/www.festivox.fr\\\/blog\\\/letra-de-le-jazz-et-la-java\\\/\"},\"wordCount\":480,\"publisher\":{\"@id\":\"https:\\\/\\\/www.festivox.fr\\\/blog\\\/#organization\"},\"image\":{\"@id\":\"https:\\\/\\\/www.festivox.fr\\\/blog\\\/letra-de-le-jazz-et-la-java\\\/#primaryimage\"},\"thumbnailUrl\":\"https:\\\/\\\/www.festivox.fr\\\/blog\\\/wp-content\\\/uploads\\\/2023\\\/06\\\/letra-de-le-jazz-et-la-java.jpg\",\"articleSection\":[\"Wiki Sur Festival Jazz Et Musique En Mode Guinguette:\"],\"inLanguage\":\"fr-FR\"},{\"@type\":\"WebPage\",\"@id\":\"https:\\\/\\\/www.festivox.fr\\\/blog\\\/letra-de-le-jazz-et-la-java\\\/\",\"url\":\"https:\\\/\\\/www.festivox.fr\\\/blog\\\/letra-de-le-jazz-et-la-java\\\/\",\"name\":\"Letra de Le Jazz Et La Java - FESTIVOX\",\"isPartOf\":{\"@id\":\"https:\\\/\\\/www.festivox.fr\\\/blog\\\/#website\"},\"primaryImageOfPage\":{\"@id\":\"https:\\\/\\\/www.festivox.fr\\\/blog\\\/letra-de-le-jazz-et-la-java\\\/#primaryimage\"},\"image\":{\"@id\":\"https:\\\/\\\/www.festivox.fr\\\/blog\\\/letra-de-le-jazz-et-la-java\\\/#primaryimage\"},\"thumbnailUrl\":\"https:\\\/\\\/www.festivox.fr\\\/blog\\\/wp-content\\\/uploads\\\/2023\\\/06\\\/letra-de-le-jazz-et-la-java.jpg\",\"datePublished\":\"2023-05-04T20:39:00+00:00\",\"breadcrumb\":{\"@id\":\"https:\\\/\\\/www.festivox.fr\\\/blog\\\/letra-de-le-jazz-et-la-java\\\/#breadcrumb\"},\"inLanguage\":\"fr-FR\",\"potentialAction\":[{\"@type\":\"ReadAction\",\"target\":[\"https:\\\/\\\/www.festivox.fr\\\/blog\\\/letra-de-le-jazz-et-la-java\\\/\"]}]},{\"@type\":\"ImageObject\",\"inLanguage\":\"fr-FR\",\"@id\":\"https:\\\/\\\/www.festivox.fr\\\/blog\\\/letra-de-le-jazz-et-la-java\\\/#primaryimage\",\"url\":\"https:\\\/\\\/www.festivox.fr\\\/blog\\\/wp-content\\\/uploads\\\/2023\\\/06\\\/letra-de-le-jazz-et-la-java.jpg\",\"contentUrl\":\"https:\\\/\\\/www.festivox.fr\\\/blog\\\/wp-content\\\/uploads\\\/2023\\\/06\\\/letra-de-le-jazz-et-la-java.jpg\",\"width\":200,\"height\":200},{\"@type\":\"BreadcrumbList\",\"@id\":\"https:\\\/\\\/www.festivox.fr\\\/blog\\\/letra-de-le-jazz-et-la-java\\\/#breadcrumb\",\"itemListElement\":[{\"@type\":\"ListItem\",\"position\":1,\"name\":\"Accueil\",\"item\":\"https:\\\/\\\/www.festivox.fr\\\/blog\\\/\"},{\"@type\":\"ListItem\",\"position\":2,\"name\":\"Letra de Le Jazz Et La Java\"}]},{\"@type\":\"WebSite\",\"@id\":\"https:\\\/\\\/www.festivox.fr\\\/blog\\\/#website\",\"url\":\"https:\\\/\\\/www.festivox.fr\\\/blog\\\/\",\"name\":\"FESTIVOX\",\"description\":\"Festival en mode guinguette.\",\"publisher\":{\"@id\":\"https:\\\/\\\/www.festivox.fr\\\/blog\\\/#organization\"},\"potentialAction\":[{\"@type\":\"SearchAction\",\"target\":{\"@type\":\"EntryPoint\",\"urlTemplate\":\"https:\\\/\\\/www.festivox.fr\\\/blog\\\/?s={search_term_string}\"},\"query-input\":{\"@type\":\"PropertyValueSpecification\",\"valueRequired\":true,\"valueName\":\"search_term_string\"}}],\"inLanguage\":\"fr-FR\"},{\"@type\":\"Organization\",\"@id\":\"https:\\\/\\\/www.festivox.fr\\\/blog\\\/#organization\",\"name\":\"festivox\",\"url\":\"https:\\\/\\\/www.festivox.fr\\\/blog\\\/\",\"logo\":{\"@type\":\"ImageObject\",\"inLanguage\":\"fr-FR\",\"@id\":\"https:\\\/\\\/www.festivox.fr\\\/blog\\\/#\\\/schema\\\/logo\\\/image\\\/\",\"url\":\"https:\\\/\\\/www.festivox.fr\\\/blog\\\/wp-content\\\/uploads\\\/2023\\\/06\\\/logo-2.png\",\"contentUrl\":\"https:\\\/\\\/www.festivox.fr\\\/blog\\\/wp-content\\\/uploads\\\/2023\\\/06\\\/logo-2.png\",\"width\":480,\"height\":160,\"caption\":\"festivox\"},\"image\":{\"@id\":\"https:\\\/\\\/www.festivox.fr\\\/blog\\\/#\\\/schema\\\/logo\\\/image\\\/\"}},{\"@type\":\"Person\",\"@id\":\"https:\\\/\\\/www.festivox.fr\\\/blog\\\/#\\\/schema\\\/person\\\/f36a8b6bc94800c3eafed4bca993ce95\",\"name\":\"Michele\",\"image\":{\"@type\":\"ImageObject\",\"inLanguage\":\"fr-FR\",\"@id\":\"https:\\\/\\\/secure.gravatar.com\\\/avatar\\\/b062046536b5d47ec9075956ec349ef95ed06b0f910c578f74abb318668b702e?s=96&d=mm&r=g\",\"url\":\"https:\\\/\\\/secure.gravatar.com\\\/avatar\\\/b062046536b5d47ec9075956ec349ef95ed06b0f910c578f74abb318668b702e?s=96&d=mm&r=g\",\"contentUrl\":\"https:\\\/\\\/secure.gravatar.com\\\/avatar\\\/b062046536b5d47ec9075956ec349ef95ed06b0f910c578f74abb318668b702e?s=96&d=mm&r=g\",\"caption\":\"Michele\"},\"sameAs\":[\"https:\\\/\\\/www.festivox.fr\\\/blog\"],\"url\":\"https:\\\/\\\/www.festivox.fr\\\/blog\\\/author\\\/voxadmin\\\/\"}]}<\/script>\n<!-- \/ Yoast SEO plugin. -->","yoast_head_json":{"title":"Letra de Le Jazz Et La Java - FESTIVOX","robots":{"index":"index","follow":"follow","max-snippet":"max-snippet:-1","max-image-preview":"max-image-preview:large","max-video-preview":"max-video-preview:-1"},"canonical":"https:\/\/www.festivox.fr\/blog\/letra-de-le-jazz-et-la-java\/","og_locale":"fr_FR","og_type":"article","og_title":"Letra de Le Jazz Et La Java - FESTIVOX","og_description":"Quand le jazz est Quand le jazz est l\u00e0 La java s&rsquo;en La java s&rsquo;en va Il y a de l&rsquo;orage dans l&rsquo;air Il y a de l&rsquo;eau dans le gaz Entre le jazz et la java Chaque jour un peu plus Y a le jazz qui s&rsquo;installe Alors la rage au c?ur La java&hellip;","og_url":"https:\/\/www.festivox.fr\/blog\/letra-de-le-jazz-et-la-java\/","og_site_name":"FESTIVOX","article_published_time":"2023-05-04T20:39:00+00:00","og_image":[{"url":"https:\/\/www.festivox.fr\/blog\/wp-content\/uploads\/2023\/06\/letra-de-le-jazz-et-la-java.jpg","type":"","width":"","height":""}],"author":"Michele","twitter_card":"summary_large_image","twitter_misc":{"\u00c9crit par":"Michele","Dur\u00e9e de lecture estim\u00e9e":"2 minutes"},"schema":{"@context":"https:\/\/schema.org","@graph":[{"@type":"Article","@id":"https:\/\/www.festivox.fr\/blog\/letra-de-le-jazz-et-la-java\/#article","isPartOf":{"@id":"https:\/\/www.festivox.fr\/blog\/letra-de-le-jazz-et-la-java\/"},"author":{"name":"Michele","@id":"https:\/\/www.festivox.fr\/blog\/#\/schema\/person\/f36a8b6bc94800c3eafed4bca993ce95"},"headline":"Letra de Le Jazz Et La Java","datePublished":"2023-05-04T20:39:00+00:00","mainEntityOfPage":{"@id":"https:\/\/www.festivox.fr\/blog\/letra-de-le-jazz-et-la-java\/"},"wordCount":480,"publisher":{"@id":"https:\/\/www.festivox.fr\/blog\/#organization"},"image":{"@id":"https:\/\/www.festivox.fr\/blog\/letra-de-le-jazz-et-la-java\/#primaryimage"},"thumbnailUrl":"https:\/\/www.festivox.fr\/blog\/wp-content\/uploads\/2023\/06\/letra-de-le-jazz-et-la-java.jpg","articleSection":["Wiki Sur Festival Jazz Et Musique En Mode Guinguette:"],"inLanguage":"fr-FR"},{"@type":"WebPage","@id":"https:\/\/www.festivox.fr\/blog\/letra-de-le-jazz-et-la-java\/","url":"https:\/\/www.festivox.fr\/blog\/letra-de-le-jazz-et-la-java\/","name":"Letra de Le Jazz Et La Java - FESTIVOX","isPartOf":{"@id":"https:\/\/www.festivox.fr\/blog\/#website"},"primaryImageOfPage":{"@id":"https:\/\/www.festivox.fr\/blog\/letra-de-le-jazz-et-la-java\/#primaryimage"},"image":{"@id":"https:\/\/www.festivox.fr\/blog\/letra-de-le-jazz-et-la-java\/#primaryimage"},"thumbnailUrl":"https:\/\/www.festivox.fr\/blog\/wp-content\/uploads\/2023\/06\/letra-de-le-jazz-et-la-java.jpg","datePublished":"2023-05-04T20:39:00+00:00","breadcrumb":{"@id":"https:\/\/www.festivox.fr\/blog\/letra-de-le-jazz-et-la-java\/#breadcrumb"},"inLanguage":"fr-FR","potentialAction":[{"@type":"ReadAction","target":["https:\/\/www.festivox.fr\/blog\/letra-de-le-jazz-et-la-java\/"]}]},{"@type":"ImageObject","inLanguage":"fr-FR","@id":"https:\/\/www.festivox.fr\/blog\/letra-de-le-jazz-et-la-java\/#primaryimage","url":"https:\/\/www.festivox.fr\/blog\/wp-content\/uploads\/2023\/06\/letra-de-le-jazz-et-la-java.jpg","contentUrl":"https:\/\/www.festivox.fr\/blog\/wp-content\/uploads\/2023\/06\/letra-de-le-jazz-et-la-java.jpg","width":200,"height":200},{"@type":"BreadcrumbList","@id":"https:\/\/www.festivox.fr\/blog\/letra-de-le-jazz-et-la-java\/#breadcrumb","itemListElement":[{"@type":"ListItem","position":1,"name":"Accueil","item":"https:\/\/www.festivox.fr\/blog\/"},{"@type":"ListItem","position":2,"name":"Letra de Le Jazz Et La Java"}]},{"@type":"WebSite","@id":"https:\/\/www.festivox.fr\/blog\/#website","url":"https:\/\/www.festivox.fr\/blog\/","name":"FESTIVOX","description":"Festival en mode guinguette.","publisher":{"@id":"https:\/\/www.festivox.fr\/blog\/#organization"},"potentialAction":[{"@type":"SearchAction","target":{"@type":"EntryPoint","urlTemplate":"https:\/\/www.festivox.fr\/blog\/?s={search_term_string}"},"query-input":{"@type":"PropertyValueSpecification","valueRequired":true,"valueName":"search_term_string"}}],"inLanguage":"fr-FR"},{"@type":"Organization","@id":"https:\/\/www.festivox.fr\/blog\/#organization","name":"festivox","url":"https:\/\/www.festivox.fr\/blog\/","logo":{"@type":"ImageObject","inLanguage":"fr-FR","@id":"https:\/\/www.festivox.fr\/blog\/#\/schema\/logo\/image\/","url":"https:\/\/www.festivox.fr\/blog\/wp-content\/uploads\/2023\/06\/logo-2.png","contentUrl":"https:\/\/www.festivox.fr\/blog\/wp-content\/uploads\/2023\/06\/logo-2.png","width":480,"height":160,"caption":"festivox"},"image":{"@id":"https:\/\/www.festivox.fr\/blog\/#\/schema\/logo\/image\/"}},{"@type":"Person","@id":"https:\/\/www.festivox.fr\/blog\/#\/schema\/person\/f36a8b6bc94800c3eafed4bca993ce95","name":"Michele","image":{"@type":"ImageObject","inLanguage":"fr-FR","@id":"https:\/\/secure.gravatar.com\/avatar\/b062046536b5d47ec9075956ec349ef95ed06b0f910c578f74abb318668b702e?s=96&d=mm&r=g","url":"https:\/\/secure.gravatar.com\/avatar\/b062046536b5d47ec9075956ec349ef95ed06b0f910c578f74abb318668b702e?s=96&d=mm&r=g","contentUrl":"https:\/\/secure.gravatar.com\/avatar\/b062046536b5d47ec9075956ec349ef95ed06b0f910c578f74abb318668b702e?s=96&d=mm&r=g","caption":"Michele"},"sameAs":["https:\/\/www.festivox.fr\/blog"],"url":"https:\/\/www.festivox.fr\/blog\/author\/voxadmin\/"}]}},"_links":{"self":[{"href":"https:\/\/www.festivox.fr\/blog\/wp-json\/wp\/v2\/posts\/115","targetHints":{"allow":["GET"]}}],"collection":[{"href":"https:\/\/www.festivox.fr\/blog\/wp-json\/wp\/v2\/posts"}],"about":[{"href":"https:\/\/www.festivox.fr\/blog\/wp-json\/wp\/v2\/types\/post"}],"author":[{"embeddable":true,"href":"https:\/\/www.festivox.fr\/blog\/wp-json\/wp\/v2\/users\/1"}],"replies":[{"embeddable":true,"href":"https:\/\/www.festivox.fr\/blog\/wp-json\/wp\/v2\/comments?post=115"}],"version-history":[{"count":0,"href":"https:\/\/www.festivox.fr\/blog\/wp-json\/wp\/v2\/posts\/115\/revisions"}],"wp:featuredmedia":[{"embeddable":true,"href":"https:\/\/www.festivox.fr\/blog\/wp-json\/wp\/v2\/media\/116"}],"wp:attachment":[{"href":"https:\/\/www.festivox.fr\/blog\/wp-json\/wp\/v2\/media?parent=115"}],"wp:term":[{"taxonomy":"category","embeddable":true,"href":"https:\/\/www.festivox.fr\/blog\/wp-json\/wp\/v2\/categories?post=115"},{"taxonomy":"post_tag","embeddable":true,"href":"https:\/\/www.festivox.fr\/blog\/wp-json\/wp\/v2\/tags?post=115"}],"curies":[{"name":"wp","href":"https:\/\/api.w.org\/{rel}","templated":true}]}}