{"id":1147,"date":"2025-04-02T22:34:00","date_gmt":"2025-04-02T20:34:00","guid":{"rendered":"https:\/\/www.festivox.fr\/blog\/capdenac-gare-une-ovation-pour-le-gamelan-jazz-orchestra\/"},"modified":"2025-04-02T22:34:00","modified_gmt":"2025-04-02T20:34:00","slug":"capdenac-gare-une-ovation-pour-le-gamelan-jazz-orchestra","status":"publish","type":"post","link":"https:\/\/www.festivox.fr\/blog\/capdenac-gare-une-ovation-pour-le-gamelan-jazz-orchestra\/","title":{"rendered":"Capdenac-Gare. Une ovation pour le Gamelan Jazz Orchestra"},"content":{"rendered":"\n<div><img decoding=\"async\" src=\"https:\/\/www.festivox.fr\/blog\/wp-content\/uploads\/2025\/04\/capdenac-gare-une-ovation-pour-le-gamelan-jazz-orchestra.jpg\" class=\"ff-og-image-inserted\"><\/div>\n<p><!-- Pub DFP Position [outstream] --> <\/p>\n<p>La salle Atmosph\u00e8re a paru bien petite pour accueillir le public venu pour le concert de restitution du projet \u00ab\u00a0Gamelan Jazz Lab #2\u00a0\u00bb port\u00e9 par Les Nuits &amp; les Jours de Querbes et initi\u00e9 par le collectif Koa de Montpellier.<\/p>\n<p>Sur sc\u00e8ne, un peu f\u00e9briles mais tr\u00e8s d\u00e9termin\u00e9s, les travailleurs de l\u2019ESAT Les Taillades et deux classes de 6e du coll\u00e8ge Voltaire, entour\u00e9s des musiciens du groupe Peema\u00ef, d\u2019Alex Grillo, sp\u00e9cialiste du gamelan et, dans leurs costumes traditionnels, arborant un immense sourire, les cinq musiciens venus sp\u00e9cialement de l\u2019\u00eele de Java. <\/p>\n<p><!-- Pub DFP Position [article] --> <\/p>\n<p>On a senti, \u00e0 l\u2019atmosph\u00e8re \u00e9lectrique qui pr\u00e9c\u00e9da les premi\u00e8res notes, que les coll\u00e9giens et les travailleurs en situation de handicap, r\u00e9unis sur sc\u00e8ne apr\u00e8s des mois d\u2019ateliers pr\u00e9paratoires, avaient envie de tout donner devant leur public. <\/p>\n<p>Celui-ci se montra particuli\u00e8rement sensible \u00e0 cet \u00e9lan, ainsi qu\u2019\u00e0 la g\u00e9n\u00e9rosit\u00e9 des neuf musiciens professionnels formant le \u00ab\u00a0Gaga Gundul\u00a0\u00bb, \u00e0 cette fusion bouillonnante des sonorit\u00e9s et des rythmes. Une grande satisfaction pour Jean-Paul Oddos, pr\u00e9sident de l\u2019association, et David Bedel, r\u00e9gisseur et cheville ouvri\u00e8re du projet : \u00ab\u00a0C\u2019est la r\u00e9compense de plusieurs mois de travail. Voir le sourire et l\u2019enthousiasme de tous les participants sur sc\u00e8ne donne tout son sens \u00e0 ce projet inclusif. Ce fut une formidable aventure humaine pour tous !\u00a0\u00bb. <\/p>\n<p>Apr\u00e8s \u00ab\u00a0Se d\u00e9couvrir musicien\u00a0\u00bb il y a trois ans, Les Nuits &amp; les Jours de Querbes signent, avec ce Gamelan Jazz Lab, un nouveau projet d\u2019envergure, musical, culturel, inclusif, \u00ab\u00a0tout simplement humain\u00a0\u00bb, comme l\u2019a soulign\u00e9 le pr\u00e9sident de l\u2019association. <\/p>\n<p> Cet article, qui traite du th\u00e8me \u00ab\u00a0Festival Jazz et musique en mode guinguette\u00a0\u00bb, vous est d\u00e9lib\u00e9r\u00e9ment offert par festivox.fr. La raison d\u2019\u00eatre de festivox.fr est de parler de Festival Jazz et musique en mode guinguette dans la transparence la plus g\u00e9n\u00e9rale en vous procurant la visibilit\u00e9 de tout ce qui est publi\u00e9 sur ce sujet sur le web La chronique a \u00e9t\u00e9 g\u00e9n\u00e9r\u00e9e de la mani\u00e8re la plus honn\u00eate que possible. S\u2019il advenait que vous projetez d\u2019apporter quelques notes concernant le domaine de \u00ab\u00a0Festival Jazz et musique en mode guinguette\u00a0\u00bb vous avez la possibilit\u00e9 de d&rsquo;\u00e9changer avec notre r\u00e9daction. Dans peu de temps, on mettra en ligne d&rsquo;autres informations pertinentes autour du sujet \u00ab\u00a0Festival Jazz et musique en mode guinguette\u00a0\u00bb. Ainsi, consultez r\u00e9guli\u00e8rement notre site.<\/p>\n","protected":false},"excerpt":{"rendered":"<p>La salle Atmosph\u00e8re a paru bien petite pour accueillir le public venu pour le concert de restitution du projet \u00ab\u00a0Gamelan Jazz Lab #2\u00a0\u00bb port\u00e9 par Les Nuits &amp; les Jours de Querbes et initi\u00e9 par le collectif Koa de Montpellier. Sur sc\u00e8ne, un peu f\u00e9briles mais tr\u00e8s d\u00e9termin\u00e9s, les travailleurs de l\u2019ESAT Les Taillades et&hellip;<\/p>\n","protected":false},"author":1,"featured_media":1148,"comment_status":"closed","ping_status":"closed","sticky":false,"template":"","format":"standard","meta":{"footnotes":""},"categories":[3],"tags":[],"class_list":["post-1147","post","type-post","status-publish","format-standard","has-post-thumbnail","hentry","category-wiki-sur-festival-jazz-et-musique-en-mode-guinguette"],"yoast_head":"<!-- This site is optimized with the Yoast SEO plugin v27.5 - https:\/\/yoast.com\/product\/yoast-seo-wordpress\/ -->\n<title>Capdenac-Gare. Une ovation pour le Gamelan Jazz Orchestra - FESTIVOX<\/title>\n<meta name=\"robots\" content=\"index, follow, max-snippet:-1, max-image-preview:large, max-video-preview:-1\" \/>\n<link rel=\"canonical\" href=\"https:\/\/www.festivox.fr\/blog\/capdenac-gare-une-ovation-pour-le-gamelan-jazz-orchestra\/\" \/>\n<meta property=\"og:locale\" content=\"fr_FR\" \/>\n<meta property=\"og:type\" content=\"article\" \/>\n<meta property=\"og:title\" content=\"Capdenac-Gare. Une ovation pour le Gamelan Jazz Orchestra - FESTIVOX\" \/>\n<meta property=\"og:description\" content=\"La salle Atmosph\u00e8re a paru bien petite pour accueillir le public venu pour le concert de restitution du projet \u00ab\u00a0Gamelan Jazz Lab #2\u00a0\u00bb port\u00e9 par Les Nuits &amp; les Jours de Querbes et initi\u00e9 par le collectif Koa de Montpellier. Sur sc\u00e8ne, un peu f\u00e9briles mais tr\u00e8s d\u00e9termin\u00e9s, les travailleurs de l\u2019ESAT Les Taillades et&hellip;\" \/>\n<meta property=\"og:url\" content=\"https:\/\/www.festivox.fr\/blog\/capdenac-gare-une-ovation-pour-le-gamelan-jazz-orchestra\/\" \/>\n<meta property=\"og:site_name\" content=\"FESTIVOX\" \/>\n<meta property=\"article:published_time\" content=\"2025-04-02T20:34:00+00:00\" \/>\n<meta property=\"og:image\" content=\"https:\/\/www.festivox.fr\/blog\/wp-content\/uploads\/2025\/04\/capdenac-gare-une-ovation-pour-le-gamelan-jazz-orchestra.jpg\" \/>\n<meta name=\"author\" content=\"Michele\" \/>\n<meta name=\"twitter:card\" content=\"summary_large_image\" \/>\n<meta name=\"twitter:label1\" content=\"\u00c9crit par\" \/>\n\t<meta name=\"twitter:data1\" content=\"Michele\" \/>\n\t<meta name=\"twitter:label2\" content=\"Dur\u00e9e de lecture estim\u00e9e\" \/>\n\t<meta name=\"twitter:data2\" content=\"2 minutes\" \/>\n<script type=\"application\/ld+json\" class=\"yoast-schema-graph\">{\"@context\":\"https:\\\/\\\/schema.org\",\"@graph\":[{\"@type\":\"Article\",\"@id\":\"https:\\\/\\\/www.festivox.fr\\\/blog\\\/capdenac-gare-une-ovation-pour-le-gamelan-jazz-orchestra\\\/#article\",\"isPartOf\":{\"@id\":\"https:\\\/\\\/www.festivox.fr\\\/blog\\\/capdenac-gare-une-ovation-pour-le-gamelan-jazz-orchestra\\\/\"},\"author\":{\"name\":\"Michele\",\"@id\":\"https:\\\/\\\/www.festivox.fr\\\/blog\\\/#\\\/schema\\\/person\\\/f36a8b6bc94800c3eafed4bca993ce95\"},\"headline\":\"Capdenac-Gare. Une ovation pour le Gamelan Jazz Orchestra\",\"datePublished\":\"2025-04-02T20:34:00+00:00\",\"mainEntityOfPage\":{\"@id\":\"https:\\\/\\\/www.festivox.fr\\\/blog\\\/capdenac-gare-une-ovation-pour-le-gamelan-jazz-orchestra\\\/\"},\"wordCount\":439,\"publisher\":{\"@id\":\"https:\\\/\\\/www.festivox.fr\\\/blog\\\/#organization\"},\"image\":{\"@id\":\"https:\\\/\\\/www.festivox.fr\\\/blog\\\/capdenac-gare-une-ovation-pour-le-gamelan-jazz-orchestra\\\/#primaryimage\"},\"thumbnailUrl\":\"https:\\\/\\\/www.festivox.fr\\\/blog\\\/wp-content\\\/uploads\\\/2025\\\/04\\\/capdenac-gare-une-ovation-pour-le-gamelan-jazz-orchestra.jpg\",\"articleSection\":[\"Wiki Sur Festival Jazz Et Musique En Mode Guinguette:\"],\"inLanguage\":\"fr-FR\"},{\"@type\":\"WebPage\",\"@id\":\"https:\\\/\\\/www.festivox.fr\\\/blog\\\/capdenac-gare-une-ovation-pour-le-gamelan-jazz-orchestra\\\/\",\"url\":\"https:\\\/\\\/www.festivox.fr\\\/blog\\\/capdenac-gare-une-ovation-pour-le-gamelan-jazz-orchestra\\\/\",\"name\":\"Capdenac-Gare. Une ovation pour le Gamelan Jazz Orchestra - FESTIVOX\",\"isPartOf\":{\"@id\":\"https:\\\/\\\/www.festivox.fr\\\/blog\\\/#website\"},\"primaryImageOfPage\":{\"@id\":\"https:\\\/\\\/www.festivox.fr\\\/blog\\\/capdenac-gare-une-ovation-pour-le-gamelan-jazz-orchestra\\\/#primaryimage\"},\"image\":{\"@id\":\"https:\\\/\\\/www.festivox.fr\\\/blog\\\/capdenac-gare-une-ovation-pour-le-gamelan-jazz-orchestra\\\/#primaryimage\"},\"thumbnailUrl\":\"https:\\\/\\\/www.festivox.fr\\\/blog\\\/wp-content\\\/uploads\\\/2025\\\/04\\\/capdenac-gare-une-ovation-pour-le-gamelan-jazz-orchestra.jpg\",\"datePublished\":\"2025-04-02T20:34:00+00:00\",\"breadcrumb\":{\"@id\":\"https:\\\/\\\/www.festivox.fr\\\/blog\\\/capdenac-gare-une-ovation-pour-le-gamelan-jazz-orchestra\\\/#breadcrumb\"},\"inLanguage\":\"fr-FR\",\"potentialAction\":[{\"@type\":\"ReadAction\",\"target\":[\"https:\\\/\\\/www.festivox.fr\\\/blog\\\/capdenac-gare-une-ovation-pour-le-gamelan-jazz-orchestra\\\/\"]}]},{\"@type\":\"ImageObject\",\"inLanguage\":\"fr-FR\",\"@id\":\"https:\\\/\\\/www.festivox.fr\\\/blog\\\/capdenac-gare-une-ovation-pour-le-gamelan-jazz-orchestra\\\/#primaryimage\",\"url\":\"https:\\\/\\\/www.festivox.fr\\\/blog\\\/wp-content\\\/uploads\\\/2025\\\/04\\\/capdenac-gare-une-ovation-pour-le-gamelan-jazz-orchestra.jpg\",\"contentUrl\":\"https:\\\/\\\/www.festivox.fr\\\/blog\\\/wp-content\\\/uploads\\\/2025\\\/04\\\/capdenac-gare-une-ovation-pour-le-gamelan-jazz-orchestra.jpg\",\"width\":885,\"height\":500},{\"@type\":\"BreadcrumbList\",\"@id\":\"https:\\\/\\\/www.festivox.fr\\\/blog\\\/capdenac-gare-une-ovation-pour-le-gamelan-jazz-orchestra\\\/#breadcrumb\",\"itemListElement\":[{\"@type\":\"ListItem\",\"position\":1,\"name\":\"Accueil\",\"item\":\"https:\\\/\\\/www.festivox.fr\\\/blog\\\/\"},{\"@type\":\"ListItem\",\"position\":2,\"name\":\"Capdenac-Gare. Une ovation pour le Gamelan Jazz Orchestra\"}]},{\"@type\":\"WebSite\",\"@id\":\"https:\\\/\\\/www.festivox.fr\\\/blog\\\/#website\",\"url\":\"https:\\\/\\\/www.festivox.fr\\\/blog\\\/\",\"name\":\"FESTIVOX\",\"description\":\"Festival en mode guinguette.\",\"publisher\":{\"@id\":\"https:\\\/\\\/www.festivox.fr\\\/blog\\\/#organization\"},\"potentialAction\":[{\"@type\":\"SearchAction\",\"target\":{\"@type\":\"EntryPoint\",\"urlTemplate\":\"https:\\\/\\\/www.festivox.fr\\\/blog\\\/?s={search_term_string}\"},\"query-input\":{\"@type\":\"PropertyValueSpecification\",\"valueRequired\":true,\"valueName\":\"search_term_string\"}}],\"inLanguage\":\"fr-FR\"},{\"@type\":\"Organization\",\"@id\":\"https:\\\/\\\/www.festivox.fr\\\/blog\\\/#organization\",\"name\":\"festivox\",\"url\":\"https:\\\/\\\/www.festivox.fr\\\/blog\\\/\",\"logo\":{\"@type\":\"ImageObject\",\"inLanguage\":\"fr-FR\",\"@id\":\"https:\\\/\\\/www.festivox.fr\\\/blog\\\/#\\\/schema\\\/logo\\\/image\\\/\",\"url\":\"https:\\\/\\\/www.festivox.fr\\\/blog\\\/wp-content\\\/uploads\\\/2023\\\/06\\\/logo-2.png\",\"contentUrl\":\"https:\\\/\\\/www.festivox.fr\\\/blog\\\/wp-content\\\/uploads\\\/2023\\\/06\\\/logo-2.png\",\"width\":480,\"height\":160,\"caption\":\"festivox\"},\"image\":{\"@id\":\"https:\\\/\\\/www.festivox.fr\\\/blog\\\/#\\\/schema\\\/logo\\\/image\\\/\"}},{\"@type\":\"Person\",\"@id\":\"https:\\\/\\\/www.festivox.fr\\\/blog\\\/#\\\/schema\\\/person\\\/f36a8b6bc94800c3eafed4bca993ce95\",\"name\":\"Michele\",\"image\":{\"@type\":\"ImageObject\",\"inLanguage\":\"fr-FR\",\"@id\":\"https:\\\/\\\/secure.gravatar.com\\\/avatar\\\/b062046536b5d47ec9075956ec349ef95ed06b0f910c578f74abb318668b702e?s=96&d=mm&r=g\",\"url\":\"https:\\\/\\\/secure.gravatar.com\\\/avatar\\\/b062046536b5d47ec9075956ec349ef95ed06b0f910c578f74abb318668b702e?s=96&d=mm&r=g\",\"contentUrl\":\"https:\\\/\\\/secure.gravatar.com\\\/avatar\\\/b062046536b5d47ec9075956ec349ef95ed06b0f910c578f74abb318668b702e?s=96&d=mm&r=g\",\"caption\":\"Michele\"},\"sameAs\":[\"https:\\\/\\\/www.festivox.fr\\\/blog\"],\"url\":\"https:\\\/\\\/www.festivox.fr\\\/blog\\\/author\\\/voxadmin\\\/\"}]}<\/script>\n<!-- \/ Yoast SEO plugin. -->","yoast_head_json":{"title":"Capdenac-Gare. Une ovation pour le Gamelan Jazz Orchestra - FESTIVOX","robots":{"index":"index","follow":"follow","max-snippet":"max-snippet:-1","max-image-preview":"max-image-preview:large","max-video-preview":"max-video-preview:-1"},"canonical":"https:\/\/www.festivox.fr\/blog\/capdenac-gare-une-ovation-pour-le-gamelan-jazz-orchestra\/","og_locale":"fr_FR","og_type":"article","og_title":"Capdenac-Gare. Une ovation pour le Gamelan Jazz Orchestra - FESTIVOX","og_description":"La salle Atmosph\u00e8re a paru bien petite pour accueillir le public venu pour le concert de restitution du projet \u00ab\u00a0Gamelan Jazz Lab #2\u00a0\u00bb port\u00e9 par Les Nuits &amp; les Jours de Querbes et initi\u00e9 par le collectif Koa de Montpellier. Sur sc\u00e8ne, un peu f\u00e9briles mais tr\u00e8s d\u00e9termin\u00e9s, les travailleurs de l\u2019ESAT Les Taillades et&hellip;","og_url":"https:\/\/www.festivox.fr\/blog\/capdenac-gare-une-ovation-pour-le-gamelan-jazz-orchestra\/","og_site_name":"FESTIVOX","article_published_time":"2025-04-02T20:34:00+00:00","og_image":[{"url":"https:\/\/www.festivox.fr\/blog\/wp-content\/uploads\/2025\/04\/capdenac-gare-une-ovation-pour-le-gamelan-jazz-orchestra.jpg","type":"","width":"","height":""}],"author":"Michele","twitter_card":"summary_large_image","twitter_misc":{"\u00c9crit par":"Michele","Dur\u00e9e de lecture estim\u00e9e":"2 minutes"},"schema":{"@context":"https:\/\/schema.org","@graph":[{"@type":"Article","@id":"https:\/\/www.festivox.fr\/blog\/capdenac-gare-une-ovation-pour-le-gamelan-jazz-orchestra\/#article","isPartOf":{"@id":"https:\/\/www.festivox.fr\/blog\/capdenac-gare-une-ovation-pour-le-gamelan-jazz-orchestra\/"},"author":{"name":"Michele","@id":"https:\/\/www.festivox.fr\/blog\/#\/schema\/person\/f36a8b6bc94800c3eafed4bca993ce95"},"headline":"Capdenac-Gare. Une ovation pour le Gamelan Jazz Orchestra","datePublished":"2025-04-02T20:34:00+00:00","mainEntityOfPage":{"@id":"https:\/\/www.festivox.fr\/blog\/capdenac-gare-une-ovation-pour-le-gamelan-jazz-orchestra\/"},"wordCount":439,"publisher":{"@id":"https:\/\/www.festivox.fr\/blog\/#organization"},"image":{"@id":"https:\/\/www.festivox.fr\/blog\/capdenac-gare-une-ovation-pour-le-gamelan-jazz-orchestra\/#primaryimage"},"thumbnailUrl":"https:\/\/www.festivox.fr\/blog\/wp-content\/uploads\/2025\/04\/capdenac-gare-une-ovation-pour-le-gamelan-jazz-orchestra.jpg","articleSection":["Wiki Sur Festival Jazz Et Musique En Mode Guinguette:"],"inLanguage":"fr-FR"},{"@type":"WebPage","@id":"https:\/\/www.festivox.fr\/blog\/capdenac-gare-une-ovation-pour-le-gamelan-jazz-orchestra\/","url":"https:\/\/www.festivox.fr\/blog\/capdenac-gare-une-ovation-pour-le-gamelan-jazz-orchestra\/","name":"Capdenac-Gare. Une ovation pour le Gamelan Jazz Orchestra - FESTIVOX","isPartOf":{"@id":"https:\/\/www.festivox.fr\/blog\/#website"},"primaryImageOfPage":{"@id":"https:\/\/www.festivox.fr\/blog\/capdenac-gare-une-ovation-pour-le-gamelan-jazz-orchestra\/#primaryimage"},"image":{"@id":"https:\/\/www.festivox.fr\/blog\/capdenac-gare-une-ovation-pour-le-gamelan-jazz-orchestra\/#primaryimage"},"thumbnailUrl":"https:\/\/www.festivox.fr\/blog\/wp-content\/uploads\/2025\/04\/capdenac-gare-une-ovation-pour-le-gamelan-jazz-orchestra.jpg","datePublished":"2025-04-02T20:34:00+00:00","breadcrumb":{"@id":"https:\/\/www.festivox.fr\/blog\/capdenac-gare-une-ovation-pour-le-gamelan-jazz-orchestra\/#breadcrumb"},"inLanguage":"fr-FR","potentialAction":[{"@type":"ReadAction","target":["https:\/\/www.festivox.fr\/blog\/capdenac-gare-une-ovation-pour-le-gamelan-jazz-orchestra\/"]}]},{"@type":"ImageObject","inLanguage":"fr-FR","@id":"https:\/\/www.festivox.fr\/blog\/capdenac-gare-une-ovation-pour-le-gamelan-jazz-orchestra\/#primaryimage","url":"https:\/\/www.festivox.fr\/blog\/wp-content\/uploads\/2025\/04\/capdenac-gare-une-ovation-pour-le-gamelan-jazz-orchestra.jpg","contentUrl":"https:\/\/www.festivox.fr\/blog\/wp-content\/uploads\/2025\/04\/capdenac-gare-une-ovation-pour-le-gamelan-jazz-orchestra.jpg","width":885,"height":500},{"@type":"BreadcrumbList","@id":"https:\/\/www.festivox.fr\/blog\/capdenac-gare-une-ovation-pour-le-gamelan-jazz-orchestra\/#breadcrumb","itemListElement":[{"@type":"ListItem","position":1,"name":"Accueil","item":"https:\/\/www.festivox.fr\/blog\/"},{"@type":"ListItem","position":2,"name":"Capdenac-Gare. Une ovation pour le Gamelan Jazz Orchestra"}]},{"@type":"WebSite","@id":"https:\/\/www.festivox.fr\/blog\/#website","url":"https:\/\/www.festivox.fr\/blog\/","name":"FESTIVOX","description":"Festival en mode guinguette.","publisher":{"@id":"https:\/\/www.festivox.fr\/blog\/#organization"},"potentialAction":[{"@type":"SearchAction","target":{"@type":"EntryPoint","urlTemplate":"https:\/\/www.festivox.fr\/blog\/?s={search_term_string}"},"query-input":{"@type":"PropertyValueSpecification","valueRequired":true,"valueName":"search_term_string"}}],"inLanguage":"fr-FR"},{"@type":"Organization","@id":"https:\/\/www.festivox.fr\/blog\/#organization","name":"festivox","url":"https:\/\/www.festivox.fr\/blog\/","logo":{"@type":"ImageObject","inLanguage":"fr-FR","@id":"https:\/\/www.festivox.fr\/blog\/#\/schema\/logo\/image\/","url":"https:\/\/www.festivox.fr\/blog\/wp-content\/uploads\/2023\/06\/logo-2.png","contentUrl":"https:\/\/www.festivox.fr\/blog\/wp-content\/uploads\/2023\/06\/logo-2.png","width":480,"height":160,"caption":"festivox"},"image":{"@id":"https:\/\/www.festivox.fr\/blog\/#\/schema\/logo\/image\/"}},{"@type":"Person","@id":"https:\/\/www.festivox.fr\/blog\/#\/schema\/person\/f36a8b6bc94800c3eafed4bca993ce95","name":"Michele","image":{"@type":"ImageObject","inLanguage":"fr-FR","@id":"https:\/\/secure.gravatar.com\/avatar\/b062046536b5d47ec9075956ec349ef95ed06b0f910c578f74abb318668b702e?s=96&d=mm&r=g","url":"https:\/\/secure.gravatar.com\/avatar\/b062046536b5d47ec9075956ec349ef95ed06b0f910c578f74abb318668b702e?s=96&d=mm&r=g","contentUrl":"https:\/\/secure.gravatar.com\/avatar\/b062046536b5d47ec9075956ec349ef95ed06b0f910c578f74abb318668b702e?s=96&d=mm&r=g","caption":"Michele"},"sameAs":["https:\/\/www.festivox.fr\/blog"],"url":"https:\/\/www.festivox.fr\/blog\/author\/voxadmin\/"}]}},"_links":{"self":[{"href":"https:\/\/www.festivox.fr\/blog\/wp-json\/wp\/v2\/posts\/1147","targetHints":{"allow":["GET"]}}],"collection":[{"href":"https:\/\/www.festivox.fr\/blog\/wp-json\/wp\/v2\/posts"}],"about":[{"href":"https:\/\/www.festivox.fr\/blog\/wp-json\/wp\/v2\/types\/post"}],"author":[{"embeddable":true,"href":"https:\/\/www.festivox.fr\/blog\/wp-json\/wp\/v2\/users\/1"}],"replies":[{"embeddable":true,"href":"https:\/\/www.festivox.fr\/blog\/wp-json\/wp\/v2\/comments?post=1147"}],"version-history":[{"count":0,"href":"https:\/\/www.festivox.fr\/blog\/wp-json\/wp\/v2\/posts\/1147\/revisions"}],"wp:featuredmedia":[{"embeddable":true,"href":"https:\/\/www.festivox.fr\/blog\/wp-json\/wp\/v2\/media\/1148"}],"wp:attachment":[{"href":"https:\/\/www.festivox.fr\/blog\/wp-json\/wp\/v2\/media?parent=1147"}],"wp:term":[{"taxonomy":"category","embeddable":true,"href":"https:\/\/www.festivox.fr\/blog\/wp-json\/wp\/v2\/categories?post=1147"},{"taxonomy":"post_tag","embeddable":true,"href":"https:\/\/www.festivox.fr\/blog\/wp-json\/wp\/v2\/tags?post=1147"}],"curies":[{"name":"wp","href":"https:\/\/api.w.org\/{rel}","templated":true}]}}