{"id":113,"date":"2023-05-07T15:18:00","date_gmt":"2023-05-07T13:18:00","guid":{"rendered":"https:\/\/www.festivox.fr\/blog\/acorde-de-le-jazz-et-la-java-claude-nougaro\/"},"modified":"2023-05-07T15:18:00","modified_gmt":"2023-05-07T13:18:00","slug":"acorde-de-le-jazz-et-la-java-claude-nougaro","status":"publish","type":"post","link":"https:\/\/www.festivox.fr\/blog\/acorde-de-le-jazz-et-la-java-claude-nougaro\/","title":{"rendered":"Acorde de Le Jazz Et La Java &#8211; Claude Nougaro"},"content":{"rendered":"\n<div><img decoding=\"async\" src=\"https:\/\/www.festivox.fr\/blog\/wp-content\/uploads\/2023\/06\/acorde-de-le-jazz-et-la-java-claude-nougaro.jpg\" class=\"ff-og-image-inserted\"><\/div>\n<p>Cmaj7 G6 F#6 Fmaj7 Cmaj7<\/p>\n<p>Quand le jazz est quand le jazz est l?<\/p>\n<p>Cmaj7 G6 F#6 Fmaj7 Bm7#5<\/p>\n<p>la java s&rsquo;en la java s&rsquo;en va<\/p>\n<p>Am7#5 G6<\/p>\n<p>il y a de l&rsquo;orage dans l&rsquo;air<\/p>\n<p>F#6 Cmaj7<\/p>\n<p>il y a de l&rsquo;eau dans le gaz<\/p>\n<p>G6 F#6 G7 C<\/p>\n<p>entre le jazz et la ja va<\/p>\n<p>Cm7 G7sus4 Cm7<\/p>\n<p>Chaque jour un peu plus il y a le jazz qui <\/p>\n<p>A#<\/p>\n<p>s&rsquo;installe<\/p>\n<p>Cm7 G7sus4 Cm7 G#<\/p>\n<p>alors la rage au coeur la java s&rsquo;fait la malle<\/p>\n<p>A#(barr? 6cme) D#(barr? 6cme) A# D#<\/p>\n<p>ses p&rsquo;tit&rsquo; fesses en bataille sous sa jupe fendue<\/p>\n<p>G7sus4 Cm7 G7sus4 Cm7<\/p>\n<p>elle ?crase sa gauloise et s&rsquo;en va dans la rue<\/p>\n<p>Quand le jazz est<\/p>\n<p>quand le jazz est l?<\/p>\n<p>la java s&rsquo;en<\/p>\n<p>la java s&rsquo;en va<\/p>\n<p>il y a de l&rsquo;orage dans l&rsquo;air<\/p>\n<p>il y a de l&rsquo;eau dans le gaz<\/p>\n<p>entre le jazz et la java<\/p>\n<p>Quand j&rsquo;?coute b?at un solo de batt&rsquo;rie<\/p>\n<p>v&rsquo;la la java qui r?le au nom de la patrie<\/p>\n<p>mais quand je cri bravo ? l&rsquo;accordeoniste<\/p>\n<p>c&rsquo;est le jazz qui m&rsquo;engueule en me traitant de raciste<\/p>\n<p><span>https:\/\/www.coveralia.com\/acordes\/le-jazz-et-la-java-claude-nougaro.php<\/span><\/p>\n<p>Quand le jazz est<\/p>\n<p>quand le jazz est l?<\/p>\n<p>la java s&rsquo;en<\/p>\n<p>la java s&rsquo;en va<\/p>\n<p>il y a de l&rsquo;orage dans l&rsquo;air<\/p>\n<p>il y a de l&rsquo;eau dans le gaz<\/p>\n<p>entre le jazz et la java<\/p>\n<p>pour moi jazz et java c&rsquo;est du pareil au m?me<\/p>\n<p>j&rsquo;m sao?le ? la Bastille et m&rsquo;noircis a Harlem<\/p>\n<p>pour moi jazz et java dans le fond c&rsquo;est tout comme<\/p>\n<p>quand le jazz dit \u00ab\u00a0go men\u00a0\u00bb la java dit \u00ab\u00a0go home\u00a0\u00bb<\/p>\n<p>Quand le jazz est<\/p>\n<p>quand le jazz est l?<\/p>\n<p>la java s&rsquo;en<\/p>\n<p>la java s&rsquo;en va<\/p>\n<p>il y a de l&rsquo;orage dans l&rsquo;air<\/p>\n<p>il y a de l&rsquo;eau dans le gaz<\/p>\n<p>entre le jazz et la java<\/p>\n<p>Jazz er java , copains ?a doit pouvoir se faire<\/p>\n<p>pour qu&rsquo;il en soit ainsi je partage en fr?re<\/p>\n<p>je donne au jazz mes pieds pour marquer le tempo<\/p>\n<p>et je donne ? la java<\/p>\n<p>mes mains pour le bas de son dos<\/p>\n<p>et je donne ? la java<\/p>\n<p>mes mains pour le bas de son dos<\/p>\n<p> Cet article, qui traite du th\u00e8me \u00ab\u00a0Festival Jazz et musique en mode guinguette\u00a0\u00bb, vous est d\u00e9lib\u00e9r\u00e9ment offert par festivox.fr. La raison d\u2019\u00eatre de festivox.fr est de parler de Festival Jazz et musique en mode guinguette dans la transparence la plus g\u00e9n\u00e9rale en vous procurant la visibilit\u00e9 de tout ce qui est publi\u00e9 sur ce sujet sur le web La chronique a \u00e9t\u00e9 g\u00e9n\u00e9r\u00e9e de la mani\u00e8re la plus honn\u00eate que possible. S\u2019il advenait que vous projetez d\u2019apporter quelques notes concernant le domaine de \u00ab\u00a0Festival Jazz et musique en mode guinguette\u00a0\u00bb vous avez la possibilit\u00e9 de d&rsquo;\u00e9changer avec notre r\u00e9daction. Dans peu de temps, on mettra en ligne d&rsquo;autres informations pertinentes autour du sujet \u00ab\u00a0Festival Jazz et musique en mode guinguette\u00a0\u00bb. Ainsi, consultez r\u00e9guli\u00e8rement notre site.<\/p>\n","protected":false},"excerpt":{"rendered":"<p>Cmaj7 G6 F#6 Fmaj7 Cmaj7 Quand le jazz est quand le jazz est l? Cmaj7 G6 F#6 Fmaj7 Bm7#5 la java s&rsquo;en la java s&rsquo;en va Am7#5 G6 il y a de l&rsquo;orage dans l&rsquo;air F#6 Cmaj7 il y a de l&rsquo;eau dans le gaz G6 F#6 G7 C entre le jazz et la ja&hellip;<\/p>\n","protected":false},"author":1,"featured_media":114,"comment_status":"closed","ping_status":"closed","sticky":false,"template":"","format":"standard","meta":{"footnotes":""},"categories":[3],"tags":[],"class_list":["post-113","post","type-post","status-publish","format-standard","has-post-thumbnail","hentry","category-wiki-sur-festival-jazz-et-musique-en-mode-guinguette"],"yoast_head":"<!-- This site is optimized with the Yoast SEO plugin v27.5 - https:\/\/yoast.com\/product\/yoast-seo-wordpress\/ -->\n<title>Acorde de Le Jazz Et La Java - Claude Nougaro - FESTIVOX<\/title>\n<meta name=\"robots\" content=\"index, follow, max-snippet:-1, max-image-preview:large, max-video-preview:-1\" \/>\n<link rel=\"canonical\" href=\"https:\/\/www.festivox.fr\/blog\/acorde-de-le-jazz-et-la-java-claude-nougaro\/\" \/>\n<meta property=\"og:locale\" content=\"fr_FR\" \/>\n<meta property=\"og:type\" content=\"article\" \/>\n<meta property=\"og:title\" content=\"Acorde de Le Jazz Et La Java - Claude Nougaro - FESTIVOX\" \/>\n<meta property=\"og:description\" content=\"Cmaj7 G6 F#6 Fmaj7 Cmaj7 Quand le jazz est quand le jazz est l? Cmaj7 G6 F#6 Fmaj7 Bm7#5 la java s&rsquo;en la java s&rsquo;en va Am7#5 G6 il y a de l&rsquo;orage dans l&rsquo;air F#6 Cmaj7 il y a de l&rsquo;eau dans le gaz G6 F#6 G7 C entre le jazz et la ja&hellip;\" \/>\n<meta property=\"og:url\" content=\"https:\/\/www.festivox.fr\/blog\/acorde-de-le-jazz-et-la-java-claude-nougaro\/\" \/>\n<meta property=\"og:site_name\" content=\"FESTIVOX\" \/>\n<meta property=\"article:published_time\" content=\"2023-05-07T13:18:00+00:00\" \/>\n<meta property=\"og:image\" content=\"https:\/\/www.festivox.fr\/blog\/wp-content\/uploads\/2023\/06\/acorde-de-le-jazz-et-la-java-claude-nougaro.jpg\" \/>\n<meta name=\"author\" content=\"Michele\" \/>\n<meta name=\"twitter:card\" content=\"summary_large_image\" \/>\n<meta name=\"twitter:label1\" content=\"\u00c9crit par\" \/>\n\t<meta name=\"twitter:data1\" content=\"Michele\" \/>\n\t<meta name=\"twitter:label2\" content=\"Dur\u00e9e de lecture estim\u00e9e\" \/>\n\t<meta name=\"twitter:data2\" content=\"2 minutes\" \/>\n<script type=\"application\/ld+json\" class=\"yoast-schema-graph\">{\"@context\":\"https:\\\/\\\/schema.org\",\"@graph\":[{\"@type\":\"Article\",\"@id\":\"https:\\\/\\\/www.festivox.fr\\\/blog\\\/acorde-de-le-jazz-et-la-java-claude-nougaro\\\/#article\",\"isPartOf\":{\"@id\":\"https:\\\/\\\/www.festivox.fr\\\/blog\\\/acorde-de-le-jazz-et-la-java-claude-nougaro\\\/\"},\"author\":{\"name\":\"Michele\",\"@id\":\"https:\\\/\\\/www.festivox.fr\\\/blog\\\/#\\\/schema\\\/person\\\/f36a8b6bc94800c3eafed4bca993ce95\"},\"headline\":\"Acorde de Le Jazz Et La Java &#8211; Claude Nougaro\",\"datePublished\":\"2023-05-07T13:18:00+00:00\",\"mainEntityOfPage\":{\"@id\":\"https:\\\/\\\/www.festivox.fr\\\/blog\\\/acorde-de-le-jazz-et-la-java-claude-nougaro\\\/\"},\"wordCount\":527,\"publisher\":{\"@id\":\"https:\\\/\\\/www.festivox.fr\\\/blog\\\/#organization\"},\"image\":{\"@id\":\"https:\\\/\\\/www.festivox.fr\\\/blog\\\/acorde-de-le-jazz-et-la-java-claude-nougaro\\\/#primaryimage\"},\"thumbnailUrl\":\"https:\\\/\\\/www.festivox.fr\\\/blog\\\/wp-content\\\/uploads\\\/2023\\\/06\\\/acorde-de-le-jazz-et-la-java-claude-nougaro.jpg\",\"articleSection\":[\"Wiki Sur Festival Jazz Et Musique En Mode Guinguette:\"],\"inLanguage\":\"fr-FR\"},{\"@type\":\"WebPage\",\"@id\":\"https:\\\/\\\/www.festivox.fr\\\/blog\\\/acorde-de-le-jazz-et-la-java-claude-nougaro\\\/\",\"url\":\"https:\\\/\\\/www.festivox.fr\\\/blog\\\/acorde-de-le-jazz-et-la-java-claude-nougaro\\\/\",\"name\":\"Acorde de Le Jazz Et La Java - Claude Nougaro - FESTIVOX\",\"isPartOf\":{\"@id\":\"https:\\\/\\\/www.festivox.fr\\\/blog\\\/#website\"},\"primaryImageOfPage\":{\"@id\":\"https:\\\/\\\/www.festivox.fr\\\/blog\\\/acorde-de-le-jazz-et-la-java-claude-nougaro\\\/#primaryimage\"},\"image\":{\"@id\":\"https:\\\/\\\/www.festivox.fr\\\/blog\\\/acorde-de-le-jazz-et-la-java-claude-nougaro\\\/#primaryimage\"},\"thumbnailUrl\":\"https:\\\/\\\/www.festivox.fr\\\/blog\\\/wp-content\\\/uploads\\\/2023\\\/06\\\/acorde-de-le-jazz-et-la-java-claude-nougaro.jpg\",\"datePublished\":\"2023-05-07T13:18:00+00:00\",\"breadcrumb\":{\"@id\":\"https:\\\/\\\/www.festivox.fr\\\/blog\\\/acorde-de-le-jazz-et-la-java-claude-nougaro\\\/#breadcrumb\"},\"inLanguage\":\"fr-FR\",\"potentialAction\":[{\"@type\":\"ReadAction\",\"target\":[\"https:\\\/\\\/www.festivox.fr\\\/blog\\\/acorde-de-le-jazz-et-la-java-claude-nougaro\\\/\"]}]},{\"@type\":\"ImageObject\",\"inLanguage\":\"fr-FR\",\"@id\":\"https:\\\/\\\/www.festivox.fr\\\/blog\\\/acorde-de-le-jazz-et-la-java-claude-nougaro\\\/#primaryimage\",\"url\":\"https:\\\/\\\/www.festivox.fr\\\/blog\\\/wp-content\\\/uploads\\\/2023\\\/06\\\/acorde-de-le-jazz-et-la-java-claude-nougaro.jpg\",\"contentUrl\":\"https:\\\/\\\/www.festivox.fr\\\/blog\\\/wp-content\\\/uploads\\\/2023\\\/06\\\/acorde-de-le-jazz-et-la-java-claude-nougaro.jpg\",\"width\":200,\"height\":200},{\"@type\":\"BreadcrumbList\",\"@id\":\"https:\\\/\\\/www.festivox.fr\\\/blog\\\/acorde-de-le-jazz-et-la-java-claude-nougaro\\\/#breadcrumb\",\"itemListElement\":[{\"@type\":\"ListItem\",\"position\":1,\"name\":\"Accueil\",\"item\":\"https:\\\/\\\/www.festivox.fr\\\/blog\\\/\"},{\"@type\":\"ListItem\",\"position\":2,\"name\":\"Acorde de Le Jazz Et La Java &#8211; Claude Nougaro\"}]},{\"@type\":\"WebSite\",\"@id\":\"https:\\\/\\\/www.festivox.fr\\\/blog\\\/#website\",\"url\":\"https:\\\/\\\/www.festivox.fr\\\/blog\\\/\",\"name\":\"FESTIVOX\",\"description\":\"Festival en mode guinguette.\",\"publisher\":{\"@id\":\"https:\\\/\\\/www.festivox.fr\\\/blog\\\/#organization\"},\"potentialAction\":[{\"@type\":\"SearchAction\",\"target\":{\"@type\":\"EntryPoint\",\"urlTemplate\":\"https:\\\/\\\/www.festivox.fr\\\/blog\\\/?s={search_term_string}\"},\"query-input\":{\"@type\":\"PropertyValueSpecification\",\"valueRequired\":true,\"valueName\":\"search_term_string\"}}],\"inLanguage\":\"fr-FR\"},{\"@type\":\"Organization\",\"@id\":\"https:\\\/\\\/www.festivox.fr\\\/blog\\\/#organization\",\"name\":\"festivox\",\"url\":\"https:\\\/\\\/www.festivox.fr\\\/blog\\\/\",\"logo\":{\"@type\":\"ImageObject\",\"inLanguage\":\"fr-FR\",\"@id\":\"https:\\\/\\\/www.festivox.fr\\\/blog\\\/#\\\/schema\\\/logo\\\/image\\\/\",\"url\":\"https:\\\/\\\/www.festivox.fr\\\/blog\\\/wp-content\\\/uploads\\\/2023\\\/06\\\/logo-2.png\",\"contentUrl\":\"https:\\\/\\\/www.festivox.fr\\\/blog\\\/wp-content\\\/uploads\\\/2023\\\/06\\\/logo-2.png\",\"width\":480,\"height\":160,\"caption\":\"festivox\"},\"image\":{\"@id\":\"https:\\\/\\\/www.festivox.fr\\\/blog\\\/#\\\/schema\\\/logo\\\/image\\\/\"}},{\"@type\":\"Person\",\"@id\":\"https:\\\/\\\/www.festivox.fr\\\/blog\\\/#\\\/schema\\\/person\\\/f36a8b6bc94800c3eafed4bca993ce95\",\"name\":\"Michele\",\"image\":{\"@type\":\"ImageObject\",\"inLanguage\":\"fr-FR\",\"@id\":\"https:\\\/\\\/secure.gravatar.com\\\/avatar\\\/b062046536b5d47ec9075956ec349ef95ed06b0f910c578f74abb318668b702e?s=96&d=mm&r=g\",\"url\":\"https:\\\/\\\/secure.gravatar.com\\\/avatar\\\/b062046536b5d47ec9075956ec349ef95ed06b0f910c578f74abb318668b702e?s=96&d=mm&r=g\",\"contentUrl\":\"https:\\\/\\\/secure.gravatar.com\\\/avatar\\\/b062046536b5d47ec9075956ec349ef95ed06b0f910c578f74abb318668b702e?s=96&d=mm&r=g\",\"caption\":\"Michele\"},\"sameAs\":[\"https:\\\/\\\/www.festivox.fr\\\/blog\"],\"url\":\"https:\\\/\\\/www.festivox.fr\\\/blog\\\/author\\\/voxadmin\\\/\"}]}<\/script>\n<!-- \/ Yoast SEO plugin. -->","yoast_head_json":{"title":"Acorde de Le Jazz Et La Java - Claude Nougaro - FESTIVOX","robots":{"index":"index","follow":"follow","max-snippet":"max-snippet:-1","max-image-preview":"max-image-preview:large","max-video-preview":"max-video-preview:-1"},"canonical":"https:\/\/www.festivox.fr\/blog\/acorde-de-le-jazz-et-la-java-claude-nougaro\/","og_locale":"fr_FR","og_type":"article","og_title":"Acorde de Le Jazz Et La Java - Claude Nougaro - FESTIVOX","og_description":"Cmaj7 G6 F#6 Fmaj7 Cmaj7 Quand le jazz est quand le jazz est l? Cmaj7 G6 F#6 Fmaj7 Bm7#5 la java s&rsquo;en la java s&rsquo;en va Am7#5 G6 il y a de l&rsquo;orage dans l&rsquo;air F#6 Cmaj7 il y a de l&rsquo;eau dans le gaz G6 F#6 G7 C entre le jazz et la ja&hellip;","og_url":"https:\/\/www.festivox.fr\/blog\/acorde-de-le-jazz-et-la-java-claude-nougaro\/","og_site_name":"FESTIVOX","article_published_time":"2023-05-07T13:18:00+00:00","og_image":[{"url":"https:\/\/www.festivox.fr\/blog\/wp-content\/uploads\/2023\/06\/acorde-de-le-jazz-et-la-java-claude-nougaro.jpg","type":"","width":"","height":""}],"author":"Michele","twitter_card":"summary_large_image","twitter_misc":{"\u00c9crit par":"Michele","Dur\u00e9e de lecture estim\u00e9e":"2 minutes"},"schema":{"@context":"https:\/\/schema.org","@graph":[{"@type":"Article","@id":"https:\/\/www.festivox.fr\/blog\/acorde-de-le-jazz-et-la-java-claude-nougaro\/#article","isPartOf":{"@id":"https:\/\/www.festivox.fr\/blog\/acorde-de-le-jazz-et-la-java-claude-nougaro\/"},"author":{"name":"Michele","@id":"https:\/\/www.festivox.fr\/blog\/#\/schema\/person\/f36a8b6bc94800c3eafed4bca993ce95"},"headline":"Acorde de Le Jazz Et La Java &#8211; Claude Nougaro","datePublished":"2023-05-07T13:18:00+00:00","mainEntityOfPage":{"@id":"https:\/\/www.festivox.fr\/blog\/acorde-de-le-jazz-et-la-java-claude-nougaro\/"},"wordCount":527,"publisher":{"@id":"https:\/\/www.festivox.fr\/blog\/#organization"},"image":{"@id":"https:\/\/www.festivox.fr\/blog\/acorde-de-le-jazz-et-la-java-claude-nougaro\/#primaryimage"},"thumbnailUrl":"https:\/\/www.festivox.fr\/blog\/wp-content\/uploads\/2023\/06\/acorde-de-le-jazz-et-la-java-claude-nougaro.jpg","articleSection":["Wiki Sur Festival Jazz Et Musique En Mode Guinguette:"],"inLanguage":"fr-FR"},{"@type":"WebPage","@id":"https:\/\/www.festivox.fr\/blog\/acorde-de-le-jazz-et-la-java-claude-nougaro\/","url":"https:\/\/www.festivox.fr\/blog\/acorde-de-le-jazz-et-la-java-claude-nougaro\/","name":"Acorde de Le Jazz Et La Java - Claude Nougaro - FESTIVOX","isPartOf":{"@id":"https:\/\/www.festivox.fr\/blog\/#website"},"primaryImageOfPage":{"@id":"https:\/\/www.festivox.fr\/blog\/acorde-de-le-jazz-et-la-java-claude-nougaro\/#primaryimage"},"image":{"@id":"https:\/\/www.festivox.fr\/blog\/acorde-de-le-jazz-et-la-java-claude-nougaro\/#primaryimage"},"thumbnailUrl":"https:\/\/www.festivox.fr\/blog\/wp-content\/uploads\/2023\/06\/acorde-de-le-jazz-et-la-java-claude-nougaro.jpg","datePublished":"2023-05-07T13:18:00+00:00","breadcrumb":{"@id":"https:\/\/www.festivox.fr\/blog\/acorde-de-le-jazz-et-la-java-claude-nougaro\/#breadcrumb"},"inLanguage":"fr-FR","potentialAction":[{"@type":"ReadAction","target":["https:\/\/www.festivox.fr\/blog\/acorde-de-le-jazz-et-la-java-claude-nougaro\/"]}]},{"@type":"ImageObject","inLanguage":"fr-FR","@id":"https:\/\/www.festivox.fr\/blog\/acorde-de-le-jazz-et-la-java-claude-nougaro\/#primaryimage","url":"https:\/\/www.festivox.fr\/blog\/wp-content\/uploads\/2023\/06\/acorde-de-le-jazz-et-la-java-claude-nougaro.jpg","contentUrl":"https:\/\/www.festivox.fr\/blog\/wp-content\/uploads\/2023\/06\/acorde-de-le-jazz-et-la-java-claude-nougaro.jpg","width":200,"height":200},{"@type":"BreadcrumbList","@id":"https:\/\/www.festivox.fr\/blog\/acorde-de-le-jazz-et-la-java-claude-nougaro\/#breadcrumb","itemListElement":[{"@type":"ListItem","position":1,"name":"Accueil","item":"https:\/\/www.festivox.fr\/blog\/"},{"@type":"ListItem","position":2,"name":"Acorde de Le Jazz Et La Java &#8211; Claude Nougaro"}]},{"@type":"WebSite","@id":"https:\/\/www.festivox.fr\/blog\/#website","url":"https:\/\/www.festivox.fr\/blog\/","name":"FESTIVOX","description":"Festival en mode guinguette.","publisher":{"@id":"https:\/\/www.festivox.fr\/blog\/#organization"},"potentialAction":[{"@type":"SearchAction","target":{"@type":"EntryPoint","urlTemplate":"https:\/\/www.festivox.fr\/blog\/?s={search_term_string}"},"query-input":{"@type":"PropertyValueSpecification","valueRequired":true,"valueName":"search_term_string"}}],"inLanguage":"fr-FR"},{"@type":"Organization","@id":"https:\/\/www.festivox.fr\/blog\/#organization","name":"festivox","url":"https:\/\/www.festivox.fr\/blog\/","logo":{"@type":"ImageObject","inLanguage":"fr-FR","@id":"https:\/\/www.festivox.fr\/blog\/#\/schema\/logo\/image\/","url":"https:\/\/www.festivox.fr\/blog\/wp-content\/uploads\/2023\/06\/logo-2.png","contentUrl":"https:\/\/www.festivox.fr\/blog\/wp-content\/uploads\/2023\/06\/logo-2.png","width":480,"height":160,"caption":"festivox"},"image":{"@id":"https:\/\/www.festivox.fr\/blog\/#\/schema\/logo\/image\/"}},{"@type":"Person","@id":"https:\/\/www.festivox.fr\/blog\/#\/schema\/person\/f36a8b6bc94800c3eafed4bca993ce95","name":"Michele","image":{"@type":"ImageObject","inLanguage":"fr-FR","@id":"https:\/\/secure.gravatar.com\/avatar\/b062046536b5d47ec9075956ec349ef95ed06b0f910c578f74abb318668b702e?s=96&d=mm&r=g","url":"https:\/\/secure.gravatar.com\/avatar\/b062046536b5d47ec9075956ec349ef95ed06b0f910c578f74abb318668b702e?s=96&d=mm&r=g","contentUrl":"https:\/\/secure.gravatar.com\/avatar\/b062046536b5d47ec9075956ec349ef95ed06b0f910c578f74abb318668b702e?s=96&d=mm&r=g","caption":"Michele"},"sameAs":["https:\/\/www.festivox.fr\/blog"],"url":"https:\/\/www.festivox.fr\/blog\/author\/voxadmin\/"}]}},"_links":{"self":[{"href":"https:\/\/www.festivox.fr\/blog\/wp-json\/wp\/v2\/posts\/113","targetHints":{"allow":["GET"]}}],"collection":[{"href":"https:\/\/www.festivox.fr\/blog\/wp-json\/wp\/v2\/posts"}],"about":[{"href":"https:\/\/www.festivox.fr\/blog\/wp-json\/wp\/v2\/types\/post"}],"author":[{"embeddable":true,"href":"https:\/\/www.festivox.fr\/blog\/wp-json\/wp\/v2\/users\/1"}],"replies":[{"embeddable":true,"href":"https:\/\/www.festivox.fr\/blog\/wp-json\/wp\/v2\/comments?post=113"}],"version-history":[{"count":0,"href":"https:\/\/www.festivox.fr\/blog\/wp-json\/wp\/v2\/posts\/113\/revisions"}],"wp:featuredmedia":[{"embeddable":true,"href":"https:\/\/www.festivox.fr\/blog\/wp-json\/wp\/v2\/media\/114"}],"wp:attachment":[{"href":"https:\/\/www.festivox.fr\/blog\/wp-json\/wp\/v2\/media?parent=113"}],"wp:term":[{"taxonomy":"category","embeddable":true,"href":"https:\/\/www.festivox.fr\/blog\/wp-json\/wp\/v2\/categories?post=113"},{"taxonomy":"post_tag","embeddable":true,"href":"https:\/\/www.festivox.fr\/blog\/wp-json\/wp\/v2\/tags?post=113"}],"curies":[{"name":"wp","href":"https:\/\/api.w.org\/{rel}","templated":true}]}}