{"id":1118,"date":"2024-11-01T12:57:00","date_gmt":"2024-11-01T11:57:00","guid":{"rendered":"https:\/\/www.festivox.fr\/blog\/martha-wainwright-sera-au-festival-jazz-blues-de-saguenay-en-avril\/"},"modified":"2024-11-01T12:57:00","modified_gmt":"2024-11-01T11:57:00","slug":"martha-wainwright-sera-au-festival-jazz-blues-de-saguenay-en-avril","status":"publish","type":"post","link":"https:\/\/www.festivox.fr\/blog\/martha-wainwright-sera-au-festival-jazz-blues-de-saguenay-en-avril\/","title":{"rendered":"Martha Wainwright sera au Festival Jazz &amp; blues de Saguenay en avril"},"content":{"rendered":"\n<p class=\"sc-jbo7hw-7 bmRUOl\">Le Festival jazz &amp; blues de Saguenay a annonc\u00e9 sa programmation en vue de la 29e&nbsp;\u00e9dition, qui aura lieu du 23 au 26 avril 2025. Martha Wainwright fera partie des t\u00eates d\u2019affiche, tout comme Soleil Launi\u00e8re, originaire de Mashteuiatsh.<\/p>\n<p class=\"sc-jbo7hw-7 bmRUOl\">Elisapie, Kl\u00f4 Pelgag, David Myles et Geoffroy seront aussi pr\u00e9sents, indique le communiqu\u00e9 envoy\u00e9 aux m\u00e9dias vendredi.<\/p>\n<p class=\"sc-jbo7hw-7 bmRUOl\">L\u2019\u00e9v\u00e9nement se targue de pr\u00e9senter une affiche 100&nbsp;% canadienne.<\/p>\n<p class=\"sc-jbo7hw-7 bmRUOl\">Des artistes se produiront au restaurant Inter, ainsi qu\u2019au Th\u00e9\u00e2tre C, \u00e0 Chicoutimi, et au Th\u00e9\u00e2tre Palace, \u00e0 Arvida.<\/p>\n<div class=\"sc-jbo7hw-0 dQmOIK\">\n<div class=\"relative w-full\"><img decoding=\"async\" alt=\"Photo promotionnelle montrant l'artiste assis sur un divan.\" class=\"sc-1tkrlyq-1 DUIWm transition-opacity ease-out\" loading=\"lazy\" src=\"https:\/\/www.festivox.fr\/blog\/wp-content\/uploads\/2024\/11\/martha-wainwright-sera-au-festival-jazz-blues-de-saguenay-en-avril.jpg\"><\/p>\n<p><button class=\"sc-1tkrlyq-2 eYsoPS focus-visible:border-blue600 light:focus-visible:border-blue600 dark:focus-visible:border-blue400 rounded focus:outline-none focus-visible:border-4 focus-visible:border-solid\" title=\"Ouvrir en mode plein \u00e9cran\"><span class=\"sc-1f1cagl-0 hvyKh\">Ouvrir en mode plein \u00e9cran<\/span><span class=\"sc-191r78r-0 sc-191r78r-1 sc-1tkrlyq-3 bwLcci ekyLoE gifWYW !bg-gray900\/60\"><\/span><\/button><\/p>\n<\/div>\n<div class=\"sc-jbo7hw-3 jCEbHl\"><figcaption class=\"sc-ic6be9-0 eZGuin\">\n<p class=\"sc-ic6be9-2 ASXTr\">Le chanteur auteur-compositeur et multi-instrumentiste montr\u00e9alais Geoffroy sera en spectacle le 24 avril.<\/p>\n<p class=\"sc-ic6be9-1 kRAbBs text-gray600 light:text-gray600 dark:text-gray400\">Photo : Festival Jazz et Blues<\/p>\n<\/figcaption><\/div>\n<\/div>\n<p class=\"sc-jbo7hw-7 bmRUOl\">Comme c\u2019est la coutume, des spectacles gratuits seront de nouveau offerts sous le D\u00f4me Banque Nationale, sur la rue Racine.<\/p>\n<div class=\"sc-jbo7hw-4 gPWroG\">\n<div class=\"sc-7qo9rl-0 sc-7qo9rl-2 sc-7qo9rl-3 gsQFL NLtiH kIlXvT bg-gray100\/50 light:bg-gray100\/50 dark:bg-gray999\/50\">\n<div class=\"sc-7qo9rl-4 ifXqpR\"><span aria-hidden=\"true\" class=\"sc-7qo9rl-1 kmDgOH text-gray700 light:text-gray700 dark:text-gray200\">Publicit\u00e9<\/span><\/div>\n<\/div>\n<\/div>\n<p class=\"sc-jbo7hw-7 bmRUOl\">Des spectacles seront aussi pr\u00e9sent\u00e9s en dehors des dates du festival, en commen\u00e7ant par la pr\u00e9sence de Diana Krall le 24 novembre au Th\u00e9\u00e2tre du palais municipal, \u00e0 La Baie.<\/p>\n<p class=\"sc-jbo7hw-7 bmRUOl\">En plus de Soleil Launi\u00e8re, d\u2019autres artistes du Saguenay\u2013Lac-Saint-Jean pourront se produire devant public, soit La Java, le William Street Blues Band, Bar Routier Blues et Met\u00f2.<\/p>\n<div class=\"sc-jbo7hw-0 dQmOIK\">\n<div class=\"relative w-full\"><img decoding=\"async\" alt=\"Photo promotionnelle de Met\u00f2.\" class=\"sc-1tkrlyq-1 DUIWm transition-opacity ease-out\" loading=\"lazy\" src=\"https:\/\/www.festivox.fr\/blog\/wp-content\/uploads\/2024\/11\/martha-wainwright-sera-au-festival-jazz-blues-de-saguenay-en-avril-1.jpg\"><\/p>\n<p><button class=\"sc-1tkrlyq-2 eYsoPS focus-visible:border-blue600 light:focus-visible:border-blue600 dark:focus-visible:border-blue400 rounded focus:outline-none focus-visible:border-4 focus-visible:border-solid\" title=\"Ouvrir en mode plein \u00e9cran\"><span class=\"sc-1f1cagl-0 hvyKh\">Ouvrir en mode plein \u00e9cran<\/span><span class=\"sc-191r78r-0 sc-191r78r-1 sc-1tkrlyq-3 bwLcci ekyLoE gifWYW !bg-gray900\/60\"><\/span><\/button><\/p>\n<\/div>\n<div class=\"sc-jbo7hw-3 jCEbHl\"><figcaption class=\"sc-ic6be9-0 eZGuin\">\n<p class=\"sc-ic6be9-2 ASXTr\">Met\u00f2, Olivier C\u00f4t\u00e9-M\u00e9thot, est originaire d&rsquo;Arvida.<\/p>\n<p class=\"sc-ic6be9-1 kRAbBs text-gray600 light:text-gray600 dark:text-gray400\">Photo : Festival Jazz et Blues de Saguenay<\/p>\n<\/figcaption><\/div>\n<\/div>\n<p> Cet article, qui traite du th\u00e8me \u00ab\u00a0Festival Jazz et musique en mode guinguette\u00a0\u00bb, vous est d\u00e9lib\u00e9r\u00e9ment offert par festivox.fr. La raison d\u2019\u00eatre de festivox.fr est de parler de Festival Jazz et musique en mode guinguette dans la transparence la plus g\u00e9n\u00e9rale en vous procurant la visibilit\u00e9 de tout ce qui est publi\u00e9 sur ce sujet sur le web La chronique a \u00e9t\u00e9 g\u00e9n\u00e9r\u00e9e de la mani\u00e8re la plus honn\u00eate que possible. S\u2019il advenait que vous projetez d\u2019apporter quelques notes concernant le domaine de \u00ab\u00a0Festival Jazz et musique en mode guinguette\u00a0\u00bb vous avez la possibilit\u00e9 de d&rsquo;\u00e9changer avec notre r\u00e9daction. Dans peu de temps, on mettra en ligne d&rsquo;autres informations pertinentes autour du sujet \u00ab\u00a0Festival Jazz et musique en mode guinguette\u00a0\u00bb. Ainsi, consultez r\u00e9guli\u00e8rement notre site.<\/p>\n","protected":false},"excerpt":{"rendered":"<p>Le Festival jazz &amp; blues de Saguenay a annonc\u00e9 sa programmation en vue de la 29e&nbsp;\u00e9dition, qui aura lieu du 23 au 26 avril 2025. Martha Wainwright fera partie des t\u00eates d\u2019affiche, tout comme Soleil Launi\u00e8re, originaire de Mashteuiatsh. Elisapie, Kl\u00f4 Pelgag, David Myles et Geoffroy seront aussi pr\u00e9sents, indique le communiqu\u00e9 envoy\u00e9 aux m\u00e9dias&hellip;<\/p>\n","protected":false},"author":1,"featured_media":1119,"comment_status":"closed","ping_status":"closed","sticky":false,"template":"","format":"standard","meta":{"footnotes":""},"categories":[3],"tags":[],"class_list":["post-1118","post","type-post","status-publish","format-standard","has-post-thumbnail","hentry","category-wiki-sur-festival-jazz-et-musique-en-mode-guinguette"],"yoast_head":"<!-- This site is optimized with the Yoast SEO plugin v27.5 - https:\/\/yoast.com\/product\/yoast-seo-wordpress\/ -->\n<title>Martha Wainwright sera au Festival Jazz &amp; blues de Saguenay en avril - FESTIVOX<\/title>\n<meta name=\"robots\" content=\"index, follow, max-snippet:-1, max-image-preview:large, max-video-preview:-1\" \/>\n<link rel=\"canonical\" href=\"https:\/\/www.festivox.fr\/blog\/martha-wainwright-sera-au-festival-jazz-blues-de-saguenay-en-avril\/\" \/>\n<meta property=\"og:locale\" content=\"fr_FR\" \/>\n<meta property=\"og:type\" content=\"article\" \/>\n<meta property=\"og:title\" content=\"Martha Wainwright sera au Festival Jazz &amp; blues de Saguenay en avril - FESTIVOX\" \/>\n<meta property=\"og:description\" content=\"Le Festival jazz &amp; blues de Saguenay a annonc\u00e9 sa programmation en vue de la 29e&nbsp;\u00e9dition, qui aura lieu du 23 au 26 avril 2025. Martha Wainwright fera partie des t\u00eates d\u2019affiche, tout comme Soleil Launi\u00e8re, originaire de Mashteuiatsh. Elisapie, Kl\u00f4 Pelgag, David Myles et Geoffroy seront aussi pr\u00e9sents, indique le communiqu\u00e9 envoy\u00e9 aux m\u00e9dias&hellip;\" \/>\n<meta property=\"og:url\" content=\"https:\/\/www.festivox.fr\/blog\/martha-wainwright-sera-au-festival-jazz-blues-de-saguenay-en-avril\/\" \/>\n<meta property=\"og:site_name\" content=\"FESTIVOX\" \/>\n<meta property=\"article:published_time\" content=\"2024-11-01T11:57:00+00:00\" \/>\n<meta property=\"og:image\" content=\"https:\/\/www.festivox.fr\/blog\/wp-content\/uploads\/2024\/11\/martha-wainwright-sera-au-festival-jazz-blues-de-saguenay-en-avril.jpg\" \/>\n<meta name=\"author\" content=\"Michele\" \/>\n<meta name=\"twitter:card\" content=\"summary_large_image\" \/>\n<meta name=\"twitter:label1\" content=\"\u00c9crit par\" \/>\n\t<meta name=\"twitter:data1\" content=\"Michele\" \/>\n\t<meta name=\"twitter:label2\" content=\"Dur\u00e9e de lecture estim\u00e9e\" \/>\n\t<meta name=\"twitter:data2\" content=\"2 minutes\" \/>\n<script type=\"application\/ld+json\" class=\"yoast-schema-graph\">{\"@context\":\"https:\\\/\\\/schema.org\",\"@graph\":[{\"@type\":\"Article\",\"@id\":\"https:\\\/\\\/www.festivox.fr\\\/blog\\\/martha-wainwright-sera-au-festival-jazz-blues-de-saguenay-en-avril\\\/#article\",\"isPartOf\":{\"@id\":\"https:\\\/\\\/www.festivox.fr\\\/blog\\\/martha-wainwright-sera-au-festival-jazz-blues-de-saguenay-en-avril\\\/\"},\"author\":{\"name\":\"Michele\",\"@id\":\"https:\\\/\\\/www.festivox.fr\\\/blog\\\/#\\\/schema\\\/person\\\/f36a8b6bc94800c3eafed4bca993ce95\"},\"headline\":\"Martha Wainwright sera au Festival Jazz &amp; blues de Saguenay en avril\",\"datePublished\":\"2024-11-01T11:57:00+00:00\",\"mainEntityOfPage\":{\"@id\":\"https:\\\/\\\/www.festivox.fr\\\/blog\\\/martha-wainwright-sera-au-festival-jazz-blues-de-saguenay-en-avril\\\/\"},\"wordCount\":379,\"publisher\":{\"@id\":\"https:\\\/\\\/www.festivox.fr\\\/blog\\\/#organization\"},\"image\":{\"@id\":\"https:\\\/\\\/www.festivox.fr\\\/blog\\\/martha-wainwright-sera-au-festival-jazz-blues-de-saguenay-en-avril\\\/#primaryimage\"},\"thumbnailUrl\":\"https:\\\/\\\/www.festivox.fr\\\/blog\\\/wp-content\\\/uploads\\\/2024\\\/11\\\/martha-wainwright-sera-au-festival-jazz-blues-de-saguenay-en-avril.jpg\",\"articleSection\":[\"Wiki Sur Festival Jazz Et Musique En Mode Guinguette:\"],\"inLanguage\":\"fr-FR\"},{\"@type\":\"WebPage\",\"@id\":\"https:\\\/\\\/www.festivox.fr\\\/blog\\\/martha-wainwright-sera-au-festival-jazz-blues-de-saguenay-en-avril\\\/\",\"url\":\"https:\\\/\\\/www.festivox.fr\\\/blog\\\/martha-wainwright-sera-au-festival-jazz-blues-de-saguenay-en-avril\\\/\",\"name\":\"Martha Wainwright sera au Festival Jazz &amp; blues de Saguenay en avril - FESTIVOX\",\"isPartOf\":{\"@id\":\"https:\\\/\\\/www.festivox.fr\\\/blog\\\/#website\"},\"primaryImageOfPage\":{\"@id\":\"https:\\\/\\\/www.festivox.fr\\\/blog\\\/martha-wainwright-sera-au-festival-jazz-blues-de-saguenay-en-avril\\\/#primaryimage\"},\"image\":{\"@id\":\"https:\\\/\\\/www.festivox.fr\\\/blog\\\/martha-wainwright-sera-au-festival-jazz-blues-de-saguenay-en-avril\\\/#primaryimage\"},\"thumbnailUrl\":\"https:\\\/\\\/www.festivox.fr\\\/blog\\\/wp-content\\\/uploads\\\/2024\\\/11\\\/martha-wainwright-sera-au-festival-jazz-blues-de-saguenay-en-avril.jpg\",\"datePublished\":\"2024-11-01T11:57:00+00:00\",\"breadcrumb\":{\"@id\":\"https:\\\/\\\/www.festivox.fr\\\/blog\\\/martha-wainwright-sera-au-festival-jazz-blues-de-saguenay-en-avril\\\/#breadcrumb\"},\"inLanguage\":\"fr-FR\",\"potentialAction\":[{\"@type\":\"ReadAction\",\"target\":[\"https:\\\/\\\/www.festivox.fr\\\/blog\\\/martha-wainwright-sera-au-festival-jazz-blues-de-saguenay-en-avril\\\/\"]}]},{\"@type\":\"ImageObject\",\"inLanguage\":\"fr-FR\",\"@id\":\"https:\\\/\\\/www.festivox.fr\\\/blog\\\/martha-wainwright-sera-au-festival-jazz-blues-de-saguenay-en-avril\\\/#primaryimage\",\"url\":\"https:\\\/\\\/www.festivox.fr\\\/blog\\\/wp-content\\\/uploads\\\/2024\\\/11\\\/martha-wainwright-sera-au-festival-jazz-blues-de-saguenay-en-avril.jpg\",\"contentUrl\":\"https:\\\/\\\/www.festivox.fr\\\/blog\\\/wp-content\\\/uploads\\\/2024\\\/11\\\/martha-wainwright-sera-au-festival-jazz-blues-de-saguenay-en-avril.jpg\",\"width\":700,\"height\":394},{\"@type\":\"BreadcrumbList\",\"@id\":\"https:\\\/\\\/www.festivox.fr\\\/blog\\\/martha-wainwright-sera-au-festival-jazz-blues-de-saguenay-en-avril\\\/#breadcrumb\",\"itemListElement\":[{\"@type\":\"ListItem\",\"position\":1,\"name\":\"Accueil\",\"item\":\"https:\\\/\\\/www.festivox.fr\\\/blog\\\/\"},{\"@type\":\"ListItem\",\"position\":2,\"name\":\"Martha Wainwright sera au Festival Jazz &amp; blues de Saguenay en avril\"}]},{\"@type\":\"WebSite\",\"@id\":\"https:\\\/\\\/www.festivox.fr\\\/blog\\\/#website\",\"url\":\"https:\\\/\\\/www.festivox.fr\\\/blog\\\/\",\"name\":\"FESTIVOX\",\"description\":\"Festival en mode guinguette.\",\"publisher\":{\"@id\":\"https:\\\/\\\/www.festivox.fr\\\/blog\\\/#organization\"},\"potentialAction\":[{\"@type\":\"SearchAction\",\"target\":{\"@type\":\"EntryPoint\",\"urlTemplate\":\"https:\\\/\\\/www.festivox.fr\\\/blog\\\/?s={search_term_string}\"},\"query-input\":{\"@type\":\"PropertyValueSpecification\",\"valueRequired\":true,\"valueName\":\"search_term_string\"}}],\"inLanguage\":\"fr-FR\"},{\"@type\":\"Organization\",\"@id\":\"https:\\\/\\\/www.festivox.fr\\\/blog\\\/#organization\",\"name\":\"festivox\",\"url\":\"https:\\\/\\\/www.festivox.fr\\\/blog\\\/\",\"logo\":{\"@type\":\"ImageObject\",\"inLanguage\":\"fr-FR\",\"@id\":\"https:\\\/\\\/www.festivox.fr\\\/blog\\\/#\\\/schema\\\/logo\\\/image\\\/\",\"url\":\"https:\\\/\\\/www.festivox.fr\\\/blog\\\/wp-content\\\/uploads\\\/2023\\\/06\\\/logo-2.png\",\"contentUrl\":\"https:\\\/\\\/www.festivox.fr\\\/blog\\\/wp-content\\\/uploads\\\/2023\\\/06\\\/logo-2.png\",\"width\":480,\"height\":160,\"caption\":\"festivox\"},\"image\":{\"@id\":\"https:\\\/\\\/www.festivox.fr\\\/blog\\\/#\\\/schema\\\/logo\\\/image\\\/\"}},{\"@type\":\"Person\",\"@id\":\"https:\\\/\\\/www.festivox.fr\\\/blog\\\/#\\\/schema\\\/person\\\/f36a8b6bc94800c3eafed4bca993ce95\",\"name\":\"Michele\",\"image\":{\"@type\":\"ImageObject\",\"inLanguage\":\"fr-FR\",\"@id\":\"https:\\\/\\\/secure.gravatar.com\\\/avatar\\\/b062046536b5d47ec9075956ec349ef95ed06b0f910c578f74abb318668b702e?s=96&d=mm&r=g\",\"url\":\"https:\\\/\\\/secure.gravatar.com\\\/avatar\\\/b062046536b5d47ec9075956ec349ef95ed06b0f910c578f74abb318668b702e?s=96&d=mm&r=g\",\"contentUrl\":\"https:\\\/\\\/secure.gravatar.com\\\/avatar\\\/b062046536b5d47ec9075956ec349ef95ed06b0f910c578f74abb318668b702e?s=96&d=mm&r=g\",\"caption\":\"Michele\"},\"sameAs\":[\"https:\\\/\\\/www.festivox.fr\\\/blog\"],\"url\":\"https:\\\/\\\/www.festivox.fr\\\/blog\\\/author\\\/voxadmin\\\/\"}]}<\/script>\n<!-- \/ Yoast SEO plugin. -->","yoast_head_json":{"title":"Martha Wainwright sera au Festival Jazz &amp; blues de Saguenay en avril - FESTIVOX","robots":{"index":"index","follow":"follow","max-snippet":"max-snippet:-1","max-image-preview":"max-image-preview:large","max-video-preview":"max-video-preview:-1"},"canonical":"https:\/\/www.festivox.fr\/blog\/martha-wainwright-sera-au-festival-jazz-blues-de-saguenay-en-avril\/","og_locale":"fr_FR","og_type":"article","og_title":"Martha Wainwright sera au Festival Jazz &amp; blues de Saguenay en avril - FESTIVOX","og_description":"Le Festival jazz &amp; blues de Saguenay a annonc\u00e9 sa programmation en vue de la 29e&nbsp;\u00e9dition, qui aura lieu du 23 au 26 avril 2025. Martha Wainwright fera partie des t\u00eates d\u2019affiche, tout comme Soleil Launi\u00e8re, originaire de Mashteuiatsh. Elisapie, Kl\u00f4 Pelgag, David Myles et Geoffroy seront aussi pr\u00e9sents, indique le communiqu\u00e9 envoy\u00e9 aux m\u00e9dias&hellip;","og_url":"https:\/\/www.festivox.fr\/blog\/martha-wainwright-sera-au-festival-jazz-blues-de-saguenay-en-avril\/","og_site_name":"FESTIVOX","article_published_time":"2024-11-01T11:57:00+00:00","og_image":[{"url":"https:\/\/www.festivox.fr\/blog\/wp-content\/uploads\/2024\/11\/martha-wainwright-sera-au-festival-jazz-blues-de-saguenay-en-avril.jpg","type":"","width":"","height":""}],"author":"Michele","twitter_card":"summary_large_image","twitter_misc":{"\u00c9crit par":"Michele","Dur\u00e9e de lecture estim\u00e9e":"2 minutes"},"schema":{"@context":"https:\/\/schema.org","@graph":[{"@type":"Article","@id":"https:\/\/www.festivox.fr\/blog\/martha-wainwright-sera-au-festival-jazz-blues-de-saguenay-en-avril\/#article","isPartOf":{"@id":"https:\/\/www.festivox.fr\/blog\/martha-wainwright-sera-au-festival-jazz-blues-de-saguenay-en-avril\/"},"author":{"name":"Michele","@id":"https:\/\/www.festivox.fr\/blog\/#\/schema\/person\/f36a8b6bc94800c3eafed4bca993ce95"},"headline":"Martha Wainwright sera au Festival Jazz &amp; blues de Saguenay en avril","datePublished":"2024-11-01T11:57:00+00:00","mainEntityOfPage":{"@id":"https:\/\/www.festivox.fr\/blog\/martha-wainwright-sera-au-festival-jazz-blues-de-saguenay-en-avril\/"},"wordCount":379,"publisher":{"@id":"https:\/\/www.festivox.fr\/blog\/#organization"},"image":{"@id":"https:\/\/www.festivox.fr\/blog\/martha-wainwright-sera-au-festival-jazz-blues-de-saguenay-en-avril\/#primaryimage"},"thumbnailUrl":"https:\/\/www.festivox.fr\/blog\/wp-content\/uploads\/2024\/11\/martha-wainwright-sera-au-festival-jazz-blues-de-saguenay-en-avril.jpg","articleSection":["Wiki Sur Festival Jazz Et Musique En Mode Guinguette:"],"inLanguage":"fr-FR"},{"@type":"WebPage","@id":"https:\/\/www.festivox.fr\/blog\/martha-wainwright-sera-au-festival-jazz-blues-de-saguenay-en-avril\/","url":"https:\/\/www.festivox.fr\/blog\/martha-wainwright-sera-au-festival-jazz-blues-de-saguenay-en-avril\/","name":"Martha Wainwright sera au Festival Jazz &amp; blues de Saguenay en avril - FESTIVOX","isPartOf":{"@id":"https:\/\/www.festivox.fr\/blog\/#website"},"primaryImageOfPage":{"@id":"https:\/\/www.festivox.fr\/blog\/martha-wainwright-sera-au-festival-jazz-blues-de-saguenay-en-avril\/#primaryimage"},"image":{"@id":"https:\/\/www.festivox.fr\/blog\/martha-wainwright-sera-au-festival-jazz-blues-de-saguenay-en-avril\/#primaryimage"},"thumbnailUrl":"https:\/\/www.festivox.fr\/blog\/wp-content\/uploads\/2024\/11\/martha-wainwright-sera-au-festival-jazz-blues-de-saguenay-en-avril.jpg","datePublished":"2024-11-01T11:57:00+00:00","breadcrumb":{"@id":"https:\/\/www.festivox.fr\/blog\/martha-wainwright-sera-au-festival-jazz-blues-de-saguenay-en-avril\/#breadcrumb"},"inLanguage":"fr-FR","potentialAction":[{"@type":"ReadAction","target":["https:\/\/www.festivox.fr\/blog\/martha-wainwright-sera-au-festival-jazz-blues-de-saguenay-en-avril\/"]}]},{"@type":"ImageObject","inLanguage":"fr-FR","@id":"https:\/\/www.festivox.fr\/blog\/martha-wainwright-sera-au-festival-jazz-blues-de-saguenay-en-avril\/#primaryimage","url":"https:\/\/www.festivox.fr\/blog\/wp-content\/uploads\/2024\/11\/martha-wainwright-sera-au-festival-jazz-blues-de-saguenay-en-avril.jpg","contentUrl":"https:\/\/www.festivox.fr\/blog\/wp-content\/uploads\/2024\/11\/martha-wainwright-sera-au-festival-jazz-blues-de-saguenay-en-avril.jpg","width":700,"height":394},{"@type":"BreadcrumbList","@id":"https:\/\/www.festivox.fr\/blog\/martha-wainwright-sera-au-festival-jazz-blues-de-saguenay-en-avril\/#breadcrumb","itemListElement":[{"@type":"ListItem","position":1,"name":"Accueil","item":"https:\/\/www.festivox.fr\/blog\/"},{"@type":"ListItem","position":2,"name":"Martha Wainwright sera au Festival Jazz &amp; blues de Saguenay en avril"}]},{"@type":"WebSite","@id":"https:\/\/www.festivox.fr\/blog\/#website","url":"https:\/\/www.festivox.fr\/blog\/","name":"FESTIVOX","description":"Festival en mode guinguette.","publisher":{"@id":"https:\/\/www.festivox.fr\/blog\/#organization"},"potentialAction":[{"@type":"SearchAction","target":{"@type":"EntryPoint","urlTemplate":"https:\/\/www.festivox.fr\/blog\/?s={search_term_string}"},"query-input":{"@type":"PropertyValueSpecification","valueRequired":true,"valueName":"search_term_string"}}],"inLanguage":"fr-FR"},{"@type":"Organization","@id":"https:\/\/www.festivox.fr\/blog\/#organization","name":"festivox","url":"https:\/\/www.festivox.fr\/blog\/","logo":{"@type":"ImageObject","inLanguage":"fr-FR","@id":"https:\/\/www.festivox.fr\/blog\/#\/schema\/logo\/image\/","url":"https:\/\/www.festivox.fr\/blog\/wp-content\/uploads\/2023\/06\/logo-2.png","contentUrl":"https:\/\/www.festivox.fr\/blog\/wp-content\/uploads\/2023\/06\/logo-2.png","width":480,"height":160,"caption":"festivox"},"image":{"@id":"https:\/\/www.festivox.fr\/blog\/#\/schema\/logo\/image\/"}},{"@type":"Person","@id":"https:\/\/www.festivox.fr\/blog\/#\/schema\/person\/f36a8b6bc94800c3eafed4bca993ce95","name":"Michele","image":{"@type":"ImageObject","inLanguage":"fr-FR","@id":"https:\/\/secure.gravatar.com\/avatar\/b062046536b5d47ec9075956ec349ef95ed06b0f910c578f74abb318668b702e?s=96&d=mm&r=g","url":"https:\/\/secure.gravatar.com\/avatar\/b062046536b5d47ec9075956ec349ef95ed06b0f910c578f74abb318668b702e?s=96&d=mm&r=g","contentUrl":"https:\/\/secure.gravatar.com\/avatar\/b062046536b5d47ec9075956ec349ef95ed06b0f910c578f74abb318668b702e?s=96&d=mm&r=g","caption":"Michele"},"sameAs":["https:\/\/www.festivox.fr\/blog"],"url":"https:\/\/www.festivox.fr\/blog\/author\/voxadmin\/"}]}},"_links":{"self":[{"href":"https:\/\/www.festivox.fr\/blog\/wp-json\/wp\/v2\/posts\/1118","targetHints":{"allow":["GET"]}}],"collection":[{"href":"https:\/\/www.festivox.fr\/blog\/wp-json\/wp\/v2\/posts"}],"about":[{"href":"https:\/\/www.festivox.fr\/blog\/wp-json\/wp\/v2\/types\/post"}],"author":[{"embeddable":true,"href":"https:\/\/www.festivox.fr\/blog\/wp-json\/wp\/v2\/users\/1"}],"replies":[{"embeddable":true,"href":"https:\/\/www.festivox.fr\/blog\/wp-json\/wp\/v2\/comments?post=1118"}],"version-history":[{"count":0,"href":"https:\/\/www.festivox.fr\/blog\/wp-json\/wp\/v2\/posts\/1118\/revisions"}],"wp:featuredmedia":[{"embeddable":true,"href":"https:\/\/www.festivox.fr\/blog\/wp-json\/wp\/v2\/media\/1119"}],"wp:attachment":[{"href":"https:\/\/www.festivox.fr\/blog\/wp-json\/wp\/v2\/media?parent=1118"}],"wp:term":[{"taxonomy":"category","embeddable":true,"href":"https:\/\/www.festivox.fr\/blog\/wp-json\/wp\/v2\/categories?post=1118"},{"taxonomy":"post_tag","embeddable":true,"href":"https:\/\/www.festivox.fr\/blog\/wp-json\/wp\/v2\/tags?post=1118"}],"curies":[{"name":"wp","href":"https:\/\/api.w.org\/{rel}","templated":true}]}}