{"id":1103,"date":"2024-10-18T06:08:00","date_gmt":"2024-10-18T04:08:00","guid":{"rendered":"https:\/\/www.festivox.fr\/blog\/boogie-woogie-blues-et-swing-made-in-eu-le-26-octobre-a-anderlecht\/"},"modified":"2024-10-18T06:08:00","modified_gmt":"2024-10-18T04:08:00","slug":"boogie-woogie-blues-et-swing-made-in-eu-le-26-octobre-a-anderlecht","status":"publish","type":"post","link":"https:\/\/www.festivox.fr\/blog\/boogie-woogie-blues-et-swing-made-in-eu-le-26-octobre-a-anderlecht\/","title":{"rendered":"Boogie-Woogie, Blues et Swing made in EU &#8211; le 26 octobre \u00e0 Anderlecht"},"content":{"rendered":"\n<div><img decoding=\"async\" src=\"https:\/\/www.festivox.fr\/blog\/wp-content\/uploads\/2024\/10\/boogie-woogie-blues-et-swing-made-in-eu-le-26-octobre-a-anderlecht.jpg\" class=\"ff-og-image-inserted\"><\/div>\n<p><strong><span><span><span>Apr\u00e8s sept ann\u00e9es d\u2019absence du Brussels Boogie-Woogie Festival, un \u00e9v\u00e8nement unique en son genre en Belgique, revoici sous l\u2019\u00e9gide du Centre Culturel d\u2019Anderlecht en guise de red\u00e9marrage un mini \u2013 festival consacr\u00e9 au Boogie-Woogie.&nbsp;Cette fois un \u00e9largissement se fera vers des styles connexes&nbsp;: le blues et le swing. A voir le 26&nbsp;octobre.<\/span><\/span><\/span><\/strong><\/p>\n<p><span><span><span><strong>Pourquoi \u00ab\u00a0made in EU\u00a0\u00bb&nbsp;?<\/strong><\/span><\/span><\/span><\/p>\n<p><span><span><span>Le Boogie-Woogie \u00e9tant n\u00e9 aux USA, if fut remplac\u00e9 dans les ann\u00e9es&nbsp;1950 par le rock\u2019n\u2019roll, plus orient\u00e9 guitare et chant.<br \/>Puis dans les ann\u00e9es&nbsp;1980, un nouveau courant apparut en Europe, qui se poursuit aujourd\u2019hui dans une s\u00e9rie de festivals et de concerts.&nbsp;Des pianistes se sont pris de passion pour ce genre menac\u00e9 de disparition dans son pays d\u2019origine.<br \/>Ce fait est peu connu, la rel\u00e8ve se passant principalement de ce c\u00f4t\u00e9 \u2013 ci de l\u2019oc\u00e9an, il semblait utile de le souligner, d\u2019autant que les Europ\u00e9ens ont parfois tendance \u00e0 sous-estimer les qualit\u00e9s du travail r\u00e9alis\u00e9 sur leur continent.<\/span><\/span><\/span><\/p>\n<p><span><span><span>Cet \u00e9v\u00e8nement met donc \u00e0 l\u2019honneur des musiciens europ\u00e9ens qui font revivre sur sc\u00e8ne avec brio un style qui le m\u00e9rite amplement.<\/span><\/span><\/span><\/p>\n<p><span><span><span><strong>Les pianistes<\/strong><\/span><\/span><\/span><\/p>\n<p><span><span><span>&#8211; France&nbsp;: <em>Fabrice Eulry<\/em>, le seul boogie man \u00e0 avoir rempli l\u2019Olympia \u00e0 Paris en piano solo.<br \/>Mais aussi outre sa virtuosit\u00e9 exceptionnelle, il poss\u00e8de un \u00e9clectisme hors du commun<\/span><\/span><\/span><\/p>\n<p><span><span><span>&#8211; Hongrie&nbsp;: <em>Balazs Daniel<\/em>, un jeune talent d\u2019une grande pr\u00e9cocit\u00e9, il est le seul repr\u00e9sentant du genre dans son pays et fait une carri\u00e8re internationale.<\/span><\/span><\/span><\/p>\n<p><span><span><span>&#8211; Belgique&nbsp;: <em>Nini Barton<\/em>, une boogie woman qui explore et cr\u00e9e de nouvelles formes de boogie, notamment une fusion avec la musique classique (ses \u00a0\u00bb&nbsp;sonates boogie&nbsp;\u00ab\u00a0).<\/span><\/span><\/span><\/p>\n<p><strong><span><span><span>La vocaliste<\/span><\/span><\/span><\/strong><\/p>\n<p><span><span><span><em>Apricia Lovano<\/em>, il est rare d\u2019apercevoir une jeune chanteuse capable de reproduire avec fid\u00e9lit\u00e9 le style des jazz women l\u00e9gendaires (Billie, Ella, \u2026), c\u2019est magique&nbsp;!!!<\/span><\/span><\/span><\/p>\n<p><strong><span><span><span>Les accompagnateurs<\/span><\/span><\/span><\/strong><\/p>\n<p><span><span><span><em>Tristan Patigny<\/em>, apr\u00e8s des \u00e9tudes classiques de percussion, voil\u00e0 un batteur fort appr\u00e9ci\u00e9 par les amateurs de swing.<\/span><\/span><\/span><\/p>\n<p><span><span><span><em>John Valcke<\/em>, passa de meilleur bassiste belge de rock, \u00e0 swingman qui assure une pulsation id\u00e9ale en jazz vintage.<\/span><\/span><\/span><\/p>\n<p><span><span><span>\u00c0 voir \u00e0 la&nbsp;<\/span><\/span><\/span><span><span><span><strong><span><span>Salle Java &#8211;&nbsp;<\/span><\/span><\/strong><\/span><\/span><\/span><span><span><span><strong><span><span>60, dr\u00e8ve Olympique \u2013 Anderlecht &#8211;&nbsp;<\/span><\/span><\/strong><\/span><\/span><\/span><span><span><span><strong><span><span>Samedi 26&nbsp;octobre 2024 \u00e0 20h00<\/span><\/span><\/strong><\/span><\/span><\/span><\/p>\n<p><span><span><span>infos, r\u00e9servations&nbsp;: <a href=\"mailto:swing.oasis@gmail.com\" target=\"_blank\" rel=\"nofollow\">swing.oasis@gmail.com<\/a><\/span><\/span><\/span><\/p>\n<p><span><span><span>site internet&nbsp;: <a href=\"http:\/\/www.swingoasis.be\" target=\"_blank\" rel=\"noopener nofollow\">www.swingoasis.be<\/a><\/span><\/span><\/span><\/p>\n<p> Cet article, qui traite du th\u00e8me \u00ab\u00a0Festival Jazz et musique en mode guinguette\u00a0\u00bb, vous est d\u00e9lib\u00e9r\u00e9ment offert par festivox.fr. La raison d\u2019\u00eatre de festivox.fr est de parler de Festival Jazz et musique en mode guinguette dans la transparence la plus g\u00e9n\u00e9rale en vous procurant la visibilit\u00e9 de tout ce qui est publi\u00e9 sur ce sujet sur le web La chronique a \u00e9t\u00e9 g\u00e9n\u00e9r\u00e9e de la mani\u00e8re la plus honn\u00eate que possible. S\u2019il advenait que vous projetez d\u2019apporter quelques notes concernant le domaine de \u00ab\u00a0Festival Jazz et musique en mode guinguette\u00a0\u00bb vous avez la possibilit\u00e9 de d&rsquo;\u00e9changer avec notre r\u00e9daction. Dans peu de temps, on mettra en ligne d&rsquo;autres informations pertinentes autour du sujet \u00ab\u00a0Festival Jazz et musique en mode guinguette\u00a0\u00bb. Ainsi, consultez r\u00e9guli\u00e8rement notre site.<\/p>\n","protected":false},"excerpt":{"rendered":"<p>Apr\u00e8s sept ann\u00e9es d\u2019absence du Brussels Boogie-Woogie Festival, un \u00e9v\u00e8nement unique en son genre en Belgique, revoici sous l\u2019\u00e9gide du Centre Culturel d\u2019Anderlecht en guise de red\u00e9marrage un mini \u2013 festival consacr\u00e9 au Boogie-Woogie.&nbsp;Cette fois un \u00e9largissement se fera vers des styles connexes&nbsp;: le blues et le swing. A voir le 26&nbsp;octobre. Pourquoi \u00ab\u00a0made in&hellip;<\/p>\n","protected":false},"author":1,"featured_media":1104,"comment_status":"closed","ping_status":"closed","sticky":false,"template":"","format":"standard","meta":{"footnotes":""},"categories":[3],"tags":[],"class_list":["post-1103","post","type-post","status-publish","format-standard","has-post-thumbnail","hentry","category-wiki-sur-festival-jazz-et-musique-en-mode-guinguette"],"yoast_head":"<!-- This site is optimized with the Yoast SEO plugin v27.5 - https:\/\/yoast.com\/product\/yoast-seo-wordpress\/ -->\n<title>Boogie-Woogie, Blues et Swing made in EU - le 26 octobre \u00e0 Anderlecht - FESTIVOX<\/title>\n<meta name=\"robots\" content=\"index, follow, max-snippet:-1, max-image-preview:large, max-video-preview:-1\" \/>\n<link rel=\"canonical\" href=\"https:\/\/www.festivox.fr\/blog\/boogie-woogie-blues-et-swing-made-in-eu-le-26-octobre-a-anderlecht\/\" \/>\n<meta property=\"og:locale\" content=\"fr_FR\" \/>\n<meta property=\"og:type\" content=\"article\" \/>\n<meta property=\"og:title\" content=\"Boogie-Woogie, Blues et Swing made in EU - le 26 octobre \u00e0 Anderlecht - FESTIVOX\" \/>\n<meta property=\"og:description\" content=\"Apr\u00e8s sept ann\u00e9es d\u2019absence du Brussels Boogie-Woogie Festival, un \u00e9v\u00e8nement unique en son genre en Belgique, revoici sous l\u2019\u00e9gide du Centre Culturel d\u2019Anderlecht en guise de red\u00e9marrage un mini \u2013 festival consacr\u00e9 au Boogie-Woogie.&nbsp;Cette fois un \u00e9largissement se fera vers des styles connexes&nbsp;: le blues et le swing. A voir le 26&nbsp;octobre. Pourquoi \u00ab\u00a0made in&hellip;\" \/>\n<meta property=\"og:url\" content=\"https:\/\/www.festivox.fr\/blog\/boogie-woogie-blues-et-swing-made-in-eu-le-26-octobre-a-anderlecht\/\" \/>\n<meta property=\"og:site_name\" content=\"FESTIVOX\" \/>\n<meta property=\"article:published_time\" content=\"2024-10-18T04:08:00+00:00\" \/>\n<meta property=\"og:image\" content=\"https:\/\/www.festivox.fr\/blog\/wp-content\/uploads\/2024\/10\/boogie-woogie-blues-et-swing-made-in-eu-le-26-octobre-a-anderlecht.jpg\" \/>\n<meta name=\"author\" content=\"Michele\" \/>\n<meta name=\"twitter:card\" content=\"summary_large_image\" \/>\n<meta name=\"twitter:label1\" content=\"\u00c9crit par\" \/>\n\t<meta name=\"twitter:data1\" content=\"Michele\" \/>\n\t<meta name=\"twitter:label2\" content=\"Dur\u00e9e de lecture estim\u00e9e\" \/>\n\t<meta name=\"twitter:data2\" content=\"3 minutes\" \/>\n<script type=\"application\/ld+json\" class=\"yoast-schema-graph\">{\"@context\":\"https:\\\/\\\/schema.org\",\"@graph\":[{\"@type\":\"Article\",\"@id\":\"https:\\\/\\\/www.festivox.fr\\\/blog\\\/boogie-woogie-blues-et-swing-made-in-eu-le-26-octobre-a-anderlecht\\\/#article\",\"isPartOf\":{\"@id\":\"https:\\\/\\\/www.festivox.fr\\\/blog\\\/boogie-woogie-blues-et-swing-made-in-eu-le-26-octobre-a-anderlecht\\\/\"},\"author\":{\"name\":\"Michele\",\"@id\":\"https:\\\/\\\/www.festivox.fr\\\/blog\\\/#\\\/schema\\\/person\\\/f36a8b6bc94800c3eafed4bca993ce95\"},\"headline\":\"Boogie-Woogie, Blues et Swing made in EU &#8211; le 26 octobre \u00e0 Anderlecht\",\"datePublished\":\"2024-10-18T04:08:00+00:00\",\"mainEntityOfPage\":{\"@id\":\"https:\\\/\\\/www.festivox.fr\\\/blog\\\/boogie-woogie-blues-et-swing-made-in-eu-le-26-octobre-a-anderlecht\\\/\"},\"wordCount\":560,\"publisher\":{\"@id\":\"https:\\\/\\\/www.festivox.fr\\\/blog\\\/#organization\"},\"image\":{\"@id\":\"https:\\\/\\\/www.festivox.fr\\\/blog\\\/boogie-woogie-blues-et-swing-made-in-eu-le-26-octobre-a-anderlecht\\\/#primaryimage\"},\"thumbnailUrl\":\"https:\\\/\\\/www.festivox.fr\\\/blog\\\/wp-content\\\/uploads\\\/2024\\\/10\\\/boogie-woogie-blues-et-swing-made-in-eu-le-26-octobre-a-anderlecht.jpg\",\"articleSection\":[\"Wiki Sur Festival Jazz Et Musique En Mode Guinguette:\"],\"inLanguage\":\"fr-FR\"},{\"@type\":\"WebPage\",\"@id\":\"https:\\\/\\\/www.festivox.fr\\\/blog\\\/boogie-woogie-blues-et-swing-made-in-eu-le-26-octobre-a-anderlecht\\\/\",\"url\":\"https:\\\/\\\/www.festivox.fr\\\/blog\\\/boogie-woogie-blues-et-swing-made-in-eu-le-26-octobre-a-anderlecht\\\/\",\"name\":\"Boogie-Woogie, Blues et Swing made in EU - le 26 octobre \u00e0 Anderlecht - FESTIVOX\",\"isPartOf\":{\"@id\":\"https:\\\/\\\/www.festivox.fr\\\/blog\\\/#website\"},\"primaryImageOfPage\":{\"@id\":\"https:\\\/\\\/www.festivox.fr\\\/blog\\\/boogie-woogie-blues-et-swing-made-in-eu-le-26-octobre-a-anderlecht\\\/#primaryimage\"},\"image\":{\"@id\":\"https:\\\/\\\/www.festivox.fr\\\/blog\\\/boogie-woogie-blues-et-swing-made-in-eu-le-26-octobre-a-anderlecht\\\/#primaryimage\"},\"thumbnailUrl\":\"https:\\\/\\\/www.festivox.fr\\\/blog\\\/wp-content\\\/uploads\\\/2024\\\/10\\\/boogie-woogie-blues-et-swing-made-in-eu-le-26-octobre-a-anderlecht.jpg\",\"datePublished\":\"2024-10-18T04:08:00+00:00\",\"breadcrumb\":{\"@id\":\"https:\\\/\\\/www.festivox.fr\\\/blog\\\/boogie-woogie-blues-et-swing-made-in-eu-le-26-octobre-a-anderlecht\\\/#breadcrumb\"},\"inLanguage\":\"fr-FR\",\"potentialAction\":[{\"@type\":\"ReadAction\",\"target\":[\"https:\\\/\\\/www.festivox.fr\\\/blog\\\/boogie-woogie-blues-et-swing-made-in-eu-le-26-octobre-a-anderlecht\\\/\"]}]},{\"@type\":\"ImageObject\",\"inLanguage\":\"fr-FR\",\"@id\":\"https:\\\/\\\/www.festivox.fr\\\/blog\\\/boogie-woogie-blues-et-swing-made-in-eu-le-26-octobre-a-anderlecht\\\/#primaryimage\",\"url\":\"https:\\\/\\\/www.festivox.fr\\\/blog\\\/wp-content\\\/uploads\\\/2024\\\/10\\\/boogie-woogie-blues-et-swing-made-in-eu-le-26-octobre-a-anderlecht.jpg\",\"contentUrl\":\"https:\\\/\\\/www.festivox.fr\\\/blog\\\/wp-content\\\/uploads\\\/2024\\\/10\\\/boogie-woogie-blues-et-swing-made-in-eu-le-26-octobre-a-anderlecht.jpg\",\"width\":1920,\"height\":1081},{\"@type\":\"BreadcrumbList\",\"@id\":\"https:\\\/\\\/www.festivox.fr\\\/blog\\\/boogie-woogie-blues-et-swing-made-in-eu-le-26-octobre-a-anderlecht\\\/#breadcrumb\",\"itemListElement\":[{\"@type\":\"ListItem\",\"position\":1,\"name\":\"Accueil\",\"item\":\"https:\\\/\\\/www.festivox.fr\\\/blog\\\/\"},{\"@type\":\"ListItem\",\"position\":2,\"name\":\"Boogie-Woogie, Blues et Swing made in EU &#8211; le 26 octobre \u00e0 Anderlecht\"}]},{\"@type\":\"WebSite\",\"@id\":\"https:\\\/\\\/www.festivox.fr\\\/blog\\\/#website\",\"url\":\"https:\\\/\\\/www.festivox.fr\\\/blog\\\/\",\"name\":\"FESTIVOX\",\"description\":\"Festival en mode guinguette.\",\"publisher\":{\"@id\":\"https:\\\/\\\/www.festivox.fr\\\/blog\\\/#organization\"},\"potentialAction\":[{\"@type\":\"SearchAction\",\"target\":{\"@type\":\"EntryPoint\",\"urlTemplate\":\"https:\\\/\\\/www.festivox.fr\\\/blog\\\/?s={search_term_string}\"},\"query-input\":{\"@type\":\"PropertyValueSpecification\",\"valueRequired\":true,\"valueName\":\"search_term_string\"}}],\"inLanguage\":\"fr-FR\"},{\"@type\":\"Organization\",\"@id\":\"https:\\\/\\\/www.festivox.fr\\\/blog\\\/#organization\",\"name\":\"festivox\",\"url\":\"https:\\\/\\\/www.festivox.fr\\\/blog\\\/\",\"logo\":{\"@type\":\"ImageObject\",\"inLanguage\":\"fr-FR\",\"@id\":\"https:\\\/\\\/www.festivox.fr\\\/blog\\\/#\\\/schema\\\/logo\\\/image\\\/\",\"url\":\"https:\\\/\\\/www.festivox.fr\\\/blog\\\/wp-content\\\/uploads\\\/2023\\\/06\\\/logo-2.png\",\"contentUrl\":\"https:\\\/\\\/www.festivox.fr\\\/blog\\\/wp-content\\\/uploads\\\/2023\\\/06\\\/logo-2.png\",\"width\":480,\"height\":160,\"caption\":\"festivox\"},\"image\":{\"@id\":\"https:\\\/\\\/www.festivox.fr\\\/blog\\\/#\\\/schema\\\/logo\\\/image\\\/\"}},{\"@type\":\"Person\",\"@id\":\"https:\\\/\\\/www.festivox.fr\\\/blog\\\/#\\\/schema\\\/person\\\/f36a8b6bc94800c3eafed4bca993ce95\",\"name\":\"Michele\",\"image\":{\"@type\":\"ImageObject\",\"inLanguage\":\"fr-FR\",\"@id\":\"https:\\\/\\\/secure.gravatar.com\\\/avatar\\\/b062046536b5d47ec9075956ec349ef95ed06b0f910c578f74abb318668b702e?s=96&d=mm&r=g\",\"url\":\"https:\\\/\\\/secure.gravatar.com\\\/avatar\\\/b062046536b5d47ec9075956ec349ef95ed06b0f910c578f74abb318668b702e?s=96&d=mm&r=g\",\"contentUrl\":\"https:\\\/\\\/secure.gravatar.com\\\/avatar\\\/b062046536b5d47ec9075956ec349ef95ed06b0f910c578f74abb318668b702e?s=96&d=mm&r=g\",\"caption\":\"Michele\"},\"sameAs\":[\"https:\\\/\\\/www.festivox.fr\\\/blog\"],\"url\":\"https:\\\/\\\/www.festivox.fr\\\/blog\\\/author\\\/voxadmin\\\/\"}]}<\/script>\n<!-- \/ Yoast SEO plugin. -->","yoast_head_json":{"title":"Boogie-Woogie, Blues et Swing made in EU - le 26 octobre \u00e0 Anderlecht - FESTIVOX","robots":{"index":"index","follow":"follow","max-snippet":"max-snippet:-1","max-image-preview":"max-image-preview:large","max-video-preview":"max-video-preview:-1"},"canonical":"https:\/\/www.festivox.fr\/blog\/boogie-woogie-blues-et-swing-made-in-eu-le-26-octobre-a-anderlecht\/","og_locale":"fr_FR","og_type":"article","og_title":"Boogie-Woogie, Blues et Swing made in EU - le 26 octobre \u00e0 Anderlecht - FESTIVOX","og_description":"Apr\u00e8s sept ann\u00e9es d\u2019absence du Brussels Boogie-Woogie Festival, un \u00e9v\u00e8nement unique en son genre en Belgique, revoici sous l\u2019\u00e9gide du Centre Culturel d\u2019Anderlecht en guise de red\u00e9marrage un mini \u2013 festival consacr\u00e9 au Boogie-Woogie.&nbsp;Cette fois un \u00e9largissement se fera vers des styles connexes&nbsp;: le blues et le swing. A voir le 26&nbsp;octobre. Pourquoi \u00ab\u00a0made in&hellip;","og_url":"https:\/\/www.festivox.fr\/blog\/boogie-woogie-blues-et-swing-made-in-eu-le-26-octobre-a-anderlecht\/","og_site_name":"FESTIVOX","article_published_time":"2024-10-18T04:08:00+00:00","og_image":[{"url":"https:\/\/www.festivox.fr\/blog\/wp-content\/uploads\/2024\/10\/boogie-woogie-blues-et-swing-made-in-eu-le-26-octobre-a-anderlecht.jpg","type":"","width":"","height":""}],"author":"Michele","twitter_card":"summary_large_image","twitter_misc":{"\u00c9crit par":"Michele","Dur\u00e9e de lecture estim\u00e9e":"3 minutes"},"schema":{"@context":"https:\/\/schema.org","@graph":[{"@type":"Article","@id":"https:\/\/www.festivox.fr\/blog\/boogie-woogie-blues-et-swing-made-in-eu-le-26-octobre-a-anderlecht\/#article","isPartOf":{"@id":"https:\/\/www.festivox.fr\/blog\/boogie-woogie-blues-et-swing-made-in-eu-le-26-octobre-a-anderlecht\/"},"author":{"name":"Michele","@id":"https:\/\/www.festivox.fr\/blog\/#\/schema\/person\/f36a8b6bc94800c3eafed4bca993ce95"},"headline":"Boogie-Woogie, Blues et Swing made in EU &#8211; le 26 octobre \u00e0 Anderlecht","datePublished":"2024-10-18T04:08:00+00:00","mainEntityOfPage":{"@id":"https:\/\/www.festivox.fr\/blog\/boogie-woogie-blues-et-swing-made-in-eu-le-26-octobre-a-anderlecht\/"},"wordCount":560,"publisher":{"@id":"https:\/\/www.festivox.fr\/blog\/#organization"},"image":{"@id":"https:\/\/www.festivox.fr\/blog\/boogie-woogie-blues-et-swing-made-in-eu-le-26-octobre-a-anderlecht\/#primaryimage"},"thumbnailUrl":"https:\/\/www.festivox.fr\/blog\/wp-content\/uploads\/2024\/10\/boogie-woogie-blues-et-swing-made-in-eu-le-26-octobre-a-anderlecht.jpg","articleSection":["Wiki Sur Festival Jazz Et Musique En Mode Guinguette:"],"inLanguage":"fr-FR"},{"@type":"WebPage","@id":"https:\/\/www.festivox.fr\/blog\/boogie-woogie-blues-et-swing-made-in-eu-le-26-octobre-a-anderlecht\/","url":"https:\/\/www.festivox.fr\/blog\/boogie-woogie-blues-et-swing-made-in-eu-le-26-octobre-a-anderlecht\/","name":"Boogie-Woogie, Blues et Swing made in EU - le 26 octobre \u00e0 Anderlecht - FESTIVOX","isPartOf":{"@id":"https:\/\/www.festivox.fr\/blog\/#website"},"primaryImageOfPage":{"@id":"https:\/\/www.festivox.fr\/blog\/boogie-woogie-blues-et-swing-made-in-eu-le-26-octobre-a-anderlecht\/#primaryimage"},"image":{"@id":"https:\/\/www.festivox.fr\/blog\/boogie-woogie-blues-et-swing-made-in-eu-le-26-octobre-a-anderlecht\/#primaryimage"},"thumbnailUrl":"https:\/\/www.festivox.fr\/blog\/wp-content\/uploads\/2024\/10\/boogie-woogie-blues-et-swing-made-in-eu-le-26-octobre-a-anderlecht.jpg","datePublished":"2024-10-18T04:08:00+00:00","breadcrumb":{"@id":"https:\/\/www.festivox.fr\/blog\/boogie-woogie-blues-et-swing-made-in-eu-le-26-octobre-a-anderlecht\/#breadcrumb"},"inLanguage":"fr-FR","potentialAction":[{"@type":"ReadAction","target":["https:\/\/www.festivox.fr\/blog\/boogie-woogie-blues-et-swing-made-in-eu-le-26-octobre-a-anderlecht\/"]}]},{"@type":"ImageObject","inLanguage":"fr-FR","@id":"https:\/\/www.festivox.fr\/blog\/boogie-woogie-blues-et-swing-made-in-eu-le-26-octobre-a-anderlecht\/#primaryimage","url":"https:\/\/www.festivox.fr\/blog\/wp-content\/uploads\/2024\/10\/boogie-woogie-blues-et-swing-made-in-eu-le-26-octobre-a-anderlecht.jpg","contentUrl":"https:\/\/www.festivox.fr\/blog\/wp-content\/uploads\/2024\/10\/boogie-woogie-blues-et-swing-made-in-eu-le-26-octobre-a-anderlecht.jpg","width":1920,"height":1081},{"@type":"BreadcrumbList","@id":"https:\/\/www.festivox.fr\/blog\/boogie-woogie-blues-et-swing-made-in-eu-le-26-octobre-a-anderlecht\/#breadcrumb","itemListElement":[{"@type":"ListItem","position":1,"name":"Accueil","item":"https:\/\/www.festivox.fr\/blog\/"},{"@type":"ListItem","position":2,"name":"Boogie-Woogie, Blues et Swing made in EU &#8211; le 26 octobre \u00e0 Anderlecht"}]},{"@type":"WebSite","@id":"https:\/\/www.festivox.fr\/blog\/#website","url":"https:\/\/www.festivox.fr\/blog\/","name":"FESTIVOX","description":"Festival en mode guinguette.","publisher":{"@id":"https:\/\/www.festivox.fr\/blog\/#organization"},"potentialAction":[{"@type":"SearchAction","target":{"@type":"EntryPoint","urlTemplate":"https:\/\/www.festivox.fr\/blog\/?s={search_term_string}"},"query-input":{"@type":"PropertyValueSpecification","valueRequired":true,"valueName":"search_term_string"}}],"inLanguage":"fr-FR"},{"@type":"Organization","@id":"https:\/\/www.festivox.fr\/blog\/#organization","name":"festivox","url":"https:\/\/www.festivox.fr\/blog\/","logo":{"@type":"ImageObject","inLanguage":"fr-FR","@id":"https:\/\/www.festivox.fr\/blog\/#\/schema\/logo\/image\/","url":"https:\/\/www.festivox.fr\/blog\/wp-content\/uploads\/2023\/06\/logo-2.png","contentUrl":"https:\/\/www.festivox.fr\/blog\/wp-content\/uploads\/2023\/06\/logo-2.png","width":480,"height":160,"caption":"festivox"},"image":{"@id":"https:\/\/www.festivox.fr\/blog\/#\/schema\/logo\/image\/"}},{"@type":"Person","@id":"https:\/\/www.festivox.fr\/blog\/#\/schema\/person\/f36a8b6bc94800c3eafed4bca993ce95","name":"Michele","image":{"@type":"ImageObject","inLanguage":"fr-FR","@id":"https:\/\/secure.gravatar.com\/avatar\/b062046536b5d47ec9075956ec349ef95ed06b0f910c578f74abb318668b702e?s=96&d=mm&r=g","url":"https:\/\/secure.gravatar.com\/avatar\/b062046536b5d47ec9075956ec349ef95ed06b0f910c578f74abb318668b702e?s=96&d=mm&r=g","contentUrl":"https:\/\/secure.gravatar.com\/avatar\/b062046536b5d47ec9075956ec349ef95ed06b0f910c578f74abb318668b702e?s=96&d=mm&r=g","caption":"Michele"},"sameAs":["https:\/\/www.festivox.fr\/blog"],"url":"https:\/\/www.festivox.fr\/blog\/author\/voxadmin\/"}]}},"_links":{"self":[{"href":"https:\/\/www.festivox.fr\/blog\/wp-json\/wp\/v2\/posts\/1103","targetHints":{"allow":["GET"]}}],"collection":[{"href":"https:\/\/www.festivox.fr\/blog\/wp-json\/wp\/v2\/posts"}],"about":[{"href":"https:\/\/www.festivox.fr\/blog\/wp-json\/wp\/v2\/types\/post"}],"author":[{"embeddable":true,"href":"https:\/\/www.festivox.fr\/blog\/wp-json\/wp\/v2\/users\/1"}],"replies":[{"embeddable":true,"href":"https:\/\/www.festivox.fr\/blog\/wp-json\/wp\/v2\/comments?post=1103"}],"version-history":[{"count":0,"href":"https:\/\/www.festivox.fr\/blog\/wp-json\/wp\/v2\/posts\/1103\/revisions"}],"wp:featuredmedia":[{"embeddable":true,"href":"https:\/\/www.festivox.fr\/blog\/wp-json\/wp\/v2\/media\/1104"}],"wp:attachment":[{"href":"https:\/\/www.festivox.fr\/blog\/wp-json\/wp\/v2\/media?parent=1103"}],"wp:term":[{"taxonomy":"category","embeddable":true,"href":"https:\/\/www.festivox.fr\/blog\/wp-json\/wp\/v2\/categories?post=1103"},{"taxonomy":"post_tag","embeddable":true,"href":"https:\/\/www.festivox.fr\/blog\/wp-json\/wp\/v2\/tags?post=1103"}],"curies":[{"name":"wp","href":"https:\/\/api.w.org\/{rel}","templated":true}]}}