{"id":1090,"date":"2024-09-29T03:13:00","date_gmt":"2024-09-29T01:13:00","guid":{"rendered":"https:\/\/www.festivox.fr\/blog\/le-grand-soufflet-un-courant-dair-venu-du-monde-entier-dans-le-pays-de-fougeres\/"},"modified":"2024-09-29T03:13:00","modified_gmt":"2024-09-29T01:13:00","slug":"le-grand-soufflet-un-courant-dair-venu-du-monde-entier-dans-le-pays-de-fougeres","status":"publish","type":"post","link":"https:\/\/www.festivox.fr\/blog\/le-grand-soufflet-un-courant-dair-venu-du-monde-entier-dans-le-pays-de-fougeres\/","title":{"rendered":"Le Grand soufflet, un courant d&rsquo;air venu du monde entier dans le Pays de Foug\u00e8res"},"content":{"rendered":"\n<div class=\"ac-article-date\"> Par <strong> <a href=\"https:\/\/actu.fr\/auteur\/herve-pittoni\" title=\"Consulter tous les articles de Herv\u00e9 Pittoni\" target=\"_blank\" rel=\"nofollow\">Herv\u00e9 Pittoni<\/a> <\/strong> <span> Publi\u00e9 le  29 sept. 2024 \u00e0 9h10  ; mis \u00e0 jour le 29 sept. 2024 \u00e0 9h12 <\/span>\n<\/div>\n<p> <span class=\"ac-article-follow__link\" data-trk=\"{&quot;cta&quot;:{&quot;action&quot;:&quot;https:\\\/\\\/actu.fr\\\/mon-actu&quot;,&quot;category&quot;:&quot;mon compte&quot;,&quot;from&quot;:&quot;article header&quot;,&quot;name&quot;:&quot;Voir mon actu&quot;,&quot;type&quot;:&quot;cta&quot;}}\">Voir mon actu<\/span> <button type=\"button\" class=\"ac-btn ac-btn--mini ac-btn--blue ac-icon--star-empty\" data-follow=\"Suivre La Chronique R\u00e9publicaine\" data-unfollow=\"Retirer\">Suivre La Chronique R\u00e9publicaine<\/button>\n<\/p>\n<p>Nouveau rendez-vous automnal pour le <a href=\"https:\/\/www.legrandsoufflet.fr\/\" target=\"_blank\" rel=\"nofollow\">festival Le Grand soufflet<\/a>. La vingt-neuvi\u00e8me \u00e9dition se d\u00e9roulera dans le d\u00e9partement du 2 au 12 octobre. Et se d\u00e9clinera de nouveau dans le Pays de Foug\u00e8res, et \u00e0 Saint-Aubin-du-Cormier.<\/p>\n<p>Dans le Pays de <a href=\"https:\/\/actu.fr\/bretagne\/fougeres_35115\/\" target=\"_blank\" rel=\"nofollow\">Foug\u00e8res<\/a>, cinq concerts et un stage sont propos\u00e9s par&nbsp; les cinq partenaires : Couesnon-Marches de Bretagne, Foug\u00e8res agglo (centre culturel), la Granjagoul (Parc\u00e9), Le Coquelicot (Foug\u00e8res) et la Ferme En-champ-t\u00e9e (Mell\u00e9). \u00ab&nbsp;Une programmation qui est le reflet de celle du Grand soufflet, d\u00e9di\u00e9e \u00e0 la musique du monde&nbsp;\u00bb, situe Anne-Laure Tanguy.<\/p>\n<h2>Dans le Pays de Foug\u00e8res<\/h2>\n<p><b>Vendredi 4 octobre : <\/b>Oriane Lacaille. Oriane Lacaille porte en elle le m\u00e9tissage cr\u00e9ole de la R\u00e9union, et incarne un univers musical empreint du th\u00e8me du voyage. 12 h 45, espace social et culturel commun, Maen Roch. Pause du midi : apportez votre sandwich. Gratuit.<\/p>\n<figure class=\"ac-article-content__figure\">\n<div class=\"ac-article-content__img\"> <img decoding=\"async\" loading=\"lazy\" class=\"size-large\" src=\"https:\/\/www.festivox.fr\/blog\/wp-content\/uploads\/2024\/09\/le-grand-soufflet-un-courant-dair-venu-du-monde-entier-dans-le-pays-de-fougeres.jpg\" alt=\"Oriane Lacaille sera le vendredi 4 oct\" width=\"960\" height=\"640\"><\/div><figcaption>Oriane Lacaille sera le vendredi 4 oct&nbsp;\u00bbobre \u00e0 Maen Roch pour un \u00ab&nbsp;concert sandwich (gratuit). \u00a9DR Le Grand soufflet<\/figcaption><\/figure>\n<p><b>Samedi 5 octobre :<\/b> Christine Zayed. Chants traditionnels arabes et qanun (cithare). Christine Zayed, originaire de Palestine, propose une vir\u00e9e chant et musique en compagnie d\u2019une virtuose du qanun. 16 h, la ferme En-champ-t\u00e9e, Mell\u00e9. Premi\u00e8re partie avec Caroline Daney (slam, po\u00e9sie). 10 \u20ac \u00e0 13 \u20ac. , D\u00e8s 14 h 30, visite de la ferme.<\/p>\n<p><b>Jeudi 10 octobre :<\/b> Titi Robin quartet. Musique tzigane et orientale. 20 h, th\u00e9\u00e2tre Victor-Hugo, Foug\u00e8res, 17 \u20ac et r\u00e9duit. Organisation centre culturel Juliette-Drouet.&nbsp;<\/p>\n<figure id=\"dailymotion-embed-x7dyep\" class=\"ac-embed ac-embed--dailymotion ac-embed--inread3\" data-provider=\"dailymotion\"><figcaption>Vid\u00e9os : en ce moment sur Actu<\/figcaption><\/figure>\n<p><b>Vendredi 11 octobre :<\/b> An eagle in your mind. Folk psych\u00e9d\u00e9lique avec un duo guitare-harmonium indien, percussions. 21 h, Le Coquelicot, rue de Vitr\u00e9, Foug\u00e8res. Organisation association Le Jazz et la Java. 10, 70 \u20ac et r\u00e9duits.<\/p>\n<p><b>Samedi 12 octobre :<\/b>&nbsp; Davide Ambrogio. Chants rituels de Calabre (voix, lyre, guitare, tambourin, zampogna avec des sonorit\u00e9s \u00e9lectro). 20 h 30, centre culturel du Coglais, Les Portes du Coglais (Montours).12 \u20ac et r\u00e9duits, r\u00e9servation conseill\u00e9e. Le samedi 5 octobre, \u00e0 9 h 45, atelier de cuisine italienne avec l\u2019association rennaise Aria Nova, \u00e0 l\u2019ESCC de Maen Roch (sur r\u00e9servation).<\/p>\n<div class=\"ac-article-to-read\">\n<p>\u00c0 lire aussi<\/p>\n<\/div>\n<p>Stage avec la Granjagoul : Janick Martin animera ce stage d\u2019accord\u00e9on diatonique le samedi 12 octobre \u00e0 la Granjagoul. 25 \u20ac, inscription imp\u00e9rative pour les rares places encore disponibles.<\/p>\n<figure class=\"ac-article-content__figure\">\n<div class=\"ac-article-content__img\"> <img decoding=\"async\" loading=\"lazy\" class=\"size-large\" src=\"https:\/\/www.festivox.fr\/blog\/wp-content\/uploads\/2024\/09\/le-grand-soufflet-un-courant-dair-venu-du-monde-entier-dans-le-pays-de-fougeres-1.jpg\" alt=\"Christine Zayed\" width=\"960\" height=\"640\"><\/div><figcaption>Christine Zayed \u00a9DR Le Grand soufflet<\/figcaption><\/figure>\n<h2>Denez \u00e0 Saint-Aubin<\/h2>\n<p>Denez Prigent proposera son spectacle Stur an avel, o\u00f9 il m\u00eame musiques actuelles et musiques ancestrales. Vendredi 11 octobre, 20 h 30, espace Bel air, Saint-Aubin-du-Cormier. 24 \u20ac et r\u00e9duits.<\/p>\n<p>La m\u00e9diath\u00e8que de Saint-Aubin-du-Cormier propose une exposition sur le chant tradiitonnel en Haute Bretagne, du 30 septembre au 14 octobre.<\/p>\n<p><i>Suivez toute l\u2019actualit\u00e9 de vos villes et m\u00e9dias favoris en vous inscrivant \u00e0 <a href=\"https:\/\/moncompte.actu.fr\" title=\"D\u00e9couvez Mon Actu\" rel=\"nofollow\" data-trk=\"{&quot;cta&quot;:{&quot;action&quot;:&quot;https:\\\/\\\/moncompte.actu.fr&quot;,&quot;category&quot;:&quot;mon compte&quot;,&quot;from&quot;:&quot;article footer&quot;,&quot;name&quot;:&quot;Mon actu&quot;,&quot;type&quot;:&quot;cta&quot;}}\" target=\"_blank\">Mon Actu<\/a>.<\/i><\/p>\n<p> Cet article, qui traite du th\u00e8me \u00ab\u00a0Festival Jazz et musique en mode guinguette\u00a0\u00bb, vous est d\u00e9lib\u00e9r\u00e9ment offert par festivox.fr. La raison d\u2019\u00eatre de festivox.fr est de parler de Festival Jazz et musique en mode guinguette dans la transparence la plus g\u00e9n\u00e9rale en vous procurant la visibilit\u00e9 de tout ce qui est publi\u00e9 sur ce sujet sur le web La chronique a \u00e9t\u00e9 g\u00e9n\u00e9r\u00e9e de la mani\u00e8re la plus honn\u00eate que possible. S\u2019il advenait que vous projetez d\u2019apporter quelques notes concernant le domaine de \u00ab\u00a0Festival Jazz et musique en mode guinguette\u00a0\u00bb vous avez la possibilit\u00e9 de d&rsquo;\u00e9changer avec notre r\u00e9daction. Dans peu de temps, on mettra en ligne d&rsquo;autres informations pertinentes autour du sujet \u00ab\u00a0Festival Jazz et musique en mode guinguette\u00a0\u00bb. Ainsi, consultez r\u00e9guli\u00e8rement notre site.<\/p>\n","protected":false},"excerpt":{"rendered":"<p>Par Herv\u00e9 Pittoni Publi\u00e9 le 29 sept. 2024 \u00e0 9h10 ; mis \u00e0 jour le 29 sept. 2024 \u00e0 9h12 Voir mon actu Suivre La Chronique R\u00e9publicaine Nouveau rendez-vous automnal pour le festival Le Grand soufflet. La vingt-neuvi\u00e8me \u00e9dition se d\u00e9roulera dans le d\u00e9partement du 2 au 12 octobre. Et se d\u00e9clinera de nouveau dans&hellip;<\/p>\n","protected":false},"author":1,"featured_media":1091,"comment_status":"closed","ping_status":"closed","sticky":false,"template":"","format":"standard","meta":{"footnotes":""},"categories":[3],"tags":[],"class_list":["post-1090","post","type-post","status-publish","format-standard","has-post-thumbnail","hentry","category-wiki-sur-festival-jazz-et-musique-en-mode-guinguette"],"yoast_head":"<!-- This site is optimized with the Yoast SEO plugin v27.5 - https:\/\/yoast.com\/product\/yoast-seo-wordpress\/ -->\n<title>Le Grand soufflet, un courant d&#039;air venu du monde entier dans le Pays de Foug\u00e8res - FESTIVOX<\/title>\n<meta name=\"robots\" content=\"index, follow, max-snippet:-1, max-image-preview:large, max-video-preview:-1\" \/>\n<link rel=\"canonical\" href=\"https:\/\/www.festivox.fr\/blog\/le-grand-soufflet-un-courant-dair-venu-du-monde-entier-dans-le-pays-de-fougeres\/\" \/>\n<meta property=\"og:locale\" content=\"fr_FR\" \/>\n<meta property=\"og:type\" content=\"article\" \/>\n<meta property=\"og:title\" content=\"Le Grand soufflet, un courant d&#039;air venu du monde entier dans le Pays de Foug\u00e8res - FESTIVOX\" \/>\n<meta property=\"og:description\" content=\"Par Herv\u00e9 Pittoni Publi\u00e9 le 29 sept. 2024 \u00e0 9h10 ; mis \u00e0 jour le 29 sept. 2024 \u00e0 9h12 Voir mon actu Suivre La Chronique R\u00e9publicaine Nouveau rendez-vous automnal pour le festival Le Grand soufflet. La vingt-neuvi\u00e8me \u00e9dition se d\u00e9roulera dans le d\u00e9partement du 2 au 12 octobre. Et se d\u00e9clinera de nouveau dans&hellip;\" \/>\n<meta property=\"og:url\" content=\"https:\/\/www.festivox.fr\/blog\/le-grand-soufflet-un-courant-dair-venu-du-monde-entier-dans-le-pays-de-fougeres\/\" \/>\n<meta property=\"og:site_name\" content=\"FESTIVOX\" \/>\n<meta property=\"article:published_time\" content=\"2024-09-29T01:13:00+00:00\" \/>\n<meta property=\"og:image\" content=\"https:\/\/www.festivox.fr\/blog\/wp-content\/uploads\/2024\/09\/le-grand-soufflet-un-courant-dair-venu-du-monde-entier-dans-le-pays-de-fougeres.jpg\" \/>\n<meta name=\"author\" content=\"Michele\" \/>\n<meta name=\"twitter:card\" content=\"summary_large_image\" \/>\n<meta name=\"twitter:label1\" content=\"\u00c9crit par\" \/>\n\t<meta name=\"twitter:data1\" content=\"Michele\" \/>\n\t<meta name=\"twitter:label2\" content=\"Dur\u00e9e de lecture estim\u00e9e\" \/>\n\t<meta name=\"twitter:data2\" content=\"3 minutes\" \/>\n<script type=\"application\/ld+json\" class=\"yoast-schema-graph\">{\"@context\":\"https:\\\/\\\/schema.org\",\"@graph\":[{\"@type\":\"Article\",\"@id\":\"https:\\\/\\\/www.festivox.fr\\\/blog\\\/le-grand-soufflet-un-courant-dair-venu-du-monde-entier-dans-le-pays-de-fougeres\\\/#article\",\"isPartOf\":{\"@id\":\"https:\\\/\\\/www.festivox.fr\\\/blog\\\/le-grand-soufflet-un-courant-dair-venu-du-monde-entier-dans-le-pays-de-fougeres\\\/\"},\"author\":{\"name\":\"Michele\",\"@id\":\"https:\\\/\\\/www.festivox.fr\\\/blog\\\/#\\\/schema\\\/person\\\/f36a8b6bc94800c3eafed4bca993ce95\"},\"headline\":\"Le Grand soufflet, un courant d&rsquo;air venu du monde entier dans le Pays de Foug\u00e8res\",\"datePublished\":\"2024-09-29T01:13:00+00:00\",\"mainEntityOfPage\":{\"@id\":\"https:\\\/\\\/www.festivox.fr\\\/blog\\\/le-grand-soufflet-un-courant-dair-venu-du-monde-entier-dans-le-pays-de-fougeres\\\/\"},\"wordCount\":625,\"publisher\":{\"@id\":\"https:\\\/\\\/www.festivox.fr\\\/blog\\\/#organization\"},\"image\":{\"@id\":\"https:\\\/\\\/www.festivox.fr\\\/blog\\\/le-grand-soufflet-un-courant-dair-venu-du-monde-entier-dans-le-pays-de-fougeres\\\/#primaryimage\"},\"thumbnailUrl\":\"https:\\\/\\\/www.festivox.fr\\\/blog\\\/wp-content\\\/uploads\\\/2024\\\/09\\\/le-grand-soufflet-un-courant-dair-venu-du-monde-entier-dans-le-pays-de-fougeres.jpg\",\"articleSection\":[\"Wiki Sur Festival Jazz Et Musique En Mode Guinguette:\"],\"inLanguage\":\"fr-FR\"},{\"@type\":\"WebPage\",\"@id\":\"https:\\\/\\\/www.festivox.fr\\\/blog\\\/le-grand-soufflet-un-courant-dair-venu-du-monde-entier-dans-le-pays-de-fougeres\\\/\",\"url\":\"https:\\\/\\\/www.festivox.fr\\\/blog\\\/le-grand-soufflet-un-courant-dair-venu-du-monde-entier-dans-le-pays-de-fougeres\\\/\",\"name\":\"Le Grand soufflet, un courant d'air venu du monde entier dans le Pays de Foug\u00e8res - FESTIVOX\",\"isPartOf\":{\"@id\":\"https:\\\/\\\/www.festivox.fr\\\/blog\\\/#website\"},\"primaryImageOfPage\":{\"@id\":\"https:\\\/\\\/www.festivox.fr\\\/blog\\\/le-grand-soufflet-un-courant-dair-venu-du-monde-entier-dans-le-pays-de-fougeres\\\/#primaryimage\"},\"image\":{\"@id\":\"https:\\\/\\\/www.festivox.fr\\\/blog\\\/le-grand-soufflet-un-courant-dair-venu-du-monde-entier-dans-le-pays-de-fougeres\\\/#primaryimage\"},\"thumbnailUrl\":\"https:\\\/\\\/www.festivox.fr\\\/blog\\\/wp-content\\\/uploads\\\/2024\\\/09\\\/le-grand-soufflet-un-courant-dair-venu-du-monde-entier-dans-le-pays-de-fougeres.jpg\",\"datePublished\":\"2024-09-29T01:13:00+00:00\",\"breadcrumb\":{\"@id\":\"https:\\\/\\\/www.festivox.fr\\\/blog\\\/le-grand-soufflet-un-courant-dair-venu-du-monde-entier-dans-le-pays-de-fougeres\\\/#breadcrumb\"},\"inLanguage\":\"fr-FR\",\"potentialAction\":[{\"@type\":\"ReadAction\",\"target\":[\"https:\\\/\\\/www.festivox.fr\\\/blog\\\/le-grand-soufflet-un-courant-dair-venu-du-monde-entier-dans-le-pays-de-fougeres\\\/\"]}]},{\"@type\":\"ImageObject\",\"inLanguage\":\"fr-FR\",\"@id\":\"https:\\\/\\\/www.festivox.fr\\\/blog\\\/le-grand-soufflet-un-courant-dair-venu-du-monde-entier-dans-le-pays-de-fougeres\\\/#primaryimage\",\"url\":\"https:\\\/\\\/www.festivox.fr\\\/blog\\\/wp-content\\\/uploads\\\/2024\\\/09\\\/le-grand-soufflet-un-courant-dair-venu-du-monde-entier-dans-le-pays-de-fougeres.jpg\",\"contentUrl\":\"https:\\\/\\\/www.festivox.fr\\\/blog\\\/wp-content\\\/uploads\\\/2024\\\/09\\\/le-grand-soufflet-un-courant-dair-venu-du-monde-entier-dans-le-pays-de-fougeres.jpg\",\"width\":960,\"height\":640},{\"@type\":\"BreadcrumbList\",\"@id\":\"https:\\\/\\\/www.festivox.fr\\\/blog\\\/le-grand-soufflet-un-courant-dair-venu-du-monde-entier-dans-le-pays-de-fougeres\\\/#breadcrumb\",\"itemListElement\":[{\"@type\":\"ListItem\",\"position\":1,\"name\":\"Accueil\",\"item\":\"https:\\\/\\\/www.festivox.fr\\\/blog\\\/\"},{\"@type\":\"ListItem\",\"position\":2,\"name\":\"Le Grand soufflet, un courant d&rsquo;air venu du monde entier dans le Pays de Foug\u00e8res\"}]},{\"@type\":\"WebSite\",\"@id\":\"https:\\\/\\\/www.festivox.fr\\\/blog\\\/#website\",\"url\":\"https:\\\/\\\/www.festivox.fr\\\/blog\\\/\",\"name\":\"FESTIVOX\",\"description\":\"Festival en mode guinguette.\",\"publisher\":{\"@id\":\"https:\\\/\\\/www.festivox.fr\\\/blog\\\/#organization\"},\"potentialAction\":[{\"@type\":\"SearchAction\",\"target\":{\"@type\":\"EntryPoint\",\"urlTemplate\":\"https:\\\/\\\/www.festivox.fr\\\/blog\\\/?s={search_term_string}\"},\"query-input\":{\"@type\":\"PropertyValueSpecification\",\"valueRequired\":true,\"valueName\":\"search_term_string\"}}],\"inLanguage\":\"fr-FR\"},{\"@type\":\"Organization\",\"@id\":\"https:\\\/\\\/www.festivox.fr\\\/blog\\\/#organization\",\"name\":\"festivox\",\"url\":\"https:\\\/\\\/www.festivox.fr\\\/blog\\\/\",\"logo\":{\"@type\":\"ImageObject\",\"inLanguage\":\"fr-FR\",\"@id\":\"https:\\\/\\\/www.festivox.fr\\\/blog\\\/#\\\/schema\\\/logo\\\/image\\\/\",\"url\":\"https:\\\/\\\/www.festivox.fr\\\/blog\\\/wp-content\\\/uploads\\\/2023\\\/06\\\/logo-2.png\",\"contentUrl\":\"https:\\\/\\\/www.festivox.fr\\\/blog\\\/wp-content\\\/uploads\\\/2023\\\/06\\\/logo-2.png\",\"width\":480,\"height\":160,\"caption\":\"festivox\"},\"image\":{\"@id\":\"https:\\\/\\\/www.festivox.fr\\\/blog\\\/#\\\/schema\\\/logo\\\/image\\\/\"}},{\"@type\":\"Person\",\"@id\":\"https:\\\/\\\/www.festivox.fr\\\/blog\\\/#\\\/schema\\\/person\\\/f36a8b6bc94800c3eafed4bca993ce95\",\"name\":\"Michele\",\"image\":{\"@type\":\"ImageObject\",\"inLanguage\":\"fr-FR\",\"@id\":\"https:\\\/\\\/secure.gravatar.com\\\/avatar\\\/b062046536b5d47ec9075956ec349ef95ed06b0f910c578f74abb318668b702e?s=96&d=mm&r=g\",\"url\":\"https:\\\/\\\/secure.gravatar.com\\\/avatar\\\/b062046536b5d47ec9075956ec349ef95ed06b0f910c578f74abb318668b702e?s=96&d=mm&r=g\",\"contentUrl\":\"https:\\\/\\\/secure.gravatar.com\\\/avatar\\\/b062046536b5d47ec9075956ec349ef95ed06b0f910c578f74abb318668b702e?s=96&d=mm&r=g\",\"caption\":\"Michele\"},\"sameAs\":[\"https:\\\/\\\/www.festivox.fr\\\/blog\"],\"url\":\"https:\\\/\\\/www.festivox.fr\\\/blog\\\/author\\\/voxadmin\\\/\"}]}<\/script>\n<!-- \/ Yoast SEO plugin. -->","yoast_head_json":{"title":"Le Grand soufflet, un courant d'air venu du monde entier dans le Pays de Foug\u00e8res - FESTIVOX","robots":{"index":"index","follow":"follow","max-snippet":"max-snippet:-1","max-image-preview":"max-image-preview:large","max-video-preview":"max-video-preview:-1"},"canonical":"https:\/\/www.festivox.fr\/blog\/le-grand-soufflet-un-courant-dair-venu-du-monde-entier-dans-le-pays-de-fougeres\/","og_locale":"fr_FR","og_type":"article","og_title":"Le Grand soufflet, un courant d'air venu du monde entier dans le Pays de Foug\u00e8res - FESTIVOX","og_description":"Par Herv\u00e9 Pittoni Publi\u00e9 le 29 sept. 2024 \u00e0 9h10 ; mis \u00e0 jour le 29 sept. 2024 \u00e0 9h12 Voir mon actu Suivre La Chronique R\u00e9publicaine Nouveau rendez-vous automnal pour le festival Le Grand soufflet. La vingt-neuvi\u00e8me \u00e9dition se d\u00e9roulera dans le d\u00e9partement du 2 au 12 octobre. Et se d\u00e9clinera de nouveau dans&hellip;","og_url":"https:\/\/www.festivox.fr\/blog\/le-grand-soufflet-un-courant-dair-venu-du-monde-entier-dans-le-pays-de-fougeres\/","og_site_name":"FESTIVOX","article_published_time":"2024-09-29T01:13:00+00:00","og_image":[{"url":"https:\/\/www.festivox.fr\/blog\/wp-content\/uploads\/2024\/09\/le-grand-soufflet-un-courant-dair-venu-du-monde-entier-dans-le-pays-de-fougeres.jpg","type":"","width":"","height":""}],"author":"Michele","twitter_card":"summary_large_image","twitter_misc":{"\u00c9crit par":"Michele","Dur\u00e9e de lecture estim\u00e9e":"3 minutes"},"schema":{"@context":"https:\/\/schema.org","@graph":[{"@type":"Article","@id":"https:\/\/www.festivox.fr\/blog\/le-grand-soufflet-un-courant-dair-venu-du-monde-entier-dans-le-pays-de-fougeres\/#article","isPartOf":{"@id":"https:\/\/www.festivox.fr\/blog\/le-grand-soufflet-un-courant-dair-venu-du-monde-entier-dans-le-pays-de-fougeres\/"},"author":{"name":"Michele","@id":"https:\/\/www.festivox.fr\/blog\/#\/schema\/person\/f36a8b6bc94800c3eafed4bca993ce95"},"headline":"Le Grand soufflet, un courant d&rsquo;air venu du monde entier dans le Pays de Foug\u00e8res","datePublished":"2024-09-29T01:13:00+00:00","mainEntityOfPage":{"@id":"https:\/\/www.festivox.fr\/blog\/le-grand-soufflet-un-courant-dair-venu-du-monde-entier-dans-le-pays-de-fougeres\/"},"wordCount":625,"publisher":{"@id":"https:\/\/www.festivox.fr\/blog\/#organization"},"image":{"@id":"https:\/\/www.festivox.fr\/blog\/le-grand-soufflet-un-courant-dair-venu-du-monde-entier-dans-le-pays-de-fougeres\/#primaryimage"},"thumbnailUrl":"https:\/\/www.festivox.fr\/blog\/wp-content\/uploads\/2024\/09\/le-grand-soufflet-un-courant-dair-venu-du-monde-entier-dans-le-pays-de-fougeres.jpg","articleSection":["Wiki Sur Festival Jazz Et Musique En Mode Guinguette:"],"inLanguage":"fr-FR"},{"@type":"WebPage","@id":"https:\/\/www.festivox.fr\/blog\/le-grand-soufflet-un-courant-dair-venu-du-monde-entier-dans-le-pays-de-fougeres\/","url":"https:\/\/www.festivox.fr\/blog\/le-grand-soufflet-un-courant-dair-venu-du-monde-entier-dans-le-pays-de-fougeres\/","name":"Le Grand soufflet, un courant d'air venu du monde entier dans le Pays de Foug\u00e8res - FESTIVOX","isPartOf":{"@id":"https:\/\/www.festivox.fr\/blog\/#website"},"primaryImageOfPage":{"@id":"https:\/\/www.festivox.fr\/blog\/le-grand-soufflet-un-courant-dair-venu-du-monde-entier-dans-le-pays-de-fougeres\/#primaryimage"},"image":{"@id":"https:\/\/www.festivox.fr\/blog\/le-grand-soufflet-un-courant-dair-venu-du-monde-entier-dans-le-pays-de-fougeres\/#primaryimage"},"thumbnailUrl":"https:\/\/www.festivox.fr\/blog\/wp-content\/uploads\/2024\/09\/le-grand-soufflet-un-courant-dair-venu-du-monde-entier-dans-le-pays-de-fougeres.jpg","datePublished":"2024-09-29T01:13:00+00:00","breadcrumb":{"@id":"https:\/\/www.festivox.fr\/blog\/le-grand-soufflet-un-courant-dair-venu-du-monde-entier-dans-le-pays-de-fougeres\/#breadcrumb"},"inLanguage":"fr-FR","potentialAction":[{"@type":"ReadAction","target":["https:\/\/www.festivox.fr\/blog\/le-grand-soufflet-un-courant-dair-venu-du-monde-entier-dans-le-pays-de-fougeres\/"]}]},{"@type":"ImageObject","inLanguage":"fr-FR","@id":"https:\/\/www.festivox.fr\/blog\/le-grand-soufflet-un-courant-dair-venu-du-monde-entier-dans-le-pays-de-fougeres\/#primaryimage","url":"https:\/\/www.festivox.fr\/blog\/wp-content\/uploads\/2024\/09\/le-grand-soufflet-un-courant-dair-venu-du-monde-entier-dans-le-pays-de-fougeres.jpg","contentUrl":"https:\/\/www.festivox.fr\/blog\/wp-content\/uploads\/2024\/09\/le-grand-soufflet-un-courant-dair-venu-du-monde-entier-dans-le-pays-de-fougeres.jpg","width":960,"height":640},{"@type":"BreadcrumbList","@id":"https:\/\/www.festivox.fr\/blog\/le-grand-soufflet-un-courant-dair-venu-du-monde-entier-dans-le-pays-de-fougeres\/#breadcrumb","itemListElement":[{"@type":"ListItem","position":1,"name":"Accueil","item":"https:\/\/www.festivox.fr\/blog\/"},{"@type":"ListItem","position":2,"name":"Le Grand soufflet, un courant d&rsquo;air venu du monde entier dans le Pays de Foug\u00e8res"}]},{"@type":"WebSite","@id":"https:\/\/www.festivox.fr\/blog\/#website","url":"https:\/\/www.festivox.fr\/blog\/","name":"FESTIVOX","description":"Festival en mode guinguette.","publisher":{"@id":"https:\/\/www.festivox.fr\/blog\/#organization"},"potentialAction":[{"@type":"SearchAction","target":{"@type":"EntryPoint","urlTemplate":"https:\/\/www.festivox.fr\/blog\/?s={search_term_string}"},"query-input":{"@type":"PropertyValueSpecification","valueRequired":true,"valueName":"search_term_string"}}],"inLanguage":"fr-FR"},{"@type":"Organization","@id":"https:\/\/www.festivox.fr\/blog\/#organization","name":"festivox","url":"https:\/\/www.festivox.fr\/blog\/","logo":{"@type":"ImageObject","inLanguage":"fr-FR","@id":"https:\/\/www.festivox.fr\/blog\/#\/schema\/logo\/image\/","url":"https:\/\/www.festivox.fr\/blog\/wp-content\/uploads\/2023\/06\/logo-2.png","contentUrl":"https:\/\/www.festivox.fr\/blog\/wp-content\/uploads\/2023\/06\/logo-2.png","width":480,"height":160,"caption":"festivox"},"image":{"@id":"https:\/\/www.festivox.fr\/blog\/#\/schema\/logo\/image\/"}},{"@type":"Person","@id":"https:\/\/www.festivox.fr\/blog\/#\/schema\/person\/f36a8b6bc94800c3eafed4bca993ce95","name":"Michele","image":{"@type":"ImageObject","inLanguage":"fr-FR","@id":"https:\/\/secure.gravatar.com\/avatar\/b062046536b5d47ec9075956ec349ef95ed06b0f910c578f74abb318668b702e?s=96&d=mm&r=g","url":"https:\/\/secure.gravatar.com\/avatar\/b062046536b5d47ec9075956ec349ef95ed06b0f910c578f74abb318668b702e?s=96&d=mm&r=g","contentUrl":"https:\/\/secure.gravatar.com\/avatar\/b062046536b5d47ec9075956ec349ef95ed06b0f910c578f74abb318668b702e?s=96&d=mm&r=g","caption":"Michele"},"sameAs":["https:\/\/www.festivox.fr\/blog"],"url":"https:\/\/www.festivox.fr\/blog\/author\/voxadmin\/"}]}},"_links":{"self":[{"href":"https:\/\/www.festivox.fr\/blog\/wp-json\/wp\/v2\/posts\/1090","targetHints":{"allow":["GET"]}}],"collection":[{"href":"https:\/\/www.festivox.fr\/blog\/wp-json\/wp\/v2\/posts"}],"about":[{"href":"https:\/\/www.festivox.fr\/blog\/wp-json\/wp\/v2\/types\/post"}],"author":[{"embeddable":true,"href":"https:\/\/www.festivox.fr\/blog\/wp-json\/wp\/v2\/users\/1"}],"replies":[{"embeddable":true,"href":"https:\/\/www.festivox.fr\/blog\/wp-json\/wp\/v2\/comments?post=1090"}],"version-history":[{"count":0,"href":"https:\/\/www.festivox.fr\/blog\/wp-json\/wp\/v2\/posts\/1090\/revisions"}],"wp:featuredmedia":[{"embeddable":true,"href":"https:\/\/www.festivox.fr\/blog\/wp-json\/wp\/v2\/media\/1091"}],"wp:attachment":[{"href":"https:\/\/www.festivox.fr\/blog\/wp-json\/wp\/v2\/media?parent=1090"}],"wp:term":[{"taxonomy":"category","embeddable":true,"href":"https:\/\/www.festivox.fr\/blog\/wp-json\/wp\/v2\/categories?post=1090"},{"taxonomy":"post_tag","embeddable":true,"href":"https:\/\/www.festivox.fr\/blog\/wp-json\/wp\/v2\/tags?post=1090"}],"curies":[{"name":"wp","href":"https:\/\/api.w.org\/{rel}","templated":true}]}}