{"id":1061,"date":"2024-09-12T19:54:00","date_gmt":"2024-09-12T17:54:00","guid":{"rendered":"https:\/\/www.festivox.fr\/blog\/focal-bathys-le-casque-qui-fait-vibrer-vos-oreilles-et-vos-journees-est-au-prix-le-plus-bas-du-marche\/"},"modified":"2024-09-12T19:54:00","modified_gmt":"2024-09-12T17:54:00","slug":"focal-bathys-le-casque-qui-fait-vibrer-vos-oreilles-et-vos-journees-est-au-prix-le-plus-bas-du-marche","status":"publish","type":"post","link":"https:\/\/www.festivox.fr\/blog\/focal-bathys-le-casque-qui-fait-vibrer-vos-oreilles-et-vos-journees-est-au-prix-le-plus-bas-du-marche\/","title":{"rendered":"Focal Bathys : le casque qui fait vibrer vos oreilles et vos journ\u00e9es est au prix le plus bas du march\u00e9"},"content":{"rendered":"\n<div><img decoding=\"async\" src=\"https:\/\/www.festivox.fr\/blog\/wp-content\/uploads\/2024\/09\/focal-bathys-le-casque-qui-fait-vibrer-vos-oreilles-et-vos-journees-est-au-prix-le-plus-bas-du-marche.jpg\" class=\"ff-og-image-inserted\"><\/div>\n<p>Vous cherchez le casque qui allie style, confort et un son qui d\u00e9coiffe&nbsp;? Laissez-moi vous pr\u00e9senter le Focal Bathys, un casque Bluetooth \u00e0 r\u00e9duction de bruit active qui fait s\u00e9rieusement parler de lui. On parle d&rsquo;un vrai bijou pour vos oreilles, avec un design premium qui en jette et des performances sonores qui mettent KO la concurrence.<\/p>\n<div data-agora-base-url=\"https:\/\/connect.lefigaro.fr\" data-component=\"fig-content-body\" data-context=\"was @visible\" data-id=\"bGVmaWdhcm8uZnJfXzFlZjcxYjEyLTI0YzctNmJhMi04NmJjLTViYWMwODkyNmRmNF9fQXJ0aWNsZQ==\" data-module=\"fig-body\" data-premium=\"false\">\n<hr>\n<p class=\"fig-paragraph\"><em>Contenu con\u00e7u et propos\u00e9 par<\/em>&nbsp;<a href=\"https:\/\/www.lefigaro.fr\/services\" target=\"_blank\" data-fig-type=\"Section\" rel=\"nofollow noopener\" data-gtm-custom-categorie=\"navigation\" data-gtm-custom-action=\"crossclick\" data-gtm-custom-label=\"Contextuel\" data-gtm-event=\"customEventSPE\" data-fig-domain=\"LEFIGARO\"><em>Le Figaro Services<\/em><\/a> <em>. La r\u00e9daction du Figaro n&rsquo;a pas particip\u00e9 \u00e0 la r\u00e9alisation de cet article.<\/em><\/p>\n<hr>\n<p class=\"fig-body-cta-link\" data-module=\"fig-cta-link\" data-context=\"was @visible\"><a class=\"fig-body-cta-link__link\" href=\"https:\/\/c3po.link\/QM9VMUYuyR\" target=\"_blank\" rel=\"nofollow noopener\" data-js-gtm=\"{&quot;customCategorie&quot;:&quot;navigation&quot;,&quot;customAction&quot;:&quot;crossclick&quot;,&quot;customLabel&quot;:&quot;Contextuel_bouton&quot;,&quot;event&quot;:&quot;customEventSPE&quot;}\"><span class=\"fig-body-cta-link__text\">ACHETER LE FOCAL BATHYS<\/span><\/a><\/p>\n<p class=\"fig-paragraph\"><strong>Un design qui claque et un confort royal<\/strong><\/p>\n<p class=\"fig-paragraph\">Le Focal Bathys, c&rsquo;est un peu comme avoir une Ferrari sur la t\u00eate (sans le poids, bien s\u00fbr). Il combine aluminium, magn\u00e9sium et cuir pour un look hyper classe et surtout un confort digne d&rsquo;un fauteuil en plume. Les coussinets en mousse \u00e0 m\u00e9moire de forme&nbsp;? C&rsquo;est comme des petits oreillers pour vos oreilles, parfaits pour des longues sessions sans g\u00eane ni \u00e9chauffement. Et, cerise sur le g\u00e2teau, vous pouvez m\u00eame allumer le logo Focal sur les coques si vous voulez briller en soci\u00e9t\u00e9 (ou juste dans votre salon).<\/p>\n<p class=\"fig-paragraph\"><strong>Des basses qui frappent, des aigus qui scintillent<\/strong><\/p>\n<p class=\"fig-paragraph\">Ce qui fait du Focal Bathys un casque \u00e0 part, c&rsquo;est son son. Avec ses haut-parleurs \u00e0 d\u00f4me \u00ab M&nbsp;\u00bb fabriqu\u00e9s en France, le son est clair, pr\u00e9cis, et franchement bluffant. Vous aimez les basses qui claquent mais pas trop envahissantes&nbsp;? Les aigus qui ne vous percent pas les tympans&nbsp;? Ici, c&rsquo;est l&rsquo;\u00e9quilibre parfait. Que ce soit pour \u00e9couter du rock, du jazz ou m\u00eame votre playlist pour les devoirs, ce casque met chaque d\u00e9tail en valeur.<\/p>\n<p class=\"fig-paragraph\"><strong>Bluetooth et r\u00e9duction de bruit, la libert\u00e9 totale<\/strong><\/p>\n<p class=\"fig-paragraph\">Le Focal Bathys, c&rsquo;est aussi la libert\u00e9 du sans-fil avec une connexion Bluetooth 5.1 multipoints. Connectez votre ordi, votre smartphone, et basculez de l&rsquo;un \u00e0 l&rsquo;autre sans prise de t\u00eate. Besoin de calme&nbsp;? La r\u00e9duction de bruit active est l\u00e0 pour vous plonger dans une bulle sonore, avec deux niveaux d&rsquo;isolation, selon si vous voulez juste r\u00e9duire le bruit de fond ou carr\u00e9ment tout couper autour de vous.<\/p>\n<div class=\"fig-product-block\" data-module=\"fig-product-block\" data-context=\"was @visible\" data-ean=\"3544056727162\" data-article-id=\"bGVmaWdhcm8uZnJfXzFlZjcxYjEyLTI0YzctNmJhMi04NmJjLTViYWMwODkyNmRmNF9fQXJ0aWNsZQ==\">\n<div class=\"fig-product-block__container\">\n<div class=\"fig-product-block__loading\" aria-live=\"polite\">\n<p>En cours de chargement<\/p>\n<\/p><\/div>\n<\/p><\/div>\n<\/div>\n<p class=\"fig-paragraph\"><strong>Mode DAC USB pour les puristes du son<\/strong><\/p>\n<p class=\"fig-paragraph\">Envie de pousser encore plus loin l&rsquo;exp\u00e9rience audio&nbsp;? Le mode DAC USB transforme votre casque en v\u00e9ritable ampli haute-fid\u00e9lit\u00e9. Branchez-le \u00e0 votre ordi ou smartphone et laissez-vous surprendre par une qualit\u00e9 sonore en 24 bits \/ 192 kHz. Oui, \u00e7a sonne technique, mais en gros, \u00e7a veut dire un son super propre, parfait pour red\u00e9couvrir vos morceaux pr\u00e9f\u00e9r\u00e9s sous un nouveau jour.<\/p>\n<p class=\"fig-paragraph\"><strong>Une autonomie qui tient la distance<\/strong><\/p>\n<p class=\"fig-paragraph\">Pas envie de recharger votre casque toutes les deux heures&nbsp;? Pas de souci, le Focal Bathys tient la route avec plus de 30 heures d&rsquo;autonomie en Bluetooth avec r\u00e9duction de bruit activ\u00e9e. En mode filaire ou DAC USB, \u00e7a peut m\u00eame grimper jusqu&rsquo;\u00e0 42 heures. Et en cas de coup de mou, 15 minutes de charge rapide vous offrent 5 heures de son suppl\u00e9mentaire.<\/p>\n<p class=\"fig-paragraph\"><strong>Pour conclure&nbsp;: le Focal Bathys, le casque qui fait tout (et bien)<\/strong><\/p>\n<p class=\"fig-paragraph\">Le Focal Bathys n&rsquo;est pas juste un joli casque, c&rsquo;est une vraie machine \u00e0 son. Il allie une esth\u00e9tique soign\u00e9e \u00e0 des performances sonores qui r\u00e9galent les oreilles les plus exigeantes. Que vous soyez en train de bosser, de voyager ou juste de chiller \u00e0 la maison, ce casque sait tout faire avec classe. Vous voulez un son qui d\u00e9chire et un look qui en impose&nbsp;? Le Focal Bathys, c&rsquo;est le choix \u00e9vident.<\/p>\n<p class=\"fig-body-cta-link\" data-module=\"fig-cta-link\" data-context=\"was @visible\"><a class=\"fig-body-cta-link__link\" href=\"https:\/\/c3po.link\/QM9VMUYuyR\" target=\"_blank\" rel=\"nofollow noopener\" data-js-gtm=\"{&quot;customCategorie&quot;:&quot;navigation&quot;,&quot;customAction&quot;:&quot;crossclick&quot;,&quot;customLabel&quot;:&quot;Contextuel_bouton&quot;,&quot;event&quot;:&quot;customEventSPE&quot;}\"><span class=\"fig-body-cta-link__text\">ACHETER LE FOCAL BATHYS<\/span><\/a><\/p>\n<hr>\n<p class=\"fig-paragraph\"><em>Les prix mentionn\u00e9s dans cet article le sont \u00e0 titre indicatif. Lorsque vous achetez via nos liens de vente, nous pouvons percevoir une commission d&rsquo;affiliation.<\/em><\/p>\n<hr><\/div>\n<p> Cet article, qui traite du th\u00e8me \u00ab\u00a0Festival Jazz et musique en mode guinguette\u00a0\u00bb, vous est d\u00e9lib\u00e9r\u00e9ment offert par festivox.fr. La raison d\u2019\u00eatre de festivox.fr est de parler de Festival Jazz et musique en mode guinguette dans la transparence la plus g\u00e9n\u00e9rale en vous procurant la visibilit\u00e9 de tout ce qui est publi\u00e9 sur ce sujet sur le web La chronique a \u00e9t\u00e9 g\u00e9n\u00e9r\u00e9e de la mani\u00e8re la plus honn\u00eate que possible. S\u2019il advenait que vous projetez d\u2019apporter quelques notes concernant le domaine de \u00ab\u00a0Festival Jazz et musique en mode guinguette\u00a0\u00bb vous avez la possibilit\u00e9 de d&rsquo;\u00e9changer avec notre r\u00e9daction. Dans peu de temps, on mettra en ligne d&rsquo;autres informations pertinentes autour du sujet \u00ab\u00a0Festival Jazz et musique en mode guinguette\u00a0\u00bb. Ainsi, consultez r\u00e9guli\u00e8rement notre site.<\/p>\n","protected":false},"excerpt":{"rendered":"<p>Vous cherchez le casque qui allie style, confort et un son qui d\u00e9coiffe&nbsp;? Laissez-moi vous pr\u00e9senter le Focal Bathys, un casque Bluetooth \u00e0 r\u00e9duction de bruit active qui fait s\u00e9rieusement parler de lui. On parle d&rsquo;un vrai bijou pour vos oreilles, avec un design premium qui en jette et des performances sonores qui mettent KO&hellip;<\/p>\n","protected":false},"author":1,"featured_media":1062,"comment_status":"closed","ping_status":"closed","sticky":false,"template":"","format":"standard","meta":{"footnotes":""},"categories":[3],"tags":[],"class_list":["post-1061","post","type-post","status-publish","format-standard","has-post-thumbnail","hentry","category-wiki-sur-festival-jazz-et-musique-en-mode-guinguette"],"yoast_head":"<!-- This site is optimized with the Yoast SEO plugin v27.5 - https:\/\/yoast.com\/product\/yoast-seo-wordpress\/ -->\n<title>Focal Bathys : le casque qui fait vibrer vos oreilles et vos journ\u00e9es est au prix le plus bas du march\u00e9 - FESTIVOX<\/title>\n<meta name=\"robots\" content=\"index, follow, max-snippet:-1, max-image-preview:large, max-video-preview:-1\" \/>\n<link rel=\"canonical\" href=\"https:\/\/www.festivox.fr\/blog\/focal-bathys-le-casque-qui-fait-vibrer-vos-oreilles-et-vos-journees-est-au-prix-le-plus-bas-du-marche\/\" \/>\n<meta property=\"og:locale\" content=\"fr_FR\" \/>\n<meta property=\"og:type\" content=\"article\" \/>\n<meta property=\"og:title\" content=\"Focal Bathys : le casque qui fait vibrer vos oreilles et vos journ\u00e9es est au prix le plus bas du march\u00e9 - FESTIVOX\" \/>\n<meta property=\"og:description\" content=\"Vous cherchez le casque qui allie style, confort et un son qui d\u00e9coiffe&nbsp;? Laissez-moi vous pr\u00e9senter le Focal Bathys, un casque Bluetooth \u00e0 r\u00e9duction de bruit active qui fait s\u00e9rieusement parler de lui. On parle d&rsquo;un vrai bijou pour vos oreilles, avec un design premium qui en jette et des performances sonores qui mettent KO&hellip;\" \/>\n<meta property=\"og:url\" content=\"https:\/\/www.festivox.fr\/blog\/focal-bathys-le-casque-qui-fait-vibrer-vos-oreilles-et-vos-journees-est-au-prix-le-plus-bas-du-marche\/\" \/>\n<meta property=\"og:site_name\" content=\"FESTIVOX\" \/>\n<meta property=\"article:published_time\" content=\"2024-09-12T17:54:00+00:00\" \/>\n<meta property=\"og:image\" content=\"https:\/\/www.festivox.fr\/blog\/wp-content\/uploads\/2024\/09\/focal-bathys-le-casque-qui-fait-vibrer-vos-oreilles-et-vos-journees-est-au-prix-le-plus-bas-du-marche.jpg\" \/>\n<meta name=\"author\" content=\"Michele\" \/>\n<meta name=\"twitter:card\" content=\"summary_large_image\" \/>\n<meta name=\"twitter:label1\" content=\"\u00c9crit par\" \/>\n\t<meta name=\"twitter:data1\" content=\"Michele\" \/>\n\t<meta name=\"twitter:label2\" content=\"Dur\u00e9e de lecture estim\u00e9e\" \/>\n\t<meta name=\"twitter:data2\" content=\"4 minutes\" \/>\n<script type=\"application\/ld+json\" class=\"yoast-schema-graph\">{\"@context\":\"https:\\\/\\\/schema.org\",\"@graph\":[{\"@type\":\"Article\",\"@id\":\"https:\\\/\\\/www.festivox.fr\\\/blog\\\/focal-bathys-le-casque-qui-fait-vibrer-vos-oreilles-et-vos-journees-est-au-prix-le-plus-bas-du-marche\\\/#article\",\"isPartOf\":{\"@id\":\"https:\\\/\\\/www.festivox.fr\\\/blog\\\/focal-bathys-le-casque-qui-fait-vibrer-vos-oreilles-et-vos-journees-est-au-prix-le-plus-bas-du-marche\\\/\"},\"author\":{\"name\":\"Michele\",\"@id\":\"https:\\\/\\\/www.festivox.fr\\\/blog\\\/#\\\/schema\\\/person\\\/f36a8b6bc94800c3eafed4bca993ce95\"},\"headline\":\"Focal Bathys : le casque qui fait vibrer vos oreilles et vos journ\u00e9es est au prix le plus bas du march\u00e9\",\"datePublished\":\"2024-09-12T17:54:00+00:00\",\"mainEntityOfPage\":{\"@id\":\"https:\\\/\\\/www.festivox.fr\\\/blog\\\/focal-bathys-le-casque-qui-fait-vibrer-vos-oreilles-et-vos-journees-est-au-prix-le-plus-bas-du-marche\\\/\"},\"wordCount\":797,\"publisher\":{\"@id\":\"https:\\\/\\\/www.festivox.fr\\\/blog\\\/#organization\"},\"image\":{\"@id\":\"https:\\\/\\\/www.festivox.fr\\\/blog\\\/focal-bathys-le-casque-qui-fait-vibrer-vos-oreilles-et-vos-journees-est-au-prix-le-plus-bas-du-marche\\\/#primaryimage\"},\"thumbnailUrl\":\"https:\\\/\\\/www.festivox.fr\\\/blog\\\/wp-content\\\/uploads\\\/2024\\\/09\\\/focal-bathys-le-casque-qui-fait-vibrer-vos-oreilles-et-vos-journees-est-au-prix-le-plus-bas-du-marche.jpg\",\"articleSection\":[\"Wiki Sur Festival Jazz Et Musique En Mode Guinguette:\"],\"inLanguage\":\"fr-FR\"},{\"@type\":\"WebPage\",\"@id\":\"https:\\\/\\\/www.festivox.fr\\\/blog\\\/focal-bathys-le-casque-qui-fait-vibrer-vos-oreilles-et-vos-journees-est-au-prix-le-plus-bas-du-marche\\\/\",\"url\":\"https:\\\/\\\/www.festivox.fr\\\/blog\\\/focal-bathys-le-casque-qui-fait-vibrer-vos-oreilles-et-vos-journees-est-au-prix-le-plus-bas-du-marche\\\/\",\"name\":\"Focal Bathys : le casque qui fait vibrer vos oreilles et vos journ\u00e9es est au prix le plus bas du march\u00e9 - FESTIVOX\",\"isPartOf\":{\"@id\":\"https:\\\/\\\/www.festivox.fr\\\/blog\\\/#website\"},\"primaryImageOfPage\":{\"@id\":\"https:\\\/\\\/www.festivox.fr\\\/blog\\\/focal-bathys-le-casque-qui-fait-vibrer-vos-oreilles-et-vos-journees-est-au-prix-le-plus-bas-du-marche\\\/#primaryimage\"},\"image\":{\"@id\":\"https:\\\/\\\/www.festivox.fr\\\/blog\\\/focal-bathys-le-casque-qui-fait-vibrer-vos-oreilles-et-vos-journees-est-au-prix-le-plus-bas-du-marche\\\/#primaryimage\"},\"thumbnailUrl\":\"https:\\\/\\\/www.festivox.fr\\\/blog\\\/wp-content\\\/uploads\\\/2024\\\/09\\\/focal-bathys-le-casque-qui-fait-vibrer-vos-oreilles-et-vos-journees-est-au-prix-le-plus-bas-du-marche.jpg\",\"datePublished\":\"2024-09-12T17:54:00+00:00\",\"breadcrumb\":{\"@id\":\"https:\\\/\\\/www.festivox.fr\\\/blog\\\/focal-bathys-le-casque-qui-fait-vibrer-vos-oreilles-et-vos-journees-est-au-prix-le-plus-bas-du-marche\\\/#breadcrumb\"},\"inLanguage\":\"fr-FR\",\"potentialAction\":[{\"@type\":\"ReadAction\",\"target\":[\"https:\\\/\\\/www.festivox.fr\\\/blog\\\/focal-bathys-le-casque-qui-fait-vibrer-vos-oreilles-et-vos-journees-est-au-prix-le-plus-bas-du-marche\\\/\"]}]},{\"@type\":\"ImageObject\",\"inLanguage\":\"fr-FR\",\"@id\":\"https:\\\/\\\/www.festivox.fr\\\/blog\\\/focal-bathys-le-casque-qui-fait-vibrer-vos-oreilles-et-vos-journees-est-au-prix-le-plus-bas-du-marche\\\/#primaryimage\",\"url\":\"https:\\\/\\\/www.festivox.fr\\\/blog\\\/wp-content\\\/uploads\\\/2024\\\/09\\\/focal-bathys-le-casque-qui-fait-vibrer-vos-oreilles-et-vos-journees-est-au-prix-le-plus-bas-du-marche.jpg\",\"contentUrl\":\"https:\\\/\\\/www.festivox.fr\\\/blog\\\/wp-content\\\/uploads\\\/2024\\\/09\\\/focal-bathys-le-casque-qui-fait-vibrer-vos-oreilles-et-vos-journees-est-au-prix-le-plus-bas-du-marche.jpg\",\"width\":1200,\"height\":630},{\"@type\":\"BreadcrumbList\",\"@id\":\"https:\\\/\\\/www.festivox.fr\\\/blog\\\/focal-bathys-le-casque-qui-fait-vibrer-vos-oreilles-et-vos-journees-est-au-prix-le-plus-bas-du-marche\\\/#breadcrumb\",\"itemListElement\":[{\"@type\":\"ListItem\",\"position\":1,\"name\":\"Accueil\",\"item\":\"https:\\\/\\\/www.festivox.fr\\\/blog\\\/\"},{\"@type\":\"ListItem\",\"position\":2,\"name\":\"Focal Bathys : le casque qui fait vibrer vos oreilles et vos journ\u00e9es est au prix le plus bas du march\u00e9\"}]},{\"@type\":\"WebSite\",\"@id\":\"https:\\\/\\\/www.festivox.fr\\\/blog\\\/#website\",\"url\":\"https:\\\/\\\/www.festivox.fr\\\/blog\\\/\",\"name\":\"FESTIVOX\",\"description\":\"Festival en mode guinguette.\",\"publisher\":{\"@id\":\"https:\\\/\\\/www.festivox.fr\\\/blog\\\/#organization\"},\"potentialAction\":[{\"@type\":\"SearchAction\",\"target\":{\"@type\":\"EntryPoint\",\"urlTemplate\":\"https:\\\/\\\/www.festivox.fr\\\/blog\\\/?s={search_term_string}\"},\"query-input\":{\"@type\":\"PropertyValueSpecification\",\"valueRequired\":true,\"valueName\":\"search_term_string\"}}],\"inLanguage\":\"fr-FR\"},{\"@type\":\"Organization\",\"@id\":\"https:\\\/\\\/www.festivox.fr\\\/blog\\\/#organization\",\"name\":\"festivox\",\"url\":\"https:\\\/\\\/www.festivox.fr\\\/blog\\\/\",\"logo\":{\"@type\":\"ImageObject\",\"inLanguage\":\"fr-FR\",\"@id\":\"https:\\\/\\\/www.festivox.fr\\\/blog\\\/#\\\/schema\\\/logo\\\/image\\\/\",\"url\":\"https:\\\/\\\/www.festivox.fr\\\/blog\\\/wp-content\\\/uploads\\\/2023\\\/06\\\/logo-2.png\",\"contentUrl\":\"https:\\\/\\\/www.festivox.fr\\\/blog\\\/wp-content\\\/uploads\\\/2023\\\/06\\\/logo-2.png\",\"width\":480,\"height\":160,\"caption\":\"festivox\"},\"image\":{\"@id\":\"https:\\\/\\\/www.festivox.fr\\\/blog\\\/#\\\/schema\\\/logo\\\/image\\\/\"}},{\"@type\":\"Person\",\"@id\":\"https:\\\/\\\/www.festivox.fr\\\/blog\\\/#\\\/schema\\\/person\\\/f36a8b6bc94800c3eafed4bca993ce95\",\"name\":\"Michele\",\"image\":{\"@type\":\"ImageObject\",\"inLanguage\":\"fr-FR\",\"@id\":\"https:\\\/\\\/secure.gravatar.com\\\/avatar\\\/b062046536b5d47ec9075956ec349ef95ed06b0f910c578f74abb318668b702e?s=96&d=mm&r=g\",\"url\":\"https:\\\/\\\/secure.gravatar.com\\\/avatar\\\/b062046536b5d47ec9075956ec349ef95ed06b0f910c578f74abb318668b702e?s=96&d=mm&r=g\",\"contentUrl\":\"https:\\\/\\\/secure.gravatar.com\\\/avatar\\\/b062046536b5d47ec9075956ec349ef95ed06b0f910c578f74abb318668b702e?s=96&d=mm&r=g\",\"caption\":\"Michele\"},\"sameAs\":[\"https:\\\/\\\/www.festivox.fr\\\/blog\"],\"url\":\"https:\\\/\\\/www.festivox.fr\\\/blog\\\/author\\\/voxadmin\\\/\"}]}<\/script>\n<!-- \/ Yoast SEO plugin. -->","yoast_head_json":{"title":"Focal Bathys : le casque qui fait vibrer vos oreilles et vos journ\u00e9es est au prix le plus bas du march\u00e9 - FESTIVOX","robots":{"index":"index","follow":"follow","max-snippet":"max-snippet:-1","max-image-preview":"max-image-preview:large","max-video-preview":"max-video-preview:-1"},"canonical":"https:\/\/www.festivox.fr\/blog\/focal-bathys-le-casque-qui-fait-vibrer-vos-oreilles-et-vos-journees-est-au-prix-le-plus-bas-du-marche\/","og_locale":"fr_FR","og_type":"article","og_title":"Focal Bathys : le casque qui fait vibrer vos oreilles et vos journ\u00e9es est au prix le plus bas du march\u00e9 - FESTIVOX","og_description":"Vous cherchez le casque qui allie style, confort et un son qui d\u00e9coiffe&nbsp;? Laissez-moi vous pr\u00e9senter le Focal Bathys, un casque Bluetooth \u00e0 r\u00e9duction de bruit active qui fait s\u00e9rieusement parler de lui. On parle d&rsquo;un vrai bijou pour vos oreilles, avec un design premium qui en jette et des performances sonores qui mettent KO&hellip;","og_url":"https:\/\/www.festivox.fr\/blog\/focal-bathys-le-casque-qui-fait-vibrer-vos-oreilles-et-vos-journees-est-au-prix-le-plus-bas-du-marche\/","og_site_name":"FESTIVOX","article_published_time":"2024-09-12T17:54:00+00:00","og_image":[{"url":"https:\/\/www.festivox.fr\/blog\/wp-content\/uploads\/2024\/09\/focal-bathys-le-casque-qui-fait-vibrer-vos-oreilles-et-vos-journees-est-au-prix-le-plus-bas-du-marche.jpg","type":"","width":"","height":""}],"author":"Michele","twitter_card":"summary_large_image","twitter_misc":{"\u00c9crit par":"Michele","Dur\u00e9e de lecture estim\u00e9e":"4 minutes"},"schema":{"@context":"https:\/\/schema.org","@graph":[{"@type":"Article","@id":"https:\/\/www.festivox.fr\/blog\/focal-bathys-le-casque-qui-fait-vibrer-vos-oreilles-et-vos-journees-est-au-prix-le-plus-bas-du-marche\/#article","isPartOf":{"@id":"https:\/\/www.festivox.fr\/blog\/focal-bathys-le-casque-qui-fait-vibrer-vos-oreilles-et-vos-journees-est-au-prix-le-plus-bas-du-marche\/"},"author":{"name":"Michele","@id":"https:\/\/www.festivox.fr\/blog\/#\/schema\/person\/f36a8b6bc94800c3eafed4bca993ce95"},"headline":"Focal Bathys : le casque qui fait vibrer vos oreilles et vos journ\u00e9es est au prix le plus bas du march\u00e9","datePublished":"2024-09-12T17:54:00+00:00","mainEntityOfPage":{"@id":"https:\/\/www.festivox.fr\/blog\/focal-bathys-le-casque-qui-fait-vibrer-vos-oreilles-et-vos-journees-est-au-prix-le-plus-bas-du-marche\/"},"wordCount":797,"publisher":{"@id":"https:\/\/www.festivox.fr\/blog\/#organization"},"image":{"@id":"https:\/\/www.festivox.fr\/blog\/focal-bathys-le-casque-qui-fait-vibrer-vos-oreilles-et-vos-journees-est-au-prix-le-plus-bas-du-marche\/#primaryimage"},"thumbnailUrl":"https:\/\/www.festivox.fr\/blog\/wp-content\/uploads\/2024\/09\/focal-bathys-le-casque-qui-fait-vibrer-vos-oreilles-et-vos-journees-est-au-prix-le-plus-bas-du-marche.jpg","articleSection":["Wiki Sur Festival Jazz Et Musique En Mode Guinguette:"],"inLanguage":"fr-FR"},{"@type":"WebPage","@id":"https:\/\/www.festivox.fr\/blog\/focal-bathys-le-casque-qui-fait-vibrer-vos-oreilles-et-vos-journees-est-au-prix-le-plus-bas-du-marche\/","url":"https:\/\/www.festivox.fr\/blog\/focal-bathys-le-casque-qui-fait-vibrer-vos-oreilles-et-vos-journees-est-au-prix-le-plus-bas-du-marche\/","name":"Focal Bathys : le casque qui fait vibrer vos oreilles et vos journ\u00e9es est au prix le plus bas du march\u00e9 - FESTIVOX","isPartOf":{"@id":"https:\/\/www.festivox.fr\/blog\/#website"},"primaryImageOfPage":{"@id":"https:\/\/www.festivox.fr\/blog\/focal-bathys-le-casque-qui-fait-vibrer-vos-oreilles-et-vos-journees-est-au-prix-le-plus-bas-du-marche\/#primaryimage"},"image":{"@id":"https:\/\/www.festivox.fr\/blog\/focal-bathys-le-casque-qui-fait-vibrer-vos-oreilles-et-vos-journees-est-au-prix-le-plus-bas-du-marche\/#primaryimage"},"thumbnailUrl":"https:\/\/www.festivox.fr\/blog\/wp-content\/uploads\/2024\/09\/focal-bathys-le-casque-qui-fait-vibrer-vos-oreilles-et-vos-journees-est-au-prix-le-plus-bas-du-marche.jpg","datePublished":"2024-09-12T17:54:00+00:00","breadcrumb":{"@id":"https:\/\/www.festivox.fr\/blog\/focal-bathys-le-casque-qui-fait-vibrer-vos-oreilles-et-vos-journees-est-au-prix-le-plus-bas-du-marche\/#breadcrumb"},"inLanguage":"fr-FR","potentialAction":[{"@type":"ReadAction","target":["https:\/\/www.festivox.fr\/blog\/focal-bathys-le-casque-qui-fait-vibrer-vos-oreilles-et-vos-journees-est-au-prix-le-plus-bas-du-marche\/"]}]},{"@type":"ImageObject","inLanguage":"fr-FR","@id":"https:\/\/www.festivox.fr\/blog\/focal-bathys-le-casque-qui-fait-vibrer-vos-oreilles-et-vos-journees-est-au-prix-le-plus-bas-du-marche\/#primaryimage","url":"https:\/\/www.festivox.fr\/blog\/wp-content\/uploads\/2024\/09\/focal-bathys-le-casque-qui-fait-vibrer-vos-oreilles-et-vos-journees-est-au-prix-le-plus-bas-du-marche.jpg","contentUrl":"https:\/\/www.festivox.fr\/blog\/wp-content\/uploads\/2024\/09\/focal-bathys-le-casque-qui-fait-vibrer-vos-oreilles-et-vos-journees-est-au-prix-le-plus-bas-du-marche.jpg","width":1200,"height":630},{"@type":"BreadcrumbList","@id":"https:\/\/www.festivox.fr\/blog\/focal-bathys-le-casque-qui-fait-vibrer-vos-oreilles-et-vos-journees-est-au-prix-le-plus-bas-du-marche\/#breadcrumb","itemListElement":[{"@type":"ListItem","position":1,"name":"Accueil","item":"https:\/\/www.festivox.fr\/blog\/"},{"@type":"ListItem","position":2,"name":"Focal Bathys : le casque qui fait vibrer vos oreilles et vos journ\u00e9es est au prix le plus bas du march\u00e9"}]},{"@type":"WebSite","@id":"https:\/\/www.festivox.fr\/blog\/#website","url":"https:\/\/www.festivox.fr\/blog\/","name":"FESTIVOX","description":"Festival en mode guinguette.","publisher":{"@id":"https:\/\/www.festivox.fr\/blog\/#organization"},"potentialAction":[{"@type":"SearchAction","target":{"@type":"EntryPoint","urlTemplate":"https:\/\/www.festivox.fr\/blog\/?s={search_term_string}"},"query-input":{"@type":"PropertyValueSpecification","valueRequired":true,"valueName":"search_term_string"}}],"inLanguage":"fr-FR"},{"@type":"Organization","@id":"https:\/\/www.festivox.fr\/blog\/#organization","name":"festivox","url":"https:\/\/www.festivox.fr\/blog\/","logo":{"@type":"ImageObject","inLanguage":"fr-FR","@id":"https:\/\/www.festivox.fr\/blog\/#\/schema\/logo\/image\/","url":"https:\/\/www.festivox.fr\/blog\/wp-content\/uploads\/2023\/06\/logo-2.png","contentUrl":"https:\/\/www.festivox.fr\/blog\/wp-content\/uploads\/2023\/06\/logo-2.png","width":480,"height":160,"caption":"festivox"},"image":{"@id":"https:\/\/www.festivox.fr\/blog\/#\/schema\/logo\/image\/"}},{"@type":"Person","@id":"https:\/\/www.festivox.fr\/blog\/#\/schema\/person\/f36a8b6bc94800c3eafed4bca993ce95","name":"Michele","image":{"@type":"ImageObject","inLanguage":"fr-FR","@id":"https:\/\/secure.gravatar.com\/avatar\/b062046536b5d47ec9075956ec349ef95ed06b0f910c578f74abb318668b702e?s=96&d=mm&r=g","url":"https:\/\/secure.gravatar.com\/avatar\/b062046536b5d47ec9075956ec349ef95ed06b0f910c578f74abb318668b702e?s=96&d=mm&r=g","contentUrl":"https:\/\/secure.gravatar.com\/avatar\/b062046536b5d47ec9075956ec349ef95ed06b0f910c578f74abb318668b702e?s=96&d=mm&r=g","caption":"Michele"},"sameAs":["https:\/\/www.festivox.fr\/blog"],"url":"https:\/\/www.festivox.fr\/blog\/author\/voxadmin\/"}]}},"_links":{"self":[{"href":"https:\/\/www.festivox.fr\/blog\/wp-json\/wp\/v2\/posts\/1061","targetHints":{"allow":["GET"]}}],"collection":[{"href":"https:\/\/www.festivox.fr\/blog\/wp-json\/wp\/v2\/posts"}],"about":[{"href":"https:\/\/www.festivox.fr\/blog\/wp-json\/wp\/v2\/types\/post"}],"author":[{"embeddable":true,"href":"https:\/\/www.festivox.fr\/blog\/wp-json\/wp\/v2\/users\/1"}],"replies":[{"embeddable":true,"href":"https:\/\/www.festivox.fr\/blog\/wp-json\/wp\/v2\/comments?post=1061"}],"version-history":[{"count":0,"href":"https:\/\/www.festivox.fr\/blog\/wp-json\/wp\/v2\/posts\/1061\/revisions"}],"wp:featuredmedia":[{"embeddable":true,"href":"https:\/\/www.festivox.fr\/blog\/wp-json\/wp\/v2\/media\/1062"}],"wp:attachment":[{"href":"https:\/\/www.festivox.fr\/blog\/wp-json\/wp\/v2\/media?parent=1061"}],"wp:term":[{"taxonomy":"category","embeddable":true,"href":"https:\/\/www.festivox.fr\/blog\/wp-json\/wp\/v2\/categories?post=1061"},{"taxonomy":"post_tag","embeddable":true,"href":"https:\/\/www.festivox.fr\/blog\/wp-json\/wp\/v2\/tags?post=1061"}],"curies":[{"name":"wp","href":"https:\/\/api.w.org\/{rel}","templated":true}]}}