{"id":1041,"date":"2024-08-30T05:57:00","date_gmt":"2024-08-30T03:57:00","guid":{"rendered":"https:\/\/www.festivox.fr\/blog\/pont-labbe-concert-de-little-jimbo\/"},"modified":"2024-08-30T05:57:00","modified_gmt":"2024-08-30T03:57:00","slug":"pont-labbe-concert-de-little-jimbo","status":"publish","type":"post","link":"https:\/\/www.festivox.fr\/blog\/pont-labbe-concert-de-little-jimbo\/","title":{"rendered":"Pont-l&rsquo;Abb\u00e9. Concert de Little Jimbo"},"content":{"rendered":"\n<div><img decoding=\"async\" src=\"https:\/\/www.festivox.fr\/blog\/wp-content\/uploads\/2024\/08\/pont-labbe-concert-de-little-jimbo.png\" class=\"ff-og-image-inserted\"><\/div>\n<header class=\"tlg-header-block tlg-col-xs-2 tlg-col-sm-16\"><a href=\"https:\/\/www.letelegramme.fr\/agenda\/concerts\/finistere\/pont-l-abbe-29120\/\" class=\"tlg-btn-ico\" target=\"_blank\" rel=\"nofollow\"><span class=\"tlg-ico-arrow-left \" aria-hidden=\"true\"><\/span><span class=\"tlg-btn-label\">Retour au moteur de recherche<\/span><\/a><a href=\"https:\/\/www.letelegramme.fr\/annoncer-evenement-bretagne\" class=\"tlg-btn tlg-btn-secondary\" target=\"_blank\" rel=\"nofollow\"> Annoncez votre \u00e9v\u00e8nement <\/a><\/header>\n<p><a class=\"tlg-bip-event-rubric tlg-concerts\" href=\"https:\/\/www.letelegramme.fr\/agenda\/concerts\/finistere\/pont-l-abbe-29120\/\" target=\"_blank\" rel=\"nofollow\">Concerts<\/a><\/p>\n<p class>Jimmy Salvatore, alias Little Jimbo, pr\u00e9sentera son mix \u00e9nergique de reggae, funk et jazz, il sera accompagn\u00e9, pour la premi\u00e8re fois, sur sc\u00e8ne, par les quatre Brestois de Moby\u2019S Dick Funk Mob et son fr\u00e8re Thomas Salvatore (claviers).<\/p>\n<p> Cet article, qui traite du th\u00e8me \u00ab\u00a0Festival Jazz et musique en mode guinguette\u00a0\u00bb, vous est d\u00e9lib\u00e9r\u00e9ment offert par festivox.fr. La raison d\u2019\u00eatre de festivox.fr est de parler de Festival Jazz et musique en mode guinguette dans la transparence la plus g\u00e9n\u00e9rale en vous procurant la visibilit\u00e9 de tout ce qui est publi\u00e9 sur ce sujet sur le web La chronique a \u00e9t\u00e9 g\u00e9n\u00e9r\u00e9e de la mani\u00e8re la plus honn\u00eate que possible. S\u2019il advenait que vous projetez d\u2019apporter quelques notes concernant le domaine de \u00ab\u00a0Festival Jazz et musique en mode guinguette\u00a0\u00bb vous avez la possibilit\u00e9 de d&rsquo;\u00e9changer avec notre r\u00e9daction. Dans peu de temps, on mettra en ligne d&rsquo;autres informations pertinentes autour du sujet \u00ab\u00a0Festival Jazz et musique en mode guinguette\u00a0\u00bb. Ainsi, consultez r\u00e9guli\u00e8rement notre site.<\/p>\n","protected":false},"excerpt":{"rendered":"<p>Retour au moteur de recherche Annoncez votre \u00e9v\u00e8nement Concerts Jimmy Salvatore, alias Little Jimbo, pr\u00e9sentera son mix \u00e9nergique de reggae, funk et jazz, il sera accompagn\u00e9, pour la premi\u00e8re fois, sur sc\u00e8ne, par les quatre Brestois de Moby\u2019S Dick Funk Mob et son fr\u00e8re Thomas Salvatore (claviers). Cet article, qui traite du th\u00e8me \u00ab\u00a0Festival Jazz&hellip;<\/p>\n","protected":false},"author":1,"featured_media":1042,"comment_status":"closed","ping_status":"closed","sticky":false,"template":"","format":"standard","meta":{"footnotes":""},"categories":[3],"tags":[],"class_list":["post-1041","post","type-post","status-publish","format-standard","has-post-thumbnail","hentry","category-wiki-sur-festival-jazz-et-musique-en-mode-guinguette"],"yoast_head":"<!-- This site is optimized with the Yoast SEO plugin v27.5 - https:\/\/yoast.com\/product\/yoast-seo-wordpress\/ -->\n<title>Pont-l&#039;Abb\u00e9. Concert de Little Jimbo - FESTIVOX<\/title>\n<meta name=\"robots\" content=\"index, follow, max-snippet:-1, max-image-preview:large, max-video-preview:-1\" \/>\n<link rel=\"canonical\" href=\"https:\/\/www.festivox.fr\/blog\/pont-labbe-concert-de-little-jimbo\/\" \/>\n<meta property=\"og:locale\" content=\"fr_FR\" \/>\n<meta property=\"og:type\" content=\"article\" \/>\n<meta property=\"og:title\" content=\"Pont-l&#039;Abb\u00e9. Concert de Little Jimbo - FESTIVOX\" \/>\n<meta property=\"og:description\" content=\"Retour au moteur de recherche Annoncez votre \u00e9v\u00e8nement Concerts Jimmy Salvatore, alias Little Jimbo, pr\u00e9sentera son mix \u00e9nergique de reggae, funk et jazz, il sera accompagn\u00e9, pour la premi\u00e8re fois, sur sc\u00e8ne, par les quatre Brestois de Moby\u2019S Dick Funk Mob et son fr\u00e8re Thomas Salvatore (claviers). Cet article, qui traite du th\u00e8me \u00ab\u00a0Festival Jazz&hellip;\" \/>\n<meta property=\"og:url\" content=\"https:\/\/www.festivox.fr\/blog\/pont-labbe-concert-de-little-jimbo\/\" \/>\n<meta property=\"og:site_name\" content=\"FESTIVOX\" \/>\n<meta property=\"article:published_time\" content=\"2024-08-30T03:57:00+00:00\" \/>\n<meta property=\"og:image\" content=\"https:\/\/www.festivox.fr\/blog\/wp-content\/uploads\/2024\/08\/pont-labbe-concert-de-little-jimbo.png\" \/>\n<meta name=\"author\" content=\"Michele\" \/>\n<meta name=\"twitter:card\" content=\"summary_large_image\" \/>\n<meta name=\"twitter:label1\" content=\"\u00c9crit par\" \/>\n\t<meta name=\"twitter:data1\" content=\"Michele\" \/>\n\t<meta name=\"twitter:label2\" content=\"Dur\u00e9e de lecture estim\u00e9e\" \/>\n\t<meta name=\"twitter:data2\" content=\"1 minute\" \/>\n<script type=\"application\/ld+json\" class=\"yoast-schema-graph\">{\"@context\":\"https:\\\/\\\/schema.org\",\"@graph\":[{\"@type\":\"Article\",\"@id\":\"https:\\\/\\\/www.festivox.fr\\\/blog\\\/pont-labbe-concert-de-little-jimbo\\\/#article\",\"isPartOf\":{\"@id\":\"https:\\\/\\\/www.festivox.fr\\\/blog\\\/pont-labbe-concert-de-little-jimbo\\\/\"},\"author\":{\"name\":\"Michele\",\"@id\":\"https:\\\/\\\/www.festivox.fr\\\/blog\\\/#\\\/schema\\\/person\\\/f36a8b6bc94800c3eafed4bca993ce95\"},\"headline\":\"Pont-l&rsquo;Abb\u00e9. Concert de Little Jimbo\",\"datePublished\":\"2024-08-30T03:57:00+00:00\",\"mainEntityOfPage\":{\"@id\":\"https:\\\/\\\/www.festivox.fr\\\/blog\\\/pont-labbe-concert-de-little-jimbo\\\/\"},\"wordCount\":203,\"publisher\":{\"@id\":\"https:\\\/\\\/www.festivox.fr\\\/blog\\\/#organization\"},\"image\":{\"@id\":\"https:\\\/\\\/www.festivox.fr\\\/blog\\\/pont-labbe-concert-de-little-jimbo\\\/#primaryimage\"},\"thumbnailUrl\":\"https:\\\/\\\/www.festivox.fr\\\/blog\\\/wp-content\\\/uploads\\\/2024\\\/08\\\/pont-labbe-concert-de-little-jimbo.png\",\"articleSection\":[\"Wiki Sur Festival Jazz Et Musique En Mode Guinguette:\"],\"inLanguage\":\"fr-FR\"},{\"@type\":\"WebPage\",\"@id\":\"https:\\\/\\\/www.festivox.fr\\\/blog\\\/pont-labbe-concert-de-little-jimbo\\\/\",\"url\":\"https:\\\/\\\/www.festivox.fr\\\/blog\\\/pont-labbe-concert-de-little-jimbo\\\/\",\"name\":\"Pont-l'Abb\u00e9. Concert de Little Jimbo - FESTIVOX\",\"isPartOf\":{\"@id\":\"https:\\\/\\\/www.festivox.fr\\\/blog\\\/#website\"},\"primaryImageOfPage\":{\"@id\":\"https:\\\/\\\/www.festivox.fr\\\/blog\\\/pont-labbe-concert-de-little-jimbo\\\/#primaryimage\"},\"image\":{\"@id\":\"https:\\\/\\\/www.festivox.fr\\\/blog\\\/pont-labbe-concert-de-little-jimbo\\\/#primaryimage\"},\"thumbnailUrl\":\"https:\\\/\\\/www.festivox.fr\\\/blog\\\/wp-content\\\/uploads\\\/2024\\\/08\\\/pont-labbe-concert-de-little-jimbo.png\",\"datePublished\":\"2024-08-30T03:57:00+00:00\",\"breadcrumb\":{\"@id\":\"https:\\\/\\\/www.festivox.fr\\\/blog\\\/pont-labbe-concert-de-little-jimbo\\\/#breadcrumb\"},\"inLanguage\":\"fr-FR\",\"potentialAction\":[{\"@type\":\"ReadAction\",\"target\":[\"https:\\\/\\\/www.festivox.fr\\\/blog\\\/pont-labbe-concert-de-little-jimbo\\\/\"]}]},{\"@type\":\"ImageObject\",\"inLanguage\":\"fr-FR\",\"@id\":\"https:\\\/\\\/www.festivox.fr\\\/blog\\\/pont-labbe-concert-de-little-jimbo\\\/#primaryimage\",\"url\":\"https:\\\/\\\/www.festivox.fr\\\/blog\\\/wp-content\\\/uploads\\\/2024\\\/08\\\/pont-labbe-concert-de-little-jimbo.png\",\"contentUrl\":\"https:\\\/\\\/www.festivox.fr\\\/blog\\\/wp-content\\\/uploads\\\/2024\\\/08\\\/pont-labbe-concert-de-little-jimbo.png\",\"width\":256,\"height\":256},{\"@type\":\"BreadcrumbList\",\"@id\":\"https:\\\/\\\/www.festivox.fr\\\/blog\\\/pont-labbe-concert-de-little-jimbo\\\/#breadcrumb\",\"itemListElement\":[{\"@type\":\"ListItem\",\"position\":1,\"name\":\"Accueil\",\"item\":\"https:\\\/\\\/www.festivox.fr\\\/blog\\\/\"},{\"@type\":\"ListItem\",\"position\":2,\"name\":\"Pont-l&rsquo;Abb\u00e9. Concert de Little Jimbo\"}]},{\"@type\":\"WebSite\",\"@id\":\"https:\\\/\\\/www.festivox.fr\\\/blog\\\/#website\",\"url\":\"https:\\\/\\\/www.festivox.fr\\\/blog\\\/\",\"name\":\"FESTIVOX\",\"description\":\"Festival en mode guinguette.\",\"publisher\":{\"@id\":\"https:\\\/\\\/www.festivox.fr\\\/blog\\\/#organization\"},\"potentialAction\":[{\"@type\":\"SearchAction\",\"target\":{\"@type\":\"EntryPoint\",\"urlTemplate\":\"https:\\\/\\\/www.festivox.fr\\\/blog\\\/?s={search_term_string}\"},\"query-input\":{\"@type\":\"PropertyValueSpecification\",\"valueRequired\":true,\"valueName\":\"search_term_string\"}}],\"inLanguage\":\"fr-FR\"},{\"@type\":\"Organization\",\"@id\":\"https:\\\/\\\/www.festivox.fr\\\/blog\\\/#organization\",\"name\":\"festivox\",\"url\":\"https:\\\/\\\/www.festivox.fr\\\/blog\\\/\",\"logo\":{\"@type\":\"ImageObject\",\"inLanguage\":\"fr-FR\",\"@id\":\"https:\\\/\\\/www.festivox.fr\\\/blog\\\/#\\\/schema\\\/logo\\\/image\\\/\",\"url\":\"https:\\\/\\\/www.festivox.fr\\\/blog\\\/wp-content\\\/uploads\\\/2023\\\/06\\\/logo-2.png\",\"contentUrl\":\"https:\\\/\\\/www.festivox.fr\\\/blog\\\/wp-content\\\/uploads\\\/2023\\\/06\\\/logo-2.png\",\"width\":480,\"height\":160,\"caption\":\"festivox\"},\"image\":{\"@id\":\"https:\\\/\\\/www.festivox.fr\\\/blog\\\/#\\\/schema\\\/logo\\\/image\\\/\"}},{\"@type\":\"Person\",\"@id\":\"https:\\\/\\\/www.festivox.fr\\\/blog\\\/#\\\/schema\\\/person\\\/f36a8b6bc94800c3eafed4bca993ce95\",\"name\":\"Michele\",\"image\":{\"@type\":\"ImageObject\",\"inLanguage\":\"fr-FR\",\"@id\":\"https:\\\/\\\/secure.gravatar.com\\\/avatar\\\/b062046536b5d47ec9075956ec349ef95ed06b0f910c578f74abb318668b702e?s=96&d=mm&r=g\",\"url\":\"https:\\\/\\\/secure.gravatar.com\\\/avatar\\\/b062046536b5d47ec9075956ec349ef95ed06b0f910c578f74abb318668b702e?s=96&d=mm&r=g\",\"contentUrl\":\"https:\\\/\\\/secure.gravatar.com\\\/avatar\\\/b062046536b5d47ec9075956ec349ef95ed06b0f910c578f74abb318668b702e?s=96&d=mm&r=g\",\"caption\":\"Michele\"},\"sameAs\":[\"https:\\\/\\\/www.festivox.fr\\\/blog\"],\"url\":\"https:\\\/\\\/www.festivox.fr\\\/blog\\\/author\\\/voxadmin\\\/\"}]}<\/script>\n<!-- \/ Yoast SEO plugin. -->","yoast_head_json":{"title":"Pont-l'Abb\u00e9. Concert de Little Jimbo - FESTIVOX","robots":{"index":"index","follow":"follow","max-snippet":"max-snippet:-1","max-image-preview":"max-image-preview:large","max-video-preview":"max-video-preview:-1"},"canonical":"https:\/\/www.festivox.fr\/blog\/pont-labbe-concert-de-little-jimbo\/","og_locale":"fr_FR","og_type":"article","og_title":"Pont-l'Abb\u00e9. Concert de Little Jimbo - FESTIVOX","og_description":"Retour au moteur de recherche Annoncez votre \u00e9v\u00e8nement Concerts Jimmy Salvatore, alias Little Jimbo, pr\u00e9sentera son mix \u00e9nergique de reggae, funk et jazz, il sera accompagn\u00e9, pour la premi\u00e8re fois, sur sc\u00e8ne, par les quatre Brestois de Moby\u2019S Dick Funk Mob et son fr\u00e8re Thomas Salvatore (claviers). Cet article, qui traite du th\u00e8me \u00ab\u00a0Festival Jazz&hellip;","og_url":"https:\/\/www.festivox.fr\/blog\/pont-labbe-concert-de-little-jimbo\/","og_site_name":"FESTIVOX","article_published_time":"2024-08-30T03:57:00+00:00","og_image":[{"url":"https:\/\/www.festivox.fr\/blog\/wp-content\/uploads\/2024\/08\/pont-labbe-concert-de-little-jimbo.png","type":"","width":"","height":""}],"author":"Michele","twitter_card":"summary_large_image","twitter_misc":{"\u00c9crit par":"Michele","Dur\u00e9e de lecture estim\u00e9e":"1 minute"},"schema":{"@context":"https:\/\/schema.org","@graph":[{"@type":"Article","@id":"https:\/\/www.festivox.fr\/blog\/pont-labbe-concert-de-little-jimbo\/#article","isPartOf":{"@id":"https:\/\/www.festivox.fr\/blog\/pont-labbe-concert-de-little-jimbo\/"},"author":{"name":"Michele","@id":"https:\/\/www.festivox.fr\/blog\/#\/schema\/person\/f36a8b6bc94800c3eafed4bca993ce95"},"headline":"Pont-l&rsquo;Abb\u00e9. Concert de Little Jimbo","datePublished":"2024-08-30T03:57:00+00:00","mainEntityOfPage":{"@id":"https:\/\/www.festivox.fr\/blog\/pont-labbe-concert-de-little-jimbo\/"},"wordCount":203,"publisher":{"@id":"https:\/\/www.festivox.fr\/blog\/#organization"},"image":{"@id":"https:\/\/www.festivox.fr\/blog\/pont-labbe-concert-de-little-jimbo\/#primaryimage"},"thumbnailUrl":"https:\/\/www.festivox.fr\/blog\/wp-content\/uploads\/2024\/08\/pont-labbe-concert-de-little-jimbo.png","articleSection":["Wiki Sur Festival Jazz Et Musique En Mode Guinguette:"],"inLanguage":"fr-FR"},{"@type":"WebPage","@id":"https:\/\/www.festivox.fr\/blog\/pont-labbe-concert-de-little-jimbo\/","url":"https:\/\/www.festivox.fr\/blog\/pont-labbe-concert-de-little-jimbo\/","name":"Pont-l'Abb\u00e9. Concert de Little Jimbo - FESTIVOX","isPartOf":{"@id":"https:\/\/www.festivox.fr\/blog\/#website"},"primaryImageOfPage":{"@id":"https:\/\/www.festivox.fr\/blog\/pont-labbe-concert-de-little-jimbo\/#primaryimage"},"image":{"@id":"https:\/\/www.festivox.fr\/blog\/pont-labbe-concert-de-little-jimbo\/#primaryimage"},"thumbnailUrl":"https:\/\/www.festivox.fr\/blog\/wp-content\/uploads\/2024\/08\/pont-labbe-concert-de-little-jimbo.png","datePublished":"2024-08-30T03:57:00+00:00","breadcrumb":{"@id":"https:\/\/www.festivox.fr\/blog\/pont-labbe-concert-de-little-jimbo\/#breadcrumb"},"inLanguage":"fr-FR","potentialAction":[{"@type":"ReadAction","target":["https:\/\/www.festivox.fr\/blog\/pont-labbe-concert-de-little-jimbo\/"]}]},{"@type":"ImageObject","inLanguage":"fr-FR","@id":"https:\/\/www.festivox.fr\/blog\/pont-labbe-concert-de-little-jimbo\/#primaryimage","url":"https:\/\/www.festivox.fr\/blog\/wp-content\/uploads\/2024\/08\/pont-labbe-concert-de-little-jimbo.png","contentUrl":"https:\/\/www.festivox.fr\/blog\/wp-content\/uploads\/2024\/08\/pont-labbe-concert-de-little-jimbo.png","width":256,"height":256},{"@type":"BreadcrumbList","@id":"https:\/\/www.festivox.fr\/blog\/pont-labbe-concert-de-little-jimbo\/#breadcrumb","itemListElement":[{"@type":"ListItem","position":1,"name":"Accueil","item":"https:\/\/www.festivox.fr\/blog\/"},{"@type":"ListItem","position":2,"name":"Pont-l&rsquo;Abb\u00e9. Concert de Little Jimbo"}]},{"@type":"WebSite","@id":"https:\/\/www.festivox.fr\/blog\/#website","url":"https:\/\/www.festivox.fr\/blog\/","name":"FESTIVOX","description":"Festival en mode guinguette.","publisher":{"@id":"https:\/\/www.festivox.fr\/blog\/#organization"},"potentialAction":[{"@type":"SearchAction","target":{"@type":"EntryPoint","urlTemplate":"https:\/\/www.festivox.fr\/blog\/?s={search_term_string}"},"query-input":{"@type":"PropertyValueSpecification","valueRequired":true,"valueName":"search_term_string"}}],"inLanguage":"fr-FR"},{"@type":"Organization","@id":"https:\/\/www.festivox.fr\/blog\/#organization","name":"festivox","url":"https:\/\/www.festivox.fr\/blog\/","logo":{"@type":"ImageObject","inLanguage":"fr-FR","@id":"https:\/\/www.festivox.fr\/blog\/#\/schema\/logo\/image\/","url":"https:\/\/www.festivox.fr\/blog\/wp-content\/uploads\/2023\/06\/logo-2.png","contentUrl":"https:\/\/www.festivox.fr\/blog\/wp-content\/uploads\/2023\/06\/logo-2.png","width":480,"height":160,"caption":"festivox"},"image":{"@id":"https:\/\/www.festivox.fr\/blog\/#\/schema\/logo\/image\/"}},{"@type":"Person","@id":"https:\/\/www.festivox.fr\/blog\/#\/schema\/person\/f36a8b6bc94800c3eafed4bca993ce95","name":"Michele","image":{"@type":"ImageObject","inLanguage":"fr-FR","@id":"https:\/\/secure.gravatar.com\/avatar\/b062046536b5d47ec9075956ec349ef95ed06b0f910c578f74abb318668b702e?s=96&d=mm&r=g","url":"https:\/\/secure.gravatar.com\/avatar\/b062046536b5d47ec9075956ec349ef95ed06b0f910c578f74abb318668b702e?s=96&d=mm&r=g","contentUrl":"https:\/\/secure.gravatar.com\/avatar\/b062046536b5d47ec9075956ec349ef95ed06b0f910c578f74abb318668b702e?s=96&d=mm&r=g","caption":"Michele"},"sameAs":["https:\/\/www.festivox.fr\/blog"],"url":"https:\/\/www.festivox.fr\/blog\/author\/voxadmin\/"}]}},"_links":{"self":[{"href":"https:\/\/www.festivox.fr\/blog\/wp-json\/wp\/v2\/posts\/1041","targetHints":{"allow":["GET"]}}],"collection":[{"href":"https:\/\/www.festivox.fr\/blog\/wp-json\/wp\/v2\/posts"}],"about":[{"href":"https:\/\/www.festivox.fr\/blog\/wp-json\/wp\/v2\/types\/post"}],"author":[{"embeddable":true,"href":"https:\/\/www.festivox.fr\/blog\/wp-json\/wp\/v2\/users\/1"}],"replies":[{"embeddable":true,"href":"https:\/\/www.festivox.fr\/blog\/wp-json\/wp\/v2\/comments?post=1041"}],"version-history":[{"count":0,"href":"https:\/\/www.festivox.fr\/blog\/wp-json\/wp\/v2\/posts\/1041\/revisions"}],"wp:featuredmedia":[{"embeddable":true,"href":"https:\/\/www.festivox.fr\/blog\/wp-json\/wp\/v2\/media\/1042"}],"wp:attachment":[{"href":"https:\/\/www.festivox.fr\/blog\/wp-json\/wp\/v2\/media?parent=1041"}],"wp:term":[{"taxonomy":"category","embeddable":true,"href":"https:\/\/www.festivox.fr\/blog\/wp-json\/wp\/v2\/categories?post=1041"},{"taxonomy":"post_tag","embeddable":true,"href":"https:\/\/www.festivox.fr\/blog\/wp-json\/wp\/v2\/tags?post=1041"}],"curies":[{"name":"wp","href":"https:\/\/api.w.org\/{rel}","templated":true}]}}