{"id":104,"date":"2023-05-19T19:06:00","date_gmt":"2023-05-19T17:06:00","guid":{"rendered":"https:\/\/www.festivox.fr\/blog\/jazz-sous-les-pommiers-nout-theo-girard-trio\/"},"modified":"2023-05-19T19:06:00","modified_gmt":"2023-05-19T17:06:00","slug":"jazz-sous-les-pommiers-nout-theo-girard-trio","status":"publish","type":"post","link":"https:\/\/www.festivox.fr\/blog\/jazz-sous-les-pommiers-nout-theo-girard-trio\/","title":{"rendered":"Jazz Sous les Pommiers : Nout + Th\u00e9o Girard Trio"},"content":{"rendered":"<br \/>\n<h2 class=\"qg-st2 \"><!-- HTML_TAG_START -->Nout<!-- HTML_TAG_END --><\/h2>\n<div class=\"observer Image svelte-13dn26f\" data-testid=\"IntersectionObserver\">\n<div class=\"Image-wrapper qg-tx5 svelte-o6odt7 rounded showCaption\"> <img decoding=\"async\" class=\"Image-preview svelte-o6odt7\" data-testid=\"image-preview\" src=\"image\/jpeg;charset=utf-8;base64,%20\/9j\/2wBDACgcHiMeGSgjISMtKygwPGRBPDc3PHtYXUlkkYCZlo+AjIqgtObDoKrarYqMyP\/L2u71\/\/\/\/m8H\/\/\/\/6\/+b9\/\/j\/2wBDASstLTw1PHZBQXb4pYyl+Pj4+Pj4+Pj4+Pj4+Pj4+Pj4+Pj4+Pj4+Pj4+Pj4+Pj4+Pj4+Pj4+Pj4+Pj4+Pj4+Pj\/wAARCAAbACoDASIAAhEBAxEB\/8QAFwABAQEBAAAAAAAAAAAAAAAAAAECBf\/EABYQAQEBAAAAAAAAAAAAAAAAAAARAf\/EABUBAQEAAAAAAAAAAAAAAAAAAAAB\/8QAFBEBAAAAAAAAAAAAAAAAAAAAAP\/aAAwDAQACEQMRAD8A5CwxUCEUBmJGkAxUxQUAEAB\/\/9k=\" alt> <\/p>\n<figure class=\"svelte-o6odt7\">    <img loading=\"lazy\" width=\"860\" height=\"573\" class=\"Image-main svelte-o6odt7 rounded\" data-testid=\"image-src\" alt=\"Nout\"><figcaption class=\"svelte-o6odt7\">Nout <\/p>\n<footer class=\"svelte-o6odt7\"> <span>&#8211; \u00a9Maxim Fran\u00e7ois<\/span><\/footer>\n<\/figcaption><\/figure>\n<\/p><\/div>\n<\/div>\n<p class=\"PopSlotParagraph qg-tx2 qg-xtra-lh svelte-1xznlfb\"><!-- HTML_TAG_START --><strong>Rafa\u00eblle Rinaudo<\/strong> (harpe \u00e9lectrique)<br \/><strong>Delphine Joussein<\/strong> (fl\u00fbte, effets)<br \/><strong>Blanche Lafuente<\/strong> (batterie)<!-- HTML_TAG_END --><\/p>\n<ul>\n<li><!-- HTML_TAG_START -->La mare aux canards (Delphine Joussein)<!-- HTML_TAG_END --> <\/li>\n<li><!-- HTML_TAG_START -->Miskine&nbsp;(Delphine Joussein)<!-- HTML_TAG_END --> <\/li>\n<li><!-- HTML_TAG_START -->Inondation (Rafa\u00eblle Rinaudo)<!-- HTML_TAG_END --> <\/li>\n<li><!-- HTML_TAG_START -->Slow&nbsp;(Rafa\u00eblle Rinaudo)<!-- HTML_TAG_END --> <\/li>\n<\/ul>\n<div class=\"Bounce svelte-1u5otui hasAudio\">\n<p><span class=\"Bounce-conceptTitle qg-tx5 svelte-1u5otui\">La chronique de Marjolaine Portier-Kaltenbach<\/span> <span class=\"g-separator svelte-1u5otui\"><\/span> <button class=\"Button light tertiary medium svelte-1drj6ch\" type=\"button\" data-testid=\"BookmarkToggle\"><span class=\"BookmarkToggle-icon\"><\/span> \u00c9couter plus tard <\/button><\/p>\n<p><button class=\"Button dark primary small isExpandable svelte-1drj6ch\" data-track-click-type=\"replayButton\" type=\"button\" data-testid=\"replay-button\"><span class=\"paused\"><\/span> <span><!-- HTML_TAG_START -->\u00e9couter<!-- HTML_TAG_END --><\/span> <\/button> <span class=\"Duration light qg-tx5 svelte-13envo2\">4 min<br \/>\n<\/span><\/p>\n<\/div>\n<h2 class=\"qg-st2 \"><!-- HTML_TAG_START -->Th\u00e9o Girard Trio<!-- HTML_TAG_END --><\/h2>\n<div class=\"observer Image svelte-13dn26f\" data-testid=\"IntersectionObserver\">\n<div class=\"Image-wrapper qg-tx5 svelte-o6odt7 rounded showCaption\"> <img decoding=\"async\" class=\"Image-preview svelte-o6odt7\" data-testid=\"image-preview\" src=\"image\/jpeg;charset=utf-8;base64,%20\/9j\/2wBDACgcHiMeGSgjISMtKygwPGRBPDc3PHtYXUlkkYCZlo+AjIqgtObDoKrarYqMyP\/L2u71\/\/\/\/m8H\/\/\/\/6\/+b9\/\/j\/2wBDASstLTw1PHZBQXb4pYyl+Pj4+Pj4+Pj4+Pj4+Pj4+Pj4+Pj4+Pj4+Pj4+Pj4+Pj4+Pj4+Pj4+Pj4+Pj4+Pj4+Pj\/wAARCAAbACoDASIAAhEBAxEB\/8QAGAABAAMBAAAAAAAAAAAAAAAAAwABAgT\/xAAXEAEBAQEAAAAAAAAAAAAAAAAAAQIS\/8QAFwEBAQEBAAAAAAAAAAAAAAAAAQACA\/\/EABQRAQAAAAAAAAAAAAAAAAAAAAD\/2gAMAwEAAhEDEQA\/AODJc0MrcrqyfNblBNNTRR+k6D2naDjlamhrjLRZpfQ4sonSdDQh\/9k=\" alt> <\/p>\n<figure class=\"svelte-o6odt7\">    <img loading=\"lazy\" width=\"860\" height=\"573\" class=\"Image-main svelte-o6odt7 rounded\" data-testid=\"image-src\" alt=\"Th\u00e9o Girard Trio\"><figcaption class=\"svelte-o6odt7\">Th\u00e9o Girard Trio <\/p>\n<footer class=\"svelte-o6odt7\"> <span>&#8211; \u00a9Maxim Fran\u00e7ois<\/span><\/footer>\n<\/figcaption><\/figure>\n<\/p><\/div>\n<\/div>\n<p class=\"PopSlotParagraph qg-tx2 qg-xtra-lh svelte-1xznlfb\"><!-- HTML_TAG_START --><strong>Th\u00e9o Girard<\/strong> (contrebasse)<br \/><strong>Antoine Berjeaut<\/strong> (trompette)<br \/><strong>Antonin Leymarie<\/strong> (batterie)<!-- HTML_TAG_END --><\/p>\n<div class=\"PopSlot inread svelte-1czwje5 isEnabled\">\n<p><span class=\"qg-tx5 svelte-1czwje5\">Publicit\u00e9<\/span> <\/p>\n<\/p><\/div>\n<ul>\n<li><!-- HTML_TAG_START -->Fire Alert (Th\u00e9o Girard)<!-- HTML_TAG_END --> <\/li>\n<li><!-- HTML_TAG_START -->Champagne&nbsp;(Th\u00e9o Girard)<!-- HTML_TAG_END --> <\/li>\n<li><!-- HTML_TAG_START -->Grands Dames&nbsp;(Th\u00e9o Girard)<!-- HTML_TAG_END --> <\/li>\n<li><!-- HTML_TAG_START -->Rototown&nbsp;(Th\u00e9o Girard)<!-- HTML_TAG_END --> <\/li>\n<li><!-- HTML_TAG_START -->Des souvenirs de vous&nbsp;(Th\u00e9o Girard)<!-- HTML_TAG_END --> <\/li>\n<\/ul>\n<div class=\"Bounce svelte-1u5otui hasAudio\">\n<p><span class=\"Bounce-conceptTitle qg-tx5 svelte-1u5otui\">Open jazz<\/span> <span class=\"g-separator svelte-1u5otui\"><\/span> <button class=\"Button light tertiary medium svelte-1drj6ch\" type=\"button\" data-testid=\"BookmarkToggle\"><span class=\"BookmarkToggle-icon\"><\/span> \u00c9couter plus tard <\/button><\/p>\n<p><button class=\"Button dark primary small isExpandable svelte-1drj6ch\" data-track-click-type=\"replayButton\" type=\"button\" data-testid=\"replay-button\"><span class=\"paused\"><\/span> <span><!-- HTML_TAG_START -->\u00e9couter<!-- HTML_TAG_END --><\/span> <\/button> <span class=\"Duration light qg-tx5 svelte-13envo2\">54 min<br \/>\n<\/span><\/p>\n<\/div>\n<div class=\"Bounce svelte-1u5otui hasAudio\">\n<p><span class=\"Bounce-conceptTitle qg-tx5 svelte-1u5otui\">Reportage<\/span> <span class=\"g-separator svelte-1u5otui\"><\/span> <button class=\"Button light tertiary medium svelte-1drj6ch\" type=\"button\" data-testid=\"BookmarkToggle\"><span class=\"BookmarkToggle-icon\"><\/span> \u00c9couter plus tard <\/button><\/p>\n<p><button class=\"Button dark primary small isExpandable svelte-1drj6ch\" data-track-click-type=\"replayButton\" type=\"button\" data-testid=\"replay-button\"><span class=\"paused\"><\/span> <span><!-- HTML_TAG_START -->\u00e9couter<!-- HTML_TAG_END --><\/span> <\/button> <span class=\"Duration light qg-tx5 svelte-13envo2\">3 min<br \/>\n<\/span><\/p>\n<\/div>\n<p> Cet article, qui traite du th\u00e8me \u00ab\u00a0Festival Jazz et musique en mode guinguette\u00a0\u00bb, vous est d\u00e9lib\u00e9r\u00e9ment offert par festivox.fr. La raison d\u2019\u00eatre de festivox.fr est de parler de Festival Jazz et musique en mode guinguette dans la transparence la plus g\u00e9n\u00e9rale en vous procurant la visibilit\u00e9 de tout ce qui est publi\u00e9 sur ce sujet sur le web La chronique a \u00e9t\u00e9 g\u00e9n\u00e9r\u00e9e de la mani\u00e8re la plus honn\u00eate que possible. S\u2019il advenait que vous projetez d\u2019apporter quelques notes concernant le domaine de \u00ab\u00a0Festival Jazz et musique en mode guinguette\u00a0\u00bb vous avez la possibilit\u00e9 de d&rsquo;\u00e9changer avec notre r\u00e9daction. Dans peu de temps, on mettra en ligne d&rsquo;autres informations pertinentes autour du sujet \u00ab\u00a0Festival Jazz et musique en mode guinguette\u00a0\u00bb. Ainsi, consultez r\u00e9guli\u00e8rement notre site.<\/p>\n","protected":false},"excerpt":{"rendered":"<p>Nout Nout &#8211; \u00a9Maxim Fran\u00e7ois Rafa\u00eblle Rinaudo (harpe \u00e9lectrique)Delphine Joussein (fl\u00fbte, effets)Blanche Lafuente (batterie) La mare aux canards (Delphine Joussein) Miskine&nbsp;(Delphine Joussein) Inondation (Rafa\u00eblle Rinaudo) Slow&nbsp;(Rafa\u00eblle Rinaudo) La chronique de Marjolaine Portier-Kaltenbach \u00c9couter plus tard \u00e9couter 4 min Th\u00e9o Girard Trio Th\u00e9o Girard Trio &#8211; \u00a9Maxim Fran\u00e7ois Th\u00e9o Girard (contrebasse)Antoine Berjeaut (trompette)Antonin Leymarie (batterie) Publicit\u00e9&hellip;<\/p>\n","protected":false},"author":1,"featured_media":0,"comment_status":"closed","ping_status":"closed","sticky":false,"template":"","format":"standard","meta":{"footnotes":""},"categories":[3],"tags":[],"class_list":["post-104","post","type-post","status-publish","format-standard","hentry","category-wiki-sur-festival-jazz-et-musique-en-mode-guinguette"],"yoast_head":"<!-- This site is optimized with the Yoast SEO plugin v27.5 - https:\/\/yoast.com\/product\/yoast-seo-wordpress\/ -->\n<title>Jazz Sous les Pommiers : Nout + Th\u00e9o Girard Trio - FESTIVOX<\/title>\n<meta name=\"robots\" content=\"index, follow, max-snippet:-1, max-image-preview:large, max-video-preview:-1\" \/>\n<link rel=\"canonical\" href=\"https:\/\/www.festivox.fr\/blog\/jazz-sous-les-pommiers-nout-theo-girard-trio\/\" \/>\n<meta property=\"og:locale\" content=\"fr_FR\" \/>\n<meta property=\"og:type\" content=\"article\" \/>\n<meta property=\"og:title\" content=\"Jazz Sous les Pommiers : Nout + Th\u00e9o Girard Trio - FESTIVOX\" \/>\n<meta property=\"og:description\" content=\"Nout Nout &#8211; \u00a9Maxim Fran\u00e7ois Rafa\u00eblle Rinaudo (harpe \u00e9lectrique)Delphine Joussein (fl\u00fbte, effets)Blanche Lafuente (batterie) La mare aux canards (Delphine Joussein) Miskine&nbsp;(Delphine Joussein) Inondation (Rafa\u00eblle Rinaudo) Slow&nbsp;(Rafa\u00eblle Rinaudo) La chronique de Marjolaine Portier-Kaltenbach \u00c9couter plus tard \u00e9couter 4 min Th\u00e9o Girard Trio Th\u00e9o Girard Trio &#8211; \u00a9Maxim Fran\u00e7ois Th\u00e9o Girard (contrebasse)Antoine Berjeaut (trompette)Antonin Leymarie (batterie) Publicit\u00e9&hellip;\" \/>\n<meta property=\"og:url\" content=\"https:\/\/www.festivox.fr\/blog\/jazz-sous-les-pommiers-nout-theo-girard-trio\/\" \/>\n<meta property=\"og:site_name\" content=\"FESTIVOX\" \/>\n<meta property=\"article:published_time\" content=\"2023-05-19T17:06:00+00:00\" \/>\n<meta name=\"author\" content=\"Michele\" \/>\n<meta name=\"twitter:card\" content=\"summary_large_image\" \/>\n<meta name=\"twitter:label1\" content=\"\u00c9crit par\" \/>\n\t<meta name=\"twitter:data1\" content=\"Michele\" \/>\n\t<meta name=\"twitter:label2\" content=\"Dur\u00e9e de lecture estim\u00e9e\" \/>\n\t<meta name=\"twitter:data2\" content=\"1 minute\" \/>\n<script type=\"application\/ld+json\" class=\"yoast-schema-graph\">{\"@context\":\"https:\\\/\\\/schema.org\",\"@graph\":[{\"@type\":\"Article\",\"@id\":\"https:\\\/\\\/www.festivox.fr\\\/blog\\\/jazz-sous-les-pommiers-nout-theo-girard-trio\\\/#article\",\"isPartOf\":{\"@id\":\"https:\\\/\\\/www.festivox.fr\\\/blog\\\/jazz-sous-les-pommiers-nout-theo-girard-trio\\\/\"},\"author\":{\"name\":\"Michele\",\"@id\":\"https:\\\/\\\/www.festivox.fr\\\/blog\\\/#\\\/schema\\\/person\\\/f36a8b6bc94800c3eafed4bca993ce95\"},\"headline\":\"Jazz Sous les Pommiers : Nout + Th\u00e9o Girard Trio\",\"datePublished\":\"2023-05-19T17:06:00+00:00\",\"mainEntityOfPage\":{\"@id\":\"https:\\\/\\\/www.festivox.fr\\\/blog\\\/jazz-sous-les-pommiers-nout-theo-girard-trio\\\/\"},\"wordCount\":267,\"publisher\":{\"@id\":\"https:\\\/\\\/www.festivox.fr\\\/blog\\\/#organization\"},\"articleSection\":[\"Wiki Sur Festival Jazz Et Musique En Mode Guinguette:\"],\"inLanguage\":\"fr-FR\"},{\"@type\":\"WebPage\",\"@id\":\"https:\\\/\\\/www.festivox.fr\\\/blog\\\/jazz-sous-les-pommiers-nout-theo-girard-trio\\\/\",\"url\":\"https:\\\/\\\/www.festivox.fr\\\/blog\\\/jazz-sous-les-pommiers-nout-theo-girard-trio\\\/\",\"name\":\"Jazz Sous les Pommiers : Nout + Th\u00e9o Girard Trio - FESTIVOX\",\"isPartOf\":{\"@id\":\"https:\\\/\\\/www.festivox.fr\\\/blog\\\/#website\"},\"datePublished\":\"2023-05-19T17:06:00+00:00\",\"breadcrumb\":{\"@id\":\"https:\\\/\\\/www.festivox.fr\\\/blog\\\/jazz-sous-les-pommiers-nout-theo-girard-trio\\\/#breadcrumb\"},\"inLanguage\":\"fr-FR\",\"potentialAction\":[{\"@type\":\"ReadAction\",\"target\":[\"https:\\\/\\\/www.festivox.fr\\\/blog\\\/jazz-sous-les-pommiers-nout-theo-girard-trio\\\/\"]}]},{\"@type\":\"BreadcrumbList\",\"@id\":\"https:\\\/\\\/www.festivox.fr\\\/blog\\\/jazz-sous-les-pommiers-nout-theo-girard-trio\\\/#breadcrumb\",\"itemListElement\":[{\"@type\":\"ListItem\",\"position\":1,\"name\":\"Accueil\",\"item\":\"https:\\\/\\\/www.festivox.fr\\\/blog\\\/\"},{\"@type\":\"ListItem\",\"position\":2,\"name\":\"Jazz Sous les Pommiers : Nout + Th\u00e9o Girard Trio\"}]},{\"@type\":\"WebSite\",\"@id\":\"https:\\\/\\\/www.festivox.fr\\\/blog\\\/#website\",\"url\":\"https:\\\/\\\/www.festivox.fr\\\/blog\\\/\",\"name\":\"FESTIVOX\",\"description\":\"Festival en mode guinguette.\",\"publisher\":{\"@id\":\"https:\\\/\\\/www.festivox.fr\\\/blog\\\/#organization\"},\"potentialAction\":[{\"@type\":\"SearchAction\",\"target\":{\"@type\":\"EntryPoint\",\"urlTemplate\":\"https:\\\/\\\/www.festivox.fr\\\/blog\\\/?s={search_term_string}\"},\"query-input\":{\"@type\":\"PropertyValueSpecification\",\"valueRequired\":true,\"valueName\":\"search_term_string\"}}],\"inLanguage\":\"fr-FR\"},{\"@type\":\"Organization\",\"@id\":\"https:\\\/\\\/www.festivox.fr\\\/blog\\\/#organization\",\"name\":\"festivox\",\"url\":\"https:\\\/\\\/www.festivox.fr\\\/blog\\\/\",\"logo\":{\"@type\":\"ImageObject\",\"inLanguage\":\"fr-FR\",\"@id\":\"https:\\\/\\\/www.festivox.fr\\\/blog\\\/#\\\/schema\\\/logo\\\/image\\\/\",\"url\":\"https:\\\/\\\/www.festivox.fr\\\/blog\\\/wp-content\\\/uploads\\\/2023\\\/06\\\/logo-2.png\",\"contentUrl\":\"https:\\\/\\\/www.festivox.fr\\\/blog\\\/wp-content\\\/uploads\\\/2023\\\/06\\\/logo-2.png\",\"width\":480,\"height\":160,\"caption\":\"festivox\"},\"image\":{\"@id\":\"https:\\\/\\\/www.festivox.fr\\\/blog\\\/#\\\/schema\\\/logo\\\/image\\\/\"}},{\"@type\":\"Person\",\"@id\":\"https:\\\/\\\/www.festivox.fr\\\/blog\\\/#\\\/schema\\\/person\\\/f36a8b6bc94800c3eafed4bca993ce95\",\"name\":\"Michele\",\"image\":{\"@type\":\"ImageObject\",\"inLanguage\":\"fr-FR\",\"@id\":\"https:\\\/\\\/secure.gravatar.com\\\/avatar\\\/b062046536b5d47ec9075956ec349ef95ed06b0f910c578f74abb318668b702e?s=96&d=mm&r=g\",\"url\":\"https:\\\/\\\/secure.gravatar.com\\\/avatar\\\/b062046536b5d47ec9075956ec349ef95ed06b0f910c578f74abb318668b702e?s=96&d=mm&r=g\",\"contentUrl\":\"https:\\\/\\\/secure.gravatar.com\\\/avatar\\\/b062046536b5d47ec9075956ec349ef95ed06b0f910c578f74abb318668b702e?s=96&d=mm&r=g\",\"caption\":\"Michele\"},\"sameAs\":[\"https:\\\/\\\/www.festivox.fr\\\/blog\"],\"url\":\"https:\\\/\\\/www.festivox.fr\\\/blog\\\/author\\\/voxadmin\\\/\"}]}<\/script>\n<!-- \/ Yoast SEO plugin. -->","yoast_head_json":{"title":"Jazz Sous les Pommiers : Nout + Th\u00e9o Girard Trio - FESTIVOX","robots":{"index":"index","follow":"follow","max-snippet":"max-snippet:-1","max-image-preview":"max-image-preview:large","max-video-preview":"max-video-preview:-1"},"canonical":"https:\/\/www.festivox.fr\/blog\/jazz-sous-les-pommiers-nout-theo-girard-trio\/","og_locale":"fr_FR","og_type":"article","og_title":"Jazz Sous les Pommiers : Nout + Th\u00e9o Girard Trio - FESTIVOX","og_description":"Nout Nout &#8211; \u00a9Maxim Fran\u00e7ois Rafa\u00eblle Rinaudo (harpe \u00e9lectrique)Delphine Joussein (fl\u00fbte, effets)Blanche Lafuente (batterie) La mare aux canards (Delphine Joussein) Miskine&nbsp;(Delphine Joussein) Inondation (Rafa\u00eblle Rinaudo) Slow&nbsp;(Rafa\u00eblle Rinaudo) La chronique de Marjolaine Portier-Kaltenbach \u00c9couter plus tard \u00e9couter 4 min Th\u00e9o Girard Trio Th\u00e9o Girard Trio &#8211; \u00a9Maxim Fran\u00e7ois Th\u00e9o Girard (contrebasse)Antoine Berjeaut (trompette)Antonin Leymarie (batterie) Publicit\u00e9&hellip;","og_url":"https:\/\/www.festivox.fr\/blog\/jazz-sous-les-pommiers-nout-theo-girard-trio\/","og_site_name":"FESTIVOX","article_published_time":"2023-05-19T17:06:00+00:00","author":"Michele","twitter_card":"summary_large_image","twitter_misc":{"\u00c9crit par":"Michele","Dur\u00e9e de lecture estim\u00e9e":"1 minute"},"schema":{"@context":"https:\/\/schema.org","@graph":[{"@type":"Article","@id":"https:\/\/www.festivox.fr\/blog\/jazz-sous-les-pommiers-nout-theo-girard-trio\/#article","isPartOf":{"@id":"https:\/\/www.festivox.fr\/blog\/jazz-sous-les-pommiers-nout-theo-girard-trio\/"},"author":{"name":"Michele","@id":"https:\/\/www.festivox.fr\/blog\/#\/schema\/person\/f36a8b6bc94800c3eafed4bca993ce95"},"headline":"Jazz Sous les Pommiers : Nout + Th\u00e9o Girard Trio","datePublished":"2023-05-19T17:06:00+00:00","mainEntityOfPage":{"@id":"https:\/\/www.festivox.fr\/blog\/jazz-sous-les-pommiers-nout-theo-girard-trio\/"},"wordCount":267,"publisher":{"@id":"https:\/\/www.festivox.fr\/blog\/#organization"},"articleSection":["Wiki Sur Festival Jazz Et Musique En Mode Guinguette:"],"inLanguage":"fr-FR"},{"@type":"WebPage","@id":"https:\/\/www.festivox.fr\/blog\/jazz-sous-les-pommiers-nout-theo-girard-trio\/","url":"https:\/\/www.festivox.fr\/blog\/jazz-sous-les-pommiers-nout-theo-girard-trio\/","name":"Jazz Sous les Pommiers : Nout + Th\u00e9o Girard Trio - FESTIVOX","isPartOf":{"@id":"https:\/\/www.festivox.fr\/blog\/#website"},"datePublished":"2023-05-19T17:06:00+00:00","breadcrumb":{"@id":"https:\/\/www.festivox.fr\/blog\/jazz-sous-les-pommiers-nout-theo-girard-trio\/#breadcrumb"},"inLanguage":"fr-FR","potentialAction":[{"@type":"ReadAction","target":["https:\/\/www.festivox.fr\/blog\/jazz-sous-les-pommiers-nout-theo-girard-trio\/"]}]},{"@type":"BreadcrumbList","@id":"https:\/\/www.festivox.fr\/blog\/jazz-sous-les-pommiers-nout-theo-girard-trio\/#breadcrumb","itemListElement":[{"@type":"ListItem","position":1,"name":"Accueil","item":"https:\/\/www.festivox.fr\/blog\/"},{"@type":"ListItem","position":2,"name":"Jazz Sous les Pommiers : Nout + Th\u00e9o Girard Trio"}]},{"@type":"WebSite","@id":"https:\/\/www.festivox.fr\/blog\/#website","url":"https:\/\/www.festivox.fr\/blog\/","name":"FESTIVOX","description":"Festival en mode guinguette.","publisher":{"@id":"https:\/\/www.festivox.fr\/blog\/#organization"},"potentialAction":[{"@type":"SearchAction","target":{"@type":"EntryPoint","urlTemplate":"https:\/\/www.festivox.fr\/blog\/?s={search_term_string}"},"query-input":{"@type":"PropertyValueSpecification","valueRequired":true,"valueName":"search_term_string"}}],"inLanguage":"fr-FR"},{"@type":"Organization","@id":"https:\/\/www.festivox.fr\/blog\/#organization","name":"festivox","url":"https:\/\/www.festivox.fr\/blog\/","logo":{"@type":"ImageObject","inLanguage":"fr-FR","@id":"https:\/\/www.festivox.fr\/blog\/#\/schema\/logo\/image\/","url":"https:\/\/www.festivox.fr\/blog\/wp-content\/uploads\/2023\/06\/logo-2.png","contentUrl":"https:\/\/www.festivox.fr\/blog\/wp-content\/uploads\/2023\/06\/logo-2.png","width":480,"height":160,"caption":"festivox"},"image":{"@id":"https:\/\/www.festivox.fr\/blog\/#\/schema\/logo\/image\/"}},{"@type":"Person","@id":"https:\/\/www.festivox.fr\/blog\/#\/schema\/person\/f36a8b6bc94800c3eafed4bca993ce95","name":"Michele","image":{"@type":"ImageObject","inLanguage":"fr-FR","@id":"https:\/\/secure.gravatar.com\/avatar\/b062046536b5d47ec9075956ec349ef95ed06b0f910c578f74abb318668b702e?s=96&d=mm&r=g","url":"https:\/\/secure.gravatar.com\/avatar\/b062046536b5d47ec9075956ec349ef95ed06b0f910c578f74abb318668b702e?s=96&d=mm&r=g","contentUrl":"https:\/\/secure.gravatar.com\/avatar\/b062046536b5d47ec9075956ec349ef95ed06b0f910c578f74abb318668b702e?s=96&d=mm&r=g","caption":"Michele"},"sameAs":["https:\/\/www.festivox.fr\/blog"],"url":"https:\/\/www.festivox.fr\/blog\/author\/voxadmin\/"}]}},"_links":{"self":[{"href":"https:\/\/www.festivox.fr\/blog\/wp-json\/wp\/v2\/posts\/104","targetHints":{"allow":["GET"]}}],"collection":[{"href":"https:\/\/www.festivox.fr\/blog\/wp-json\/wp\/v2\/posts"}],"about":[{"href":"https:\/\/www.festivox.fr\/blog\/wp-json\/wp\/v2\/types\/post"}],"author":[{"embeddable":true,"href":"https:\/\/www.festivox.fr\/blog\/wp-json\/wp\/v2\/users\/1"}],"replies":[{"embeddable":true,"href":"https:\/\/www.festivox.fr\/blog\/wp-json\/wp\/v2\/comments?post=104"}],"version-history":[{"count":0,"href":"https:\/\/www.festivox.fr\/blog\/wp-json\/wp\/v2\/posts\/104\/revisions"}],"wp:attachment":[{"href":"https:\/\/www.festivox.fr\/blog\/wp-json\/wp\/v2\/media?parent=104"}],"wp:term":[{"taxonomy":"category","embeddable":true,"href":"https:\/\/www.festivox.fr\/blog\/wp-json\/wp\/v2\/categories?post=104"},{"taxonomy":"post_tag","embeddable":true,"href":"https:\/\/www.festivox.fr\/blog\/wp-json\/wp\/v2\/tags?post=104"}],"curies":[{"name":"wp","href":"https:\/\/api.w.org\/{rel}","templated":true}]}}