{"id":1025,"date":"2024-08-22T19:55:00","date_gmt":"2024-08-22T17:55:00","guid":{"rendered":"https:\/\/www.festivox.fr\/blog\/lactu-pour-les-jeunes\/"},"modified":"2024-08-22T19:55:00","modified_gmt":"2024-08-22T17:55:00","slug":"lactu-pour-les-jeunes","status":"publish","type":"post","link":"https:\/\/www.festivox.fr\/blog\/lactu-pour-les-jeunes\/","title":{"rendered":"L&rsquo;actu pour les jeunes"},"content":{"rendered":"\n<p class=\"article__intro\">Comme chaque vendredi, nous avons s\u00e9lectionn\u00e9 quelques id\u00e9es de sorties pour ce week-end du 24 et 25 ao\u00fbt 2024 en Normandie.<\/p>\n<p>Que faire ce week-end du 24-25 ao\u00fbt 2024 ? Les vacances scolaires touchent bient\u00f4t \u00e0 leur fin et la pluie fait son retour. La flamme paralympique passera \u00e9galement <a href=\"https:\/\/france3-regions.francetvinfo.fr\/normandie\/seine-maritime\/rouen\/jeux-paralympiques-2024-rouen-deauville-louviers-decouvrez-le-parcours-de-la-flamme-en-normandie-3018395.html\" target=\"_blank\" rel=\"noopener nofollow\">par trois villes normandes.<\/a><\/p>\n<p>Voici nos id\u00e9es de sorties dans les cinq d\u00e9partements normands.<\/p>\n<p>Le Festival Manga revient du 23 au 25 ao\u00fbt \u00e0 Deauville pour une deuxi\u00e8me \u00e9dition remplie de mangakas, cosplay, gaming, spectacles et expositions.&nbsp;<span>De nombreux invit\u00e9s renomm\u00e9s dans l&rsquo;univers manga seront pr\u00e9sents pour accueillir les visiteurs, animer des s\u00e9ances de d\u00e9dicaces, des ateliers ou des conf\u00e9rences.<\/span><\/p>\n<p><span>Un d\u00e9fil\u00e9 de cosplay se d\u00e9roulera notamment sur les planches de Deauville, samedi 24 ao\u00fbt 2024, \u00e0 15h30 :<\/span><\/p>\n<p><span>L&rsquo;occasion de faire la connaissance de com\u00e9diens de doublages connus et de c\u00e9l\u00e8bres youtubeurs, mangakas, cosplayeurs et collectionneurs.<\/span><\/p>\n<p><span>Les exposants proposeront des stands consacr\u00e9s \u00e0 l&rsquo;univers du manga et de la pop culture. Un grand espace de restauration d\u00e9di\u00e9 \u00e0 la nourriture japonaise et des food-trucks sp\u00e9cialis\u00e9s r\u00e9galeront les visiteurs.<\/span><\/p>\n<p><span>D\u00e9couvrez tout le d\u00e9tail du programme <a href=\"https:\/\/www.indeauville.fr\/2e-festival-manga-deauville\" target=\"_blank\" rel=\"noopener nofollow\">en cliquant ici.<\/a><\/span><\/p>\n<p><span>Situ\u00e9 au c\u0153ur d\u2019un \u00e9crin de verdure dans un site patrimonial priv\u00e9 habituellement ferm\u00e9 au public, le Ch\u00e2teau de Rebais, sur la commune des Bottereaux, ouvre ses portes pour \u00ab\u00a0Cheval en f\u00eate\u00a0\u00bb, une journ\u00e9e d&rsquo;animations autour du monde \u00e9questre, suivie d&rsquo;une grande soir\u00e9e spectacle et d&rsquo;un repas dansant.<\/span><\/p>\n<p><span>Pas besoin d\u2019\u00eatre cavalier pour appr\u00e9cier la programmation qui propose spectacles d\u2019arts \u00e9questres, animations \u00e9questres, visites guid\u00e9es, expositions d\u2019artistes, produits du terroir, d\u00e9monstrations de v\u00e8nerie, brocante\u2026<\/span><\/p>\n<p><strong>Infos pratiques :<\/strong><\/p>\n<ul>\n<li><span>Samedi 24 ao\u00fbt : de 10h \u00e0 18h (acc\u00e8s gratuit)<\/span><\/li>\n<li>Tous les d\u00e9tails de la programmation <a href=\"https:\/\/www.normandie-sud-tourisme.fr\/agenda\/cheval-en-fete\/\" target=\"_blank\" rel=\"noopener nofollow\">en cliquant ici<\/a><\/li>\n<\/ul>\n<p>Derniers jours pour profiter de la 30<sup>e<\/sup> \u00e9dition du festival musical des travers\u00e9es de Tatihou qui se d\u00e9roulent du 20 au 25 ao\u00fbt 2024.&nbsp;<\/p>\n<p><span>Cet \u00e9v\u00e8nement musical compte parmi les plus singuliers de l\u2019\u00e9t\u00e9 en&nbsp;<\/span><strong>lien avec les grandes mar\u00e9es<\/strong><span>. Les concerts sur l\u2019\u00eele Tatihou sont accessibles \u00e0 pied et \u00e0 mar\u00e9e basse. <\/span><\/p>\n<p><span>Le public chemine au milieu des parcs \u00e0 hu\u00eetres pendant une trentaine de minutes pour rejoindre l\u2019\u00eele et vivre une&nbsp;<\/span><strong>exp\u00e9rience unique<span>&nbsp;<\/span><\/strong><span>avant de regagner le port de Saint-Vaast-la-Hougue pour d\u2019autres d\u00e9couvertes musicales.<\/span><\/p>\n<p><span>D\u00e9couvrez le programme complet <a href=\"https:\/\/traversees-tatihou.manche.fr\/\" target=\"_blank\" rel=\"noopener nofollow\">en cliquant ici.<\/a><\/span><\/p>\n<p>Le festival Vibrations f\u00eate son 10<sup>e<\/sup> anniversaire avec une \u00e9dition 2024 qui fleurit au Jardin des plantes du samedi 24 au samedi 31 ao\u00fbt. Concerts en s\u00e9rie \u00e0 l&rsquo;orangerie.<\/p>\n<p>Le th\u00e8me pour cette 10<sup>e<\/sup> \u00e9dition : \u00ab\u00a0Musiques des mondes et des temps\u00a0\u00bb, proclame Vibrations. Aux abords de l&rsquo;Orangerie, un village habill\u00e9 par la plasticienne Marie-C\u00e9line Varin.<\/p>\n<p>[embedded content]<\/p>\n<p><strong>Infos pratiques :<\/strong><\/p>\n<ul>\n<li>Du samedi 24 au samedi 31 ao\u00fbt 2024<\/li>\n<li>Orangerie du Jardin des plantes et aux abords<\/li>\n<li>Soir\u00e9e d&rsquo;ouverture : 5\u20ac ; concert : 14\u20ac (TR 11\u20ac) ; bal de cl\u00f4ture : gratuit<\/li>\n<li>Tous le programme en d\u00e9tail <a href=\"https:\/\/festivalvibrations.jimdofree.com\/festival-vibrations-2024\/\" target=\"_blank\" rel=\"noopener nofollow\">en cliquant ici.<\/a><\/li>\n<\/ul>\n<p>Dimanche 25 ao\u00fbt, la flamme olympique fera <a href=\"https:\/\/france3-regions.francetvinfo.fr\/normandie\/seine-maritime\/rouen\/jeux-paralympiques-2024-rouen-deauville-louviers-decouvrez-le-parcours-de-la-flamme-en-normandie-3018395.html\" target=\"_blank\" rel=\"noopener nofollow\">son grand retour \u00e0 Rouen<\/a> \u00e0 l&rsquo;occasion des Jeux paralympiques qui se d\u00e9rouleront \u00e0 Paris du mercredi 28 ao\u00fbt 2024 au dimanche 8 septembre 2024.<\/p>\n<p>La f\u00eate de la Lib\u00e9ration des 80 ans du d\u00e9barquement en Normandie se d\u00e9roule un peu partout dans la r\u00e9gion ce week-end. Dans l&rsquo;Orne, c&rsquo;est \u00e0 Loug\u00e9-sur-Maire que vont se d\u00e9rouler les festivit\u00e9s samedi 24 ao\u00fbt.<\/p>\n<p>Au programme : c<span>omm\u00e9moration au monument aux morts (9h), st\u00e8le des Am\u00e9ricains (10h). Verre de l&rsquo;amiti\u00e9 \u00e0 11h30. Repas sur r\u00e9servation le midi. <\/span><span><\/span><span>Toute la journ\u00e9e, route du Pont Bailey : diffusions de divers films de la Lib\u00e9ration, expositions de v\u00e9hicules et objets militaires. Buvette et food-trucks \u00e0 partir de 18h.<\/span><\/p>\n<div class=\"article-image__container\">\n<figure aria-hidden=\"true\">   <img width=\"600\" height=\"400\" class=\"article-image lazy\" data-src=\"https:\/\/www.festivox.fr\/blog\/wp-content\/uploads\/2024\/08\/lactu-pour-les-jeunes.webp\" alt=\"La f\u00eate de la Lib\u00e9ration des 80 ans du d\u00e9barquement en Normandie se d\u00e9roule un peu partout dans la r\u00e9gion ce week-end.\"><figcaption>\n<p> <span>La f\u00eate de la Lib\u00e9ration des 80 ans du d\u00e9barquement en Normandie se d\u00e9roule un peu partout dans la r\u00e9gion ce week-end.<\/span> <span class=\"separator\"> \u2022 <\/span> <span>\u00a9 Normandie Tourisme<\/span> <\/p>\n<\/figcaption><\/figure>\n<\/div>\n<p><span>\u00c0 partir de 19h30 : soir\u00e9e guinguette, ambiance musicale, DJ, musiques r\u00e9tro.<\/span><br \/><span>\u00c0 20h45 : concert \u00ab\u00a0Celest on the Bayou\u00a0\u00bb, ambiance jazz New Orleans.<\/span><\/p>\n<p>Dimanche, dernier week-end pour profiter de la <a href=\"https:\/\/www.normandie-tourisme.fr\/agenda\/guinguette-du-bord-de-sarthe\/\" target=\"_blank\" rel=\"noopener nofollow\">Guinguette du bord de Sarthe<\/a> <span>au parc de la Providence : v<\/span><span>alse, java, paso doble, polka, fox-trot&#8230; ou tango pour les plus dou\u00e9s.&nbsp;<\/span><\/p>\n<p> Cet article, qui traite du th\u00e8me \u00ab\u00a0Festival Jazz et musique en mode guinguette\u00a0\u00bb, vous est d\u00e9lib\u00e9r\u00e9ment offert par festivox.fr. La raison d\u2019\u00eatre de festivox.fr est de parler de Festival Jazz et musique en mode guinguette dans la transparence la plus g\u00e9n\u00e9rale en vous procurant la visibilit\u00e9 de tout ce qui est publi\u00e9 sur ce sujet sur le web La chronique a \u00e9t\u00e9 g\u00e9n\u00e9r\u00e9e de la mani\u00e8re la plus honn\u00eate que possible. S\u2019il advenait que vous projetez d\u2019apporter quelques notes concernant le domaine de \u00ab\u00a0Festival Jazz et musique en mode guinguette\u00a0\u00bb vous avez la possibilit\u00e9 de d&rsquo;\u00e9changer avec notre r\u00e9daction. Dans peu de temps, on mettra en ligne d&rsquo;autres informations pertinentes autour du sujet \u00ab\u00a0Festival Jazz et musique en mode guinguette\u00a0\u00bb. Ainsi, consultez r\u00e9guli\u00e8rement notre site.<\/p>\n","protected":false},"excerpt":{"rendered":"<p>Comme chaque vendredi, nous avons s\u00e9lectionn\u00e9 quelques id\u00e9es de sorties pour ce week-end du 24 et 25 ao\u00fbt 2024 en Normandie. Que faire ce week-end du 24-25 ao\u00fbt 2024 ? Les vacances scolaires touchent bient\u00f4t \u00e0 leur fin et la pluie fait son retour. La flamme paralympique passera \u00e9galement par trois villes normandes. Voici nos&hellip;<\/p>\n","protected":false},"author":1,"featured_media":1026,"comment_status":"closed","ping_status":"closed","sticky":false,"template":"","format":"standard","meta":{"footnotes":""},"categories":[3],"tags":[],"class_list":["post-1025","post","type-post","status-publish","format-standard","has-post-thumbnail","hentry","category-wiki-sur-festival-jazz-et-musique-en-mode-guinguette"],"yoast_head":"<!-- This site is optimized with the Yoast SEO plugin v27.5 - https:\/\/yoast.com\/product\/yoast-seo-wordpress\/ -->\n<title>L&#039;actu pour les jeunes - FESTIVOX<\/title>\n<meta name=\"robots\" content=\"index, follow, max-snippet:-1, max-image-preview:large, max-video-preview:-1\" \/>\n<link rel=\"canonical\" href=\"https:\/\/www.festivox.fr\/blog\/lactu-pour-les-jeunes\/\" \/>\n<meta property=\"og:locale\" content=\"fr_FR\" \/>\n<meta property=\"og:type\" content=\"article\" \/>\n<meta property=\"og:title\" content=\"L&#039;actu pour les jeunes - FESTIVOX\" \/>\n<meta property=\"og:description\" content=\"Comme chaque vendredi, nous avons s\u00e9lectionn\u00e9 quelques id\u00e9es de sorties pour ce week-end du 24 et 25 ao\u00fbt 2024 en Normandie. Que faire ce week-end du 24-25 ao\u00fbt 2024 ? Les vacances scolaires touchent bient\u00f4t \u00e0 leur fin et la pluie fait son retour. La flamme paralympique passera \u00e9galement par trois villes normandes. Voici nos&hellip;\" \/>\n<meta property=\"og:url\" content=\"https:\/\/www.festivox.fr\/blog\/lactu-pour-les-jeunes\/\" \/>\n<meta property=\"og:site_name\" content=\"FESTIVOX\" \/>\n<meta property=\"article:published_time\" content=\"2024-08-22T17:55:00+00:00\" \/>\n<meta property=\"og:image\" content=\"https:\/\/www.festivox.fr\/blog\/wp-content\/uploads\/2024\/08\/lactu-pour-les-jeunes.webp\" \/>\n<meta name=\"author\" content=\"Michele\" \/>\n<meta name=\"twitter:card\" content=\"summary_large_image\" \/>\n<meta name=\"twitter:label1\" content=\"\u00c9crit par\" \/>\n\t<meta name=\"twitter:data1\" content=\"Michele\" \/>\n\t<meta name=\"twitter:label2\" content=\"Dur\u00e9e de lecture estim\u00e9e\" \/>\n\t<meta name=\"twitter:data2\" content=\"4 minutes\" \/>\n<script type=\"application\/ld+json\" class=\"yoast-schema-graph\">{\"@context\":\"https:\\\/\\\/schema.org\",\"@graph\":[{\"@type\":\"Article\",\"@id\":\"https:\\\/\\\/www.festivox.fr\\\/blog\\\/lactu-pour-les-jeunes\\\/#article\",\"isPartOf\":{\"@id\":\"https:\\\/\\\/www.festivox.fr\\\/blog\\\/lactu-pour-les-jeunes\\\/\"},\"author\":{\"name\":\"Michele\",\"@id\":\"https:\\\/\\\/www.festivox.fr\\\/blog\\\/#\\\/schema\\\/person\\\/f36a8b6bc94800c3eafed4bca993ce95\"},\"headline\":\"L&rsquo;actu pour les jeunes\",\"datePublished\":\"2024-08-22T17:55:00+00:00\",\"mainEntityOfPage\":{\"@id\":\"https:\\\/\\\/www.festivox.fr\\\/blog\\\/lactu-pour-les-jeunes\\\/\"},\"wordCount\":861,\"publisher\":{\"@id\":\"https:\\\/\\\/www.festivox.fr\\\/blog\\\/#organization\"},\"image\":{\"@id\":\"https:\\\/\\\/www.festivox.fr\\\/blog\\\/lactu-pour-les-jeunes\\\/#primaryimage\"},\"thumbnailUrl\":\"https:\\\/\\\/www.festivox.fr\\\/blog\\\/wp-content\\\/uploads\\\/2024\\\/08\\\/lactu-pour-les-jeunes.webp\",\"articleSection\":[\"Wiki Sur Festival Jazz Et Musique En Mode Guinguette:\"],\"inLanguage\":\"fr-FR\"},{\"@type\":\"WebPage\",\"@id\":\"https:\\\/\\\/www.festivox.fr\\\/blog\\\/lactu-pour-les-jeunes\\\/\",\"url\":\"https:\\\/\\\/www.festivox.fr\\\/blog\\\/lactu-pour-les-jeunes\\\/\",\"name\":\"L'actu pour les jeunes - FESTIVOX\",\"isPartOf\":{\"@id\":\"https:\\\/\\\/www.festivox.fr\\\/blog\\\/#website\"},\"primaryImageOfPage\":{\"@id\":\"https:\\\/\\\/www.festivox.fr\\\/blog\\\/lactu-pour-les-jeunes\\\/#primaryimage\"},\"image\":{\"@id\":\"https:\\\/\\\/www.festivox.fr\\\/blog\\\/lactu-pour-les-jeunes\\\/#primaryimage\"},\"thumbnailUrl\":\"https:\\\/\\\/www.festivox.fr\\\/blog\\\/wp-content\\\/uploads\\\/2024\\\/08\\\/lactu-pour-les-jeunes.webp\",\"datePublished\":\"2024-08-22T17:55:00+00:00\",\"breadcrumb\":{\"@id\":\"https:\\\/\\\/www.festivox.fr\\\/blog\\\/lactu-pour-les-jeunes\\\/#breadcrumb\"},\"inLanguage\":\"fr-FR\",\"potentialAction\":[{\"@type\":\"ReadAction\",\"target\":[\"https:\\\/\\\/www.festivox.fr\\\/blog\\\/lactu-pour-les-jeunes\\\/\"]}]},{\"@type\":\"ImageObject\",\"inLanguage\":\"fr-FR\",\"@id\":\"https:\\\/\\\/www.festivox.fr\\\/blog\\\/lactu-pour-les-jeunes\\\/#primaryimage\",\"url\":\"https:\\\/\\\/www.festivox.fr\\\/blog\\\/wp-content\\\/uploads\\\/2024\\\/08\\\/lactu-pour-les-jeunes.webp\",\"contentUrl\":\"https:\\\/\\\/www.festivox.fr\\\/blog\\\/wp-content\\\/uploads\\\/2024\\\/08\\\/lactu-pour-les-jeunes.webp\",\"width\":800,\"height\":450},{\"@type\":\"BreadcrumbList\",\"@id\":\"https:\\\/\\\/www.festivox.fr\\\/blog\\\/lactu-pour-les-jeunes\\\/#breadcrumb\",\"itemListElement\":[{\"@type\":\"ListItem\",\"position\":1,\"name\":\"Accueil\",\"item\":\"https:\\\/\\\/www.festivox.fr\\\/blog\\\/\"},{\"@type\":\"ListItem\",\"position\":2,\"name\":\"L&rsquo;actu pour les jeunes\"}]},{\"@type\":\"WebSite\",\"@id\":\"https:\\\/\\\/www.festivox.fr\\\/blog\\\/#website\",\"url\":\"https:\\\/\\\/www.festivox.fr\\\/blog\\\/\",\"name\":\"FESTIVOX\",\"description\":\"Festival en mode guinguette.\",\"publisher\":{\"@id\":\"https:\\\/\\\/www.festivox.fr\\\/blog\\\/#organization\"},\"potentialAction\":[{\"@type\":\"SearchAction\",\"target\":{\"@type\":\"EntryPoint\",\"urlTemplate\":\"https:\\\/\\\/www.festivox.fr\\\/blog\\\/?s={search_term_string}\"},\"query-input\":{\"@type\":\"PropertyValueSpecification\",\"valueRequired\":true,\"valueName\":\"search_term_string\"}}],\"inLanguage\":\"fr-FR\"},{\"@type\":\"Organization\",\"@id\":\"https:\\\/\\\/www.festivox.fr\\\/blog\\\/#organization\",\"name\":\"festivox\",\"url\":\"https:\\\/\\\/www.festivox.fr\\\/blog\\\/\",\"logo\":{\"@type\":\"ImageObject\",\"inLanguage\":\"fr-FR\",\"@id\":\"https:\\\/\\\/www.festivox.fr\\\/blog\\\/#\\\/schema\\\/logo\\\/image\\\/\",\"url\":\"https:\\\/\\\/www.festivox.fr\\\/blog\\\/wp-content\\\/uploads\\\/2023\\\/06\\\/logo-2.png\",\"contentUrl\":\"https:\\\/\\\/www.festivox.fr\\\/blog\\\/wp-content\\\/uploads\\\/2023\\\/06\\\/logo-2.png\",\"width\":480,\"height\":160,\"caption\":\"festivox\"},\"image\":{\"@id\":\"https:\\\/\\\/www.festivox.fr\\\/blog\\\/#\\\/schema\\\/logo\\\/image\\\/\"}},{\"@type\":\"Person\",\"@id\":\"https:\\\/\\\/www.festivox.fr\\\/blog\\\/#\\\/schema\\\/person\\\/f36a8b6bc94800c3eafed4bca993ce95\",\"name\":\"Michele\",\"image\":{\"@type\":\"ImageObject\",\"inLanguage\":\"fr-FR\",\"@id\":\"https:\\\/\\\/secure.gravatar.com\\\/avatar\\\/b062046536b5d47ec9075956ec349ef95ed06b0f910c578f74abb318668b702e?s=96&d=mm&r=g\",\"url\":\"https:\\\/\\\/secure.gravatar.com\\\/avatar\\\/b062046536b5d47ec9075956ec349ef95ed06b0f910c578f74abb318668b702e?s=96&d=mm&r=g\",\"contentUrl\":\"https:\\\/\\\/secure.gravatar.com\\\/avatar\\\/b062046536b5d47ec9075956ec349ef95ed06b0f910c578f74abb318668b702e?s=96&d=mm&r=g\",\"caption\":\"Michele\"},\"sameAs\":[\"https:\\\/\\\/www.festivox.fr\\\/blog\"],\"url\":\"https:\\\/\\\/www.festivox.fr\\\/blog\\\/author\\\/voxadmin\\\/\"}]}<\/script>\n<!-- \/ Yoast SEO plugin. -->","yoast_head_json":{"title":"L'actu pour les jeunes - FESTIVOX","robots":{"index":"index","follow":"follow","max-snippet":"max-snippet:-1","max-image-preview":"max-image-preview:large","max-video-preview":"max-video-preview:-1"},"canonical":"https:\/\/www.festivox.fr\/blog\/lactu-pour-les-jeunes\/","og_locale":"fr_FR","og_type":"article","og_title":"L'actu pour les jeunes - FESTIVOX","og_description":"Comme chaque vendredi, nous avons s\u00e9lectionn\u00e9 quelques id\u00e9es de sorties pour ce week-end du 24 et 25 ao\u00fbt 2024 en Normandie. Que faire ce week-end du 24-25 ao\u00fbt 2024 ? Les vacances scolaires touchent bient\u00f4t \u00e0 leur fin et la pluie fait son retour. La flamme paralympique passera \u00e9galement par trois villes normandes. Voici nos&hellip;","og_url":"https:\/\/www.festivox.fr\/blog\/lactu-pour-les-jeunes\/","og_site_name":"FESTIVOX","article_published_time":"2024-08-22T17:55:00+00:00","og_image":[{"url":"https:\/\/www.festivox.fr\/blog\/wp-content\/uploads\/2024\/08\/lactu-pour-les-jeunes.webp","type":"","width":"","height":""}],"author":"Michele","twitter_card":"summary_large_image","twitter_misc":{"\u00c9crit par":"Michele","Dur\u00e9e de lecture estim\u00e9e":"4 minutes"},"schema":{"@context":"https:\/\/schema.org","@graph":[{"@type":"Article","@id":"https:\/\/www.festivox.fr\/blog\/lactu-pour-les-jeunes\/#article","isPartOf":{"@id":"https:\/\/www.festivox.fr\/blog\/lactu-pour-les-jeunes\/"},"author":{"name":"Michele","@id":"https:\/\/www.festivox.fr\/blog\/#\/schema\/person\/f36a8b6bc94800c3eafed4bca993ce95"},"headline":"L&rsquo;actu pour les jeunes","datePublished":"2024-08-22T17:55:00+00:00","mainEntityOfPage":{"@id":"https:\/\/www.festivox.fr\/blog\/lactu-pour-les-jeunes\/"},"wordCount":861,"publisher":{"@id":"https:\/\/www.festivox.fr\/blog\/#organization"},"image":{"@id":"https:\/\/www.festivox.fr\/blog\/lactu-pour-les-jeunes\/#primaryimage"},"thumbnailUrl":"https:\/\/www.festivox.fr\/blog\/wp-content\/uploads\/2024\/08\/lactu-pour-les-jeunes.webp","articleSection":["Wiki Sur Festival Jazz Et Musique En Mode Guinguette:"],"inLanguage":"fr-FR"},{"@type":"WebPage","@id":"https:\/\/www.festivox.fr\/blog\/lactu-pour-les-jeunes\/","url":"https:\/\/www.festivox.fr\/blog\/lactu-pour-les-jeunes\/","name":"L'actu pour les jeunes - FESTIVOX","isPartOf":{"@id":"https:\/\/www.festivox.fr\/blog\/#website"},"primaryImageOfPage":{"@id":"https:\/\/www.festivox.fr\/blog\/lactu-pour-les-jeunes\/#primaryimage"},"image":{"@id":"https:\/\/www.festivox.fr\/blog\/lactu-pour-les-jeunes\/#primaryimage"},"thumbnailUrl":"https:\/\/www.festivox.fr\/blog\/wp-content\/uploads\/2024\/08\/lactu-pour-les-jeunes.webp","datePublished":"2024-08-22T17:55:00+00:00","breadcrumb":{"@id":"https:\/\/www.festivox.fr\/blog\/lactu-pour-les-jeunes\/#breadcrumb"},"inLanguage":"fr-FR","potentialAction":[{"@type":"ReadAction","target":["https:\/\/www.festivox.fr\/blog\/lactu-pour-les-jeunes\/"]}]},{"@type":"ImageObject","inLanguage":"fr-FR","@id":"https:\/\/www.festivox.fr\/blog\/lactu-pour-les-jeunes\/#primaryimage","url":"https:\/\/www.festivox.fr\/blog\/wp-content\/uploads\/2024\/08\/lactu-pour-les-jeunes.webp","contentUrl":"https:\/\/www.festivox.fr\/blog\/wp-content\/uploads\/2024\/08\/lactu-pour-les-jeunes.webp","width":800,"height":450},{"@type":"BreadcrumbList","@id":"https:\/\/www.festivox.fr\/blog\/lactu-pour-les-jeunes\/#breadcrumb","itemListElement":[{"@type":"ListItem","position":1,"name":"Accueil","item":"https:\/\/www.festivox.fr\/blog\/"},{"@type":"ListItem","position":2,"name":"L&rsquo;actu pour les jeunes"}]},{"@type":"WebSite","@id":"https:\/\/www.festivox.fr\/blog\/#website","url":"https:\/\/www.festivox.fr\/blog\/","name":"FESTIVOX","description":"Festival en mode guinguette.","publisher":{"@id":"https:\/\/www.festivox.fr\/blog\/#organization"},"potentialAction":[{"@type":"SearchAction","target":{"@type":"EntryPoint","urlTemplate":"https:\/\/www.festivox.fr\/blog\/?s={search_term_string}"},"query-input":{"@type":"PropertyValueSpecification","valueRequired":true,"valueName":"search_term_string"}}],"inLanguage":"fr-FR"},{"@type":"Organization","@id":"https:\/\/www.festivox.fr\/blog\/#organization","name":"festivox","url":"https:\/\/www.festivox.fr\/blog\/","logo":{"@type":"ImageObject","inLanguage":"fr-FR","@id":"https:\/\/www.festivox.fr\/blog\/#\/schema\/logo\/image\/","url":"https:\/\/www.festivox.fr\/blog\/wp-content\/uploads\/2023\/06\/logo-2.png","contentUrl":"https:\/\/www.festivox.fr\/blog\/wp-content\/uploads\/2023\/06\/logo-2.png","width":480,"height":160,"caption":"festivox"},"image":{"@id":"https:\/\/www.festivox.fr\/blog\/#\/schema\/logo\/image\/"}},{"@type":"Person","@id":"https:\/\/www.festivox.fr\/blog\/#\/schema\/person\/f36a8b6bc94800c3eafed4bca993ce95","name":"Michele","image":{"@type":"ImageObject","inLanguage":"fr-FR","@id":"https:\/\/secure.gravatar.com\/avatar\/b062046536b5d47ec9075956ec349ef95ed06b0f910c578f74abb318668b702e?s=96&d=mm&r=g","url":"https:\/\/secure.gravatar.com\/avatar\/b062046536b5d47ec9075956ec349ef95ed06b0f910c578f74abb318668b702e?s=96&d=mm&r=g","contentUrl":"https:\/\/secure.gravatar.com\/avatar\/b062046536b5d47ec9075956ec349ef95ed06b0f910c578f74abb318668b702e?s=96&d=mm&r=g","caption":"Michele"},"sameAs":["https:\/\/www.festivox.fr\/blog"],"url":"https:\/\/www.festivox.fr\/blog\/author\/voxadmin\/"}]}},"_links":{"self":[{"href":"https:\/\/www.festivox.fr\/blog\/wp-json\/wp\/v2\/posts\/1025","targetHints":{"allow":["GET"]}}],"collection":[{"href":"https:\/\/www.festivox.fr\/blog\/wp-json\/wp\/v2\/posts"}],"about":[{"href":"https:\/\/www.festivox.fr\/blog\/wp-json\/wp\/v2\/types\/post"}],"author":[{"embeddable":true,"href":"https:\/\/www.festivox.fr\/blog\/wp-json\/wp\/v2\/users\/1"}],"replies":[{"embeddable":true,"href":"https:\/\/www.festivox.fr\/blog\/wp-json\/wp\/v2\/comments?post=1025"}],"version-history":[{"count":0,"href":"https:\/\/www.festivox.fr\/blog\/wp-json\/wp\/v2\/posts\/1025\/revisions"}],"wp:featuredmedia":[{"embeddable":true,"href":"https:\/\/www.festivox.fr\/blog\/wp-json\/wp\/v2\/media\/1026"}],"wp:attachment":[{"href":"https:\/\/www.festivox.fr\/blog\/wp-json\/wp\/v2\/media?parent=1025"}],"wp:term":[{"taxonomy":"category","embeddable":true,"href":"https:\/\/www.festivox.fr\/blog\/wp-json\/wp\/v2\/categories?post=1025"},{"taxonomy":"post_tag","embeddable":true,"href":"https:\/\/www.festivox.fr\/blog\/wp-json\/wp\/v2\/tags?post=1025"}],"curies":[{"name":"wp","href":"https:\/\/api.w.org\/{rel}","templated":true}]}}