{"id":1024,"date":"2024-08-23T12:15:00","date_gmt":"2024-08-23T10:15:00","guid":{"rendered":"https:\/\/www.festivox.fr\/blog\/85-offres-disponibles-pour-emploi-precepteur-issy-les-moulineaux-92130\/"},"modified":"2024-08-23T12:15:00","modified_gmt":"2024-08-23T10:15:00","slug":"85-offres-disponibles-pour-emploi-precepteur-issy-les-moulineaux-92130","status":"publish","type":"post","link":"https:\/\/www.festivox.fr\/blog\/85-offres-disponibles-pour-emploi-precepteur-issy-les-moulineaux-92130\/","title":{"rendered":"85 offres disponibles pour emploi Pr\u00e9cepteur Issy-les-moulineaux (92130)"},"content":{"rendered":"\n<div class=\"search-result-job-card__logo\" data-v-0dfdab84><img decoding=\"async\" src=\"https:\/\/assets.emploi.lefigaro.fr\/img\/logo.cf0d434.svg\" alt=\"logo\" data-v-0dfdab84><\/div>\n<div class=\"search-result-job-card__details\" data-v-0dfdab84>\n<h2 class=\"search-result-job-card__title\" data-v-0dfdab84>Enseignant danse jazz 20h &#8211; Conservatoire Malakoff (H\/F)<sup data-v-0dfdab84>Nouveau<\/sup><\/h2>\n<div class=\"job_info_wrapper\" data-v-0dfdab84>\n<div class=\"search-result-job-card__infos\" data-v-0dfdab84>\n<div data-v-0dfdab84>\n<div class=\"search-result-job-card__small-logo\" data-v-0dfdab84><img decoding=\"async\" src=\"https:\/\/assets.emploi.lefigaro.fr\/img\/logo.cf0d434.svg\" alt=\"logo\" data-v-0dfdab84><\/div>\n<p> <span data-v-0dfdab84>VALLEE SUD-GRAND PARIS<\/span> <\/div>\n<p><span class=\"dot\" data-v-0dfdab84>CDI<\/span> <span class=\"dot\" data-v-0dfdab84>Malakoff<\/span> <!--&gt;--><\/p>\n<p><span data-v-0dfdab84> Publi\u00e9 il y a 2 jours<\/span><\/p>\n<\/div><\/div>\n<p><span data-v-0dfdab84>Entreprise<br \/>\nLimitrophe au sud de Paris, l&rsquo;\u00c9tablissement Public Territorial Vall\u00e9e Sud Grand Paris rassemble 11 communes (Antony, Bagneux, Bourg-la-Reine, Ch\u00e2tenay-Malabry, Ch\u00e2tillon, Clamart, Fontenay-aux-Roses, Malakoff, Montrouge, Le Plessis-Robinson &#8211; Sceaux) repr\u00e9sentant plus de 400 000 habitants. Vall\u00e9e Sud &#8211; Grand Paris est engag\u00e9 autour d&rsquo;un projet f\u00e9d\u00e9rateur ax\u00e9 sur la protection du cadre de vie, la cr\u00e9ation et l&rsquo;innovation. Vall\u00e9e Sud &#8211; Grand Paris recherche par la voie statutaire, et \u00e0 d\u00e9faut contractuelle, sa ou son : Enseignant artistique, danse jazz (Cadre d&#8217;emplois des Assistants d&rsquo;Enseignement Artistique Principaux) Etablissement d&rsquo;enseignement artistique, le conservatoire de Malakoff r\u00e9unit 58 enseignants qui dispensent un enseignement vocal, instrumental, chor\u00e9graphique et th\u00e9\u00e2tral \u00e0 plus de 700 \u00e9l\u00e8ves. Plusieurs parcours d&rsquo;apprentissage artistique y sont offerts : une initiation \u00e0 la musique, \u00e0 la danse et au th\u00e9\u00e2tre en milieu scolaire, une pratique instrumentale d\u00e8s l&rsquo;\u00e9cole \u00e9l\u00e9mentaire, un parcours int\u00e9gr\u00e9 en classes \u00e0 horaires am\u00e9nag\u00e9s, ainsi qu&rsquo;un parcours amateur. Les esth\u00e9tiques enseign\u00e9es s&rsquo;\u00e9tendent de la musique classique au jazz et aux musiques actuelles en passant par les percussions traditionnelles. L&rsquo;\u00e9tablissement d\u00e9ploie \u00e9galement un plan choral ambitieux dans les \u00e9coles de la ville de Malakoff et d\u00e9veloppe de nombreux partenariats au sein du r\u00e9seaux des \u00e9tablissements de Vall\u00e9e Sud-Grand Paris. Poste localis\u00e9 au conservatoire de Malakoff Temps complet de 20h hebdomadaires Poste<br \/>\nRattach\u00e9 \u00e0 la directrice du conservatoire, vous serez charg\u00e9 de : Enseignement de la discipline,<br \/>\nOrganisation et suivi des \u00e9tudes, \u00e9valuation et orientation des \u00e9l\u00e8ves,<br \/>\nD\u00e9veloppement de la curiosit\u00e9, de la sensibilit\u00e9 et de la personnalit\u00e9 artistique de l&rsquo;\u00e9l\u00e8ve,<br \/>\nConduite de projets artistiques et p\u00e9dagogiques, participation \u00e0 des manifestations dans et hors les murs,<br \/>\nParticipation \u00e0 des actions de sensibilisation dans les \u00e9coles de la ville,<br \/>\nParticipation \u00e0 la concertation collective.<\/span><\/p>\n<\/div>\n<p> Cet article, qui traite du th\u00e8me \u00ab\u00a0Festival Jazz et musique en mode guinguette\u00a0\u00bb, vous est d\u00e9lib\u00e9r\u00e9ment offert par festivox.fr. La raison d\u2019\u00eatre de festivox.fr est de parler de Festival Jazz et musique en mode guinguette dans la transparence la plus g\u00e9n\u00e9rale en vous procurant la visibilit\u00e9 de tout ce qui est publi\u00e9 sur ce sujet sur le web La chronique a \u00e9t\u00e9 g\u00e9n\u00e9r\u00e9e de la mani\u00e8re la plus honn\u00eate que possible. S\u2019il advenait que vous projetez d\u2019apporter quelques notes concernant le domaine de \u00ab\u00a0Festival Jazz et musique en mode guinguette\u00a0\u00bb vous avez la possibilit\u00e9 de d&rsquo;\u00e9changer avec notre r\u00e9daction. Dans peu de temps, on mettra en ligne d&rsquo;autres informations pertinentes autour du sujet \u00ab\u00a0Festival Jazz et musique en mode guinguette\u00a0\u00bb. Ainsi, consultez r\u00e9guli\u00e8rement notre site.<\/p>\n","protected":false},"excerpt":{"rendered":"<p>Enseignant danse jazz 20h &#8211; Conservatoire Malakoff (H\/F)Nouveau VALLEE SUD-GRAND PARIS CDI Malakoff Publi\u00e9 il y a 2 jours Entreprise Limitrophe au sud de Paris, l&rsquo;\u00c9tablissement Public Territorial Vall\u00e9e Sud Grand Paris rassemble 11 communes (Antony, Bagneux, Bourg-la-Reine, Ch\u00e2tenay-Malabry, Ch\u00e2tillon, Clamart, Fontenay-aux-Roses, Malakoff, Montrouge, Le Plessis-Robinson &#8211; Sceaux) repr\u00e9sentant plus de 400 000 habitants. Vall\u00e9e&hellip;<\/p>\n","protected":false},"author":1,"featured_media":0,"comment_status":"closed","ping_status":"closed","sticky":false,"template":"","format":"standard","meta":{"footnotes":""},"categories":[3],"tags":[],"class_list":["post-1024","post","type-post","status-publish","format-standard","hentry","category-wiki-sur-festival-jazz-et-musique-en-mode-guinguette"],"yoast_head":"<!-- This site is optimized with the Yoast SEO plugin v27.5 - https:\/\/yoast.com\/product\/yoast-seo-wordpress\/ -->\n<title>85 offres disponibles pour emploi Pr\u00e9cepteur Issy-les-moulineaux (92130) - FESTIVOX<\/title>\n<meta name=\"robots\" content=\"index, follow, max-snippet:-1, max-image-preview:large, max-video-preview:-1\" \/>\n<link rel=\"canonical\" href=\"https:\/\/www.festivox.fr\/blog\/85-offres-disponibles-pour-emploi-precepteur-issy-les-moulineaux-92130\/\" \/>\n<meta property=\"og:locale\" content=\"fr_FR\" \/>\n<meta property=\"og:type\" content=\"article\" \/>\n<meta property=\"og:title\" content=\"85 offres disponibles pour emploi Pr\u00e9cepteur Issy-les-moulineaux (92130) - FESTIVOX\" \/>\n<meta property=\"og:description\" content=\"Enseignant danse jazz 20h &#8211; Conservatoire Malakoff (H\/F)Nouveau VALLEE SUD-GRAND PARIS CDI Malakoff Publi\u00e9 il y a 2 jours Entreprise Limitrophe au sud de Paris, l&rsquo;\u00c9tablissement Public Territorial Vall\u00e9e Sud Grand Paris rassemble 11 communes (Antony, Bagneux, Bourg-la-Reine, Ch\u00e2tenay-Malabry, Ch\u00e2tillon, Clamart, Fontenay-aux-Roses, Malakoff, Montrouge, Le Plessis-Robinson &#8211; Sceaux) repr\u00e9sentant plus de 400 000 habitants. Vall\u00e9e&hellip;\" \/>\n<meta property=\"og:url\" content=\"https:\/\/www.festivox.fr\/blog\/85-offres-disponibles-pour-emploi-precepteur-issy-les-moulineaux-92130\/\" \/>\n<meta property=\"og:site_name\" content=\"FESTIVOX\" \/>\n<meta property=\"article:published_time\" content=\"2024-08-23T10:15:00+00:00\" \/>\n<meta property=\"og:image\" content=\"https:\/\/assets.emploi.lefigaro.fr\/img\/logo.cf0d434.svg\" \/>\n<meta name=\"author\" content=\"Michele\" \/>\n<meta name=\"twitter:card\" content=\"summary_large_image\" \/>\n<meta name=\"twitter:label1\" content=\"\u00c9crit par\" \/>\n\t<meta name=\"twitter:data1\" content=\"Michele\" \/>\n\t<meta name=\"twitter:label2\" content=\"Dur\u00e9e de lecture estim\u00e9e\" \/>\n\t<meta name=\"twitter:data2\" content=\"2 minutes\" \/>\n<script type=\"application\/ld+json\" class=\"yoast-schema-graph\">{\"@context\":\"https:\\\/\\\/schema.org\",\"@graph\":[{\"@type\":\"Article\",\"@id\":\"https:\\\/\\\/www.festivox.fr\\\/blog\\\/85-offres-disponibles-pour-emploi-precepteur-issy-les-moulineaux-92130\\\/#article\",\"isPartOf\":{\"@id\":\"https:\\\/\\\/www.festivox.fr\\\/blog\\\/85-offres-disponibles-pour-emploi-precepteur-issy-les-moulineaux-92130\\\/\"},\"author\":{\"name\":\"Michele\",\"@id\":\"https:\\\/\\\/www.festivox.fr\\\/blog\\\/#\\\/schema\\\/person\\\/f36a8b6bc94800c3eafed4bca993ce95\"},\"headline\":\"85 offres disponibles pour emploi Pr\u00e9cepteur Issy-les-moulineaux (92130)\",\"datePublished\":\"2024-08-23T10:15:00+00:00\",\"mainEntityOfPage\":{\"@id\":\"https:\\\/\\\/www.festivox.fr\\\/blog\\\/85-offres-disponibles-pour-emploi-precepteur-issy-les-moulineaux-92130\\\/\"},\"wordCount\":474,\"publisher\":{\"@id\":\"https:\\\/\\\/www.festivox.fr\\\/blog\\\/#organization\"},\"image\":{\"@id\":\"https:\\\/\\\/www.festivox.fr\\\/blog\\\/85-offres-disponibles-pour-emploi-precepteur-issy-les-moulineaux-92130\\\/#primaryimage\"},\"thumbnailUrl\":\"https:\\\/\\\/assets.emploi.lefigaro.fr\\\/img\\\/logo.cf0d434.svg\",\"articleSection\":[\"Wiki Sur Festival Jazz Et Musique En Mode Guinguette:\"],\"inLanguage\":\"fr-FR\"},{\"@type\":\"WebPage\",\"@id\":\"https:\\\/\\\/www.festivox.fr\\\/blog\\\/85-offres-disponibles-pour-emploi-precepteur-issy-les-moulineaux-92130\\\/\",\"url\":\"https:\\\/\\\/www.festivox.fr\\\/blog\\\/85-offres-disponibles-pour-emploi-precepteur-issy-les-moulineaux-92130\\\/\",\"name\":\"85 offres disponibles pour emploi Pr\u00e9cepteur Issy-les-moulineaux (92130) - FESTIVOX\",\"isPartOf\":{\"@id\":\"https:\\\/\\\/www.festivox.fr\\\/blog\\\/#website\"},\"primaryImageOfPage\":{\"@id\":\"https:\\\/\\\/www.festivox.fr\\\/blog\\\/85-offres-disponibles-pour-emploi-precepteur-issy-les-moulineaux-92130\\\/#primaryimage\"},\"image\":{\"@id\":\"https:\\\/\\\/www.festivox.fr\\\/blog\\\/85-offres-disponibles-pour-emploi-precepteur-issy-les-moulineaux-92130\\\/#primaryimage\"},\"thumbnailUrl\":\"https:\\\/\\\/assets.emploi.lefigaro.fr\\\/img\\\/logo.cf0d434.svg\",\"datePublished\":\"2024-08-23T10:15:00+00:00\",\"breadcrumb\":{\"@id\":\"https:\\\/\\\/www.festivox.fr\\\/blog\\\/85-offres-disponibles-pour-emploi-precepteur-issy-les-moulineaux-92130\\\/#breadcrumb\"},\"inLanguage\":\"fr-FR\",\"potentialAction\":[{\"@type\":\"ReadAction\",\"target\":[\"https:\\\/\\\/www.festivox.fr\\\/blog\\\/85-offres-disponibles-pour-emploi-precepteur-issy-les-moulineaux-92130\\\/\"]}]},{\"@type\":\"ImageObject\",\"inLanguage\":\"fr-FR\",\"@id\":\"https:\\\/\\\/www.festivox.fr\\\/blog\\\/85-offres-disponibles-pour-emploi-precepteur-issy-les-moulineaux-92130\\\/#primaryimage\",\"url\":\"https:\\\/\\\/assets.emploi.lefigaro.fr\\\/img\\\/logo.cf0d434.svg\",\"contentUrl\":\"https:\\\/\\\/assets.emploi.lefigaro.fr\\\/img\\\/logo.cf0d434.svg\"},{\"@type\":\"BreadcrumbList\",\"@id\":\"https:\\\/\\\/www.festivox.fr\\\/blog\\\/85-offres-disponibles-pour-emploi-precepteur-issy-les-moulineaux-92130\\\/#breadcrumb\",\"itemListElement\":[{\"@type\":\"ListItem\",\"position\":1,\"name\":\"Accueil\",\"item\":\"https:\\\/\\\/www.festivox.fr\\\/blog\\\/\"},{\"@type\":\"ListItem\",\"position\":2,\"name\":\"85 offres disponibles pour emploi Pr\u00e9cepteur Issy-les-moulineaux (92130)\"}]},{\"@type\":\"WebSite\",\"@id\":\"https:\\\/\\\/www.festivox.fr\\\/blog\\\/#website\",\"url\":\"https:\\\/\\\/www.festivox.fr\\\/blog\\\/\",\"name\":\"FESTIVOX\",\"description\":\"Festival en mode guinguette.\",\"publisher\":{\"@id\":\"https:\\\/\\\/www.festivox.fr\\\/blog\\\/#organization\"},\"potentialAction\":[{\"@type\":\"SearchAction\",\"target\":{\"@type\":\"EntryPoint\",\"urlTemplate\":\"https:\\\/\\\/www.festivox.fr\\\/blog\\\/?s={search_term_string}\"},\"query-input\":{\"@type\":\"PropertyValueSpecification\",\"valueRequired\":true,\"valueName\":\"search_term_string\"}}],\"inLanguage\":\"fr-FR\"},{\"@type\":\"Organization\",\"@id\":\"https:\\\/\\\/www.festivox.fr\\\/blog\\\/#organization\",\"name\":\"festivox\",\"url\":\"https:\\\/\\\/www.festivox.fr\\\/blog\\\/\",\"logo\":{\"@type\":\"ImageObject\",\"inLanguage\":\"fr-FR\",\"@id\":\"https:\\\/\\\/www.festivox.fr\\\/blog\\\/#\\\/schema\\\/logo\\\/image\\\/\",\"url\":\"https:\\\/\\\/www.festivox.fr\\\/blog\\\/wp-content\\\/uploads\\\/2023\\\/06\\\/logo-2.png\",\"contentUrl\":\"https:\\\/\\\/www.festivox.fr\\\/blog\\\/wp-content\\\/uploads\\\/2023\\\/06\\\/logo-2.png\",\"width\":480,\"height\":160,\"caption\":\"festivox\"},\"image\":{\"@id\":\"https:\\\/\\\/www.festivox.fr\\\/blog\\\/#\\\/schema\\\/logo\\\/image\\\/\"}},{\"@type\":\"Person\",\"@id\":\"https:\\\/\\\/www.festivox.fr\\\/blog\\\/#\\\/schema\\\/person\\\/f36a8b6bc94800c3eafed4bca993ce95\",\"name\":\"Michele\",\"image\":{\"@type\":\"ImageObject\",\"inLanguage\":\"fr-FR\",\"@id\":\"https:\\\/\\\/secure.gravatar.com\\\/avatar\\\/b062046536b5d47ec9075956ec349ef95ed06b0f910c578f74abb318668b702e?s=96&d=mm&r=g\",\"url\":\"https:\\\/\\\/secure.gravatar.com\\\/avatar\\\/b062046536b5d47ec9075956ec349ef95ed06b0f910c578f74abb318668b702e?s=96&d=mm&r=g\",\"contentUrl\":\"https:\\\/\\\/secure.gravatar.com\\\/avatar\\\/b062046536b5d47ec9075956ec349ef95ed06b0f910c578f74abb318668b702e?s=96&d=mm&r=g\",\"caption\":\"Michele\"},\"sameAs\":[\"https:\\\/\\\/www.festivox.fr\\\/blog\"],\"url\":\"https:\\\/\\\/www.festivox.fr\\\/blog\\\/author\\\/voxadmin\\\/\"}]}<\/script>\n<!-- \/ Yoast SEO plugin. -->","yoast_head_json":{"title":"85 offres disponibles pour emploi Pr\u00e9cepteur Issy-les-moulineaux (92130) - FESTIVOX","robots":{"index":"index","follow":"follow","max-snippet":"max-snippet:-1","max-image-preview":"max-image-preview:large","max-video-preview":"max-video-preview:-1"},"canonical":"https:\/\/www.festivox.fr\/blog\/85-offres-disponibles-pour-emploi-precepteur-issy-les-moulineaux-92130\/","og_locale":"fr_FR","og_type":"article","og_title":"85 offres disponibles pour emploi Pr\u00e9cepteur Issy-les-moulineaux (92130) - FESTIVOX","og_description":"Enseignant danse jazz 20h &#8211; Conservatoire Malakoff (H\/F)Nouveau VALLEE SUD-GRAND PARIS CDI Malakoff Publi\u00e9 il y a 2 jours Entreprise Limitrophe au sud de Paris, l&rsquo;\u00c9tablissement Public Territorial Vall\u00e9e Sud Grand Paris rassemble 11 communes (Antony, Bagneux, Bourg-la-Reine, Ch\u00e2tenay-Malabry, Ch\u00e2tillon, Clamart, Fontenay-aux-Roses, Malakoff, Montrouge, Le Plessis-Robinson &#8211; Sceaux) repr\u00e9sentant plus de 400 000 habitants. Vall\u00e9e&hellip;","og_url":"https:\/\/www.festivox.fr\/blog\/85-offres-disponibles-pour-emploi-precepteur-issy-les-moulineaux-92130\/","og_site_name":"FESTIVOX","article_published_time":"2024-08-23T10:15:00+00:00","og_image":[{"url":"https:\/\/assets.emploi.lefigaro.fr\/img\/logo.cf0d434.svg","type":"","width":"","height":""}],"author":"Michele","twitter_card":"summary_large_image","twitter_misc":{"\u00c9crit par":"Michele","Dur\u00e9e de lecture estim\u00e9e":"2 minutes"},"schema":{"@context":"https:\/\/schema.org","@graph":[{"@type":"Article","@id":"https:\/\/www.festivox.fr\/blog\/85-offres-disponibles-pour-emploi-precepteur-issy-les-moulineaux-92130\/#article","isPartOf":{"@id":"https:\/\/www.festivox.fr\/blog\/85-offres-disponibles-pour-emploi-precepteur-issy-les-moulineaux-92130\/"},"author":{"name":"Michele","@id":"https:\/\/www.festivox.fr\/blog\/#\/schema\/person\/f36a8b6bc94800c3eafed4bca993ce95"},"headline":"85 offres disponibles pour emploi Pr\u00e9cepteur Issy-les-moulineaux (92130)","datePublished":"2024-08-23T10:15:00+00:00","mainEntityOfPage":{"@id":"https:\/\/www.festivox.fr\/blog\/85-offres-disponibles-pour-emploi-precepteur-issy-les-moulineaux-92130\/"},"wordCount":474,"publisher":{"@id":"https:\/\/www.festivox.fr\/blog\/#organization"},"image":{"@id":"https:\/\/www.festivox.fr\/blog\/85-offres-disponibles-pour-emploi-precepteur-issy-les-moulineaux-92130\/#primaryimage"},"thumbnailUrl":"https:\/\/assets.emploi.lefigaro.fr\/img\/logo.cf0d434.svg","articleSection":["Wiki Sur Festival Jazz Et Musique En Mode Guinguette:"],"inLanguage":"fr-FR"},{"@type":"WebPage","@id":"https:\/\/www.festivox.fr\/blog\/85-offres-disponibles-pour-emploi-precepteur-issy-les-moulineaux-92130\/","url":"https:\/\/www.festivox.fr\/blog\/85-offres-disponibles-pour-emploi-precepteur-issy-les-moulineaux-92130\/","name":"85 offres disponibles pour emploi Pr\u00e9cepteur Issy-les-moulineaux (92130) - FESTIVOX","isPartOf":{"@id":"https:\/\/www.festivox.fr\/blog\/#website"},"primaryImageOfPage":{"@id":"https:\/\/www.festivox.fr\/blog\/85-offres-disponibles-pour-emploi-precepteur-issy-les-moulineaux-92130\/#primaryimage"},"image":{"@id":"https:\/\/www.festivox.fr\/blog\/85-offres-disponibles-pour-emploi-precepteur-issy-les-moulineaux-92130\/#primaryimage"},"thumbnailUrl":"https:\/\/assets.emploi.lefigaro.fr\/img\/logo.cf0d434.svg","datePublished":"2024-08-23T10:15:00+00:00","breadcrumb":{"@id":"https:\/\/www.festivox.fr\/blog\/85-offres-disponibles-pour-emploi-precepteur-issy-les-moulineaux-92130\/#breadcrumb"},"inLanguage":"fr-FR","potentialAction":[{"@type":"ReadAction","target":["https:\/\/www.festivox.fr\/blog\/85-offres-disponibles-pour-emploi-precepteur-issy-les-moulineaux-92130\/"]}]},{"@type":"ImageObject","inLanguage":"fr-FR","@id":"https:\/\/www.festivox.fr\/blog\/85-offres-disponibles-pour-emploi-precepteur-issy-les-moulineaux-92130\/#primaryimage","url":"https:\/\/assets.emploi.lefigaro.fr\/img\/logo.cf0d434.svg","contentUrl":"https:\/\/assets.emploi.lefigaro.fr\/img\/logo.cf0d434.svg"},{"@type":"BreadcrumbList","@id":"https:\/\/www.festivox.fr\/blog\/85-offres-disponibles-pour-emploi-precepteur-issy-les-moulineaux-92130\/#breadcrumb","itemListElement":[{"@type":"ListItem","position":1,"name":"Accueil","item":"https:\/\/www.festivox.fr\/blog\/"},{"@type":"ListItem","position":2,"name":"85 offres disponibles pour emploi Pr\u00e9cepteur Issy-les-moulineaux (92130)"}]},{"@type":"WebSite","@id":"https:\/\/www.festivox.fr\/blog\/#website","url":"https:\/\/www.festivox.fr\/blog\/","name":"FESTIVOX","description":"Festival en mode guinguette.","publisher":{"@id":"https:\/\/www.festivox.fr\/blog\/#organization"},"potentialAction":[{"@type":"SearchAction","target":{"@type":"EntryPoint","urlTemplate":"https:\/\/www.festivox.fr\/blog\/?s={search_term_string}"},"query-input":{"@type":"PropertyValueSpecification","valueRequired":true,"valueName":"search_term_string"}}],"inLanguage":"fr-FR"},{"@type":"Organization","@id":"https:\/\/www.festivox.fr\/blog\/#organization","name":"festivox","url":"https:\/\/www.festivox.fr\/blog\/","logo":{"@type":"ImageObject","inLanguage":"fr-FR","@id":"https:\/\/www.festivox.fr\/blog\/#\/schema\/logo\/image\/","url":"https:\/\/www.festivox.fr\/blog\/wp-content\/uploads\/2023\/06\/logo-2.png","contentUrl":"https:\/\/www.festivox.fr\/blog\/wp-content\/uploads\/2023\/06\/logo-2.png","width":480,"height":160,"caption":"festivox"},"image":{"@id":"https:\/\/www.festivox.fr\/blog\/#\/schema\/logo\/image\/"}},{"@type":"Person","@id":"https:\/\/www.festivox.fr\/blog\/#\/schema\/person\/f36a8b6bc94800c3eafed4bca993ce95","name":"Michele","image":{"@type":"ImageObject","inLanguage":"fr-FR","@id":"https:\/\/secure.gravatar.com\/avatar\/b062046536b5d47ec9075956ec349ef95ed06b0f910c578f74abb318668b702e?s=96&d=mm&r=g","url":"https:\/\/secure.gravatar.com\/avatar\/b062046536b5d47ec9075956ec349ef95ed06b0f910c578f74abb318668b702e?s=96&d=mm&r=g","contentUrl":"https:\/\/secure.gravatar.com\/avatar\/b062046536b5d47ec9075956ec349ef95ed06b0f910c578f74abb318668b702e?s=96&d=mm&r=g","caption":"Michele"},"sameAs":["https:\/\/www.festivox.fr\/blog"],"url":"https:\/\/www.festivox.fr\/blog\/author\/voxadmin\/"}]}},"_links":{"self":[{"href":"https:\/\/www.festivox.fr\/blog\/wp-json\/wp\/v2\/posts\/1024","targetHints":{"allow":["GET"]}}],"collection":[{"href":"https:\/\/www.festivox.fr\/blog\/wp-json\/wp\/v2\/posts"}],"about":[{"href":"https:\/\/www.festivox.fr\/blog\/wp-json\/wp\/v2\/types\/post"}],"author":[{"embeddable":true,"href":"https:\/\/www.festivox.fr\/blog\/wp-json\/wp\/v2\/users\/1"}],"replies":[{"embeddable":true,"href":"https:\/\/www.festivox.fr\/blog\/wp-json\/wp\/v2\/comments?post=1024"}],"version-history":[{"count":0,"href":"https:\/\/www.festivox.fr\/blog\/wp-json\/wp\/v2\/posts\/1024\/revisions"}],"wp:attachment":[{"href":"https:\/\/www.festivox.fr\/blog\/wp-json\/wp\/v2\/media?parent=1024"}],"wp:term":[{"taxonomy":"category","embeddable":true,"href":"https:\/\/www.festivox.fr\/blog\/wp-json\/wp\/v2\/categories?post=1024"},{"taxonomy":"post_tag","embeddable":true,"href":"https:\/\/www.festivox.fr\/blog\/wp-json\/wp\/v2\/tags?post=1024"}],"curies":[{"name":"wp","href":"https:\/\/api.w.org\/{rel}","templated":true}]}}