{"id":1021,"date":"2024-08-18T06:33:00","date_gmt":"2024-08-18T04:33:00","guid":{"rendered":"https:\/\/www.festivox.fr\/blog\/a-uzeste-limprovisation-et-ses-exces-de-liberte-a-laffiche\/"},"modified":"2024-08-18T06:33:00","modified_gmt":"2024-08-18T04:33:00","slug":"a-uzeste-limprovisation-et-ses-exces-de-liberte-a-laffiche","status":"publish","type":"post","link":"https:\/\/www.festivox.fr\/blog\/a-uzeste-limprovisation-et-ses-exces-de-liberte-a-laffiche\/","title":{"rendered":"\u00c0 Uzeste, l\u2019improvisation et ses exc\u00e8s de libert\u00e9 \u00e0 l\u2019affiche"},"content":{"rendered":"\n<div><img decoding=\"async\" src=\"https:\/\/www.festivox.fr\/blog\/wp-content\/uploads\/2024\/08\/a-uzeste-limprovisation-et-ses-exces-de-liberte-a-laffiche.jpg\" class=\"ff-og-image-inserted\"><\/div>\n<p><em>Uzeste (Gironde), envoy\u00e9e sp\u00e9ciale.<\/em><\/p>\n<p>Plus vite, plus haut, plus fort\u2026 Apr\u00e8s quinze jours de Jeux \u00ab&nbsp;made in France&nbsp;\u00bb, une grande envie de siffler (la fin de partie), de souffler sur des braises de jazz et de samba, de frissonner au son d\u2019une java, d\u2019un saxo improvis\u00e9. <em>\u00ab&nbsp;Nous qui avons v\u00e9cu pendant plus de deux semaines dans un pays o\u00f9 on a eu le sentiment que l\u2019air \u00e9tait plus l\u00e9ger (\u2026). On n\u2019a pas envie que la vie reprenne ses droits.&nbsp;\u00bb<\/em> \u00c9tranges et vertigineux propos tenus par un pr\u00e9sident de la R\u00e9publique qui, du haut de son mont Olympe, voudrait tout contr\u00f4ler, y compris (le sens de) la vie.<\/p>\n<p>De quels droits parle-t-il&nbsp;? Du droit de jouer, de r\u00eaver, d\u2019aimer&nbsp;? Du droit&nbsp;d\u2019improviser, de se retrouver&nbsp;? Ma\u00eetre du temps et des horloges, m\u00e9daille d\u2019or de l\u2019ego, Macron r\u00eave sans doute d\u2019un pays qui se tiendrait sage, en apn\u00e9e permanente, d\u2019un pays dont les habitants seraient assign\u00e9s \u00e0 r\u00e9sidence dans une fan zone g\u00e9ante.<\/p>\n<p>N\u2019en d\u00e9plaise au locataire de l\u2019\u00c9lys\u00e9e, <a href=\"https:\/\/www.humanite.fr\/culture-et-savoir\/bernard-lubat\/a-uzeste-un-defi-joyeux-et-irreverencieux-806334\" target=\"_blank\" rel=\"nofollow\">\u00e0 Uzeste, la vie n\u2019en fait qu\u2019\u00e0 sa t\u00eate<\/a>. <em>\u00ab&nbsp;Il faut de la joie et de l\u2019humour pour sauver l\u2019imaginaire, et retrouver des exc\u00e8s de libert\u00e9&nbsp;\u00bb<\/em> affirme Bernard Lubat, l\u2019enfant du pays, fondateur des Hestajadas.<\/p>\n<p>Dans les pr\u00e9s occup\u00e9s de ce petit village nich\u00e9 au c\u0153ur des Landes girondines, la vie n\u2019a jamais cess\u00e9 de battre au rythme de rencontres musicales improvis\u00e9es, de chants \u00ab&nbsp;alyz\u00e9es&nbsp;\u00bb, de dialogues et de rencontres o\u00f9 la pens\u00e9e est en mouvement. Ici, \u00e7a swingue et \u00e7a cogite sec, \u00e7a jazzcogne, \u00e7a s\u2019\u00e9coute et \u00e7a ferraille&nbsp;; \u00e7a bouge sans jamais marcher au pas.<\/p>\n<h2 class=\"wp-block-heading\">Un \u00ab&nbsp;Feuilleton jazzcon&nbsp;\u00bb philosophico-po\u00e9tico-musical<\/h2>\n<p>On passe de l\u2019\u00e2ne au coq, de Haydn \u00e0 de l\u2019\u00e9lectro-pop p\u00e9rigourdine sans crier gare. On met la charrue avant les b\u0153ufs. On parle d\u2019Armand Gatti, de Kateb Yacine et on ira voir des films de Denis Gheerbrant, de Jocelyne Saab, de Mona Convert ou d\u2019Olivier Azam.<\/p>\n<p>On \u00e9coutera Louis Sclavis, Andr\u00e9 Minvielle, Sophie Cavez, Emmanuel Haratyk, Isabelle Duthoit, Jacques Di Donato, Bruno Maurice, Fawzi Berger, Fantazio, Juliette Kapla, Martine Amanieu, <a href=\"https:\/\/www.humanite.fr\/culture-et-savoir\/bernard-lubat\/jacques-bonnaffe-a-uzeste-le-public-est-pret-a-prendre-le-risque-de-limprovisation-806322\" target=\"_blank\" rel=\"nofollow\">Jacques Bonnaff\u00e9<\/a>, Laure Duthilleul, Serge Teyssot-Gay, Fran\u00e7ois Corneloup, Christophe Monniot, Rita Macedo, Marc Perrone ou le Parti collectif \u00e0 des heures raisonnables ou presque.<\/p>\n<p>Et le Liam Szymonik trio, jeunes prodiges de l\u2019impro, \u00e0 des heures totalement d\u00e9raisonnables, voire plus&nbsp;; \u00e0 moins qu\u2019on aille guincher lors du dancefloor instrumental concoct\u00e9 par Petite Lucette, toujours \u00e0 des heures improbables et \u00e9toil\u00e9es. Chaque jour, Bernard Lubat proposera un <em>Feuilleton jazzcon <\/em>philosophico-po\u00e9tico-musical dont il a le secret.<\/p>\n<p>Les \u00e9tudiants de l\u2019\u00c9cole sup\u00e9rieure d\u2019acteurs et d\u2019actrices de Li\u00e8ge se frotteront (et qui s\u2019y frotte s\u2019implique) au r\u00e9pertoire d\u2019Andr\u00e9 Benedetto et pr\u00e9senteront deux pi\u00e8ces, <em>Emballage<\/em> et <em>Xerx\u00e8s<\/em>. Une soir\u00e9e <em>Pour Sylvain Luc<\/em> r\u00e9unira une pl\u00e9iade d\u2019amis musiciens et musiciennes pour c\u00e9l\u00e9brer <a href=\"https:\/\/www.humanite.fr\/culture-et-savoir\/deces\/mort-de-sylvain-luc-guitariste-majeur\" target=\"_blank\" rel=\"nofollow\">cet artiste dou\u00e9 et g\u00e9n\u00e9reux disparu au printemps dernier<\/a>.<\/p>\n<h2 class=\"wp-block-heading\">Uzeste, c\u2019est la vie qui r\u00e9siste \u00e0 l\u2019air du temps.<\/h2>\n<p>Impossible d\u2019\u00e9voquer tous les artistes pr\u00e9sents tant ils sont nombreux. Au gr\u00e9 de ses envies, chacun peut d\u00e9couvrir l\u00e0 un concert de jazz, ailleurs un bal folk, \u00e9couter pianistes, violonistes et accord\u00e9onistes de belle renomm\u00e9e dans la coll\u00e9giale, aux pieds de la s\u00e9pulture de Cl\u00e9ment-V qui n\u2019a plus son mot \u00e0 dire depuis belle lurette.<\/p>\n<p>Participer \u00e0 des d\u00e9bats en pr\u00e9sence de Rony Brauman, de Monique Chemillier-Gendreau, de G\u00e9rard Noiriel, de Mathilde Rouxel, d\u2019Olivier Neveux, d\u2019Ibrahim Kashan ou des p\u00e9dopsychiatres Pascale Fauveau et Renaud Emerard pour \u00e9voquer la situation en Palestine, en Nouvelle-Cal\u00e9donie, le combat pour lib\u00e9rer Julian Assange ou d\u00e9crypter le discours du RN\u2026<\/p>\n<p>Jouer, ne pas jouer, chanter, danser, penser, \u00e9changer pour ne pas d\u00e9sesp\u00e9rer de ce monde qui ne tourne vraiment pas tr\u00e8s rond.&nbsp;Uzeste, c\u2019est la vie qui r\u00e9siste \u00e0 l\u2019air du temps. Ici, elle grouille de partout, belle et rebelle, malgr\u00e9 tout, envers et contre tous les diktats (\u00e9conomiques, m\u00e9diatiques). Chaque ann\u00e9e, \u00e7a recommence, pourrait-on croire\u2026 Eh bien non, chaque ann\u00e9e, \u00e7a insiste, ni plus vite, ni plus haut, ni plus fort.<\/p>\n<p>\u00c7a continue, obstin\u00e9ment, face \u00e0 cette fuite en avant inflationniste et lib\u00e9rale des rassemblements festivaliers qui, pour ne pas crever, ne peuvent que grossir. Toujours plus de \u00ab&nbsp;m\u00e9gastars&nbsp;\u00bb et de concerts&nbsp;; toujours plus haut la barre des spectateurs&nbsp;; toujours plus forts les d\u00e9cibels. Face \u00e0 cette d\u00e9ferlante de sons et de lumi\u00e8res, Uzeste tient bon. Une Zone artistique et po\u00eblitique \u00e0 d\u00e9fendre. Tous utopistes, debout, couch\u00e9s ou assis, mais utopistes.<\/p>\n<p>\u00c0 l\u2019image des affiches color\u00e9es et furieusement vivantes qui d\u00e9bordent du cadre de Martin Lartigue ou des ouvrages que l\u2019on trouve \u00e0 la Maison de la m\u00e9moire en marche. Tel s\u2019imagine et se vit Uzeste, visage village des arts \u00e0 l\u2019\u0153uvre\u2026<\/p>\n<p class=\"wp-block-huma-titre-oeuvre\">Jusqu\u2019au 24&nbsp;ao\u00fbt. Rens&nbsp;: 05&nbsp;56&nbsp;25&nbsp;38&nbsp;46 ou <a href=\"http:\/\/www.uzeste.org\" target=\"_blank\" rel=\"nofollow\">www.uzeste.org<\/a>.<\/p>\n<div id=\"form_don\" class=\"wp-block-group\">\n<div class=\"wp-block-group__inner-container is-layout-constrained wp-block-group-is-layout-constrained\">\n<h2 class=\"wp-block-heading\">Avant de partir, une derni\u00e8re chose\u2026<\/h2>\n<p>Contrairement \u00e0 90% des m\u00e9dias fran\u00e7ais aujourd\u2019hui, <strong>l\u2019Humanit\u00e9 ne d\u00e9pend ni de grands groupes ni de milliardaires<\/strong>. Cela signifie que : <\/p>\n<ul>\n<li>nous vous apportons des <span>informations impartiales, sans compromis<\/span>. Mais aussi que <\/li>\n<li>nous n\u2019avons <span>pas les moyens financiers dont b\u00e9n\u00e9ficient les autres m\u00e9dias<\/span>.<\/li>\n<\/ul>\n<p><strong>L\u2019information ind\u00e9pendante et de qualit\u00e9 a un co\u00fbt<\/strong>. Payez-le.<br \/><a href=\"https:\/\/www.humanite.fr\/lhumanite-cest-vous\" data-type=\"link\" data-id=\"https:\/\/www.humanite.fr\/lhumanite-cest-vous\" target=\"_blank\" rel=\"nofollow\">Je veux en savoir plus<\/a><\/p>\n<\/p><\/div>\n<\/div>\n<p> Cet article, qui traite du th\u00e8me \u00ab\u00a0Festival Jazz et musique en mode guinguette\u00a0\u00bb, vous est d\u00e9lib\u00e9r\u00e9ment offert par festivox.fr. La raison d\u2019\u00eatre de festivox.fr est de parler de Festival Jazz et musique en mode guinguette dans la transparence la plus g\u00e9n\u00e9rale en vous procurant la visibilit\u00e9 de tout ce qui est publi\u00e9 sur ce sujet sur le web La chronique a \u00e9t\u00e9 g\u00e9n\u00e9r\u00e9e de la mani\u00e8re la plus honn\u00eate que possible. S\u2019il advenait que vous projetez d\u2019apporter quelques notes concernant le domaine de \u00ab\u00a0Festival Jazz et musique en mode guinguette\u00a0\u00bb vous avez la possibilit\u00e9 de d&rsquo;\u00e9changer avec notre r\u00e9daction. Dans peu de temps, on mettra en ligne d&rsquo;autres informations pertinentes autour du sujet \u00ab\u00a0Festival Jazz et musique en mode guinguette\u00a0\u00bb. Ainsi, consultez r\u00e9guli\u00e8rement notre site.<\/p>\n","protected":false},"excerpt":{"rendered":"<p>Uzeste (Gironde), envoy\u00e9e sp\u00e9ciale. Plus vite, plus haut, plus fort\u2026 Apr\u00e8s quinze jours de Jeux \u00ab&nbsp;made in France&nbsp;\u00bb, une grande envie de siffler (la fin de partie), de souffler sur des braises de jazz et de samba, de frissonner au son d\u2019une java, d\u2019un saxo improvis\u00e9. \u00ab&nbsp;Nous qui avons v\u00e9cu pendant plus de deux semaines&hellip;<\/p>\n","protected":false},"author":1,"featured_media":1022,"comment_status":"closed","ping_status":"closed","sticky":false,"template":"","format":"standard","meta":{"footnotes":""},"categories":[3],"tags":[],"class_list":["post-1021","post","type-post","status-publish","format-standard","has-post-thumbnail","hentry","category-wiki-sur-festival-jazz-et-musique-en-mode-guinguette"],"yoast_head":"<!-- This site is optimized with the Yoast SEO plugin v27.5 - https:\/\/yoast.com\/product\/yoast-seo-wordpress\/ -->\n<title>\u00c0 Uzeste, l\u2019improvisation et ses exc\u00e8s de libert\u00e9 \u00e0 l\u2019affiche - FESTIVOX<\/title>\n<meta name=\"robots\" content=\"index, follow, max-snippet:-1, max-image-preview:large, max-video-preview:-1\" \/>\n<link rel=\"canonical\" href=\"https:\/\/www.festivox.fr\/blog\/a-uzeste-limprovisation-et-ses-exces-de-liberte-a-laffiche\/\" \/>\n<meta property=\"og:locale\" content=\"fr_FR\" \/>\n<meta property=\"og:type\" content=\"article\" \/>\n<meta property=\"og:title\" content=\"\u00c0 Uzeste, l\u2019improvisation et ses exc\u00e8s de libert\u00e9 \u00e0 l\u2019affiche - FESTIVOX\" \/>\n<meta property=\"og:description\" content=\"Uzeste (Gironde), envoy\u00e9e sp\u00e9ciale. Plus vite, plus haut, plus fort\u2026 Apr\u00e8s quinze jours de Jeux \u00ab&nbsp;made in France&nbsp;\u00bb, une grande envie de siffler (la fin de partie), de souffler sur des braises de jazz et de samba, de frissonner au son d\u2019une java, d\u2019un saxo improvis\u00e9. \u00ab&nbsp;Nous qui avons v\u00e9cu pendant plus de deux semaines&hellip;\" \/>\n<meta property=\"og:url\" content=\"https:\/\/www.festivox.fr\/blog\/a-uzeste-limprovisation-et-ses-exces-de-liberte-a-laffiche\/\" \/>\n<meta property=\"og:site_name\" content=\"FESTIVOX\" \/>\n<meta property=\"article:published_time\" content=\"2024-08-18T04:33:00+00:00\" \/>\n<meta property=\"og:image\" content=\"https:\/\/www.festivox.fr\/blog\/wp-content\/uploads\/2024\/08\/a-uzeste-limprovisation-et-ses-exces-de-liberte-a-laffiche.jpg\" \/>\n<meta name=\"author\" content=\"Michele\" \/>\n<meta name=\"twitter:card\" content=\"summary_large_image\" \/>\n<meta name=\"twitter:label1\" content=\"\u00c9crit par\" \/>\n\t<meta name=\"twitter:data1\" content=\"Michele\" \/>\n\t<meta name=\"twitter:label2\" content=\"Dur\u00e9e de lecture estim\u00e9e\" \/>\n\t<meta name=\"twitter:data2\" content=\"6 minutes\" \/>\n<script type=\"application\/ld+json\" class=\"yoast-schema-graph\">{\"@context\":\"https:\\\/\\\/schema.org\",\"@graph\":[{\"@type\":\"Article\",\"@id\":\"https:\\\/\\\/www.festivox.fr\\\/blog\\\/a-uzeste-limprovisation-et-ses-exces-de-liberte-a-laffiche\\\/#article\",\"isPartOf\":{\"@id\":\"https:\\\/\\\/www.festivox.fr\\\/blog\\\/a-uzeste-limprovisation-et-ses-exces-de-liberte-a-laffiche\\\/\"},\"author\":{\"name\":\"Michele\",\"@id\":\"https:\\\/\\\/www.festivox.fr\\\/blog\\\/#\\\/schema\\\/person\\\/f36a8b6bc94800c3eafed4bca993ce95\"},\"headline\":\"\u00c0 Uzeste, l\u2019improvisation et ses exc\u00e8s de libert\u00e9 \u00e0 l\u2019affiche\",\"datePublished\":\"2024-08-18T04:33:00+00:00\",\"mainEntityOfPage\":{\"@id\":\"https:\\\/\\\/www.festivox.fr\\\/blog\\\/a-uzeste-limprovisation-et-ses-exces-de-liberte-a-laffiche\\\/\"},\"wordCount\":1133,\"publisher\":{\"@id\":\"https:\\\/\\\/www.festivox.fr\\\/blog\\\/#organization\"},\"image\":{\"@id\":\"https:\\\/\\\/www.festivox.fr\\\/blog\\\/a-uzeste-limprovisation-et-ses-exces-de-liberte-a-laffiche\\\/#primaryimage\"},\"thumbnailUrl\":\"https:\\\/\\\/www.festivox.fr\\\/blog\\\/wp-content\\\/uploads\\\/2024\\\/08\\\/a-uzeste-limprovisation-et-ses-exces-de-liberte-a-laffiche.jpg\",\"articleSection\":[\"Wiki Sur Festival Jazz Et Musique En Mode Guinguette:\"],\"inLanguage\":\"fr-FR\"},{\"@type\":\"WebPage\",\"@id\":\"https:\\\/\\\/www.festivox.fr\\\/blog\\\/a-uzeste-limprovisation-et-ses-exces-de-liberte-a-laffiche\\\/\",\"url\":\"https:\\\/\\\/www.festivox.fr\\\/blog\\\/a-uzeste-limprovisation-et-ses-exces-de-liberte-a-laffiche\\\/\",\"name\":\"\u00c0 Uzeste, l\u2019improvisation et ses exc\u00e8s de libert\u00e9 \u00e0 l\u2019affiche - FESTIVOX\",\"isPartOf\":{\"@id\":\"https:\\\/\\\/www.festivox.fr\\\/blog\\\/#website\"},\"primaryImageOfPage\":{\"@id\":\"https:\\\/\\\/www.festivox.fr\\\/blog\\\/a-uzeste-limprovisation-et-ses-exces-de-liberte-a-laffiche\\\/#primaryimage\"},\"image\":{\"@id\":\"https:\\\/\\\/www.festivox.fr\\\/blog\\\/a-uzeste-limprovisation-et-ses-exces-de-liberte-a-laffiche\\\/#primaryimage\"},\"thumbnailUrl\":\"https:\\\/\\\/www.festivox.fr\\\/blog\\\/wp-content\\\/uploads\\\/2024\\\/08\\\/a-uzeste-limprovisation-et-ses-exces-de-liberte-a-laffiche.jpg\",\"datePublished\":\"2024-08-18T04:33:00+00:00\",\"breadcrumb\":{\"@id\":\"https:\\\/\\\/www.festivox.fr\\\/blog\\\/a-uzeste-limprovisation-et-ses-exces-de-liberte-a-laffiche\\\/#breadcrumb\"},\"inLanguage\":\"fr-FR\",\"potentialAction\":[{\"@type\":\"ReadAction\",\"target\":[\"https:\\\/\\\/www.festivox.fr\\\/blog\\\/a-uzeste-limprovisation-et-ses-exces-de-liberte-a-laffiche\\\/\"]}]},{\"@type\":\"ImageObject\",\"inLanguage\":\"fr-FR\",\"@id\":\"https:\\\/\\\/www.festivox.fr\\\/blog\\\/a-uzeste-limprovisation-et-ses-exces-de-liberte-a-laffiche\\\/#primaryimage\",\"url\":\"https:\\\/\\\/www.festivox.fr\\\/blog\\\/wp-content\\\/uploads\\\/2024\\\/08\\\/a-uzeste-limprovisation-et-ses-exces-de-liberte-a-laffiche.jpg\",\"contentUrl\":\"https:\\\/\\\/www.festivox.fr\\\/blog\\\/wp-content\\\/uploads\\\/2024\\\/08\\\/a-uzeste-limprovisation-et-ses-exces-de-liberte-a-laffiche.jpg\",\"width\":1500,\"height\":829},{\"@type\":\"BreadcrumbList\",\"@id\":\"https:\\\/\\\/www.festivox.fr\\\/blog\\\/a-uzeste-limprovisation-et-ses-exces-de-liberte-a-laffiche\\\/#breadcrumb\",\"itemListElement\":[{\"@type\":\"ListItem\",\"position\":1,\"name\":\"Accueil\",\"item\":\"https:\\\/\\\/www.festivox.fr\\\/blog\\\/\"},{\"@type\":\"ListItem\",\"position\":2,\"name\":\"\u00c0 Uzeste, l\u2019improvisation et ses exc\u00e8s de libert\u00e9 \u00e0 l\u2019affiche\"}]},{\"@type\":\"WebSite\",\"@id\":\"https:\\\/\\\/www.festivox.fr\\\/blog\\\/#website\",\"url\":\"https:\\\/\\\/www.festivox.fr\\\/blog\\\/\",\"name\":\"FESTIVOX\",\"description\":\"Festival en mode guinguette.\",\"publisher\":{\"@id\":\"https:\\\/\\\/www.festivox.fr\\\/blog\\\/#organization\"},\"potentialAction\":[{\"@type\":\"SearchAction\",\"target\":{\"@type\":\"EntryPoint\",\"urlTemplate\":\"https:\\\/\\\/www.festivox.fr\\\/blog\\\/?s={search_term_string}\"},\"query-input\":{\"@type\":\"PropertyValueSpecification\",\"valueRequired\":true,\"valueName\":\"search_term_string\"}}],\"inLanguage\":\"fr-FR\"},{\"@type\":\"Organization\",\"@id\":\"https:\\\/\\\/www.festivox.fr\\\/blog\\\/#organization\",\"name\":\"festivox\",\"url\":\"https:\\\/\\\/www.festivox.fr\\\/blog\\\/\",\"logo\":{\"@type\":\"ImageObject\",\"inLanguage\":\"fr-FR\",\"@id\":\"https:\\\/\\\/www.festivox.fr\\\/blog\\\/#\\\/schema\\\/logo\\\/image\\\/\",\"url\":\"https:\\\/\\\/www.festivox.fr\\\/blog\\\/wp-content\\\/uploads\\\/2023\\\/06\\\/logo-2.png\",\"contentUrl\":\"https:\\\/\\\/www.festivox.fr\\\/blog\\\/wp-content\\\/uploads\\\/2023\\\/06\\\/logo-2.png\",\"width\":480,\"height\":160,\"caption\":\"festivox\"},\"image\":{\"@id\":\"https:\\\/\\\/www.festivox.fr\\\/blog\\\/#\\\/schema\\\/logo\\\/image\\\/\"}},{\"@type\":\"Person\",\"@id\":\"https:\\\/\\\/www.festivox.fr\\\/blog\\\/#\\\/schema\\\/person\\\/f36a8b6bc94800c3eafed4bca993ce95\",\"name\":\"Michele\",\"image\":{\"@type\":\"ImageObject\",\"inLanguage\":\"fr-FR\",\"@id\":\"https:\\\/\\\/secure.gravatar.com\\\/avatar\\\/b062046536b5d47ec9075956ec349ef95ed06b0f910c578f74abb318668b702e?s=96&d=mm&r=g\",\"url\":\"https:\\\/\\\/secure.gravatar.com\\\/avatar\\\/b062046536b5d47ec9075956ec349ef95ed06b0f910c578f74abb318668b702e?s=96&d=mm&r=g\",\"contentUrl\":\"https:\\\/\\\/secure.gravatar.com\\\/avatar\\\/b062046536b5d47ec9075956ec349ef95ed06b0f910c578f74abb318668b702e?s=96&d=mm&r=g\",\"caption\":\"Michele\"},\"sameAs\":[\"https:\\\/\\\/www.festivox.fr\\\/blog\"],\"url\":\"https:\\\/\\\/www.festivox.fr\\\/blog\\\/author\\\/voxadmin\\\/\"}]}<\/script>\n<!-- \/ Yoast SEO plugin. -->","yoast_head_json":{"title":"\u00c0 Uzeste, l\u2019improvisation et ses exc\u00e8s de libert\u00e9 \u00e0 l\u2019affiche - FESTIVOX","robots":{"index":"index","follow":"follow","max-snippet":"max-snippet:-1","max-image-preview":"max-image-preview:large","max-video-preview":"max-video-preview:-1"},"canonical":"https:\/\/www.festivox.fr\/blog\/a-uzeste-limprovisation-et-ses-exces-de-liberte-a-laffiche\/","og_locale":"fr_FR","og_type":"article","og_title":"\u00c0 Uzeste, l\u2019improvisation et ses exc\u00e8s de libert\u00e9 \u00e0 l\u2019affiche - FESTIVOX","og_description":"Uzeste (Gironde), envoy\u00e9e sp\u00e9ciale. Plus vite, plus haut, plus fort\u2026 Apr\u00e8s quinze jours de Jeux \u00ab&nbsp;made in France&nbsp;\u00bb, une grande envie de siffler (la fin de partie), de souffler sur des braises de jazz et de samba, de frissonner au son d\u2019une java, d\u2019un saxo improvis\u00e9. \u00ab&nbsp;Nous qui avons v\u00e9cu pendant plus de deux semaines&hellip;","og_url":"https:\/\/www.festivox.fr\/blog\/a-uzeste-limprovisation-et-ses-exces-de-liberte-a-laffiche\/","og_site_name":"FESTIVOX","article_published_time":"2024-08-18T04:33:00+00:00","og_image":[{"url":"https:\/\/www.festivox.fr\/blog\/wp-content\/uploads\/2024\/08\/a-uzeste-limprovisation-et-ses-exces-de-liberte-a-laffiche.jpg","type":"","width":"","height":""}],"author":"Michele","twitter_card":"summary_large_image","twitter_misc":{"\u00c9crit par":"Michele","Dur\u00e9e de lecture estim\u00e9e":"6 minutes"},"schema":{"@context":"https:\/\/schema.org","@graph":[{"@type":"Article","@id":"https:\/\/www.festivox.fr\/blog\/a-uzeste-limprovisation-et-ses-exces-de-liberte-a-laffiche\/#article","isPartOf":{"@id":"https:\/\/www.festivox.fr\/blog\/a-uzeste-limprovisation-et-ses-exces-de-liberte-a-laffiche\/"},"author":{"name":"Michele","@id":"https:\/\/www.festivox.fr\/blog\/#\/schema\/person\/f36a8b6bc94800c3eafed4bca993ce95"},"headline":"\u00c0 Uzeste, l\u2019improvisation et ses exc\u00e8s de libert\u00e9 \u00e0 l\u2019affiche","datePublished":"2024-08-18T04:33:00+00:00","mainEntityOfPage":{"@id":"https:\/\/www.festivox.fr\/blog\/a-uzeste-limprovisation-et-ses-exces-de-liberte-a-laffiche\/"},"wordCount":1133,"publisher":{"@id":"https:\/\/www.festivox.fr\/blog\/#organization"},"image":{"@id":"https:\/\/www.festivox.fr\/blog\/a-uzeste-limprovisation-et-ses-exces-de-liberte-a-laffiche\/#primaryimage"},"thumbnailUrl":"https:\/\/www.festivox.fr\/blog\/wp-content\/uploads\/2024\/08\/a-uzeste-limprovisation-et-ses-exces-de-liberte-a-laffiche.jpg","articleSection":["Wiki Sur Festival Jazz Et Musique En Mode Guinguette:"],"inLanguage":"fr-FR"},{"@type":"WebPage","@id":"https:\/\/www.festivox.fr\/blog\/a-uzeste-limprovisation-et-ses-exces-de-liberte-a-laffiche\/","url":"https:\/\/www.festivox.fr\/blog\/a-uzeste-limprovisation-et-ses-exces-de-liberte-a-laffiche\/","name":"\u00c0 Uzeste, l\u2019improvisation et ses exc\u00e8s de libert\u00e9 \u00e0 l\u2019affiche - FESTIVOX","isPartOf":{"@id":"https:\/\/www.festivox.fr\/blog\/#website"},"primaryImageOfPage":{"@id":"https:\/\/www.festivox.fr\/blog\/a-uzeste-limprovisation-et-ses-exces-de-liberte-a-laffiche\/#primaryimage"},"image":{"@id":"https:\/\/www.festivox.fr\/blog\/a-uzeste-limprovisation-et-ses-exces-de-liberte-a-laffiche\/#primaryimage"},"thumbnailUrl":"https:\/\/www.festivox.fr\/blog\/wp-content\/uploads\/2024\/08\/a-uzeste-limprovisation-et-ses-exces-de-liberte-a-laffiche.jpg","datePublished":"2024-08-18T04:33:00+00:00","breadcrumb":{"@id":"https:\/\/www.festivox.fr\/blog\/a-uzeste-limprovisation-et-ses-exces-de-liberte-a-laffiche\/#breadcrumb"},"inLanguage":"fr-FR","potentialAction":[{"@type":"ReadAction","target":["https:\/\/www.festivox.fr\/blog\/a-uzeste-limprovisation-et-ses-exces-de-liberte-a-laffiche\/"]}]},{"@type":"ImageObject","inLanguage":"fr-FR","@id":"https:\/\/www.festivox.fr\/blog\/a-uzeste-limprovisation-et-ses-exces-de-liberte-a-laffiche\/#primaryimage","url":"https:\/\/www.festivox.fr\/blog\/wp-content\/uploads\/2024\/08\/a-uzeste-limprovisation-et-ses-exces-de-liberte-a-laffiche.jpg","contentUrl":"https:\/\/www.festivox.fr\/blog\/wp-content\/uploads\/2024\/08\/a-uzeste-limprovisation-et-ses-exces-de-liberte-a-laffiche.jpg","width":1500,"height":829},{"@type":"BreadcrumbList","@id":"https:\/\/www.festivox.fr\/blog\/a-uzeste-limprovisation-et-ses-exces-de-liberte-a-laffiche\/#breadcrumb","itemListElement":[{"@type":"ListItem","position":1,"name":"Accueil","item":"https:\/\/www.festivox.fr\/blog\/"},{"@type":"ListItem","position":2,"name":"\u00c0 Uzeste, l\u2019improvisation et ses exc\u00e8s de libert\u00e9 \u00e0 l\u2019affiche"}]},{"@type":"WebSite","@id":"https:\/\/www.festivox.fr\/blog\/#website","url":"https:\/\/www.festivox.fr\/blog\/","name":"FESTIVOX","description":"Festival en mode guinguette.","publisher":{"@id":"https:\/\/www.festivox.fr\/blog\/#organization"},"potentialAction":[{"@type":"SearchAction","target":{"@type":"EntryPoint","urlTemplate":"https:\/\/www.festivox.fr\/blog\/?s={search_term_string}"},"query-input":{"@type":"PropertyValueSpecification","valueRequired":true,"valueName":"search_term_string"}}],"inLanguage":"fr-FR"},{"@type":"Organization","@id":"https:\/\/www.festivox.fr\/blog\/#organization","name":"festivox","url":"https:\/\/www.festivox.fr\/blog\/","logo":{"@type":"ImageObject","inLanguage":"fr-FR","@id":"https:\/\/www.festivox.fr\/blog\/#\/schema\/logo\/image\/","url":"https:\/\/www.festivox.fr\/blog\/wp-content\/uploads\/2023\/06\/logo-2.png","contentUrl":"https:\/\/www.festivox.fr\/blog\/wp-content\/uploads\/2023\/06\/logo-2.png","width":480,"height":160,"caption":"festivox"},"image":{"@id":"https:\/\/www.festivox.fr\/blog\/#\/schema\/logo\/image\/"}},{"@type":"Person","@id":"https:\/\/www.festivox.fr\/blog\/#\/schema\/person\/f36a8b6bc94800c3eafed4bca993ce95","name":"Michele","image":{"@type":"ImageObject","inLanguage":"fr-FR","@id":"https:\/\/secure.gravatar.com\/avatar\/b062046536b5d47ec9075956ec349ef95ed06b0f910c578f74abb318668b702e?s=96&d=mm&r=g","url":"https:\/\/secure.gravatar.com\/avatar\/b062046536b5d47ec9075956ec349ef95ed06b0f910c578f74abb318668b702e?s=96&d=mm&r=g","contentUrl":"https:\/\/secure.gravatar.com\/avatar\/b062046536b5d47ec9075956ec349ef95ed06b0f910c578f74abb318668b702e?s=96&d=mm&r=g","caption":"Michele"},"sameAs":["https:\/\/www.festivox.fr\/blog"],"url":"https:\/\/www.festivox.fr\/blog\/author\/voxadmin\/"}]}},"_links":{"self":[{"href":"https:\/\/www.festivox.fr\/blog\/wp-json\/wp\/v2\/posts\/1021","targetHints":{"allow":["GET"]}}],"collection":[{"href":"https:\/\/www.festivox.fr\/blog\/wp-json\/wp\/v2\/posts"}],"about":[{"href":"https:\/\/www.festivox.fr\/blog\/wp-json\/wp\/v2\/types\/post"}],"author":[{"embeddable":true,"href":"https:\/\/www.festivox.fr\/blog\/wp-json\/wp\/v2\/users\/1"}],"replies":[{"embeddable":true,"href":"https:\/\/www.festivox.fr\/blog\/wp-json\/wp\/v2\/comments?post=1021"}],"version-history":[{"count":0,"href":"https:\/\/www.festivox.fr\/blog\/wp-json\/wp\/v2\/posts\/1021\/revisions"}],"wp:featuredmedia":[{"embeddable":true,"href":"https:\/\/www.festivox.fr\/blog\/wp-json\/wp\/v2\/media\/1022"}],"wp:attachment":[{"href":"https:\/\/www.festivox.fr\/blog\/wp-json\/wp\/v2\/media?parent=1021"}],"wp:term":[{"taxonomy":"category","embeddable":true,"href":"https:\/\/www.festivox.fr\/blog\/wp-json\/wp\/v2\/categories?post=1021"},{"taxonomy":"post_tag","embeddable":true,"href":"https:\/\/www.festivox.fr\/blog\/wp-json\/wp\/v2\/tags?post=1021"}],"curies":[{"name":"wp","href":"https:\/\/api.w.org\/{rel}","templated":true}]}}