{"id":1020,"date":"2024-08-16T21:22:00","date_gmt":"2024-08-16T19:22:00","guid":{"rendered":"https:\/\/www.festivox.fr\/blog\/que-faire-en-bretagne-idees-de-sorties\/"},"modified":"2024-08-16T21:22:00","modified_gmt":"2024-08-16T19:22:00","slug":"que-faire-en-bretagne-idees-de-sorties","status":"publish","type":"post","link":"https:\/\/www.festivox.fr\/blog\/que-faire-en-bretagne-idees-de-sorties\/","title":{"rendered":"Que faire en Bretagne : id\u00e9es de sorties"},"content":{"rendered":"<br \/>\n<header class=\"tlg-header-block tlg-col-sm-16 tlg-col-xs-2\">\n<h2 class=\"tlg-title-secondary-font tlg-layout-block--title\"> Des id\u00e9es de sorties <\/h2>\n<\/header>\n<article class=\"tlg-bip-event-search tlg-bip-event-search-agenda tlg-text-center tlg-col-sm-8 tlg-col-xs-2\">\n<div>\n<figure class=\"tlg-bip-event-search-header\"><img loading=\"lazy\" decoding=\"async\" src=\"https:\/\/www.letelegramme.fr\/assets\/tlg\/pulse-web-front\/images\/bip-events\/rubric\/visites-a90e319434.svg\" width=\"32\" height=\"32\" alt><\/figure>\n<div class=\"tlg-bip-event-infos\"><span class=\"tlg-bip-event-rubric tlg-visites\">Visites<\/span><\/p>\n<h3 class=\"tlg-title tlg-h6\">Les richesses rurales&nbsp;: petit et grand patrimoine de Guima\u00ebc<\/h3>\n<p class>D\u00e9couverte du patrimoine et de quelques secrets d\u2019une commun&#8230;<\/p>\n<\/div>\n<\/div>\n<p><span>Guima\u00ebc<\/span><span class=\"tlg-date-event\">Tous les mardis, mercredis, jeudis, vendredis et dimanches du 2 juillet au 31 ao\u00fbt de 14h \u00e0 17h30.<\/span><\/p>\n<p><a href=\"https:\/\/www.letelegramme.fr\/agenda\/visites\/finistere\/guimaec-29620\/les-richesses-rurales-petit-et-grand-patrimoine-de-guimaec-2263754.php\" class=\"tlg-bip-event-more\" title=\"Les richesses rurales&nbsp;: petit et grand patrimoine de Guima\u00ebc\" target=\"_blank\" rel=\"nofollow\"><\/p>\n<p>En savoir plus<\/p>\n<p><\/a><\/article>\n<article class=\"tlg-bip-event-search tlg-bip-event-search-agenda tlg-text-center tlg-col-sm-8 tlg-col-xs-2\">\n<div>\n<figure class=\"tlg-bip-event-search-header\"><img loading=\"lazy\" decoding=\"async\" src=\"https:\/\/www.letelegramme.fr\/assets\/tlg\/pulse-web-front\/images\/bip-events\/rubric\/expositions-a90e319434.svg\" width=\"32\" height=\"32\" alt><\/figure>\n<div class=\"tlg-bip-event-infos\"><span class=\"tlg-bip-event-rubric tlg-expositions\">Expositions<\/span><\/p>\n<h3 class=\"tlg-title tlg-h6\">Exposition sur l\u2019histoire de la Maison-Phare du Millier<\/h3>\n<p class>\u00ab De la construction \u00e0 la restauration 1876-2024 \u00bb. L\u2019associ&#8230;<\/p>\n<\/div>\n<\/div>\n<p><span>Beuzec-Cap-Sizun<\/span><span class=\"tlg-date-event\">Tous les lundis, mercredis, jeudis, vendredis, samedis et dimanches du 1 juillet au 31 ao\u00fbt de 14h \u00e0 18h.<\/span><\/p>\n<p><a href=\"https:\/\/www.letelegramme.fr\/agenda\/expositions\/finistere\/beuzec-cap-sizun-29790\/exposition-sur-l-histoire-de-la-maison-phare-du-millier-2263894.php\" class=\"tlg-bip-event-more\" title=\"Exposition sur l\u2019histoire de la Maison-Phare du Millier\" target=\"_blank\" rel=\"nofollow\"><\/p>\n<p>En savoir plus<\/p>\n<p><\/a><\/article>\n<article class=\"tlg-bip-event-search tlg-bip-event-search-agenda tlg-text-center tlg-col-sm-8 tlg-col-xs-2\">\n<div>\n<figure class=\"tlg-bip-event-search-header\"><img loading=\"lazy\" decoding=\"async\" src=\"https:\/\/www.letelegramme.fr\/assets\/tlg\/pulse-web-front\/images\/bip-events\/rubric\/expositions-a90e319434.svg\" width=\"32\" height=\"32\" alt><\/figure>\n<div class=\"tlg-bip-event-infos\"><span class=\"tlg-bip-event-rubric tlg-expositions\">Expositions<\/span><\/p>\n<h3 class=\"tlg-title tlg-h6\">Exposition de Ghislaine Fer<\/h3>\n<p class>Les photographies repr\u00e9sentent des vaches prises dans toute &#8230;<\/p>\n<\/div>\n<\/div>\n<p><span>Scrignac<\/span><span class=\"tlg-date-event\">du mercredi 17 juillet au samedi 31 ao\u00fbt<\/span><\/p>\n<p><a href=\"https:\/\/www.letelegramme.fr\/agenda\/expositions\/finistere\/scrignac-29640\/exposition-de-ghislaine-fer-2263820.php\" class=\"tlg-bip-event-more\" title=\"Exposition de Ghislaine Fer\" target=\"_blank\" rel=\"nofollow\"><\/p>\n<p>En savoir plus<\/p>\n<p><\/a><\/article>\n<article class=\"tlg-bip-event-search tlg-bip-event-search-agenda tlg-text-center tlg-col-sm-8 tlg-col-xs-2\">\n<div>\n<figure class=\"tlg-bip-event-search-header\"><img loading=\"lazy\" decoding=\"async\" src=\"https:\/\/www.letelegramme.fr\/assets\/tlg\/pulse-web-front\/images\/bip-events\/rubric\/concerts-6ea1049440.svg\" width=\"32\" height=\"32\" alt><\/figure>\n<div class=\"tlg-bip-event-infos\"><span class=\"tlg-bip-event-rubric tlg-concerts\">Concerts<\/span><\/p>\n<h3 class=\"tlg-title tlg-h6\">Ap\u00e9ro jazz de l\u2019Atelier culturel avec La Tchoutchouka<\/h3>\n<p class>Tout public. Formation musicale n\u00e9e d\u2019un contact entre breto&#8230;<\/p>\n<\/div>\n<\/div>\n<p><span>Landerneau<\/span><span class=\"tlg-date-event\">le samedi 31 ao\u00fbt \u00e0 19h.<\/span><\/p>\n<p><a href=\"https:\/\/www.letelegramme.fr\/agenda\/concerts\/finistere\/landerneau-29800\/apero-jazz-de-l-atelier-culturel-avec-la-tchoutchouka-2266290.php\" class=\"tlg-bip-event-more\" title=\"Ap\u00e9ro jazz de l\u2019Atelier culturel avec La Tchoutchouka\" target=\"_blank\" rel=\"nofollow\"><\/p>\n<p>En savoir plus<\/p>\n<p><\/a><\/article>\n<article class=\"tlg-bip-event-search tlg-bip-event-search-agenda tlg-text-center tlg-col-sm-8 tlg-col-xs-2\">\n<div>\n<figure class=\"tlg-bip-event-search-header\"><img loading=\"lazy\" decoding=\"async\" src=\"https:\/\/www.letelegramme.fr\/assets\/tlg\/pulse-web-front\/images\/bip-events\/rubric\/danses-4ba3a8727c.svg\" width=\"32\" height=\"32\" alt><\/figure>\n<div class=\"tlg-bip-event-infos\"><span class=\"tlg-bip-event-rubric tlg-danses\">Danses<\/span><\/p>\n<h3 class=\"tlg-title tlg-h6\">Electro&nbsp;: Open Air<\/h3>\n<p class>\u00ab La Java \u00bb c\u00e9l\u00e8bre l\u2019\u00e9t\u00e9 et la cr\u00e9ativit\u00e9 avec un march\u00e9 de&#8230;<\/p>\n<\/div>\n<\/div>\n<p><span>Quimper<\/span><span class=\"tlg-date-event\">le samedi 31 ao\u00fbt de 12h \u00e0 22h.<\/span><\/p>\n<p><a href=\"https:\/\/www.letelegramme.fr\/agenda\/danses\/finistere\/quimper-29000\/electro-open-air-2266514.php\" class=\"tlg-bip-event-more\" title=\"Electro&nbsp;: Open Air\" target=\"_blank\" rel=\"nofollow\"><\/p>\n<p>En savoir plus<\/p>\n<p><\/a><\/article>\n<article class=\"tlg-bip-event-search tlg-bip-event-search-agenda tlg-text-center tlg-col-sm-8 tlg-col-xs-2\">\n<div>\n<figure class=\"tlg-bip-event-search-header\"><img loading=\"lazy\" decoding=\"async\" src=\"https:\/\/www.letelegramme.fr\/assets\/tlg\/pulse-web-front\/images\/bip-events\/rubric\/loisirs-sportifs-72269035d7.svg\" width=\"32\" height=\"32\" alt><\/figure>\n<div class=\"tlg-bip-event-infos\"><span class=\"tlg-bip-event-rubric tlg-loisirs-sportifs\">Loisirs sportifs<\/span><\/p>\n<h3 class=\"tlg-title tlg-h6\">Abonnements d\u2019\u00e9t\u00e9 et stages au Lorient Tennis Club<\/h3>\n<p class>Abonnement d\u2019\u00e9t\u00e9 du 15 juin au 31 ao\u00fbt, licence d\u00e9couverte i&#8230;<\/p>\n<\/div>\n<\/div>\n<p><span>Lorient<\/span><span class=\"tlg-date-event\">du samedi 15 juin au samedi 31 ao\u00fbt<\/span><\/p>\n<p><a href=\"https:\/\/www.letelegramme.fr\/agenda\/loisirs-sportifs\/morbihan\/lorient-56100\/abonnements-d-ete-et-stages-au-lorient-tennis-club-2268850.php\" class=\"tlg-bip-event-more\" title=\"Abonnements d\u2019\u00e9t\u00e9 et stages au Lorient Tennis Club\" target=\"_blank\" rel=\"nofollow\"><\/p>\n<p>En savoir plus<\/p>\n<p><\/a><\/article>\n<article class=\"tlg-bip-event-search tlg-bip-event-search-agenda tlg-text-center tlg-col-sm-8 tlg-col-xs-2\">\n<div>\n<figure class=\"tlg-bip-event-search-header\"><img loading=\"lazy\" decoding=\"async\" src=\"https:\/\/www.letelegramme.fr\/assets\/tlg\/pulse-web-front\/images\/bip-events\/rubric\/expositions-a90e319434.svg\" width=\"32\" height=\"32\" alt><\/figure>\n<div class=\"tlg-bip-event-infos\"><span class=\"tlg-bip-event-rubric tlg-expositions\">Expositions<\/span><\/p>\n<h3 class=\"tlg-title tlg-h6\">Exposition \u00ab&nbsp;Tisser la canop\u00e9e&nbsp;\u00bb<\/h3>\n<p class>Tisser la canop\u00e9e, c\u2019est (re)nouer contact avec l\u2019un des pay&#8230;<\/p>\n<\/div>\n<\/div>\n<p><span>Clohars-Carno\u00ebt<\/span><span class=\"tlg-date-event\">du mardi 2 juillet au samedi 31 ao\u00fbt<\/span><\/p>\n<p><a href=\"https:\/\/www.letelegramme.fr\/agenda\/expositions\/finistere\/clohars-carnoet-29360\/exposition-tisser-la-canopee-2271434.php\" class=\"tlg-bip-event-more\" title=\"Exposition \u00ab&nbsp;Tisser la canop\u00e9e&nbsp;\u00bb\" target=\"_blank\" rel=\"nofollow\"><\/p>\n<p>En savoir plus<\/p>\n<p><\/a><\/article>\n<article class=\"tlg-bip-event-search tlg-bip-event-search-agenda tlg-text-center tlg-col-sm-8 tlg-col-xs-2\">\n<div>\n<figure class=\"tlg-bip-event-search-header\"><img loading=\"lazy\" decoding=\"async\" src=\"https:\/\/www.letelegramme.fr\/assets\/tlg\/pulse-web-front\/images\/bip-events\/rubric\/randonnees-72269035d7.svg\" width=\"32\" height=\"32\" alt><\/figure>\n<div class=\"tlg-bip-event-infos\"><span class=\"tlg-bip-event-rubric tlg-randonnees\">Randonn\u00e9es<\/span><\/p>\n<h3 class=\"tlg-title tlg-h6\">Sortie snorkeling sur inscription<\/h3>\n<p class>Randonn\u00e9e palm\u00e9e avec masque et tuba pour en apprendre plus &#8230;<\/p>\n<\/div>\n<\/div>\n<p><span>Plougonvelin<\/span><span class=\"tlg-date-event\">le samedi 17 ao\u00fbt \u00e0 10h., du jeudi 22 ao\u00fbt au vendredi 23 ao\u00fbt \u00e0 19h., le samedi 24 ao\u00fbt \u00e0 14h., du jeudi 29 ao\u00fbt au vendredi 30 ao\u00fbt \u00e0 20h., le samedi 31 ao\u00fbt \u00e0 10h.<\/span><\/p>\n<p><a href=\"https:\/\/www.letelegramme.fr\/agenda\/randonnees\/finistere\/plougonvelin-29217\/sortie-snorkeling-sur-inscription-2271491.php\" class=\"tlg-bip-event-more\" title=\"Sortie snorkeling sur inscription\" target=\"_blank\" rel=\"nofollow\"><\/p>\n<p>En savoir plus<\/p>\n<p><\/a><\/article>\n<article class=\"tlg-bip-event-search tlg-bip-event-search-agenda tlg-text-center tlg-col-sm-8 tlg-col-xs-2\">\n<div>\n<figure class=\"tlg-bip-event-search-header\"><img loading=\"lazy\" decoding=\"async\" src=\"https:\/\/www.letelegramme.fr\/assets\/tlg\/pulse-web-front\/images\/bip-events\/rubric\/visites-a90e319434.svg\" width=\"32\" height=\"32\" alt><\/figure>\n<div class=\"tlg-bip-event-infos\"><span class=\"tlg-bip-event-rubric tlg-visites\">Visites<\/span><\/p>\n<h3 class=\"tlg-title tlg-h6\">Visite guid\u00e9e des serres tropicales<\/h3>\n<p class>Au c\u0153ur de la reconstitution de quatre milieux exotiques, le&#8230;<\/p>\n<\/div>\n<\/div>\n<p><span>Brest<\/span><span class=\"tlg-date-event\">Tous les mercredis et jeudis du 1 juillet au 31 ao\u00fbt \u00e0 11h.<\/span><\/p>\n<p><a href=\"https:\/\/www.letelegramme.fr\/agenda\/visites\/finistere\/brest-29200\/visite-guidee-des-serres-tropicales-2271460.php\" class=\"tlg-bip-event-more\" title=\"Visite guid\u00e9e des serres tropicales\" target=\"_blank\" rel=\"nofollow\"><\/p>\n<p>En savoir plus<\/p>\n<p><\/a><\/article>\n<article class=\"tlg-bip-event-search tlg-bip-event-search-agenda tlg-text-center tlg-col-sm-8 tlg-col-xs-2\">\n<div>\n<figure class=\"tlg-bip-event-search-header\"><img loading=\"lazy\" decoding=\"async\" src=\"https:\/\/www.letelegramme.fr\/assets\/tlg\/pulse-web-front\/images\/bip-events\/rubric\/loisirs-sportifs-72269035d7.svg\" width=\"32\" height=\"32\" alt><\/figure>\n<div class=\"tlg-bip-event-infos\"><span class=\"tlg-bip-event-rubric tlg-loisirs-sportifs\">Loisirs sportifs<\/span><\/p>\n<h3 class=\"tlg-title tlg-h6\">Atout sport&nbsp;: stage de tir \u00e0 l\u2019arc nature<\/h3>\n<p class>Stage tir \u00e0 l\u2019arc nature : trois s\u00e9ances pour apprendre \u00e0 ti&#8230;<\/p>\n<\/div>\n<\/div>\n<p><span>Quimper<\/span><span class=\"tlg-date-event\">du jeudi 29 ao\u00fbt au samedi 31 ao\u00fbt de 16h \u00e0 17h30.<\/span><\/p>\n<p><a href=\"https:\/\/www.letelegramme.fr\/agenda\/loisirs-sportifs\/finistere\/quimper-29000\/atout-sport-stage-de-tir-a-l-arc-nature-2271794.php\" class=\"tlg-bip-event-more\" title=\"Atout sport&nbsp;: stage de tir \u00e0 l\u2019arc nature\" target=\"_blank\" rel=\"nofollow\"><\/p>\n<p>En savoir plus<\/p>\n<p><\/a><\/article>\n<article class=\"tlg-bip-event-search tlg-bip-event-search-agenda tlg-text-center tlg-col-sm-8 tlg-col-xs-2\">\n<div>\n<figure class=\"tlg-bip-event-search-header\"><img loading=\"lazy\" decoding=\"async\" src=\"https:\/\/www.letelegramme.fr\/assets\/tlg\/pulse-web-front\/images\/bip-events\/rubric\/expositions-a90e319434.svg\" width=\"32\" height=\"32\" alt><\/figure>\n<div class=\"tlg-bip-event-infos\"><span class=\"tlg-bip-event-rubric tlg-expositions\">Expositions<\/span><\/p>\n<h3 class=\"tlg-title tlg-h6\">Exposition ext\u00e9rieure Graines de Rivi\u00e8res Sauvages<\/h3>\n<p class>Cr\u00e9\u00e9e par les jeunes participants du programme p\u00e9dagogique G&#8230;<\/p>\n<\/div>\n<\/div>\n<p><span>Ploun\u00e9vez-Mo\u00ebdec<\/span><span class=\"tlg-date-event\">du lundi 1 juillet au samedi 31 ao\u00fbt<\/span><\/p>\n<p><a href=\"https:\/\/www.letelegramme.fr\/agenda\/expositions\/cotes-d-armor\/plounevez-moedec-22810\/exposition-exterieure-graines-de-rivieres-sauvages-2271769.php\" class=\"tlg-bip-event-more\" title=\"Exposition ext\u00e9rieure Graines de Rivi\u00e8res Sauvages\" target=\"_blank\" rel=\"nofollow\"><\/p>\n<p>En savoir plus<\/p>\n<p><\/a><\/article>\n<article class=\"tlg-bip-event-search tlg-bip-event-search-agenda tlg-text-center tlg-col-sm-8 tlg-col-xs-2\">\n<div>\n<figure class=\"tlg-bip-event-search-header\"><img loading=\"lazy\" decoding=\"async\" src=\"https:\/\/www.letelegramme.fr\/assets\/tlg\/pulse-web-front\/images\/bip-events\/rubric\/expositions-a90e319434.svg\" width=\"32\" height=\"32\" alt><\/figure>\n<div class=\"tlg-bip-event-infos\"><span class=\"tlg-bip-event-rubric tlg-expositions\">Expositions<\/span><\/p>\n<h3 class=\"tlg-title tlg-h6\">Exposition de costumes traditionnels du cercle En Arben<\/h3>\n<p class>\u00c0 l\u2019occasion de ses 50 ans, le cercle celtique En Arben orga&#8230;<\/p>\n<\/div>\n<\/div>\n<p><span>Theix &#8211; Noyalo <\/span><span class=\"tlg-date-event\">Tous les mardis, mercredis, vendredis et samedis du 25 juin au 31 ao\u00fbt de 10h \u00e0 18h30.<\/span><\/p>\n<p><a href=\"https:\/\/www.letelegramme.fr\/agenda\/expositions\/morbihan\/theix-noyalo-56450\/exposition-de-costumes-traditionnels-du-cercle-en-arben-2271823.php\" class=\"tlg-bip-event-more\" title=\"Exposition de costumes traditionnels du cercle En Arben\" target=\"_blank\" rel=\"nofollow\"><\/p>\n<p>En savoir plus<\/p>\n<p><\/a><\/article>\n<p> Cet article, qui traite du th\u00e8me \u00ab\u00a0Festival Jazz et musique en mode guinguette\u00a0\u00bb, vous est d\u00e9lib\u00e9r\u00e9ment offert par festivox.fr. La raison d\u2019\u00eatre de festivox.fr est de parler de Festival Jazz et musique en mode guinguette dans la transparence la plus g\u00e9n\u00e9rale en vous procurant la visibilit\u00e9 de tout ce qui est publi\u00e9 sur ce sujet sur le web La chronique a \u00e9t\u00e9 g\u00e9n\u00e9r\u00e9e de la mani\u00e8re la plus honn\u00eate que possible. S\u2019il advenait que vous projetez d\u2019apporter quelques notes concernant le domaine de \u00ab\u00a0Festival Jazz et musique en mode guinguette\u00a0\u00bb vous avez la possibilit\u00e9 de d&rsquo;\u00e9changer avec notre r\u00e9daction. Dans peu de temps, on mettra en ligne d&rsquo;autres informations pertinentes autour du sujet \u00ab\u00a0Festival Jazz et musique en mode guinguette\u00a0\u00bb. Ainsi, consultez r\u00e9guli\u00e8rement notre site.<\/p>\n","protected":false},"excerpt":{"rendered":"<p>Des id\u00e9es de sorties Visites Les richesses rurales&nbsp;: petit et grand patrimoine de Guima\u00ebc D\u00e9couverte du patrimoine et de quelques secrets d\u2019une commun&#8230; Guima\u00ebcTous les mardis, mercredis, jeudis, vendredis et dimanches du 2 juillet au 31 ao\u00fbt de 14h \u00e0 17h30. En savoir plus Expositions Exposition sur l\u2019histoire de la Maison-Phare du Millier \u00ab De&hellip;<\/p>\n","protected":false},"author":1,"featured_media":0,"comment_status":"closed","ping_status":"closed","sticky":false,"template":"","format":"standard","meta":{"footnotes":""},"categories":[3],"tags":[],"class_list":["post-1020","post","type-post","status-publish","format-standard","hentry","category-wiki-sur-festival-jazz-et-musique-en-mode-guinguette"],"yoast_head":"<!-- This site is optimized with the Yoast SEO plugin v27.5 - https:\/\/yoast.com\/product\/yoast-seo-wordpress\/ -->\n<title>Que faire en Bretagne : id\u00e9es de sorties - FESTIVOX<\/title>\n<meta name=\"robots\" content=\"index, follow, max-snippet:-1, max-image-preview:large, max-video-preview:-1\" \/>\n<link rel=\"canonical\" href=\"https:\/\/www.festivox.fr\/blog\/que-faire-en-bretagne-idees-de-sorties\/\" \/>\n<meta property=\"og:locale\" content=\"fr_FR\" \/>\n<meta property=\"og:type\" content=\"article\" \/>\n<meta property=\"og:title\" content=\"Que faire en Bretagne : id\u00e9es de sorties - FESTIVOX\" \/>\n<meta property=\"og:description\" content=\"Des id\u00e9es de sorties Visites Les richesses rurales&nbsp;: petit et grand patrimoine de Guima\u00ebc D\u00e9couverte du patrimoine et de quelques secrets d\u2019une commun&#8230; Guima\u00ebcTous les mardis, mercredis, jeudis, vendredis et dimanches du 2 juillet au 31 ao\u00fbt de 14h \u00e0 17h30. En savoir plus Expositions Exposition sur l\u2019histoire de la Maison-Phare du Millier \u00ab De&hellip;\" \/>\n<meta property=\"og:url\" content=\"https:\/\/www.festivox.fr\/blog\/que-faire-en-bretagne-idees-de-sorties\/\" \/>\n<meta property=\"og:site_name\" content=\"FESTIVOX\" \/>\n<meta property=\"article:published_time\" content=\"2024-08-16T19:22:00+00:00\" \/>\n<meta property=\"og:image\" content=\"https:\/\/www.letelegramme.fr\/assets\/tlg\/pulse-web-front\/images\/bip-events\/rubric\/visites-a90e319434.svg\" \/>\n<meta name=\"author\" content=\"Michele\" \/>\n<meta name=\"twitter:card\" content=\"summary_large_image\" \/>\n<meta name=\"twitter:label1\" content=\"\u00c9crit par\" \/>\n\t<meta name=\"twitter:data1\" content=\"Michele\" \/>\n\t<meta name=\"twitter:label2\" content=\"Dur\u00e9e de lecture estim\u00e9e\" \/>\n\t<meta name=\"twitter:data2\" content=\"3 minutes\" \/>\n<script type=\"application\/ld+json\" class=\"yoast-schema-graph\">{\"@context\":\"https:\\\/\\\/schema.org\",\"@graph\":[{\"@type\":\"Article\",\"@id\":\"https:\\\/\\\/www.festivox.fr\\\/blog\\\/que-faire-en-bretagne-idees-de-sorties\\\/#article\",\"isPartOf\":{\"@id\":\"https:\\\/\\\/www.festivox.fr\\\/blog\\\/que-faire-en-bretagne-idees-de-sorties\\\/\"},\"author\":{\"name\":\"Michele\",\"@id\":\"https:\\\/\\\/www.festivox.fr\\\/blog\\\/#\\\/schema\\\/person\\\/f36a8b6bc94800c3eafed4bca993ce95\"},\"headline\":\"Que faire en Bretagne : id\u00e9es de sorties\",\"datePublished\":\"2024-08-16T19:22:00+00:00\",\"mainEntityOfPage\":{\"@id\":\"https:\\\/\\\/www.festivox.fr\\\/blog\\\/que-faire-en-bretagne-idees-de-sorties\\\/\"},\"wordCount\":595,\"publisher\":{\"@id\":\"https:\\\/\\\/www.festivox.fr\\\/blog\\\/#organization\"},\"image\":{\"@id\":\"https:\\\/\\\/www.festivox.fr\\\/blog\\\/que-faire-en-bretagne-idees-de-sorties\\\/#primaryimage\"},\"thumbnailUrl\":\"https:\\\/\\\/www.letelegramme.fr\\\/assets\\\/tlg\\\/pulse-web-front\\\/images\\\/bip-events\\\/rubric\\\/visites-a90e319434.svg\",\"articleSection\":[\"Wiki Sur Festival Jazz Et Musique En Mode Guinguette:\"],\"inLanguage\":\"fr-FR\"},{\"@type\":\"WebPage\",\"@id\":\"https:\\\/\\\/www.festivox.fr\\\/blog\\\/que-faire-en-bretagne-idees-de-sorties\\\/\",\"url\":\"https:\\\/\\\/www.festivox.fr\\\/blog\\\/que-faire-en-bretagne-idees-de-sorties\\\/\",\"name\":\"Que faire en Bretagne : id\u00e9es de sorties - FESTIVOX\",\"isPartOf\":{\"@id\":\"https:\\\/\\\/www.festivox.fr\\\/blog\\\/#website\"},\"primaryImageOfPage\":{\"@id\":\"https:\\\/\\\/www.festivox.fr\\\/blog\\\/que-faire-en-bretagne-idees-de-sorties\\\/#primaryimage\"},\"image\":{\"@id\":\"https:\\\/\\\/www.festivox.fr\\\/blog\\\/que-faire-en-bretagne-idees-de-sorties\\\/#primaryimage\"},\"thumbnailUrl\":\"https:\\\/\\\/www.letelegramme.fr\\\/assets\\\/tlg\\\/pulse-web-front\\\/images\\\/bip-events\\\/rubric\\\/visites-a90e319434.svg\",\"datePublished\":\"2024-08-16T19:22:00+00:00\",\"breadcrumb\":{\"@id\":\"https:\\\/\\\/www.festivox.fr\\\/blog\\\/que-faire-en-bretagne-idees-de-sorties\\\/#breadcrumb\"},\"inLanguage\":\"fr-FR\",\"potentialAction\":[{\"@type\":\"ReadAction\",\"target\":[\"https:\\\/\\\/www.festivox.fr\\\/blog\\\/que-faire-en-bretagne-idees-de-sorties\\\/\"]}]},{\"@type\":\"ImageObject\",\"inLanguage\":\"fr-FR\",\"@id\":\"https:\\\/\\\/www.festivox.fr\\\/blog\\\/que-faire-en-bretagne-idees-de-sorties\\\/#primaryimage\",\"url\":\"https:\\\/\\\/www.letelegramme.fr\\\/assets\\\/tlg\\\/pulse-web-front\\\/images\\\/bip-events\\\/rubric\\\/visites-a90e319434.svg\",\"contentUrl\":\"https:\\\/\\\/www.letelegramme.fr\\\/assets\\\/tlg\\\/pulse-web-front\\\/images\\\/bip-events\\\/rubric\\\/visites-a90e319434.svg\"},{\"@type\":\"BreadcrumbList\",\"@id\":\"https:\\\/\\\/www.festivox.fr\\\/blog\\\/que-faire-en-bretagne-idees-de-sorties\\\/#breadcrumb\",\"itemListElement\":[{\"@type\":\"ListItem\",\"position\":1,\"name\":\"Accueil\",\"item\":\"https:\\\/\\\/www.festivox.fr\\\/blog\\\/\"},{\"@type\":\"ListItem\",\"position\":2,\"name\":\"Que faire en Bretagne : id\u00e9es de sorties\"}]},{\"@type\":\"WebSite\",\"@id\":\"https:\\\/\\\/www.festivox.fr\\\/blog\\\/#website\",\"url\":\"https:\\\/\\\/www.festivox.fr\\\/blog\\\/\",\"name\":\"FESTIVOX\",\"description\":\"Festival en mode guinguette.\",\"publisher\":{\"@id\":\"https:\\\/\\\/www.festivox.fr\\\/blog\\\/#organization\"},\"potentialAction\":[{\"@type\":\"SearchAction\",\"target\":{\"@type\":\"EntryPoint\",\"urlTemplate\":\"https:\\\/\\\/www.festivox.fr\\\/blog\\\/?s={search_term_string}\"},\"query-input\":{\"@type\":\"PropertyValueSpecification\",\"valueRequired\":true,\"valueName\":\"search_term_string\"}}],\"inLanguage\":\"fr-FR\"},{\"@type\":\"Organization\",\"@id\":\"https:\\\/\\\/www.festivox.fr\\\/blog\\\/#organization\",\"name\":\"festivox\",\"url\":\"https:\\\/\\\/www.festivox.fr\\\/blog\\\/\",\"logo\":{\"@type\":\"ImageObject\",\"inLanguage\":\"fr-FR\",\"@id\":\"https:\\\/\\\/www.festivox.fr\\\/blog\\\/#\\\/schema\\\/logo\\\/image\\\/\",\"url\":\"https:\\\/\\\/www.festivox.fr\\\/blog\\\/wp-content\\\/uploads\\\/2023\\\/06\\\/logo-2.png\",\"contentUrl\":\"https:\\\/\\\/www.festivox.fr\\\/blog\\\/wp-content\\\/uploads\\\/2023\\\/06\\\/logo-2.png\",\"width\":480,\"height\":160,\"caption\":\"festivox\"},\"image\":{\"@id\":\"https:\\\/\\\/www.festivox.fr\\\/blog\\\/#\\\/schema\\\/logo\\\/image\\\/\"}},{\"@type\":\"Person\",\"@id\":\"https:\\\/\\\/www.festivox.fr\\\/blog\\\/#\\\/schema\\\/person\\\/f36a8b6bc94800c3eafed4bca993ce95\",\"name\":\"Michele\",\"image\":{\"@type\":\"ImageObject\",\"inLanguage\":\"fr-FR\",\"@id\":\"https:\\\/\\\/secure.gravatar.com\\\/avatar\\\/b062046536b5d47ec9075956ec349ef95ed06b0f910c578f74abb318668b702e?s=96&d=mm&r=g\",\"url\":\"https:\\\/\\\/secure.gravatar.com\\\/avatar\\\/b062046536b5d47ec9075956ec349ef95ed06b0f910c578f74abb318668b702e?s=96&d=mm&r=g\",\"contentUrl\":\"https:\\\/\\\/secure.gravatar.com\\\/avatar\\\/b062046536b5d47ec9075956ec349ef95ed06b0f910c578f74abb318668b702e?s=96&d=mm&r=g\",\"caption\":\"Michele\"},\"sameAs\":[\"https:\\\/\\\/www.festivox.fr\\\/blog\"],\"url\":\"https:\\\/\\\/www.festivox.fr\\\/blog\\\/author\\\/voxadmin\\\/\"}]}<\/script>\n<!-- \/ Yoast SEO plugin. -->","yoast_head_json":{"title":"Que faire en Bretagne : id\u00e9es de sorties - FESTIVOX","robots":{"index":"index","follow":"follow","max-snippet":"max-snippet:-1","max-image-preview":"max-image-preview:large","max-video-preview":"max-video-preview:-1"},"canonical":"https:\/\/www.festivox.fr\/blog\/que-faire-en-bretagne-idees-de-sorties\/","og_locale":"fr_FR","og_type":"article","og_title":"Que faire en Bretagne : id\u00e9es de sorties - FESTIVOX","og_description":"Des id\u00e9es de sorties Visites Les richesses rurales&nbsp;: petit et grand patrimoine de Guima\u00ebc D\u00e9couverte du patrimoine et de quelques secrets d\u2019une commun&#8230; Guima\u00ebcTous les mardis, mercredis, jeudis, vendredis et dimanches du 2 juillet au 31 ao\u00fbt de 14h \u00e0 17h30. En savoir plus Expositions Exposition sur l\u2019histoire de la Maison-Phare du Millier \u00ab De&hellip;","og_url":"https:\/\/www.festivox.fr\/blog\/que-faire-en-bretagne-idees-de-sorties\/","og_site_name":"FESTIVOX","article_published_time":"2024-08-16T19:22:00+00:00","og_image":[{"url":"https:\/\/www.letelegramme.fr\/assets\/tlg\/pulse-web-front\/images\/bip-events\/rubric\/visites-a90e319434.svg","type":"","width":"","height":""}],"author":"Michele","twitter_card":"summary_large_image","twitter_misc":{"\u00c9crit par":"Michele","Dur\u00e9e de lecture estim\u00e9e":"3 minutes"},"schema":{"@context":"https:\/\/schema.org","@graph":[{"@type":"Article","@id":"https:\/\/www.festivox.fr\/blog\/que-faire-en-bretagne-idees-de-sorties\/#article","isPartOf":{"@id":"https:\/\/www.festivox.fr\/blog\/que-faire-en-bretagne-idees-de-sorties\/"},"author":{"name":"Michele","@id":"https:\/\/www.festivox.fr\/blog\/#\/schema\/person\/f36a8b6bc94800c3eafed4bca993ce95"},"headline":"Que faire en Bretagne : id\u00e9es de sorties","datePublished":"2024-08-16T19:22:00+00:00","mainEntityOfPage":{"@id":"https:\/\/www.festivox.fr\/blog\/que-faire-en-bretagne-idees-de-sorties\/"},"wordCount":595,"publisher":{"@id":"https:\/\/www.festivox.fr\/blog\/#organization"},"image":{"@id":"https:\/\/www.festivox.fr\/blog\/que-faire-en-bretagne-idees-de-sorties\/#primaryimage"},"thumbnailUrl":"https:\/\/www.letelegramme.fr\/assets\/tlg\/pulse-web-front\/images\/bip-events\/rubric\/visites-a90e319434.svg","articleSection":["Wiki Sur Festival Jazz Et Musique En Mode Guinguette:"],"inLanguage":"fr-FR"},{"@type":"WebPage","@id":"https:\/\/www.festivox.fr\/blog\/que-faire-en-bretagne-idees-de-sorties\/","url":"https:\/\/www.festivox.fr\/blog\/que-faire-en-bretagne-idees-de-sorties\/","name":"Que faire en Bretagne : id\u00e9es de sorties - FESTIVOX","isPartOf":{"@id":"https:\/\/www.festivox.fr\/blog\/#website"},"primaryImageOfPage":{"@id":"https:\/\/www.festivox.fr\/blog\/que-faire-en-bretagne-idees-de-sorties\/#primaryimage"},"image":{"@id":"https:\/\/www.festivox.fr\/blog\/que-faire-en-bretagne-idees-de-sorties\/#primaryimage"},"thumbnailUrl":"https:\/\/www.letelegramme.fr\/assets\/tlg\/pulse-web-front\/images\/bip-events\/rubric\/visites-a90e319434.svg","datePublished":"2024-08-16T19:22:00+00:00","breadcrumb":{"@id":"https:\/\/www.festivox.fr\/blog\/que-faire-en-bretagne-idees-de-sorties\/#breadcrumb"},"inLanguage":"fr-FR","potentialAction":[{"@type":"ReadAction","target":["https:\/\/www.festivox.fr\/blog\/que-faire-en-bretagne-idees-de-sorties\/"]}]},{"@type":"ImageObject","inLanguage":"fr-FR","@id":"https:\/\/www.festivox.fr\/blog\/que-faire-en-bretagne-idees-de-sorties\/#primaryimage","url":"https:\/\/www.letelegramme.fr\/assets\/tlg\/pulse-web-front\/images\/bip-events\/rubric\/visites-a90e319434.svg","contentUrl":"https:\/\/www.letelegramme.fr\/assets\/tlg\/pulse-web-front\/images\/bip-events\/rubric\/visites-a90e319434.svg"},{"@type":"BreadcrumbList","@id":"https:\/\/www.festivox.fr\/blog\/que-faire-en-bretagne-idees-de-sorties\/#breadcrumb","itemListElement":[{"@type":"ListItem","position":1,"name":"Accueil","item":"https:\/\/www.festivox.fr\/blog\/"},{"@type":"ListItem","position":2,"name":"Que faire en Bretagne : id\u00e9es de sorties"}]},{"@type":"WebSite","@id":"https:\/\/www.festivox.fr\/blog\/#website","url":"https:\/\/www.festivox.fr\/blog\/","name":"FESTIVOX","description":"Festival en mode guinguette.","publisher":{"@id":"https:\/\/www.festivox.fr\/blog\/#organization"},"potentialAction":[{"@type":"SearchAction","target":{"@type":"EntryPoint","urlTemplate":"https:\/\/www.festivox.fr\/blog\/?s={search_term_string}"},"query-input":{"@type":"PropertyValueSpecification","valueRequired":true,"valueName":"search_term_string"}}],"inLanguage":"fr-FR"},{"@type":"Organization","@id":"https:\/\/www.festivox.fr\/blog\/#organization","name":"festivox","url":"https:\/\/www.festivox.fr\/blog\/","logo":{"@type":"ImageObject","inLanguage":"fr-FR","@id":"https:\/\/www.festivox.fr\/blog\/#\/schema\/logo\/image\/","url":"https:\/\/www.festivox.fr\/blog\/wp-content\/uploads\/2023\/06\/logo-2.png","contentUrl":"https:\/\/www.festivox.fr\/blog\/wp-content\/uploads\/2023\/06\/logo-2.png","width":480,"height":160,"caption":"festivox"},"image":{"@id":"https:\/\/www.festivox.fr\/blog\/#\/schema\/logo\/image\/"}},{"@type":"Person","@id":"https:\/\/www.festivox.fr\/blog\/#\/schema\/person\/f36a8b6bc94800c3eafed4bca993ce95","name":"Michele","image":{"@type":"ImageObject","inLanguage":"fr-FR","@id":"https:\/\/secure.gravatar.com\/avatar\/b062046536b5d47ec9075956ec349ef95ed06b0f910c578f74abb318668b702e?s=96&d=mm&r=g","url":"https:\/\/secure.gravatar.com\/avatar\/b062046536b5d47ec9075956ec349ef95ed06b0f910c578f74abb318668b702e?s=96&d=mm&r=g","contentUrl":"https:\/\/secure.gravatar.com\/avatar\/b062046536b5d47ec9075956ec349ef95ed06b0f910c578f74abb318668b702e?s=96&d=mm&r=g","caption":"Michele"},"sameAs":["https:\/\/www.festivox.fr\/blog"],"url":"https:\/\/www.festivox.fr\/blog\/author\/voxadmin\/"}]}},"_links":{"self":[{"href":"https:\/\/www.festivox.fr\/blog\/wp-json\/wp\/v2\/posts\/1020","targetHints":{"allow":["GET"]}}],"collection":[{"href":"https:\/\/www.festivox.fr\/blog\/wp-json\/wp\/v2\/posts"}],"about":[{"href":"https:\/\/www.festivox.fr\/blog\/wp-json\/wp\/v2\/types\/post"}],"author":[{"embeddable":true,"href":"https:\/\/www.festivox.fr\/blog\/wp-json\/wp\/v2\/users\/1"}],"replies":[{"embeddable":true,"href":"https:\/\/www.festivox.fr\/blog\/wp-json\/wp\/v2\/comments?post=1020"}],"version-history":[{"count":0,"href":"https:\/\/www.festivox.fr\/blog\/wp-json\/wp\/v2\/posts\/1020\/revisions"}],"wp:attachment":[{"href":"https:\/\/www.festivox.fr\/blog\/wp-json\/wp\/v2\/media?parent=1020"}],"wp:term":[{"taxonomy":"category","embeddable":true,"href":"https:\/\/www.festivox.fr\/blog\/wp-json\/wp\/v2\/categories?post=1020"},{"taxonomy":"post_tag","embeddable":true,"href":"https:\/\/www.festivox.fr\/blog\/wp-json\/wp\/v2\/tags?post=1020"}],"curies":[{"name":"wp","href":"https:\/\/api.w.org\/{rel}","templated":true}]}}