{"id":1000,"date":"2024-08-06T19:20:00","date_gmt":"2024-08-06T17:20:00","guid":{"rendered":"https:\/\/www.festivox.fr\/blog\/hippisme-huit-courses-a-laffiche-ce-jeudi-a-montignac\/"},"modified":"2024-08-06T19:20:00","modified_gmt":"2024-08-06T17:20:00","slug":"hippisme-huit-courses-a-laffiche-ce-jeudi-a-montignac","status":"publish","type":"post","link":"https:\/\/www.festivox.fr\/blog\/hippisme-huit-courses-a-laffiche-ce-jeudi-a-montignac\/","title":{"rendered":"Hippisme : huit courses \u00e0 l\u2019affiche ce jeudi \u00e0 Montignac"},"content":{"rendered":"\n<div><img decoding=\"async\" src=\"https:\/\/www.festivox.fr\/blog\/wp-content\/uploads\/2024\/08\/hippisme-huit-courses-a-laffiche-ce-jeudi-a-montignac.jpg\" class=\"ff-og-image-inserted\"><\/div>\n<div>\n<p>Des pouliches et poulains de trois ans lanceront&#8230;<\/p>\n<\/div>\n<div>\n<p>Des pouliches et poulains de trois ans lanceront respectivement les d\u00e9bats \u00e0 l\u2019occasion des deux premi\u00e8res \u00e9preuves. Lenglen Jyl, bonne r\u00e9duction kilom\u00e9trique, et Loup Blond, troisi\u00e8me sur cette m\u00eame piste d\u00e9but juillet, auront notre pr\u00e9f\u00e9rence.<\/p>\n<h2 class=\"article-subtitle\">Une course de trot mont\u00e9 passionnante en pr\u00e9vision<\/h2>\n<p>La course suivante, pour drivers apprentis et lads-jockeys, accueillera des 5&nbsp;ans et sera d\u00e9doubl\u00e9e en deux lots. Jalna des Ecus s\u2019est impos\u00e9e r\u00e9cemment \u00e0 Montignac et peut r\u00e9cidiver dans le premier peloton, alors que le second accueillera Joyau de Bellande qui progresse au fil de ses sorties.<\/p>\n<p>La course de trot mont\u00e9 sera vraisemblablement tr\u00e8s disput\u00e9e et passionnante avec quinze m\u00e2les et femelles de six \u00e0 neuf ans au d\u00e9part. Ioko Tartifume et Granit d\u2019Auvillier viennent de bien se comporter \u00e0 Lux\u00e9 et peuvent confirmer bien que cet engagement reste rapproch\u00e9.<\/p>\n<p>Une nouvelle course pour des m\u00e2les et femelles de 5&nbsp;ans sera ensuite propos\u00e9e dans l\u2019ordre du programme. Jaguar du Londel, plus riche du lot, devrait disputer l\u2019arriv\u00e9e malgr\u00e9 ses 25 m\u00e8tres de recul. Peloton le plus fourni de la soir\u00e9e avec seize partant (es) ag\u00e9 (es) de quatre ans, la course suivante sera difficile \u00e0 d\u00e9chiffrer. Nous citerons toutefois K\u00e9ops des Noues et Kalinka de Nieul qui semblent avoir de bonnes munitions.<\/p>\n<p>Enfin, la traditionnelle course pour drivers amateurs de fin de r\u00e9union accueillera notamment Id\u00e9al de la Coudre qui devrait facilement en d\u00e9coudre comme il l\u2019a fait en s\u2019imposant sur cette piste mi-juillet.<\/p>\n<p>Une ambiance musicale, avec le groupe Les Daltons, sera offerte au public entre les diff\u00e9rentes \u00e9preuves et un feu d\u2019artifice sera support de spectacle final de cette nocturne. Le prix de l\u2019entr\u00e9e est de six euros et la gratuit\u00e9 appliqu\u00e9e pour les enfants. Le d\u00e9part de la premi\u00e8re course sera donn\u00e9 \u00e0 20h. La restauration sera possible sur l\u2019hippodrome (r\u00e9servation 06&nbsp;64&nbsp;26&nbsp;69&nbsp;54).<\/p>\n<p><h2> Nos pronostics<br \/>\n<\/h2>\n<p><strong>Course 1. <\/strong>(10) Lenglen Jyl &#8211; (11) Lisbeth de Bannes &#8211; (3) Laitue de Queray &#8211; (5) Lolita de Vitray &#8211; (6) Louve de Freca<br \/><strong>Course 2.<\/strong> (8) Loup Blond &#8211; (9) Love du Passage &#8211; (10) L\u2019Argentin &#8211; (11) Lenor de Ferol &#8211; (12) Lutin Devol<br \/><strong>Course 3. <\/strong>(10) Jalna des Ecus &#8211; (8) Joone Josselyn &#8211; (9) Jazz des Tours &#8211; (5) Janella du Plessis &#8211; (11) Jerry de Braye<br \/><strong>Course 4.<\/strong> (9) Joyau de Bellande &#8211; (8) Jidesia du Sky &#8211; 11) Johnson d\u2019Oyse &#8211; (7) Jubila des Pr\u00e8s &#8211; (10) Jisa des Loyaux<br \/><strong>Course 5.<\/strong> (11) Ioko Tartifume &#8211; (9) Granit d\u2019Auvillier &#8211; (14) Histoire de Java &#8211; (2) Inopine &#8211; (12) I Santo Dussac &#8211; (6) Ikem du Gers<br \/><strong>Course 6. <\/strong>(10) Jaguar du Londel &#8211; (6) Jungle Bond &#8211; (3) Jolie du Lupin &#8211; (4) Jacadi d\u2019Eva &#8211; (8) Jouteur d\u2019Auge<br \/><strong>Course 7. <\/strong>(15) Keops des Noues &#8211; (12) Kalinka Nieul &#8211; (11) Kaiser Fromentro &#8211; (7) Kezira for Ever &#8211; (5) Knock Out Gaby &#8211; (16) Kiss me Boulay<br \/><strong>Course 8.<\/strong> (11) Id\u00e9al de la Coudre &#8211; (4) Instar Joke &#8211; (8) If de Bretagne &#8211; (3) Icara de Puch &#8211; (7) Hartur de l\u2019Ante<\/p>\n<\/div>\n<p> Cet article, qui traite du th\u00e8me \u00ab\u00a0Festival Jazz et musique en mode guinguette\u00a0\u00bb, vous est d\u00e9lib\u00e9r\u00e9ment offert par festivox.fr. La raison d\u2019\u00eatre de festivox.fr est de parler de Festival Jazz et musique en mode guinguette dans la transparence la plus g\u00e9n\u00e9rale en vous procurant la visibilit\u00e9 de tout ce qui est publi\u00e9 sur ce sujet sur le web La chronique a \u00e9t\u00e9 g\u00e9n\u00e9r\u00e9e de la mani\u00e8re la plus honn\u00eate que possible. S\u2019il advenait que vous projetez d\u2019apporter quelques notes concernant le domaine de \u00ab\u00a0Festival Jazz et musique en mode guinguette\u00a0\u00bb vous avez la possibilit\u00e9 de d&rsquo;\u00e9changer avec notre r\u00e9daction. Dans peu de temps, on mettra en ligne d&rsquo;autres informations pertinentes autour du sujet \u00ab\u00a0Festival Jazz et musique en mode guinguette\u00a0\u00bb. Ainsi, consultez r\u00e9guli\u00e8rement notre site.<\/p>\n","protected":false},"excerpt":{"rendered":"<p>Des pouliches et poulains de trois ans lanceront&#8230; Des pouliches et poulains de trois ans lanceront respectivement les d\u00e9bats \u00e0 l\u2019occasion des deux premi\u00e8res \u00e9preuves. Lenglen Jyl, bonne r\u00e9duction kilom\u00e9trique, et Loup Blond, troisi\u00e8me sur cette m\u00eame piste d\u00e9but juillet, auront notre pr\u00e9f\u00e9rence. Une course de trot mont\u00e9 passionnante en pr\u00e9vision La course suivante, pour&hellip;<\/p>\n","protected":false},"author":1,"featured_media":1001,"comment_status":"closed","ping_status":"closed","sticky":false,"template":"","format":"standard","meta":{"footnotes":""},"categories":[3],"tags":[],"class_list":["post-1000","post","type-post","status-publish","format-standard","has-post-thumbnail","hentry","category-wiki-sur-festival-jazz-et-musique-en-mode-guinguette"],"yoast_head":"<!-- This site is optimized with the Yoast SEO plugin v27.5 - https:\/\/yoast.com\/product\/yoast-seo-wordpress\/ -->\n<title>Hippisme : huit courses \u00e0 l\u2019affiche ce jeudi \u00e0 Montignac - FESTIVOX<\/title>\n<meta name=\"robots\" content=\"index, follow, max-snippet:-1, max-image-preview:large, max-video-preview:-1\" \/>\n<link rel=\"canonical\" href=\"https:\/\/www.festivox.fr\/blog\/hippisme-huit-courses-a-laffiche-ce-jeudi-a-montignac\/\" \/>\n<meta property=\"og:locale\" content=\"fr_FR\" \/>\n<meta property=\"og:type\" content=\"article\" \/>\n<meta property=\"og:title\" content=\"Hippisme : huit courses \u00e0 l\u2019affiche ce jeudi \u00e0 Montignac - FESTIVOX\" \/>\n<meta property=\"og:description\" content=\"Des pouliches et poulains de trois ans lanceront&#8230; Des pouliches et poulains de trois ans lanceront respectivement les d\u00e9bats \u00e0 l\u2019occasion des deux premi\u00e8res \u00e9preuves. Lenglen Jyl, bonne r\u00e9duction kilom\u00e9trique, et Loup Blond, troisi\u00e8me sur cette m\u00eame piste d\u00e9but juillet, auront notre pr\u00e9f\u00e9rence. Une course de trot mont\u00e9 passionnante en pr\u00e9vision La course suivante, pour&hellip;\" \/>\n<meta property=\"og:url\" content=\"https:\/\/www.festivox.fr\/blog\/hippisme-huit-courses-a-laffiche-ce-jeudi-a-montignac\/\" \/>\n<meta property=\"og:site_name\" content=\"FESTIVOX\" \/>\n<meta property=\"article:published_time\" content=\"2024-08-06T17:20:00+00:00\" \/>\n<meta property=\"og:image\" content=\"https:\/\/www.festivox.fr\/blog\/wp-content\/uploads\/2024\/08\/hippisme-huit-courses-a-laffiche-ce-jeudi-a-montignac.jpg\" \/>\n<meta name=\"author\" content=\"Michele\" \/>\n<meta name=\"twitter:card\" content=\"summary_large_image\" \/>\n<meta name=\"twitter:label1\" content=\"\u00c9crit par\" \/>\n\t<meta name=\"twitter:data1\" content=\"Michele\" \/>\n\t<meta name=\"twitter:label2\" content=\"Dur\u00e9e de lecture estim\u00e9e\" \/>\n\t<meta name=\"twitter:data2\" content=\"3 minutes\" \/>\n<script type=\"application\/ld+json\" class=\"yoast-schema-graph\">{\"@context\":\"https:\\\/\\\/schema.org\",\"@graph\":[{\"@type\":\"Article\",\"@id\":\"https:\\\/\\\/www.festivox.fr\\\/blog\\\/hippisme-huit-courses-a-laffiche-ce-jeudi-a-montignac\\\/#article\",\"isPartOf\":{\"@id\":\"https:\\\/\\\/www.festivox.fr\\\/blog\\\/hippisme-huit-courses-a-laffiche-ce-jeudi-a-montignac\\\/\"},\"author\":{\"name\":\"Michele\",\"@id\":\"https:\\\/\\\/www.festivox.fr\\\/blog\\\/#\\\/schema\\\/person\\\/f36a8b6bc94800c3eafed4bca993ce95\"},\"headline\":\"Hippisme : huit courses \u00e0 l\u2019affiche ce jeudi \u00e0 Montignac\",\"datePublished\":\"2024-08-06T17:20:00+00:00\",\"mainEntityOfPage\":{\"@id\":\"https:\\\/\\\/www.festivox.fr\\\/blog\\\/hippisme-huit-courses-a-laffiche-ce-jeudi-a-montignac\\\/\"},\"wordCount\":665,\"publisher\":{\"@id\":\"https:\\\/\\\/www.festivox.fr\\\/blog\\\/#organization\"},\"image\":{\"@id\":\"https:\\\/\\\/www.festivox.fr\\\/blog\\\/hippisme-huit-courses-a-laffiche-ce-jeudi-a-montignac\\\/#primaryimage\"},\"thumbnailUrl\":\"https:\\\/\\\/www.festivox.fr\\\/blog\\\/wp-content\\\/uploads\\\/2024\\\/08\\\/hippisme-huit-courses-a-laffiche-ce-jeudi-a-montignac.jpg\",\"articleSection\":[\"Wiki Sur Festival Jazz Et Musique En Mode Guinguette:\"],\"inLanguage\":\"fr-FR\"},{\"@type\":\"WebPage\",\"@id\":\"https:\\\/\\\/www.festivox.fr\\\/blog\\\/hippisme-huit-courses-a-laffiche-ce-jeudi-a-montignac\\\/\",\"url\":\"https:\\\/\\\/www.festivox.fr\\\/blog\\\/hippisme-huit-courses-a-laffiche-ce-jeudi-a-montignac\\\/\",\"name\":\"Hippisme : huit courses \u00e0 l\u2019affiche ce jeudi \u00e0 Montignac - FESTIVOX\",\"isPartOf\":{\"@id\":\"https:\\\/\\\/www.festivox.fr\\\/blog\\\/#website\"},\"primaryImageOfPage\":{\"@id\":\"https:\\\/\\\/www.festivox.fr\\\/blog\\\/hippisme-huit-courses-a-laffiche-ce-jeudi-a-montignac\\\/#primaryimage\"},\"image\":{\"@id\":\"https:\\\/\\\/www.festivox.fr\\\/blog\\\/hippisme-huit-courses-a-laffiche-ce-jeudi-a-montignac\\\/#primaryimage\"},\"thumbnailUrl\":\"https:\\\/\\\/www.festivox.fr\\\/blog\\\/wp-content\\\/uploads\\\/2024\\\/08\\\/hippisme-huit-courses-a-laffiche-ce-jeudi-a-montignac.jpg\",\"datePublished\":\"2024-08-06T17:20:00+00:00\",\"breadcrumb\":{\"@id\":\"https:\\\/\\\/www.festivox.fr\\\/blog\\\/hippisme-huit-courses-a-laffiche-ce-jeudi-a-montignac\\\/#breadcrumb\"},\"inLanguage\":\"fr-FR\",\"potentialAction\":[{\"@type\":\"ReadAction\",\"target\":[\"https:\\\/\\\/www.festivox.fr\\\/blog\\\/hippisme-huit-courses-a-laffiche-ce-jeudi-a-montignac\\\/\"]}]},{\"@type\":\"ImageObject\",\"inLanguage\":\"fr-FR\",\"@id\":\"https:\\\/\\\/www.festivox.fr\\\/blog\\\/hippisme-huit-courses-a-laffiche-ce-jeudi-a-montignac\\\/#primaryimage\",\"url\":\"https:\\\/\\\/www.festivox.fr\\\/blog\\\/wp-content\\\/uploads\\\/2024\\\/08\\\/hippisme-huit-courses-a-laffiche-ce-jeudi-a-montignac.jpg\",\"contentUrl\":\"https:\\\/\\\/www.festivox.fr\\\/blog\\\/wp-content\\\/uploads\\\/2024\\\/08\\\/hippisme-huit-courses-a-laffiche-ce-jeudi-a-montignac.jpg\",\"width\":1200,\"height\":703},{\"@type\":\"BreadcrumbList\",\"@id\":\"https:\\\/\\\/www.festivox.fr\\\/blog\\\/hippisme-huit-courses-a-laffiche-ce-jeudi-a-montignac\\\/#breadcrumb\",\"itemListElement\":[{\"@type\":\"ListItem\",\"position\":1,\"name\":\"Accueil\",\"item\":\"https:\\\/\\\/www.festivox.fr\\\/blog\\\/\"},{\"@type\":\"ListItem\",\"position\":2,\"name\":\"Hippisme : huit courses \u00e0 l\u2019affiche ce jeudi \u00e0 Montignac\"}]},{\"@type\":\"WebSite\",\"@id\":\"https:\\\/\\\/www.festivox.fr\\\/blog\\\/#website\",\"url\":\"https:\\\/\\\/www.festivox.fr\\\/blog\\\/\",\"name\":\"FESTIVOX\",\"description\":\"Festival en mode guinguette.\",\"publisher\":{\"@id\":\"https:\\\/\\\/www.festivox.fr\\\/blog\\\/#organization\"},\"potentialAction\":[{\"@type\":\"SearchAction\",\"target\":{\"@type\":\"EntryPoint\",\"urlTemplate\":\"https:\\\/\\\/www.festivox.fr\\\/blog\\\/?s={search_term_string}\"},\"query-input\":{\"@type\":\"PropertyValueSpecification\",\"valueRequired\":true,\"valueName\":\"search_term_string\"}}],\"inLanguage\":\"fr-FR\"},{\"@type\":\"Organization\",\"@id\":\"https:\\\/\\\/www.festivox.fr\\\/blog\\\/#organization\",\"name\":\"festivox\",\"url\":\"https:\\\/\\\/www.festivox.fr\\\/blog\\\/\",\"logo\":{\"@type\":\"ImageObject\",\"inLanguage\":\"fr-FR\",\"@id\":\"https:\\\/\\\/www.festivox.fr\\\/blog\\\/#\\\/schema\\\/logo\\\/image\\\/\",\"url\":\"https:\\\/\\\/www.festivox.fr\\\/blog\\\/wp-content\\\/uploads\\\/2023\\\/06\\\/logo-2.png\",\"contentUrl\":\"https:\\\/\\\/www.festivox.fr\\\/blog\\\/wp-content\\\/uploads\\\/2023\\\/06\\\/logo-2.png\",\"width\":480,\"height\":160,\"caption\":\"festivox\"},\"image\":{\"@id\":\"https:\\\/\\\/www.festivox.fr\\\/blog\\\/#\\\/schema\\\/logo\\\/image\\\/\"}},{\"@type\":\"Person\",\"@id\":\"https:\\\/\\\/www.festivox.fr\\\/blog\\\/#\\\/schema\\\/person\\\/f36a8b6bc94800c3eafed4bca993ce95\",\"name\":\"Michele\",\"image\":{\"@type\":\"ImageObject\",\"inLanguage\":\"fr-FR\",\"@id\":\"https:\\\/\\\/secure.gravatar.com\\\/avatar\\\/b062046536b5d47ec9075956ec349ef95ed06b0f910c578f74abb318668b702e?s=96&d=mm&r=g\",\"url\":\"https:\\\/\\\/secure.gravatar.com\\\/avatar\\\/b062046536b5d47ec9075956ec349ef95ed06b0f910c578f74abb318668b702e?s=96&d=mm&r=g\",\"contentUrl\":\"https:\\\/\\\/secure.gravatar.com\\\/avatar\\\/b062046536b5d47ec9075956ec349ef95ed06b0f910c578f74abb318668b702e?s=96&d=mm&r=g\",\"caption\":\"Michele\"},\"sameAs\":[\"https:\\\/\\\/www.festivox.fr\\\/blog\"],\"url\":\"https:\\\/\\\/www.festivox.fr\\\/blog\\\/author\\\/voxadmin\\\/\"}]}<\/script>\n<!-- \/ Yoast SEO plugin. -->","yoast_head_json":{"title":"Hippisme : huit courses \u00e0 l\u2019affiche ce jeudi \u00e0 Montignac - FESTIVOX","robots":{"index":"index","follow":"follow","max-snippet":"max-snippet:-1","max-image-preview":"max-image-preview:large","max-video-preview":"max-video-preview:-1"},"canonical":"https:\/\/www.festivox.fr\/blog\/hippisme-huit-courses-a-laffiche-ce-jeudi-a-montignac\/","og_locale":"fr_FR","og_type":"article","og_title":"Hippisme : huit courses \u00e0 l\u2019affiche ce jeudi \u00e0 Montignac - FESTIVOX","og_description":"Des pouliches et poulains de trois ans lanceront&#8230; Des pouliches et poulains de trois ans lanceront respectivement les d\u00e9bats \u00e0 l\u2019occasion des deux premi\u00e8res \u00e9preuves. Lenglen Jyl, bonne r\u00e9duction kilom\u00e9trique, et Loup Blond, troisi\u00e8me sur cette m\u00eame piste d\u00e9but juillet, auront notre pr\u00e9f\u00e9rence. Une course de trot mont\u00e9 passionnante en pr\u00e9vision La course suivante, pour&hellip;","og_url":"https:\/\/www.festivox.fr\/blog\/hippisme-huit-courses-a-laffiche-ce-jeudi-a-montignac\/","og_site_name":"FESTIVOX","article_published_time":"2024-08-06T17:20:00+00:00","og_image":[{"url":"https:\/\/www.festivox.fr\/blog\/wp-content\/uploads\/2024\/08\/hippisme-huit-courses-a-laffiche-ce-jeudi-a-montignac.jpg","type":"","width":"","height":""}],"author":"Michele","twitter_card":"summary_large_image","twitter_misc":{"\u00c9crit par":"Michele","Dur\u00e9e de lecture estim\u00e9e":"3 minutes"},"schema":{"@context":"https:\/\/schema.org","@graph":[{"@type":"Article","@id":"https:\/\/www.festivox.fr\/blog\/hippisme-huit-courses-a-laffiche-ce-jeudi-a-montignac\/#article","isPartOf":{"@id":"https:\/\/www.festivox.fr\/blog\/hippisme-huit-courses-a-laffiche-ce-jeudi-a-montignac\/"},"author":{"name":"Michele","@id":"https:\/\/www.festivox.fr\/blog\/#\/schema\/person\/f36a8b6bc94800c3eafed4bca993ce95"},"headline":"Hippisme : huit courses \u00e0 l\u2019affiche ce jeudi \u00e0 Montignac","datePublished":"2024-08-06T17:20:00+00:00","mainEntityOfPage":{"@id":"https:\/\/www.festivox.fr\/blog\/hippisme-huit-courses-a-laffiche-ce-jeudi-a-montignac\/"},"wordCount":665,"publisher":{"@id":"https:\/\/www.festivox.fr\/blog\/#organization"},"image":{"@id":"https:\/\/www.festivox.fr\/blog\/hippisme-huit-courses-a-laffiche-ce-jeudi-a-montignac\/#primaryimage"},"thumbnailUrl":"https:\/\/www.festivox.fr\/blog\/wp-content\/uploads\/2024\/08\/hippisme-huit-courses-a-laffiche-ce-jeudi-a-montignac.jpg","articleSection":["Wiki Sur Festival Jazz Et Musique En Mode Guinguette:"],"inLanguage":"fr-FR"},{"@type":"WebPage","@id":"https:\/\/www.festivox.fr\/blog\/hippisme-huit-courses-a-laffiche-ce-jeudi-a-montignac\/","url":"https:\/\/www.festivox.fr\/blog\/hippisme-huit-courses-a-laffiche-ce-jeudi-a-montignac\/","name":"Hippisme : huit courses \u00e0 l\u2019affiche ce jeudi \u00e0 Montignac - FESTIVOX","isPartOf":{"@id":"https:\/\/www.festivox.fr\/blog\/#website"},"primaryImageOfPage":{"@id":"https:\/\/www.festivox.fr\/blog\/hippisme-huit-courses-a-laffiche-ce-jeudi-a-montignac\/#primaryimage"},"image":{"@id":"https:\/\/www.festivox.fr\/blog\/hippisme-huit-courses-a-laffiche-ce-jeudi-a-montignac\/#primaryimage"},"thumbnailUrl":"https:\/\/www.festivox.fr\/blog\/wp-content\/uploads\/2024\/08\/hippisme-huit-courses-a-laffiche-ce-jeudi-a-montignac.jpg","datePublished":"2024-08-06T17:20:00+00:00","breadcrumb":{"@id":"https:\/\/www.festivox.fr\/blog\/hippisme-huit-courses-a-laffiche-ce-jeudi-a-montignac\/#breadcrumb"},"inLanguage":"fr-FR","potentialAction":[{"@type":"ReadAction","target":["https:\/\/www.festivox.fr\/blog\/hippisme-huit-courses-a-laffiche-ce-jeudi-a-montignac\/"]}]},{"@type":"ImageObject","inLanguage":"fr-FR","@id":"https:\/\/www.festivox.fr\/blog\/hippisme-huit-courses-a-laffiche-ce-jeudi-a-montignac\/#primaryimage","url":"https:\/\/www.festivox.fr\/blog\/wp-content\/uploads\/2024\/08\/hippisme-huit-courses-a-laffiche-ce-jeudi-a-montignac.jpg","contentUrl":"https:\/\/www.festivox.fr\/blog\/wp-content\/uploads\/2024\/08\/hippisme-huit-courses-a-laffiche-ce-jeudi-a-montignac.jpg","width":1200,"height":703},{"@type":"BreadcrumbList","@id":"https:\/\/www.festivox.fr\/blog\/hippisme-huit-courses-a-laffiche-ce-jeudi-a-montignac\/#breadcrumb","itemListElement":[{"@type":"ListItem","position":1,"name":"Accueil","item":"https:\/\/www.festivox.fr\/blog\/"},{"@type":"ListItem","position":2,"name":"Hippisme : huit courses \u00e0 l\u2019affiche ce jeudi \u00e0 Montignac"}]},{"@type":"WebSite","@id":"https:\/\/www.festivox.fr\/blog\/#website","url":"https:\/\/www.festivox.fr\/blog\/","name":"FESTIVOX","description":"Festival en mode guinguette.","publisher":{"@id":"https:\/\/www.festivox.fr\/blog\/#organization"},"potentialAction":[{"@type":"SearchAction","target":{"@type":"EntryPoint","urlTemplate":"https:\/\/www.festivox.fr\/blog\/?s={search_term_string}"},"query-input":{"@type":"PropertyValueSpecification","valueRequired":true,"valueName":"search_term_string"}}],"inLanguage":"fr-FR"},{"@type":"Organization","@id":"https:\/\/www.festivox.fr\/blog\/#organization","name":"festivox","url":"https:\/\/www.festivox.fr\/blog\/","logo":{"@type":"ImageObject","inLanguage":"fr-FR","@id":"https:\/\/www.festivox.fr\/blog\/#\/schema\/logo\/image\/","url":"https:\/\/www.festivox.fr\/blog\/wp-content\/uploads\/2023\/06\/logo-2.png","contentUrl":"https:\/\/www.festivox.fr\/blog\/wp-content\/uploads\/2023\/06\/logo-2.png","width":480,"height":160,"caption":"festivox"},"image":{"@id":"https:\/\/www.festivox.fr\/blog\/#\/schema\/logo\/image\/"}},{"@type":"Person","@id":"https:\/\/www.festivox.fr\/blog\/#\/schema\/person\/f36a8b6bc94800c3eafed4bca993ce95","name":"Michele","image":{"@type":"ImageObject","inLanguage":"fr-FR","@id":"https:\/\/secure.gravatar.com\/avatar\/b062046536b5d47ec9075956ec349ef95ed06b0f910c578f74abb318668b702e?s=96&d=mm&r=g","url":"https:\/\/secure.gravatar.com\/avatar\/b062046536b5d47ec9075956ec349ef95ed06b0f910c578f74abb318668b702e?s=96&d=mm&r=g","contentUrl":"https:\/\/secure.gravatar.com\/avatar\/b062046536b5d47ec9075956ec349ef95ed06b0f910c578f74abb318668b702e?s=96&d=mm&r=g","caption":"Michele"},"sameAs":["https:\/\/www.festivox.fr\/blog"],"url":"https:\/\/www.festivox.fr\/blog\/author\/voxadmin\/"}]}},"_links":{"self":[{"href":"https:\/\/www.festivox.fr\/blog\/wp-json\/wp\/v2\/posts\/1000","targetHints":{"allow":["GET"]}}],"collection":[{"href":"https:\/\/www.festivox.fr\/blog\/wp-json\/wp\/v2\/posts"}],"about":[{"href":"https:\/\/www.festivox.fr\/blog\/wp-json\/wp\/v2\/types\/post"}],"author":[{"embeddable":true,"href":"https:\/\/www.festivox.fr\/blog\/wp-json\/wp\/v2\/users\/1"}],"replies":[{"embeddable":true,"href":"https:\/\/www.festivox.fr\/blog\/wp-json\/wp\/v2\/comments?post=1000"}],"version-history":[{"count":0,"href":"https:\/\/www.festivox.fr\/blog\/wp-json\/wp\/v2\/posts\/1000\/revisions"}],"wp:featuredmedia":[{"embeddable":true,"href":"https:\/\/www.festivox.fr\/blog\/wp-json\/wp\/v2\/media\/1001"}],"wp:attachment":[{"href":"https:\/\/www.festivox.fr\/blog\/wp-json\/wp\/v2\/media?parent=1000"}],"wp:term":[{"taxonomy":"category","embeddable":true,"href":"https:\/\/www.festivox.fr\/blog\/wp-json\/wp\/v2\/categories?post=1000"},{"taxonomy":"post_tag","embeddable":true,"href":"https:\/\/www.festivox.fr\/blog\/wp-json\/wp\/v2\/tags?post=1000"}],"curies":[{"name":"wp","href":"https:\/\/api.w.org\/{rel}","templated":true}]}}